{"id":59743,"date":"2024-10-29T13:28:53","date_gmt":"2024-10-29T16:28:53","guid":{"rendered":"https:\/\/noticiasribeiraopreto.com.br\/index.php\/2024\/10\/29\/utm_sourcerssutm_mediumrssutm_campaigndesafios-do-audiovisual-no-brasil-seminario-em-sao-paulo-debate-futuro-do-streaming-e-inclusao-de-novos-talentos\/"},"modified":"2024-10-29T13:28:53","modified_gmt":"2024-10-29T16:28:53","slug":"utm_sourcerssutm_mediumrssutm_campaigndesafios-do-audiovisual-no-brasil-seminario-em-sao-paulo-debate-futuro-do-streaming-e-inclusao-de-novos-talentos","status":"publish","type":"post","link":"https:\/\/noticiasribeiraopreto.com.br\/index.php\/2024\/10\/29\/utm_sourcerssutm_mediumrssutm_campaigndesafios-do-audiovisual-no-brasil-seminario-em-sao-paulo-debate-futuro-do-streaming-e-inclusao-de-novos-talentos\/","title":{"rendered":"Desafios do Audiovisual no Brasil: Semin\u00e1rio em S\u00e3o Paulo Debate Futuro do Streaming e Inclus\u00e3o de Novos Talentos"},"content":{"rendered":"<div class='code-block code-block-1' style='margin: 8px 0 8px auto; text-align: right; display: block; clear: both;'>\n<p><a href=\"https:\/\/wa.link\/vpicfd\"><img data-recalc-dims=\"1\" class=\"wp-image-4922\" style=\"aspect-ratio: 2.0253164556962027; width: 561px; height: auto;\" src=\"https:\/\/i0.wp.com\/ismaelcolosi.com.br\/wp-content\/uploads\/2023\/11\/grupo-de-empregos-whatsapp-e-facebook-ismael-colosi-vagas.jpg?ssl=1\" alt=\"\" \/><\/a><\/p>\n<!-- \/wp:image -->\n<\/div>\n<p> <br \/>\n<\/p>\n<div>\n<p>O semin\u00e1rio \u201cEconomia do Audiovisual e Interseccionalidades\u201d realizado em S\u00e3o Paulo se tornou um importante f\u00f3rum de debate sobre o futuro do setor audiovisual no Brasil, com foco especial na regulamenta\u00e7\u00e3o das plataformas de streaming e na inclus\u00e3o de grupos historicamente marginalizados no setor.<\/p>\n<p>O evento, promovido pelo Minist\u00e9rio da Cultura e marcado pela participa\u00e7\u00e3o de figuras importantes, como a ministra Margareth Menezes e o vice-presidente Geraldo Alckmin, destacou a urg\u00eancia de adaptar o mercado audiovisual \u00e0s novas tecnologias, como o streaming, sem comprometer a produ\u00e7\u00e3o de conte\u00fado nacional. Um dos pontos mais discutidos foi a cria\u00e7\u00e3o de uma regulamenta\u00e7\u00e3o que proteja os direitos de criadores locais e incentive a diversidade de conte\u00fado nas plataformas.<\/p>\n<p>Al\u00e9m da regulamenta\u00e7\u00e3o do streaming, outros temas como a digitaliza\u00e7\u00e3o e preserva\u00e7\u00e3o de filmes brasileiros cl\u00e1ssicos e a implementa\u00e7\u00e3o de pol\u00edticas de inclus\u00e3o para negros, ind\u00edgenas, e outros grupos sub-representados no setor audiovisual foram amplamente debatidos. Essa abordagem visa n\u00e3o apenas a expans\u00e3o econ\u00f4mica do setor, mas tamb\u00e9m sua democratiza\u00e7\u00e3o, garantindo que vozes de todas as regi\u00f5es e origens possam ser ouvidas.<\/p>\n<p>A ministra Margareth Menezes refor\u00e7ou a import\u00e2ncia de pensar em estrat\u00e9gias que favore\u00e7am a produ\u00e7\u00e3o cultural brasileira, n\u00e3o s\u00f3 no mercado interno, mas tamb\u00e9m em \u00e2mbito internacional. \u201cO audiovisual \u00e9 uma das principais formas de express\u00e3o art\u00edstica do Brasil e precisa ser preservado e expandido com responsabilidade e vis\u00e3o de futuro,\u201d afirmou.<\/p>\n<p>Outro ponto central do semin\u00e1rio foi o incentivo \u00e0 cria\u00e7\u00e3o de leis que assegurem a distribui\u00e7\u00e3o justa de receitas para criadores nacionais, al\u00e9m de permitir que novos talentos entrem no mercado de trabalho com mais facilidade. A parceria entre o governo e o setor privado foi vista como essencial para criar um ambiente mais equilibrado e inclusivo, promovendo tanto o crescimento econ\u00f4mico quanto a diversidade de vozes na produ\u00e7\u00e3o cultural.<\/p>\n<p>Com uma presen\u00e7a expressiva de profissionais do setor, o evento se consolidou como um marco para o fortalecimento da ind\u00fastria audiovisual no Brasil, levando em conta as transforma\u00e7\u00f5es tecnol\u00f3gicas e a necessidade de equidade.<\/p>\n<p>&#13;<br \/>\n\t\t\t\t<span class=\"post-views-icon dashicons dashicons-chart-bar\"\/> <span class=\"post-views-label\">Visualiza\u00e7\u00f5es:<\/span> <span class=\"post-views-count\">28<\/span>&#13;\n\t\t\t<\/p>\n<\/p><\/div>\n<p><br \/>\n<br \/><a href=\"https:\/\/folhaderibeirao.com.br\/2024\/10\/29\/desafios-do-audiovisual-no-brasil-seminario-em-sao-paulo-debate-futuro-do-streaming-e-inclusao-de-novos-talentos\/?utm_source=rss&#038;utm_medium=rss&#038;utm_campaign=desafios-do-audiovisual-no-brasil-seminario-em-sao-paulo-debate-futuro-do-streaming-e-inclusao-de-novos-talentos\">Source link <\/a><\/p>\n<!-- CONTENT END 1 -->\n","protected":false},"excerpt":{"rendered":"<p>O semin\u00e1rio \u201cEconomia do Audiovisual e Interseccionalidades\u201d realizado em S\u00e3o Paulo se tornou um importante f\u00f3rum de debate sobre o futuro do setor audiovisual no&#8230;<\/p>\n","protected":false},"author":1,"featured_media":59706,"comment_status":"open","ping_status":"open","sticky":false,"template":"","format":"standard","meta":{"advanced_seo_description":"","jetpack_seo_html_title":"","jetpack_seo_noindex":false,"jetpack_post_was_ever_published":false,"_jetpack_newsletter_access":"","_jetpack_dont_email_post_to_subs":false,"_jetpack_newsletter_tier_id":0,"_jetpack_memberships_contains_paywalled_content":false,"_jetpack_memberships_contains_paid_content":false,"footnotes":"","jetpack_publicize_message":"","jetpack_publicize_feature_enabled":true,"jetpack_social_post_already_shared":true,"jetpack_social_options":{"image_generator_settings":{"template":"highway","default_image_id":0,"font":"","enabled":false},"version":2}},"categories":[11],"tags":[5993,137,5995,2292,1227,1761,520,161,50,5994,3525,579],"class_list":["post-59743","post","type-post","status-publish","format-standard","has-post-thumbnail","hentry","category-noticias-de-ribeirao-preto-sp-e-regiao-ismael-colosi","tag-audiovisual","tag-brasil","tag-debate","tag-desafios","tag-futuro","tag-inclusao","tag-novos","tag-paulo","tag-sao","tag-seminario","tag-streaming","tag-talentos"],"jetpack_publicize_connections":[],"jetpack_featured_media_url":"https:\/\/i0.wp.com\/noticiasribeiraopreto.com.br\/wp-content\/uploads\/2024\/10\/img_4798.webp.webp?fit=1170%2C700&ssl=1","jetpack-related-posts":[{"id":59705,"url":"https:\/\/noticiasribeiraopreto.com.br\/index.php\/2024\/10\/29\/desafios-do-audiovisual-no-brasil-seminario-em-sao-paulo-debate-futuro-do-streaming-e-inclusao-de-novos-talentos\/","url_meta":{"origin":59743,"position":0},"title":"Desafios do Audiovisual no Brasil: Semin\u00e1rio em S\u00e3o Paulo Debate Futuro do Streaming e Inclus\u00e3o de Novos Talentos","author":"noticiasribeiraopreto.com.br","date":"29 de October de 2024","format":false,"excerpt":"O semin\u00e1rio \u201cEconomia do Audiovisual e Interseccionalidades\u201d realizado em S\u00e3o Paulo se tornou um importante f\u00f3rum de debate sobre o futuro do setor audiovisual no Brasil, com foco especial na regulamenta\u00e7\u00e3o das plataformas de streaming e na inclus\u00e3o de grupos historicamente marginalizados no setor. O evento, promovido pelo Minist\u00e9rio da\u2026","rel":"","context":"In &quot;Not\u00edcias de Ribeir\u00e3o Preto-SP e Regi\u00e3o&quot;","block_context":{"text":"Not\u00edcias de Ribeir\u00e3o Preto-SP e Regi\u00e3o","link":"https:\/\/noticiasribeiraopreto.com.br\/index.php\/category\/noticias-de-ribeirao-preto-sp-e-regiao-ismael-colosi\/"},"img":{"alt_text":"","src":"https:\/\/i0.wp.com\/noticiasribeiraopreto.com.br\/wp-content\/uploads\/2024\/10\/img_4798.webp.webp?fit=1170%2C700&ssl=1&resize=350%2C200","width":350,"height":200,"srcset":"https:\/\/i0.wp.com\/noticiasribeiraopreto.com.br\/wp-content\/uploads\/2024\/10\/img_4798.webp.webp?fit=1170%2C700&ssl=1&resize=350%2C200 1x, https:\/\/i0.wp.com\/noticiasribeiraopreto.com.br\/wp-content\/uploads\/2024\/10\/img_4798.webp.webp?fit=1170%2C700&ssl=1&resize=525%2C300 1.5x, https:\/\/i0.wp.com\/noticiasribeiraopreto.com.br\/wp-content\/uploads\/2024\/10\/img_4798.webp.webp?fit=1170%2C700&ssl=1&resize=700%2C400 2x, https:\/\/i0.wp.com\/noticiasribeiraopreto.com.br\/wp-content\/uploads\/2024\/10\/img_4798.webp.webp?fit=1170%2C700&ssl=1&resize=1050%2C600 3x"},"classes":[]},{"id":29338,"url":"https:\/\/noticiasribeiraopreto.com.br\/index.php\/2024\/01\/18\/sancionadas-leis-de-cota-no-cinema-e-na-tv-paga\/","url_meta":{"origin":59743,"position":1},"title":"Sancionadas leis de cota no cinema e na TV paga","author":"noticiasribeiraopreto.com.br","date":"18 de January de 2024","format":false,"excerpt":"17 de janeiro de 2024 | 15:3017 de janeiro de 2024 | 10:11 0O presidente Luiz In\u00e1cio Lula da Silva sancionou, na \u00faltima segunda-feira, 15 de janeiro, duas leis aprovadas no Congresso Nacional para o setor de audiovisual do pa\u00eds. Uma delas recria a cota de tela para a exibi\u00e7\u00e3o\u2026","rel":"","context":"In &quot;Not\u00edcias de Ribeir\u00e3o Preto-SP e Regi\u00e3o&quot;","block_context":{"text":"Not\u00edcias de Ribeir\u00e3o Preto-SP e Regi\u00e3o","link":"https:\/\/noticiasribeiraopreto.com.br\/index.php\/category\/noticias-de-ribeirao-preto-sp-e-regiao-ismael-colosi\/"},"img":{"alt_text":"","src":"https:\/\/i0.wp.com\/noticiasribeiraopreto.com.br\/wp-content\/uploads\/2024\/01\/CinemaTV-Renato-Araujo-Ag.Br_-scaled.jpg?fit=1000%2C596&ssl=1&resize=350%2C200","width":350,"height":200,"srcset":"https:\/\/i0.wp.com\/noticiasribeiraopreto.com.br\/wp-content\/uploads\/2024\/01\/CinemaTV-Renato-Araujo-Ag.Br_-scaled.jpg?fit=1000%2C596&ssl=1&resize=350%2C200 1x, https:\/\/i0.wp.com\/noticiasribeiraopreto.com.br\/wp-content\/uploads\/2024\/01\/CinemaTV-Renato-Araujo-Ag.Br_-scaled.jpg?fit=1000%2C596&ssl=1&resize=525%2C300 1.5x, https:\/\/i0.wp.com\/noticiasribeiraopreto.com.br\/wp-content\/uploads\/2024\/01\/CinemaTV-Renato-Araujo-Ag.Br_-scaled.jpg?fit=1000%2C596&ssl=1&resize=700%2C400 2x"},"classes":[]},{"id":59613,"url":"https:\/\/noticiasribeiraopreto.com.br\/index.php\/2024\/10\/27\/impactos-locais-e-nacionais-das-eleicoes-2024-o-segundo-turno-em-sao-paulo-e-as-expectativas-para-o-futuro\/","url_meta":{"origin":59743,"position":2},"title":"Impactos Locais e Nacionais das Elei\u00e7\u00f5es 2024: O Segundo Turno em S\u00e3o Paulo e as Expectativas para o Futuro","author":"noticiasribeiraopreto.com.br","date":"27 de October de 2024","format":false,"excerpt":"As elei\u00e7\u00f5es municipais de 2024 entram em uma fase decisiva no estado de S\u00e3o Paulo, com 18 cidades se preparando para o segundo turno, incluindo capitais do agroneg\u00f3cio no Centro-Oeste e regi\u00f5es metropolitanas estrat\u00e9gicas para a economia do estado. Entre os temas mais debatidos durante a campanha eleitoral, destacam-se as\u2026","rel":"","context":"In &quot;Not\u00edcias de Ribeir\u00e3o Preto-SP e Regi\u00e3o&quot;","block_context":{"text":"Not\u00edcias de Ribeir\u00e3o Preto-SP e Regi\u00e3o","link":"https:\/\/noticiasribeiraopreto.com.br\/index.php\/category\/noticias-de-ribeirao-preto-sp-e-regiao-ismael-colosi\/"},"img":{"alt_text":"","src":"https:\/\/i0.wp.com\/noticiasribeiraopreto.com.br\/wp-content\/uploads\/2024\/10\/img_0725sp.webp.webp?fit=1170%2C700&ssl=1&resize=350%2C200","width":350,"height":200,"srcset":"https:\/\/i0.wp.com\/noticiasribeiraopreto.com.br\/wp-content\/uploads\/2024\/10\/img_0725sp.webp.webp?fit=1170%2C700&ssl=1&resize=350%2C200 1x, https:\/\/i0.wp.com\/noticiasribeiraopreto.com.br\/wp-content\/uploads\/2024\/10\/img_0725sp.webp.webp?fit=1170%2C700&ssl=1&resize=525%2C300 1.5x, https:\/\/i0.wp.com\/noticiasribeiraopreto.com.br\/wp-content\/uploads\/2024\/10\/img_0725sp.webp.webp?fit=1170%2C700&ssl=1&resize=700%2C400 2x, https:\/\/i0.wp.com\/noticiasribeiraopreto.com.br\/wp-content\/uploads\/2024\/10\/img_0725sp.webp.webp?fit=1170%2C700&ssl=1&resize=1050%2C600 3x"},"classes":[]},{"id":67099,"url":"https:\/\/noticiasribeiraopreto.com.br\/index.php\/2025\/04\/09\/ribeirao-preto-recebe-encontro-com-oportunidades-para-o-setor-do-audiovisual\/","url_meta":{"origin":59743,"position":3},"title":"Ribeir\u00e3o Preto recebe encontro com oportunidades para o setor do audiovisual","author":"noticiasribeiraopreto.com.br","date":"9 de April de 2025","format":false,"excerpt":"Ribeir\u00e3o Preto recebe na pr\u00f3xima sexta-feira (11) as atividades presenciais do BRAVI.LAB. O encontro contar\u00e1 com oportunidades para fortalecer a ind\u00fastria audiovisual do estado de S\u00e3o Paulo. O evento acontecer\u00e1 no Sesc Ribeir\u00e3o, das 9h \u00e0s 18h e visa criar oportunidade para produtores locais se conectarem com grandes players do\u2026","rel":"","context":"In &quot;Not\u00edcias de Ribeir\u00e3o Preto-SP e Regi\u00e3o&quot;","block_context":{"text":"Not\u00edcias de Ribeir\u00e3o Preto-SP e Regi\u00e3o","link":"https:\/\/noticiasribeiraopreto.com.br\/index.php\/category\/noticias-de-ribeirao-preto-sp-e-regiao-ismael-colosi\/"},"img":{"alt_text":"","src":"https:\/\/i0.wp.com\/noticiasribeiraopreto.com.br\/wp-content\/uploads\/2025\/04\/bravi-labi_2025-04-09_20-15-48_jpg_2025-04-09_20-15-48.webp.webp?fit=1200%2C800&ssl=1&resize=350%2C200","width":350,"height":200,"srcset":"https:\/\/i0.wp.com\/noticiasribeiraopreto.com.br\/wp-content\/uploads\/2025\/04\/bravi-labi_2025-04-09_20-15-48_jpg_2025-04-09_20-15-48.webp.webp?fit=1200%2C800&ssl=1&resize=350%2C200 1x, https:\/\/i0.wp.com\/noticiasribeiraopreto.com.br\/wp-content\/uploads\/2025\/04\/bravi-labi_2025-04-09_20-15-48_jpg_2025-04-09_20-15-48.webp.webp?fit=1200%2C800&ssl=1&resize=525%2C300 1.5x, https:\/\/i0.wp.com\/noticiasribeiraopreto.com.br\/wp-content\/uploads\/2025\/04\/bravi-labi_2025-04-09_20-15-48_jpg_2025-04-09_20-15-48.webp.webp?fit=1200%2C800&ssl=1&resize=700%2C400 2x, https:\/\/i0.wp.com\/noticiasribeiraopreto.com.br\/wp-content\/uploads\/2025\/04\/bravi-labi_2025-04-09_20-15-48_jpg_2025-04-09_20-15-48.webp.webp?fit=1200%2C800&ssl=1&resize=1050%2C600 3x"},"classes":[]},{"id":80342,"url":"https:\/\/noticiasribeiraopreto.com.br\/index.php\/2025\/11\/20\/dia-da-consciencia-negra-conheca-a-nova-geracao-do-cinema-ribeirao-pretano\/","url_meta":{"origin":59743,"position":4},"title":"Dia da Consci\u00eancia Negra: conhe\u00e7a a nova gera\u00e7\u00e3o do cinema ribeir\u00e3o-pretano","author":"noticiasribeiraopreto.com.br","date":"20 de November de 2025","format":false,"excerpt":"Em comemora\u00e7\u00e3o ao Dia da Consci\u00eancia Negra, os produtores de audiovisual Michelle Tavares, Matheus Vieira e Sheila Brand\u00e3o destacam a import\u00e2ncia da presen\u00e7a de pessoas negras no setor em Ribeir\u00e3o Preto. No interior de S\u00e3o Paulo, estes profissionais t\u00eam constru\u00eddo caminhos pr\u00f3prios, muitas vezes a partir da periferia, registrando hist\u00f3rias\u2026","rel":"","context":"In &quot;Not\u00edcias de Ribeir\u00e3o Preto-SP e Regi\u00e3o&quot;","block_context":{"text":"Not\u00edcias de Ribeir\u00e3o Preto-SP e Regi\u00e3o","link":"https:\/\/noticiasribeiraopreto.com.br\/index.php\/category\/noticias-de-ribeirao-preto-sp-e-regiao-ismael-colosi\/"},"img":{"alt_text":"","src":"https:\/\/i0.wp.com\/noticiasribeiraopreto.com.br\/wp-content\/uploads\/2025\/11\/Copia-de-Copia-de-Copia-de-TAMANHO-EXATO-PARA-FOTOS-NO-SISTEMA-NOVO-82_2025-11-19_18-01-30.webp.webp?fit=1200%2C675&ssl=1&resize=350%2C200","width":350,"height":200,"srcset":"https:\/\/i0.wp.com\/noticiasribeiraopreto.com.br\/wp-content\/uploads\/2025\/11\/Copia-de-Copia-de-Copia-de-TAMANHO-EXATO-PARA-FOTOS-NO-SISTEMA-NOVO-82_2025-11-19_18-01-30.webp.webp?fit=1200%2C675&ssl=1&resize=350%2C200 1x, https:\/\/i0.wp.com\/noticiasribeiraopreto.com.br\/wp-content\/uploads\/2025\/11\/Copia-de-Copia-de-Copia-de-TAMANHO-EXATO-PARA-FOTOS-NO-SISTEMA-NOVO-82_2025-11-19_18-01-30.webp.webp?fit=1200%2C675&ssl=1&resize=525%2C300 1.5x, https:\/\/i0.wp.com\/noticiasribeiraopreto.com.br\/wp-content\/uploads\/2025\/11\/Copia-de-Copia-de-Copia-de-TAMANHO-EXATO-PARA-FOTOS-NO-SISTEMA-NOVO-82_2025-11-19_18-01-30.webp.webp?fit=1200%2C675&ssl=1&resize=700%2C400 2x, https:\/\/i0.wp.com\/noticiasribeiraopreto.com.br\/wp-content\/uploads\/2025\/11\/Copia-de-Copia-de-Copia-de-TAMANHO-EXATO-PARA-FOTOS-NO-SISTEMA-NOVO-82_2025-11-19_18-01-30.webp.webp?fit=1200%2C675&ssl=1&resize=1050%2C600 3x"},"classes":[]},{"id":63485,"url":"https:\/\/noticiasribeiraopreto.com.br\/index.php\/2025\/02\/14\/camara-municipal-de-ribeirao-preto-debate-os-desafios-do-autismo-nas-familias\/","url_meta":{"origin":59743,"position":5},"title":"C\u00e2mara Municipal de Ribeir\u00e3o Preto Debate os Desafios do Autismo nas Fam\u00edlias","author":"noticiasribeiraopreto.com.br","date":"14 de February de 2025","format":false,"excerpt":"A C\u00e2mara Municipal de Ribeir\u00e3o Preto promoveu, na segunda-feira (10), um encontro para discutir os desafios enfrentados pelas fam\u00edlias de pessoas com Transtorno do Espectro Autista (TEA). Organizado pelo vereador Daniel Gobbi, o evento buscou ouvir m\u00e3es de filhos com autismo sobre as car\u00eancias nos setores de sa\u00fade, educa\u00e7\u00e3o e\u2026","rel":"","context":"In &quot;Not\u00edcias de Ribeir\u00e3o Preto-SP e Regi\u00e3o&quot;","block_context":{"text":"Not\u00edcias de Ribeir\u00e3o Preto-SP e Regi\u00e3o","link":"https:\/\/noticiasribeiraopreto.com.br\/index.php\/category\/noticias-de-ribeirao-preto-sp-e-regiao-ismael-colosi\/"},"img":{"alt_text":"","src":"https:\/\/i0.wp.com\/noticiasribeiraopreto.com.br\/wp-content\/uploads\/2025\/02\/DSC8706-scaled.jpg?fit=1200%2C800&ssl=1&resize=350%2C200","width":350,"height":200,"srcset":"https:\/\/i0.wp.com\/noticiasribeiraopreto.com.br\/wp-content\/uploads\/2025\/02\/DSC8706-scaled.jpg?fit=1200%2C800&ssl=1&resize=350%2C200 1x, https:\/\/i0.wp.com\/noticiasribeiraopreto.com.br\/wp-content\/uploads\/2025\/02\/DSC8706-scaled.jpg?fit=1200%2C800&ssl=1&resize=525%2C300 1.5x, https:\/\/i0.wp.com\/noticiasribeiraopreto.com.br\/wp-content\/uploads\/2025\/02\/DSC8706-scaled.jpg?fit=1200%2C800&ssl=1&resize=700%2C400 2x, https:\/\/i0.wp.com\/noticiasribeiraopreto.com.br\/wp-content\/uploads\/2025\/02\/DSC8706-scaled.jpg?fit=1200%2C800&ssl=1&resize=1050%2C600 3x"},"classes":[]}],"jetpack_sharing_enabled":true,"jetpack_shortlink":"https:\/\/wp.me\/peQAOb-fxB","_links":{"self":[{"href":"https:\/\/noticiasribeiraopreto.com.br\/index.php\/wp-json\/wp\/v2\/posts\/59743","targetHints":{"allow":["GET"]}}],"collection":[{"href":"https:\/\/noticiasribeiraopreto.com.br\/index.php\/wp-json\/wp\/v2\/posts"}],"about":[{"href":"https:\/\/noticiasribeiraopreto.com.br\/index.php\/wp-json\/wp\/v2\/types\/post"}],"author":[{"embeddable":true,"href":"https:\/\/noticiasribeiraopreto.com.br\/index.php\/wp-json\/wp\/v2\/users\/1"}],"replies":[{"embeddable":true,"href":"https:\/\/noticiasribeiraopreto.com.br\/index.php\/wp-json\/wp\/v2\/comments?post=59743"}],"version-history":[{"count":0,"href":"https:\/\/noticiasribeiraopreto.com.br\/index.php\/wp-json\/wp\/v2\/posts\/59743\/revisions"}],"wp:featuredmedia":[{"embeddable":true,"href":"https:\/\/noticiasribeiraopreto.com.br\/index.php\/wp-json\/wp\/v2\/media\/59706"}],"wp:attachment":[{"href":"https:\/\/noticiasribeiraopreto.com.br\/index.php\/wp-json\/wp\/v2\/media?parent=59743"}],"wp:term":[{"taxonomy":"category","embeddable":true,"href":"https:\/\/noticiasribeiraopreto.com.br\/index.php\/wp-json\/wp\/v2\/categories?post=59743"},{"taxonomy":"post_tag","embeddable":true,"href":"https:\/\/noticiasribeiraopreto.com.br\/index.php\/wp-json\/wp\/v2\/tags?post=59743"}],"curies":[{"name":"wp","href":"https:\/\/api.w.org\/{rel}","templated":true}]}}