{"id":59744,"date":"2024-10-29T13:33:29","date_gmt":"2024-10-29T16:33:29","guid":{"rendered":"https:\/\/noticiasribeiraopreto.com.br\/index.php\/2024\/10\/29\/utm_sourcerssutm_mediumrssutm_campaignanalise-real-das-eleicoes-em-ribeirao-preto-ricardo-silva-vence-mas-desafios-politicos-permanecem\/"},"modified":"2024-10-29T13:33:29","modified_gmt":"2024-10-29T16:33:29","slug":"utm_sourcerssutm_mediumrssutm_campaignanalise-real-das-eleicoes-em-ribeirao-preto-ricardo-silva-vence-mas-desafios-politicos-permanecem","status":"publish","type":"post","link":"https:\/\/noticiasribeiraopreto.com.br\/index.php\/2024\/10\/29\/utm_sourcerssutm_mediumrssutm_campaignanalise-real-das-eleicoes-em-ribeirao-preto-ricardo-silva-vence-mas-desafios-politicos-permanecem\/","title":{"rendered":"An\u00e1lise Real das Elei\u00e7\u00f5es em Ribeir\u00e3o Preto: Ricardo Silva Vence, Mas Desafios Pol\u00edticos Permanecem"},"content":{"rendered":"<div class='code-block code-block-1' style='margin: 8px 0 8px auto; text-align: right; display: block; clear: both;'>\n<p><a href=\"https:\/\/wa.link\/vpicfd\"><img data-recalc-dims=\"1\" class=\"wp-image-4922\" style=\"aspect-ratio: 2.0253164556962027; width: 561px; height: auto;\" src=\"https:\/\/i0.wp.com\/ismaelcolosi.com.br\/wp-content\/uploads\/2023\/11\/grupo-de-empregos-whatsapp-e-facebook-ismael-colosi-vagas.jpg?ssl=1\" alt=\"\" \/><\/a><\/p>\n<!-- \/wp:image -->\n<\/div>\n<p> <br \/>\n<\/p>\n<div>\n<p>Sob o ponto de vista legal, n\u00e3o d\u00e1 para contestar a elei\u00e7\u00e3o de nenhum candidato eleito nestas elei\u00e7\u00f5es, considerando as regras do jogo previamente postas. Pronto, Ricardo Silva est\u00e1 eleito Prefeito Municipal de Ribeir\u00e3o Preto, para o mandato 2025\/2028, e desejamos sucesso a sua gest\u00e3o e governan\u00e7a da cidade. Encerra o processo eleitoral e come\u00e7a o desafio processo de gest\u00e3o, coma transi\u00e7\u00e3o, a posse, a gest\u00e3o e governan\u00e7a e por fim, a avalia\u00e7\u00e3o dos resultados obtidos (objetivos e metas prometidos e demandados, a qualidade (efici\u00eancia, efic\u00e1cia e efetividade) e os \u00edndices de satisfa\u00e7\u00e3o e reconhecimento final da popula\u00e7\u00e3o da cidade. Gente se aproximando e jurando ser RS desde criancinhas n\u00e3o faltar\u00e3o, muitos dos quais meros oportunistas buscando realizar algum interesse pessoal e de conveni\u00eancia. Cabe ao eleito cair ou n\u00e3o no canto das sereias, e olha que elas n\u00e3o existem segundo a lenda, mas que las hay, las hay, na cidade, aos borbot\u00f5es, muitos dos quais bastante conhecidos inclusive.<\/p>\n<p>Mas isto, por\u00e9m, muda a realidade, que \u00e9 subst\u00e2ncia, e para al\u00e9m do formal, e analisando a realidade dos fatos revelada pelas urnas, se tem informa\u00e7\u00f5es sobre a elei\u00e7\u00e3o de vencedores e os resultados, que talvez n\u00e3o o deslegitime, mas exige do eleito, um equil\u00edbrio e uma consci\u00eancia pol\u00edtica de que venceram, mas n\u00e3o necessariamente isto significa que levaram algo al\u00e9m do poder, a confian\u00e7a, o reconhecimento dos eleitores e da popula\u00e7\u00e3o.<\/p>\n<p>No caso de Ribeir\u00e3o Preto, por exemplo Ricardo Silva levou 131.421 votos e Marco Aur\u00e9lio 130.734, uma diferen\u00e7a de apenas 687 votos, o que por si s\u00f3 divide os votos v\u00e1lidos. Sem deixar de lembrar, por\u00e9m que 35.681 eleitores compareceram \u00e0 se\u00e7\u00e3o eleitoral, mas anularam ou votada em branco, mostrando, claramente, insatisfa\u00e7\u00e3o com os dois candidatos e preferindo n\u00e3o escolher nenhum, e que 179.759 sequer se dignaram a comparecer para votar, um numero muito acima da vota\u00e7\u00e3o dos dois candidatos e representando.<\/p>\n<p>Assim, considerando na cidade, apenas os 477.595 aptos a votar, temos na realidade 37,64% de eleitores que preferiram n\u00e3o votar; 27,52% que preferiram Ricardo Silva; 27,37% que preferiram Marco Aur\u00e9lio; 7,47% que n\u00e3o queriam nenhum dos dois.<br \/>Se considerarmos a popula\u00e7\u00e3o total da cidade, ent\u00e3o, 704.874 (2024) habitantes, temos que 32,24% dos moradores da cidade n\u00e3o s\u00e3o eleitores; 25,50% n\u00e3o quiseram nem votar; 18,64% escolheram Ricardo Silva; 18,55 escolheram Marco Aur\u00e9lio; sendo que 5,07% n\u00e3o queriam nenhuma das duas op\u00e7\u00f5es.<\/p>\n<p>Assim, podemos dizer que Ricardo Silva venceu legitima e legalmente. Mas n\u00e3o levou, pois teve o reconhecimento de fato e real de apenas 27,52% dos eleitores da cidade, o que \u00e9 pouco mais de \u00bc, e 18,64% da popula\u00e7\u00e3o da cidade. Para obter o reconhecimento de sua gest\u00e3o e legitimidade, por\u00e9m, vai precisar mostrar bastante compet\u00eancia pol\u00edtica, para agregar na sua gest\u00e3o os 72,48% de eleitores que n\u00e3o o escolheram, ou 81,36% dos moradores da cidade, que tamb\u00e9m n\u00e3o o escolheram, se desejar comandar a cidade para todos, n\u00e3o apenas para alguns.<\/p>\n<p>\u00c9 o jogo pol\u00edtico e eleitoral que se apresenta, \u00e9 com ele que ter\u00e1 que governar, e focar na sua gest\u00e3o da cidade por 04 anos, e qui\u00e7\u00e1, consiga reverter ou melhorar esses n\u00fameros ao longo deles.<\/p>\n<p>O Brasil e os brasileiros, confirmaram sua tradicional queda no espectro ideol\u00f3gico mais a Direita, o que n\u00e3o \u00e9 uma novidade, embora com maioria, n\u00e3o com consenso e nem unanimidade; isto n\u00e3o desqualifica ou criminaliza, mas \u00e9 uma mensagem a esquerda progressista para a necessidade de refletir e atualizar suas estrat\u00e9gias. E se h\u00e1 dois claros derrotados nesta elei\u00e7\u00e3o \u00e9 o Bolsonarismo reacion\u00e1rio falso moralista, conservador e politiqueiro e o PSDB.<\/p>\n<p>&#13;<br \/>\n\t\t\t\t<span class=\"post-views-icon dashicons dashicons-chart-bar\"\/> <span class=\"post-views-label\">Visualiza\u00e7\u00f5es:<\/span> <span class=\"post-views-count\">29<\/span>&#13;\n\t\t\t<\/p>\n<\/p><\/div>\n<p><br \/>\n<br \/><a href=\"https:\/\/folhaderibeirao.com.br\/2024\/10\/28\/analise-real-das-eleicoes-em-ribeirao-preto-ricardo-silva-vence-mas-desafios-politicos-permanecem\/?utm_source=rss&#038;utm_medium=rss&#038;utm_campaign=analise-real-das-eleicoes-em-ribeirao-preto-ricardo-silva-vence-mas-desafios-politicos-permanecem\">Source link <\/a><\/p>\n<!-- CONTENT END 1 -->\n","protected":false},"excerpt":{"rendered":"<p>Sob o ponto de vista legal, n\u00e3o d\u00e1 para contestar a elei\u00e7\u00e3o de nenhum candidato eleito nestas elei\u00e7\u00f5es, considerando as regras do jogo previamente postas&#8230;.<\/p>\n","protected":false},"author":1,"featured_media":59669,"comment_status":"open","ping_status":"open","sticky":false,"template":"","format":"standard","meta":{"advanced_seo_description":"","jetpack_seo_html_title":"","jetpack_seo_noindex":false,"jetpack_post_was_ever_published":false,"_jetpack_newsletter_access":"","_jetpack_dont_email_post_to_subs":false,"_jetpack_newsletter_tier_id":0,"_jetpack_memberships_contains_paywalled_content":false,"_jetpack_memberships_contains_paid_content":false,"footnotes":"","jetpack_publicize_message":"","jetpack_publicize_feature_enabled":true,"jetpack_social_post_already_shared":true,"jetpack_social_options":{"image_generator_settings":{"template":"highway","default_image_id":0,"font":"","enabled":false},"version":2}},"categories":[11],"tags":[1507,429,2292,1328,2090,5991,5990,27,2948,26,3406,42,1612],"class_list":["post-59744","post","type-post","status-publish","format-standard","has-post-thumbnail","hentry","category-noticias-de-ribeirao-preto-sp-e-regiao-ismael-colosi","tag-analise","tag-das","tag-desafios","tag-eleicoes","tag-mas","tag-permanecem","tag-politicos","tag-preto","tag-real","tag-ribeirao","tag-ricardo","tag-silva","tag-vence"],"jetpack_publicize_connections":[],"jetpack_featured_media_url":"https:\/\/i0.wp.com\/noticiasribeiraopreto.com.br\/wp-content\/uploads\/2024\/10\/ricardo-silva-psd-848x477-1.webp.webp?fit=848%2C477&ssl=1","jetpack-related-posts":[{"id":59668,"url":"https:\/\/noticiasribeiraopreto.com.br\/index.php\/2024\/10\/28\/analise-real-das-eleicoes-em-ribeirao-preto-ricardo-silva-vence-mas-desafios-politicos-permanecem\/","url_meta":{"origin":59744,"position":0},"title":"An\u00e1lise Real das Elei\u00e7\u00f5es em Ribeir\u00e3o Preto: Ricardo Silva Vence, Mas Desafios Pol\u00edticos Permanecem","author":"noticiasribeiraopreto.com.br","date":"28 de October de 2024","format":false,"excerpt":"Sob o ponto de vista legal, n\u00e3o d\u00e1 para contestar a elei\u00e7\u00e3o de nenhum candidato eleito nestas elei\u00e7\u00f5es, considerando as regras do jogo previamente postas. Pronto, Ricardo Silva est\u00e1 eleito Prefeito Municipal de Ribeir\u00e3o Preto, para o mandato 2025\/2028, e desejamos sucesso a sua gest\u00e3o e governan\u00e7a da cidade. Encerra\u2026","rel":"","context":"In &quot;Not\u00edcias de Ribeir\u00e3o Preto-SP e Regi\u00e3o&quot;","block_context":{"text":"Not\u00edcias de Ribeir\u00e3o Preto-SP e Regi\u00e3o","link":"https:\/\/noticiasribeiraopreto.com.br\/index.php\/category\/noticias-de-ribeirao-preto-sp-e-regiao-ismael-colosi\/"},"img":{"alt_text":"","src":"https:\/\/i0.wp.com\/noticiasribeiraopreto.com.br\/wp-content\/uploads\/2024\/10\/ricardo-silva-psd-848x477-1.webp.webp?fit=848%2C477&ssl=1&resize=350%2C200","width":350,"height":200,"srcset":"https:\/\/i0.wp.com\/noticiasribeiraopreto.com.br\/wp-content\/uploads\/2024\/10\/ricardo-silva-psd-848x477-1.webp.webp?fit=848%2C477&ssl=1&resize=350%2C200 1x, https:\/\/i0.wp.com\/noticiasribeiraopreto.com.br\/wp-content\/uploads\/2024\/10\/ricardo-silva-psd-848x477-1.webp.webp?fit=848%2C477&ssl=1&resize=525%2C300 1.5x, https:\/\/i0.wp.com\/noticiasribeiraopreto.com.br\/wp-content\/uploads\/2024\/10\/ricardo-silva-psd-848x477-1.webp.webp?fit=848%2C477&ssl=1&resize=700%2C400 2x"},"classes":[]},{"id":59651,"url":"https:\/\/noticiasribeiraopreto.com.br\/index.php\/2024\/10\/27\/ricardo-silva-do-psd-e-eleito-prefeito-de-ribeirao-preto-com-foco-em-mudancas-estruturais\/","url_meta":{"origin":59744,"position":1},"title":"Ricardo Silva, do PSD, \u00e9 Eleito Prefeito de Ribeir\u00e3o Preto com Foco em Mudan\u00e7as Estruturais","author":"noticiasribeiraopreto.com.br","date":"27 de October de 2024","format":false,"excerpt":"Ricardo Silva, candidato pelo Partido Social Democr\u00e1tico (PSD), foi eleito prefeito de Ribeir\u00e3o Preto, consolidando sua lideran\u00e7a com propostas de inova\u00e7\u00e3o e crescimento econ\u00f4mico. Com uma campanha voltada para a moderniza\u00e7\u00e3o das pol\u00edticas p\u00fablicas e o desenvolvimento urbano, Ricardo venceu o pleito com uma ampla margem de votos, recebendo apoio\u2026","rel":"","context":"In &quot;Not\u00edcias de Ribeir\u00e3o Preto-SP e Regi\u00e3o&quot;","block_context":{"text":"Not\u00edcias de Ribeir\u00e3o Preto-SP e Regi\u00e3o","link":"https:\/\/noticiasribeiraopreto.com.br\/index.php\/category\/noticias-de-ribeirao-preto-sp-e-regiao-ismael-colosi\/"},"img":{"alt_text":"","src":"https:\/\/i0.wp.com\/noticiasribeiraopreto.com.br\/wp-content\/uploads\/2024\/10\/ricardo-silva_2024-09-27_14-05-41_jpg_2024-09-27_14-05-41.webp.webp?fit=1200%2C863&ssl=1&resize=350%2C200","width":350,"height":200,"srcset":"https:\/\/i0.wp.com\/noticiasribeiraopreto.com.br\/wp-content\/uploads\/2024\/10\/ricardo-silva_2024-09-27_14-05-41_jpg_2024-09-27_14-05-41.webp.webp?fit=1200%2C863&ssl=1&resize=350%2C200 1x, https:\/\/i0.wp.com\/noticiasribeiraopreto.com.br\/wp-content\/uploads\/2024\/10\/ricardo-silva_2024-09-27_14-05-41_jpg_2024-09-27_14-05-41.webp.webp?fit=1200%2C863&ssl=1&resize=525%2C300 1.5x, https:\/\/i0.wp.com\/noticiasribeiraopreto.com.br\/wp-content\/uploads\/2024\/10\/ricardo-silva_2024-09-27_14-05-41_jpg_2024-09-27_14-05-41.webp.webp?fit=1200%2C863&ssl=1&resize=700%2C400 2x, https:\/\/i0.wp.com\/noticiasribeiraopreto.com.br\/wp-content\/uploads\/2024\/10\/ricardo-silva_2024-09-27_14-05-41_jpg_2024-09-27_14-05-41.webp.webp?fit=1200%2C863&ssl=1&resize=1050%2C600 3x"},"classes":[]},{"id":59745,"url":"https:\/\/noticiasribeiraopreto.com.br\/index.php\/2024\/10\/29\/utm_sourcerssutm_mediumrssutm_campaignricardo-silva-do-psd-e-eleito-prefeito-de-ribeirao-preto-com-foco-em-mudancas-estruturais\/","url_meta":{"origin":59744,"position":2},"title":"Ricardo Silva, do PSD, \u00e9 Eleito Prefeito de Ribeir\u00e3o Preto com Foco em Mudan\u00e7as Estruturais","author":"noticiasribeiraopreto.com.br","date":"29 de October de 2024","format":false,"excerpt":"Ricardo Silva, candidato pelo Partido Social Democr\u00e1tico (PSD), foi eleito prefeito de Ribeir\u00e3o Preto, consolidando sua lideran\u00e7a com propostas de inova\u00e7\u00e3o e crescimento econ\u00f4mico. Com uma campanha voltada para a moderniza\u00e7\u00e3o das pol\u00edticas p\u00fablicas e o desenvolvimento urbano, Ricardo venceu o pleito com uma ampla margem de votos, recebendo apoio\u2026","rel":"","context":"In &quot;Not\u00edcias de Ribeir\u00e3o Preto-SP e Regi\u00e3o&quot;","block_context":{"text":"Not\u00edcias de Ribeir\u00e3o Preto-SP e Regi\u00e3o","link":"https:\/\/noticiasribeiraopreto.com.br\/index.php\/category\/noticias-de-ribeirao-preto-sp-e-regiao-ismael-colosi\/"},"img":{"alt_text":"","src":"https:\/\/i0.wp.com\/noticiasribeiraopreto.com.br\/wp-content\/uploads\/2024\/10\/ricardo-silva_2024-09-27_14-05-41_jpg_2024-09-27_14-05-41.webp.webp?fit=1200%2C863&ssl=1&resize=350%2C200","width":350,"height":200,"srcset":"https:\/\/i0.wp.com\/noticiasribeiraopreto.com.br\/wp-content\/uploads\/2024\/10\/ricardo-silva_2024-09-27_14-05-41_jpg_2024-09-27_14-05-41.webp.webp?fit=1200%2C863&ssl=1&resize=350%2C200 1x, https:\/\/i0.wp.com\/noticiasribeiraopreto.com.br\/wp-content\/uploads\/2024\/10\/ricardo-silva_2024-09-27_14-05-41_jpg_2024-09-27_14-05-41.webp.webp?fit=1200%2C863&ssl=1&resize=525%2C300 1.5x, https:\/\/i0.wp.com\/noticiasribeiraopreto.com.br\/wp-content\/uploads\/2024\/10\/ricardo-silva_2024-09-27_14-05-41_jpg_2024-09-27_14-05-41.webp.webp?fit=1200%2C863&ssl=1&resize=700%2C400 2x, https:\/\/i0.wp.com\/noticiasribeiraopreto.com.br\/wp-content\/uploads\/2024\/10\/ricardo-silva_2024-09-27_14-05-41_jpg_2024-09-27_14-05-41.webp.webp?fit=1200%2C863&ssl=1&resize=1050%2C600 3x"},"classes":[]},{"id":61761,"url":"https:\/\/noticiasribeiraopreto.com.br\/index.php\/2024\/12\/21\/equipe-de-transicao-de-ricardo-silva-revela-deficit-de-r-2-bilhoes-no-orcamento-de-ribeirao-preto\/","url_meta":{"origin":59744,"position":3},"title":"Equipe de Transi\u00e7\u00e3o de Ricardo Silva Revela D\u00e9ficit de R$ 2 Bilh\u00f5es no Or\u00e7amento de Ribeir\u00e3o Preto","author":"noticiasribeiraopreto.com.br","date":"21 de December de 2024","format":false,"excerpt":"O processo de transi\u00e7\u00e3o da gest\u00e3o municipal em Ribeir\u00e3o Preto trouxe \u00e0 tona um grave cen\u00e1rio fiscal. Segundo um relat\u00f3rio divulgado pela equipe do prefeito eleito Ricardo Silva (PSD), a cidade enfrenta um d\u00e9ficit de aproximadamente R$ 2 bilh\u00f5es em seu or\u00e7amento, colocando em risco os planos para a administra\u00e7\u00e3o\u2026","rel":"","context":"In &quot;Not\u00edcias de Ribeir\u00e3o Preto-SP e Regi\u00e3o&quot;","block_context":{"text":"Not\u00edcias de Ribeir\u00e3o Preto-SP e Regi\u00e3o","link":"https:\/\/noticiasribeiraopreto.com.br\/index.php\/category\/noticias-de-ribeirao-preto-sp-e-regiao-ismael-colosi\/"},"img":{"alt_text":"","src":"https:\/\/i0.wp.com\/noticiasribeiraopreto.com.br\/wp-content\/uploads\/2024\/12\/ricardo-silva-12jul-2023-848x477-1.jpg?fit=848%2C477&ssl=1&resize=350%2C200","width":350,"height":200,"srcset":"https:\/\/i0.wp.com\/noticiasribeiraopreto.com.br\/wp-content\/uploads\/2024\/12\/ricardo-silva-12jul-2023-848x477-1.jpg?fit=848%2C477&ssl=1&resize=350%2C200 1x, https:\/\/i0.wp.com\/noticiasribeiraopreto.com.br\/wp-content\/uploads\/2024\/12\/ricardo-silva-12jul-2023-848x477-1.jpg?fit=848%2C477&ssl=1&resize=525%2C300 1.5x, https:\/\/i0.wp.com\/noticiasribeiraopreto.com.br\/wp-content\/uploads\/2024\/12\/ricardo-silva-12jul-2023-848x477-1.jpg?fit=848%2C477&ssl=1&resize=700%2C400 2x"},"classes":[]},{"id":59662,"url":"https:\/\/noticiasribeiraopreto.com.br\/index.php\/2024\/10\/27\/obrigacao-de-fazer-o-melhor-governo-da-historia-diz-ricardo-silva-novo-prefeito-de-ribeirao-preto\/","url_meta":{"origin":59744,"position":4},"title":"\u2018Obriga\u00e7\u00e3o de fazer o melhor governo da hist\u00f3ria\u2019, diz Ricardo Silva, novo prefeito de Ribeir\u00e3o Preto","author":"noticiasribeiraopreto.com.br","date":"27 de October de 2024","format":false,"excerpt":"Ricardo Silva (PSD), eleito o novo prefeito de Ribeir\u00e3o Preto, disse que a vit\u00f3ria nas elei\u00e7\u00f5es municipais na noite deste domingo (27), \u00e9 um recado para que ele fa\u00e7a \u201co melhor governo da hist\u00f3ria de Ribeir\u00e3o Preto\u201d. \u201cEssa vit\u00f3ria, ela d\u00e1 um recado que \u00e9 da cidade de Ribeir\u00e3o Preto.\u2026","rel":"","context":"In &quot;Not\u00edcias de Ribeir\u00e3o Preto-SP e Regi\u00e3o&quot;","block_context":{"text":"Not\u00edcias de Ribeir\u00e3o Preto-SP e Regi\u00e3o","link":"https:\/\/noticiasribeiraopreto.com.br\/index.php\/category\/noticias-de-ribeirao-preto-sp-e-regiao-ismael-colosi\/"},"img":{"alt_text":"","src":"https:\/\/i0.wp.com\/noticiasribeiraopreto.com.br\/wp-content\/uploads\/2024\/10\/ricardo-silva-3_2024-10-27_23-19-58_jpeg_2024-10-27_23-19-58.webp.webp?fit=1200%2C900&ssl=1&resize=350%2C200","width":350,"height":200,"srcset":"https:\/\/i0.wp.com\/noticiasribeiraopreto.com.br\/wp-content\/uploads\/2024\/10\/ricardo-silva-3_2024-10-27_23-19-58_jpeg_2024-10-27_23-19-58.webp.webp?fit=1200%2C900&ssl=1&resize=350%2C200 1x, https:\/\/i0.wp.com\/noticiasribeiraopreto.com.br\/wp-content\/uploads\/2024\/10\/ricardo-silva-3_2024-10-27_23-19-58_jpeg_2024-10-27_23-19-58.webp.webp?fit=1200%2C900&ssl=1&resize=525%2C300 1.5x, https:\/\/i0.wp.com\/noticiasribeiraopreto.com.br\/wp-content\/uploads\/2024\/10\/ricardo-silva-3_2024-10-27_23-19-58_jpeg_2024-10-27_23-19-58.webp.webp?fit=1200%2C900&ssl=1&resize=700%2C400 2x, https:\/\/i0.wp.com\/noticiasribeiraopreto.com.br\/wp-content\/uploads\/2024\/10\/ricardo-silva-3_2024-10-27_23-19-58_jpeg_2024-10-27_23-19-58.webp.webp?fit=1200%2C900&ssl=1&resize=1050%2C600 3x"},"classes":[]},{"id":61428,"url":"https:\/\/noticiasribeiraopreto.com.br\/index.php\/2024\/12\/12\/ricardo-silva-anuncia-novos-secretarios-e-diretores-para-2025-em-ribeirao-preto\/","url_meta":{"origin":59744,"position":5},"title":"Ricardo Silva Anuncia Novos Secret\u00e1rios e Diretores para 2025 em Ribeir\u00e3o Preto","author":"noticiasribeiraopreto.com.br","date":"12 de December de 2024","format":false,"excerpt":"O prefeito eleito de Ribeir\u00e3o Preto, Ricardo Silva (PSD), divulgou nesta quinta-feira (12) os nomes que compor\u00e3o seu secretariado e equipe de diretores municipais a partir de janeiro de 2025. A nova equipe mescla profissionais com trajet\u00f3ria t\u00e9cnica e pol\u00edtica, refletindo as prioridades de gest\u00e3o anunciadas durante sua campanha. Composi\u00e7\u00e3o\u2026","rel":"","context":"In &quot;Not\u00edcias de Ribeir\u00e3o Preto-SP e Regi\u00e3o&quot;","block_context":{"text":"Not\u00edcias de Ribeir\u00e3o Preto-SP e Regi\u00e3o","link":"https:\/\/noticiasribeiraopreto.com.br\/index.php\/category\/noticias-de-ribeirao-preto-sp-e-regiao-ismael-colosi\/"},"img":{"alt_text":"","src":"https:\/\/i0.wp.com\/noticiasribeiraopreto.com.br\/wp-content\/uploads\/2024\/12\/d0cab062cd35dfdbcbbee2ee8c4a68dd.jpg?fit=605%2C454&ssl=1&resize=350%2C200","width":350,"height":200,"srcset":"https:\/\/i0.wp.com\/noticiasribeiraopreto.com.br\/wp-content\/uploads\/2024\/12\/d0cab062cd35dfdbcbbee2ee8c4a68dd.jpg?fit=605%2C454&ssl=1&resize=350%2C200 1x, https:\/\/i0.wp.com\/noticiasribeiraopreto.com.br\/wp-content\/uploads\/2024\/12\/d0cab062cd35dfdbcbbee2ee8c4a68dd.jpg?fit=605%2C454&ssl=1&resize=525%2C300 1.5x"},"classes":[]}],"jetpack_sharing_enabled":true,"jetpack_shortlink":"https:\/\/wp.me\/peQAOb-fxC","_links":{"self":[{"href":"https:\/\/noticiasribeiraopreto.com.br\/index.php\/wp-json\/wp\/v2\/posts\/59744","targetHints":{"allow":["GET"]}}],"collection":[{"href":"https:\/\/noticiasribeiraopreto.com.br\/index.php\/wp-json\/wp\/v2\/posts"}],"about":[{"href":"https:\/\/noticiasribeiraopreto.com.br\/index.php\/wp-json\/wp\/v2\/types\/post"}],"author":[{"embeddable":true,"href":"https:\/\/noticiasribeiraopreto.com.br\/index.php\/wp-json\/wp\/v2\/users\/1"}],"replies":[{"embeddable":true,"href":"https:\/\/noticiasribeiraopreto.com.br\/index.php\/wp-json\/wp\/v2\/comments?post=59744"}],"version-history":[{"count":0,"href":"https:\/\/noticiasribeiraopreto.com.br\/index.php\/wp-json\/wp\/v2\/posts\/59744\/revisions"}],"wp:featuredmedia":[{"embeddable":true,"href":"https:\/\/noticiasribeiraopreto.com.br\/index.php\/wp-json\/wp\/v2\/media\/59669"}],"wp:attachment":[{"href":"https:\/\/noticiasribeiraopreto.com.br\/index.php\/wp-json\/wp\/v2\/media?parent=59744"}],"wp:term":[{"taxonomy":"category","embeddable":true,"href":"https:\/\/noticiasribeiraopreto.com.br\/index.php\/wp-json\/wp\/v2\/categories?post=59744"},{"taxonomy":"post_tag","embeddable":true,"href":"https:\/\/noticiasribeiraopreto.com.br\/index.php\/wp-json\/wp\/v2\/tags?post=59744"}],"curies":[{"name":"wp","href":"https:\/\/api.w.org\/{rel}","templated":true}]}}