{"id":59787,"date":"2024-10-30T07:30:24","date_gmt":"2024-10-30T10:30:24","guid":{"rendered":"https:\/\/noticiasribeiraopreto.com.br\/index.php\/2024\/10\/30\/utm_sourcerssutm_mediumrssutm_campaigncamara-de-ribeirao-preto-aprova-programa-para-prevencao-e-seguranca-na-saude-dos-servidores-municipais\/"},"modified":"2024-10-30T07:30:24","modified_gmt":"2024-10-30T10:30:24","slug":"utm_sourcerssutm_mediumrssutm_campaigncamara-de-ribeirao-preto-aprova-programa-para-prevencao-e-seguranca-na-saude-dos-servidores-municipais","status":"publish","type":"post","link":"https:\/\/noticiasribeiraopreto.com.br\/index.php\/2024\/10\/30\/utm_sourcerssutm_mediumrssutm_campaigncamara-de-ribeirao-preto-aprova-programa-para-prevencao-e-seguranca-na-saude-dos-servidores-municipais\/","title":{"rendered":"C\u00e2mara de Ribeir\u00e3o Preto Aprova Programa para Preven\u00e7\u00e3o e Seguran\u00e7a na Sa\u00fade dos Servidores Municipais"},"content":{"rendered":"<div class='code-block code-block-1' style='margin: 8px 0 8px auto; text-align: right; display: block; clear: both;'>\n<p><a href=\"https:\/\/wa.link\/vpicfd\"><img data-recalc-dims=\"1\" class=\"wp-image-4922\" style=\"aspect-ratio: 2.0253164556962027; width: 561px; height: auto;\" src=\"https:\/\/i0.wp.com\/ismaelcolosi.com.br\/wp-content\/uploads\/2023\/11\/grupo-de-empregos-whatsapp-e-facebook-ismael-colosi-vagas.jpg?ssl=1\" alt=\"\" \/><\/a><\/p>\n<!-- \/wp:image -->\n<\/div>\n<p> <br \/>\n<\/p>\n<div>\n<p>A C\u00e2mara Municipal de Ribeir\u00e3o Preto aprovou, em sess\u00e3o recente, um projeto de lei que institui o Programa de Preven\u00e7\u00e3o e Seguran\u00e7a da Sa\u00fade do Servidor. Esse programa visa promover a sa\u00fade e o bem-estar dos servidores municipais, al\u00e9m de garantir melhores condi\u00e7\u00f5es de trabalho e prote\u00e7\u00e3o contra riscos ocupacionais. A proposta recebeu amplo apoio dos vereadores e promete trazer mudan\u00e7as importantes para a gest\u00e3o de sa\u00fade e seguran\u00e7a no ambiente de trabalho da administra\u00e7\u00e3o p\u00fablica.<\/p>\n<h3>O Objetivo do Programa de Preven\u00e7\u00e3o e Seguran\u00e7a da Sa\u00fade<\/h3>\n<p>O programa foi desenvolvido com o prop\u00f3sito de cuidar da sa\u00fade f\u00edsica e mental dos servidores municipais, propondo medidas que visam \u00e0 redu\u00e7\u00e3o de doen\u00e7as ocupacionais e \u00e0 melhoria da qualidade de vida no trabalho. O projeto estabelece diretrizes para a cria\u00e7\u00e3o de pol\u00edticas preventivas, incluindo a realiza\u00e7\u00e3o de exames peri\u00f3dicos, campanhas educativas sobre sa\u00fade e seguran\u00e7a e a\u00e7\u00f5es para preven\u00e7\u00e3o de acidentes de trabalho.<\/p>\n<p>A aprova\u00e7\u00e3o desse projeto \u00e9 uma resposta \u00e0s demandas dos servidores e das entidades representativas da categoria, que frequentemente apontam a necessidade de mais aten\u00e7\u00e3o \u00e0 sa\u00fade no ambiente de trabalho. Al\u00e9m disso, a iniciativa busca reduzir o n\u00famero de afastamentos por quest\u00f5es de sa\u00fade, que t\u00eam impacto direto na produtividade e no bem-estar dos profissionais.<\/p>\n<h3>Principais Medidas Previstas no Projeto<\/h3>\n<p>O Programa de Preven\u00e7\u00e3o e Seguran\u00e7a da Sa\u00fade do Servidor prev\u00ea uma s\u00e9rie de medidas e a\u00e7\u00f5es espec\u00edficas para melhorar as condi\u00e7\u00f5es de trabalho dos servidores p\u00fablicos de Ribeir\u00e3o Preto, incluindo:<\/p>\n<ol>\n<li><strong>Exames Peri\u00f3dicos e Avalia\u00e7\u00f5es de Sa\u00fade<\/strong>: Todos os servidores ter\u00e3o acesso a exames m\u00e9dicos peri\u00f3dicos para monitoramento da sa\u00fade e para detectar precocemente doen\u00e7as que possam ser agravadas pelas condi\u00e7\u00f5es de trabalho.<\/li>\n<li><strong>Campanhas de Conscientiza\u00e7\u00e3o e Orienta\u00e7\u00e3o<\/strong>: Ser\u00e3o realizadas campanhas educativas voltadas para temas como sa\u00fade mental, ergonomia, nutri\u00e7\u00e3o e pr\u00e1ticas de atividade f\u00edsica, al\u00e9m de informa\u00e7\u00f5es sobre preven\u00e7\u00e3o de doen\u00e7as.<\/li>\n<li><strong>Treinamentos e Capacita\u00e7\u00e3o em Seguran\u00e7a do Trabalho<\/strong>: Os servidores passar\u00e3o por treinamentos e capacita\u00e7\u00f5es para aprender a lidar com poss\u00edveis riscos ocupacionais e adotar pr\u00e1ticas de seguran\u00e7a no trabalho.<\/li>\n<li><strong>Preven\u00e7\u00e3o de Doen\u00e7as Ocupacionais e Estresse<\/strong>: Com o intuito de reduzir o impacto das doen\u00e7as ocupacionais, o programa inclui atividades para o cuidado com a sa\u00fade mental dos servidores, como programas de apoio psicol\u00f3gico e orienta\u00e7\u00f5es sobre manejo do estresse.<\/li>\n<li><strong>Monitoramento de Indicadores de Sa\u00fade<\/strong>: A gest\u00e3o municipal estabelecer\u00e1 mecanismos para acompanhar a sa\u00fade dos servidores, utilizando dados para melhorar continuamente as condi\u00e7\u00f5es de trabalho.<\/li>\n<li><strong>Incentivo \u00e0 Pr\u00e1tica de Atividades F\u00edsicas<\/strong>: O programa prev\u00ea parcerias com academias e profissionais de sa\u00fade para estimular os servidores a adotarem h\u00e1bitos saud\u00e1veis, incentivando a pr\u00e1tica de atividades f\u00edsicas regulares.<\/li>\n<\/ol>\n<h3>Apoio dos Vereadores e Expectativas para o Programa<\/h3>\n<p>A aprova\u00e7\u00e3o do projeto na C\u00e2mara Municipal teve um respaldo un\u00e2nime, refletindo a import\u00e2ncia dada \u00e0 sa\u00fade dos servidores por todos os vereadores. Em pronunciamento, o vereador respons\u00e1vel pelo projeto destacou que o programa \u00e9 uma iniciativa essencial para proteger os servidores e promover um ambiente de trabalho mais saud\u00e1vel e seguro. \u201cEste \u00e9 um grande passo para cuidar de quem cuida da nossa cidade. \u00c9 um compromisso que estamos assumindo com a sa\u00fade e o bem-estar de nossos servidores,\u201d afirmou o vereador.<\/p>\n<p>Al\u00e9m disso, alguns vereadores sugeriram a cria\u00e7\u00e3o de um comit\u00ea de acompanhamento para avaliar o impacto das medidas e realizar ajustes conforme necess\u00e1rio, garantindo a efetividade das a\u00e7\u00f5es. Essa proposta foi bem recebida e deve ser inclu\u00edda nas discuss\u00f5es sobre a implementa\u00e7\u00e3o do programa.<\/p>\n<h3>A Import\u00e2ncia da Sa\u00fade e Seguran\u00e7a dos Servidores<\/h3>\n<p>A cria\u00e7\u00e3o do Programa de Preven\u00e7\u00e3o e Seguran\u00e7a da Sa\u00fade do Servidor atende a uma necessidade urgente de promover a sa\u00fade e a seguran\u00e7a dentro do setor p\u00fablico municipal. Estudos mostram que, em ambientes com pol\u00edticas ativas de preven\u00e7\u00e3o de doen\u00e7as e de prote\u00e7\u00e3o contra riscos ocupacionais, h\u00e1 uma redu\u00e7\u00e3o significativa nos afastamentos por problemas de sa\u00fade, al\u00e9m de melhorar a motiva\u00e7\u00e3o e a satisfa\u00e7\u00e3o dos trabalhadores.<\/p>\n<p>Em Ribeir\u00e3o Preto, a iniciativa n\u00e3o s\u00f3 atende \u00e0 sa\u00fade f\u00edsica, mas tamb\u00e9m oferece suporte para a sa\u00fade mental dos servidores, especialmente importante diante dos desafios crescentes enfrentados pelos profissionais. A preocupa\u00e7\u00e3o com a sa\u00fade mental reflete uma tend\u00eancia atual nas pol\u00edticas de recursos humanos, que cada vez mais reconhecem a import\u00e2ncia de ambientes de trabalho saud\u00e1veis para a qualidade de vida e a produtividade dos servidores.<\/p>\n<h3>Pr\u00f3ximos Passos e Implementa\u00e7\u00e3o do Programa<\/h3>\n<p>Com a aprova\u00e7\u00e3o pela C\u00e2mara Municipal, o pr\u00f3ximo passo ser\u00e1 a regulamenta\u00e7\u00e3o e implementa\u00e7\u00e3o do programa pela prefeitura de Ribeir\u00e3o Preto. A administra\u00e7\u00e3o municipal dever\u00e1 definir prazos, or\u00e7amento e parcerias para colocar em pr\u00e1tica as a\u00e7\u00f5es previstas, al\u00e9m de promover a ades\u00e3o dos servidores \u00e0s atividades do programa.<\/p>\n<p>A expectativa \u00e9 de que o programa esteja em funcionamento ainda no pr\u00f3ximo ano, proporcionando desde o in\u00edcio um impacto positivo na rotina dos servidores. Para garantir o sucesso da iniciativa, a gest\u00e3o municipal buscar\u00e1 colaborar com institui\u00e7\u00f5es de sa\u00fade e empresas de seguran\u00e7a do trabalho, visando criar uma rede de apoio e monitoramento que possa acompanhar de perto os resultados das a\u00e7\u00f5es.<\/p>\n<h3>Impacto na Qualidade do Servi\u00e7o P\u00fablico<\/h3>\n<p>A promo\u00e7\u00e3o da sa\u00fade e da seguran\u00e7a dos servidores tem reflexos diretos na qualidade dos servi\u00e7os prestados \u00e0 popula\u00e7\u00e3o de Ribeir\u00e3o Preto. Servidores mais saud\u00e1veis, seguros e bem cuidados desempenham melhor suas fun\u00e7\u00f5es e t\u00eam mais condi\u00e7\u00f5es de atender \u00e0 comunidade com dedica\u00e7\u00e3o e efici\u00eancia. Assim, o Programa de Preven\u00e7\u00e3o e Seguran\u00e7a da Sa\u00fade do Servidor representa n\u00e3o apenas uma pol\u00edtica de bem-estar para os profissionais, mas tamb\u00e9m uma medida de valoriza\u00e7\u00e3o do servi\u00e7o p\u00fablico.<\/p>\n<p>Ao investir na sa\u00fade e na seguran\u00e7a dos servidores, a administra\u00e7\u00e3o municipal refor\u00e7a o compromisso com a qualidade do atendimento ao cidad\u00e3o e com o desenvolvimento de um ambiente de trabalho mais justo e humanizado.<\/p>\n<p>&#13;<br \/>\n\t\t\t\t<span class=\"post-views-icon dashicons dashicons-chart-bar\"\/> <span class=\"post-views-label\">Visualiza\u00e7\u00f5es:<\/span> <span class=\"post-views-count\">5<\/span>&#13;\n\t\t\t<\/p>\n<\/p><\/div>\n<p><br \/>\n<br \/><a href=\"https:\/\/folhaderibeirao.com.br\/2024\/10\/30\/camara-de-ribeirao-preto-aprova-programa-para-prevencao-e-seguranca-na-saude-dos-servidores-municipais\/?utm_source=rss&#038;utm_medium=rss&#038;utm_campaign=camara-de-ribeirao-preto-aprova-programa-para-prevencao-e-seguranca-na-saude-dos-servidores-municipais\">Source link <\/a><\/p>\n<!-- CONTENT END 1 -->\n","protected":false},"excerpt":{"rendered":"<p>A C\u00e2mara Municipal de Ribeir\u00e3o Preto aprovou, em sess\u00e3o recente, um projeto de lei que institui o Programa de Preven\u00e7\u00e3o e Seguran\u00e7a da Sa\u00fade do&#8230;<\/p>\n","protected":false},"author":1,"featured_media":59788,"comment_status":"open","ping_status":"open","sticky":false,"template":"","format":"standard","meta":{"advanced_seo_description":"","jetpack_seo_html_title":"","jetpack_seo_noindex":false,"jetpack_post_was_ever_published":false,"_jetpack_newsletter_access":"","_jetpack_dont_email_post_to_subs":false,"_jetpack_newsletter_tier_id":0,"_jetpack_memberships_contains_paywalled_content":false,"_jetpack_memberships_contains_paid_content":false,"footnotes":"","jetpack_publicize_message":"","jetpack_publicize_feature_enabled":true,"jetpack_social_post_already_shared":true,"jetpack_social_options":{"image_generator_settings":{"template":"highway","default_image_id":0,"font":"","enabled":false},"version":2}},"categories":[11],"tags":[155,154,470,2453,71,27,1444,1071,26,158,1878,2452],"class_list":["post-59787","post","type-post","status-publish","format-standard","has-post-thumbnail","hentry","category-noticias-de-ribeirao-preto-sp-e-regiao-ismael-colosi","tag-aprova","tag-camara","tag-dos","tag-municipais","tag-para","tag-preto","tag-prevencao","tag-programa","tag-ribeirao","tag-saude","tag-seguranca","tag-servidores"],"jetpack_publicize_connections":[],"jetpack_featured_media_url":"https:\/\/i0.wp.com\/noticiasribeiraopreto.com.br\/wp-content\/uploads\/2024\/10\/DSC7400-scaled.jpg?fit=2560%2C1707&ssl=1","jetpack-related-posts":[{"id":59793,"url":"https:\/\/noticiasribeiraopreto.com.br\/index.php\/2024\/10\/30\/camara-de-ribeirao-preto-aprova-programa-para-prevencao-e-seguranca-na-saude-dos-servidores-municipais\/","url_meta":{"origin":59787,"position":0},"title":"C\u00e2mara de Ribeir\u00e3o Preto Aprova Programa para Preven\u00e7\u00e3o e Seguran\u00e7a na Sa\u00fade dos Servidores Municipais","author":"noticiasribeiraopreto.com.br","date":"30 de October de 2024","format":false,"excerpt":"A C\u00e2mara Municipal de Ribeir\u00e3o Preto aprovou, em sess\u00e3o recente, um projeto de lei que institui o Programa de Preven\u00e7\u00e3o e Seguran\u00e7a da Sa\u00fade do Servidor. Esse programa visa promover a sa\u00fade e o bem-estar dos servidores municipais, al\u00e9m de garantir melhores condi\u00e7\u00f5es de trabalho e prote\u00e7\u00e3o contra riscos ocupacionais.\u2026","rel":"","context":"In &quot;Not\u00edcias de Ribeir\u00e3o Preto-SP e Regi\u00e3o&quot;","block_context":{"text":"Not\u00edcias de Ribeir\u00e3o Preto-SP e Regi\u00e3o","link":"https:\/\/noticiasribeiraopreto.com.br\/index.php\/category\/noticias-de-ribeirao-preto-sp-e-regiao-ismael-colosi\/"},"img":{"alt_text":"","src":"https:\/\/i0.wp.com\/noticiasribeiraopreto.com.br\/wp-content\/uploads\/2024\/10\/1730288743_DSC7400-scaled.jpg?fit=1200%2C800&ssl=1&resize=350%2C200","width":350,"height":200,"srcset":"https:\/\/i0.wp.com\/noticiasribeiraopreto.com.br\/wp-content\/uploads\/2024\/10\/1730288743_DSC7400-scaled.jpg?fit=1200%2C800&ssl=1&resize=350%2C200 1x, https:\/\/i0.wp.com\/noticiasribeiraopreto.com.br\/wp-content\/uploads\/2024\/10\/1730288743_DSC7400-scaled.jpg?fit=1200%2C800&ssl=1&resize=525%2C300 1.5x, https:\/\/i0.wp.com\/noticiasribeiraopreto.com.br\/wp-content\/uploads\/2024\/10\/1730288743_DSC7400-scaled.jpg?fit=1200%2C800&ssl=1&resize=700%2C400 2x, https:\/\/i0.wp.com\/noticiasribeiraopreto.com.br\/wp-content\/uploads\/2024\/10\/1730288743_DSC7400-scaled.jpg?fit=1200%2C800&ssl=1&resize=1050%2C600 3x"},"classes":[]},{"id":84808,"url":"https:\/\/noticiasribeiraopreto.com.br\/index.php\/2026\/04\/16\/camara-aprova-proposta-de-reajuste-para-os-servidores-de-ribeirao-preto\/","url_meta":{"origin":59787,"position":1},"title":"C\u00e2mara aprova proposta de reajuste para os servidores de Ribeir\u00e3o Preto","author":"noticiasribeiraopreto.com.br","date":"16 de April de 2026","format":false,"excerpt":"Ler o resumo da not\u00edcia C\u00e2mara de Ribeir\u00e3o Preto aprovou o PLC 13\/2026 na quarta-feira (15), estabelecendo reajuste de 5,11% para servidores municipais. O benef\u00edcio inclui trabalhadores da ativa, aposentados e pensionistas, ap\u00f3s aprova\u00e7\u00e3o do Sindicato dos Servidores em 31 de mar\u00e7o. Vale-alimenta\u00e7\u00e3o ter\u00e1 reajuste de 7,11% e aux\u00edlio nutricional\u2026","rel":"","context":"In &quot;Not\u00edcias de Ribeir\u00e3o Preto-SP e Regi\u00e3o&quot;","block_context":{"text":"Not\u00edcias de Ribeir\u00e3o Preto-SP e Regi\u00e3o","link":"https:\/\/noticiasribeiraopreto.com.br\/index.php\/category\/noticias-de-ribeirao-preto-sp-e-regiao-ismael-colosi\/"},"img":{"alt_text":"","src":"https:\/\/i0.wp.com\/noticiasribeiraopreto.com.br\/wp-content\/uploads\/2026\/04\/camara-de-ribeirao-preto_2026-04-16_14-05-50.webp.webp?fit=1200%2C841&ssl=1&resize=350%2C200","width":350,"height":200,"srcset":"https:\/\/i0.wp.com\/noticiasribeiraopreto.com.br\/wp-content\/uploads\/2026\/04\/camara-de-ribeirao-preto_2026-04-16_14-05-50.webp.webp?fit=1200%2C841&ssl=1&resize=350%2C200 1x, https:\/\/i0.wp.com\/noticiasribeiraopreto.com.br\/wp-content\/uploads\/2026\/04\/camara-de-ribeirao-preto_2026-04-16_14-05-50.webp.webp?fit=1200%2C841&ssl=1&resize=525%2C300 1.5x, https:\/\/i0.wp.com\/noticiasribeiraopreto.com.br\/wp-content\/uploads\/2026\/04\/camara-de-ribeirao-preto_2026-04-16_14-05-50.webp.webp?fit=1200%2C841&ssl=1&resize=700%2C400 2x, https:\/\/i0.wp.com\/noticiasribeiraopreto.com.br\/wp-content\/uploads\/2026\/04\/camara-de-ribeirao-preto_2026-04-16_14-05-50.webp.webp?fit=1200%2C841&ssl=1&resize=1050%2C600 3x"},"classes":[]},{"id":42703,"url":"https:\/\/noticiasribeiraopreto.com.br\/index.php\/2024\/03\/16\/educacao-supera-10-de-absenteismo\/","url_meta":{"origin":59787,"position":2},"title":"Educa\u00e7\u00e3o supera 10% de absente\u00edsmo \u00a0","author":"noticiasribeiraopreto.com.br","date":"16 de March de 2024","format":false,"excerpt":"16 de mar\u00e7o de 2024 | 10:0015 de mar\u00e7o de 2024 | 22:13 0Dados da Divis\u00e3o de Medicina e Seguran\u00e7a do Trabalho da prefeitura de Ribeir\u00e3o Preto revelam que, no ano passado, a Secretaria Municipal da Educa\u00e7\u00e3o registrou m\u00e9dia de 10,26% de absente\u00edsmo \u2013 aus\u00eancia de servidores ao trabalho. O\u2026","rel":"","context":"In &quot;Not\u00edcias de Ribeir\u00e3o Preto-SP e Regi\u00e3o&quot;","block_context":{"text":"Not\u00edcias de Ribeir\u00e3o Preto-SP e Regi\u00e3o","link":"https:\/\/noticiasribeiraopreto.com.br\/index.php\/category\/noticias-de-ribeirao-preto-sp-e-regiao-ismael-colosi\/"},"img":{"alt_text":"","src":"https:\/\/i0.wp.com\/noticiasribeiraopreto.com.br\/wp-content\/uploads\/2024\/03\/Servidor-Alexandre-de-Azevedo-Arquivo-foto-ilustrativa-scaled.jpg?fit=967%2C645&ssl=1&resize=350%2C200","width":350,"height":200,"srcset":"https:\/\/i0.wp.com\/noticiasribeiraopreto.com.br\/wp-content\/uploads\/2024\/03\/Servidor-Alexandre-de-Azevedo-Arquivo-foto-ilustrativa-scaled.jpg?fit=967%2C645&ssl=1&resize=350%2C200 1x, https:\/\/i0.wp.com\/noticiasribeiraopreto.com.br\/wp-content\/uploads\/2024\/03\/Servidor-Alexandre-de-Azevedo-Arquivo-foto-ilustrativa-scaled.jpg?fit=967%2C645&ssl=1&resize=525%2C300 1.5x, https:\/\/i0.wp.com\/noticiasribeiraopreto.com.br\/wp-content\/uploads\/2024\/03\/Servidor-Alexandre-de-Azevedo-Arquivo-foto-ilustrativa-scaled.jpg?fit=967%2C645&ssl=1&resize=700%2C400 2x"},"classes":[]},{"id":67246,"url":"https:\/\/noticiasribeiraopreto.com.br\/index.php\/2025\/04\/11\/camara-aprova-proposta-de-reajuste-dos-servidores-de-ribeirao-preto\/","url_meta":{"origin":59787,"position":3},"title":"C\u00e2mara aprova proposta de reajuste dos servidores de Ribeir\u00e3o Preto","author":"noticiasribeiraopreto.com.br","date":"11 de April de 2025","format":false,"excerpt":"A C\u00e2mara de Ribeir\u00e3o Preto aprovou na sess\u00e3o da \u00faltima quinta-feira (10) o projeto de reajuste dos servidores municipais. O acordo, que prev\u00ea recomposi\u00e7\u00e3o salarial de 5,06%, foi aceito em assembleia pelo Sindicato Municipal dos Servidores de Ribeir\u00e3o Preto, no dia 3 de abril. A proposta tamb\u00e9m reajusta o vale-alimenta\u00e7\u00e3o\u2026","rel":"","context":"In &quot;Not\u00edcias de Ribeir\u00e3o Preto-SP e Regi\u00e3o&quot;","block_context":{"text":"Not\u00edcias de Ribeir\u00e3o Preto-SP e Regi\u00e3o","link":"https:\/\/noticiasribeiraopreto.com.br\/index.php\/category\/noticias-de-ribeirao-preto-sp-e-regiao-ismael-colosi\/"},"img":{"alt_text":"","src":"https:\/\/i0.wp.com\/noticiasribeiraopreto.com.br\/wp-content\/uploads\/2025\/04\/camara-de-ribeirao-preto_2025-04-11_15-17-47_jpg_2025-04-11_15-17-47.webp.webp?fit=1200%2C800&ssl=1&resize=350%2C200","width":350,"height":200,"srcset":"https:\/\/i0.wp.com\/noticiasribeiraopreto.com.br\/wp-content\/uploads\/2025\/04\/camara-de-ribeirao-preto_2025-04-11_15-17-47_jpg_2025-04-11_15-17-47.webp.webp?fit=1200%2C800&ssl=1&resize=350%2C200 1x, https:\/\/i0.wp.com\/noticiasribeiraopreto.com.br\/wp-content\/uploads\/2025\/04\/camara-de-ribeirao-preto_2025-04-11_15-17-47_jpg_2025-04-11_15-17-47.webp.webp?fit=1200%2C800&ssl=1&resize=525%2C300 1.5x, https:\/\/i0.wp.com\/noticiasribeiraopreto.com.br\/wp-content\/uploads\/2025\/04\/camara-de-ribeirao-preto_2025-04-11_15-17-47_jpg_2025-04-11_15-17-47.webp.webp?fit=1200%2C800&ssl=1&resize=700%2C400 2x, https:\/\/i0.wp.com\/noticiasribeiraopreto.com.br\/wp-content\/uploads\/2025\/04\/camara-de-ribeirao-preto_2025-04-11_15-17-47_jpg_2025-04-11_15-17-47.webp.webp?fit=1200%2C800&ssl=1&resize=1050%2C600 3x"},"classes":[]},{"id":65571,"url":"https:\/\/noticiasribeiraopreto.com.br\/index.php\/2025\/03\/21\/jornal-da-franca-revisao-salarial-de-servidores-e-botao-do-panico-avancam-nas-comissoes-da-camara\/","url_meta":{"origin":59787,"position":4},"title":"Jornal da Franca &#8211; Revis\u00e3o salarial de servidores e &#8220;Bot\u00e3o do P\u00e2nico&#8221; avan\u00e7am nas comiss\u00f5es da C\u00e2mara","author":"noticiasribeiraopreto.com.br","date":"21 de March de 2025","format":false,"excerpt":"compartilhar no whatsapp compartilhar no telegram compartilhar no facebook compartilhar no linkedin Comiss\u00f5es de Legisla\u00e7\u00e3o, Justi\u00e7a e Reda\u00e7\u00e3o, Finan\u00e7as e Or\u00e7amento da C\u00e2mara avaliam projetos Nesta sexta-feira, as Comiss\u00f5es de Legisla\u00e7\u00e3o, Justi\u00e7a e Reda\u00e7\u00e3o, Finan\u00e7as e Or\u00e7amento da C\u00e2mara Municipal de Franca se reuniram para avaliar projetos de lei em\u2026","rel":"","context":"In &quot;Not\u00edcias de Franca-SP&quot;","block_context":{"text":"Not\u00edcias de Franca-SP","link":"https:\/\/noticiasribeiraopreto.com.br\/index.php\/category\/noticias-de-ribeirao-preto-sp-e-regiao-ismael-colosi\/noticias-franca-sp\/"},"img":{"alt_text":"","src":"https:\/\/i0.wp.com\/noticiasribeiraopreto.com.br\/wp-content\/uploads\/2025\/03\/reuniaodecomissoes-2.jpg?fit=930%2C558&ssl=1&resize=350%2C200","width":350,"height":200,"srcset":"https:\/\/i0.wp.com\/noticiasribeiraopreto.com.br\/wp-content\/uploads\/2025\/03\/reuniaodecomissoes-2.jpg?fit=930%2C558&ssl=1&resize=350%2C200 1x, https:\/\/i0.wp.com\/noticiasribeiraopreto.com.br\/wp-content\/uploads\/2025\/03\/reuniaodecomissoes-2.jpg?fit=930%2C558&ssl=1&resize=525%2C300 1.5x, https:\/\/i0.wp.com\/noticiasribeiraopreto.com.br\/wp-content\/uploads\/2025\/03\/reuniaodecomissoes-2.jpg?fit=930%2C558&ssl=1&resize=700%2C400 2x"},"classes":[]},{"id":65713,"url":"https:\/\/noticiasribeiraopreto.com.br\/index.php\/2025\/03\/23\/jornal-da-franca-revisao-salarial-de-servidores-e-botao-do-panico-avancam-nas-comissoes-da-camara-2\/","url_meta":{"origin":59787,"position":5},"title":"Jornal da Franca &#8211; Revis\u00e3o salarial de servidores e &#8220;Bot\u00e3o do P\u00e2nico&#8221; avan\u00e7am nas Comiss\u00f5es da C\u00e2mara\u00a0","author":"noticiasribeiraopreto.com.br","date":"23 de March de 2025","format":false,"excerpt":"compartilhar no whatsapp compartilhar no telegram compartilhar no facebook compartilhar no linkedin Comiss\u00f5es de Legisla\u00e7\u00e3o, Justi\u00e7a e Reda\u00e7\u00e3o e Finan\u00e7as e Or\u00e7amento avaliam projetos de lei Nesta sexta-feira, as Comiss\u00f5es de Legisla\u00e7\u00e3o, Justi\u00e7a e Reda\u00e7\u00e3o, Finan\u00e7as e Or\u00e7amento da C\u00e2mara Municipal de Franca se reuniram para avaliar projetos de lei\u2026","rel":"","context":"In &quot;Not\u00edcias de Franca-SP&quot;","block_context":{"text":"Not\u00edcias de Franca-SP","link":"https:\/\/noticiasribeiraopreto.com.br\/index.php\/category\/noticias-de-ribeirao-preto-sp-e-regiao-ismael-colosi\/noticias-franca-sp\/"},"img":{"alt_text":"","src":"https:\/\/i0.wp.com\/noticiasribeiraopreto.com.br\/wp-content\/uploads\/2025\/03\/1742750870_pLENARIO-2.jpg?fit=930%2C558&ssl=1&resize=350%2C200","width":350,"height":200,"srcset":"https:\/\/i0.wp.com\/noticiasribeiraopreto.com.br\/wp-content\/uploads\/2025\/03\/1742750870_pLENARIO-2.jpg?fit=930%2C558&ssl=1&resize=350%2C200 1x, https:\/\/i0.wp.com\/noticiasribeiraopreto.com.br\/wp-content\/uploads\/2025\/03\/1742750870_pLENARIO-2.jpg?fit=930%2C558&ssl=1&resize=525%2C300 1.5x, https:\/\/i0.wp.com\/noticiasribeiraopreto.com.br\/wp-content\/uploads\/2025\/03\/1742750870_pLENARIO-2.jpg?fit=930%2C558&ssl=1&resize=700%2C400 2x"},"classes":[]}],"jetpack_sharing_enabled":true,"jetpack_shortlink":"https:\/\/wp.me\/peQAOb-fyj","_links":{"self":[{"href":"https:\/\/noticiasribeiraopreto.com.br\/index.php\/wp-json\/wp\/v2\/posts\/59787","targetHints":{"allow":["GET"]}}],"collection":[{"href":"https:\/\/noticiasribeiraopreto.com.br\/index.php\/wp-json\/wp\/v2\/posts"}],"about":[{"href":"https:\/\/noticiasribeiraopreto.com.br\/index.php\/wp-json\/wp\/v2\/types\/post"}],"author":[{"embeddable":true,"href":"https:\/\/noticiasribeiraopreto.com.br\/index.php\/wp-json\/wp\/v2\/users\/1"}],"replies":[{"embeddable":true,"href":"https:\/\/noticiasribeiraopreto.com.br\/index.php\/wp-json\/wp\/v2\/comments?post=59787"}],"version-history":[{"count":0,"href":"https:\/\/noticiasribeiraopreto.com.br\/index.php\/wp-json\/wp\/v2\/posts\/59787\/revisions"}],"wp:featuredmedia":[{"embeddable":true,"href":"https:\/\/noticiasribeiraopreto.com.br\/index.php\/wp-json\/wp\/v2\/media\/59788"}],"wp:attachment":[{"href":"https:\/\/noticiasribeiraopreto.com.br\/index.php\/wp-json\/wp\/v2\/media?parent=59787"}],"wp:term":[{"taxonomy":"category","embeddable":true,"href":"https:\/\/noticiasribeiraopreto.com.br\/index.php\/wp-json\/wp\/v2\/categories?post=59787"},{"taxonomy":"post_tag","embeddable":true,"href":"https:\/\/noticiasribeiraopreto.com.br\/index.php\/wp-json\/wp\/v2\/tags?post=59787"}],"curies":[{"name":"wp","href":"https:\/\/api.w.org\/{rel}","templated":true}]}}