{"id":59896,"date":"2024-11-01T07:51:44","date_gmt":"2024-11-01T10:51:44","guid":{"rendered":"https:\/\/noticiasribeiraopreto.com.br\/index.php\/2024\/11\/01\/rp-mobi-inicia-fiscalizacao-nos-novos-corredores-de-onibus-em-ribeirao-preto\/"},"modified":"2024-11-01T07:51:44","modified_gmt":"2024-11-01T10:51:44","slug":"rp-mobi-inicia-fiscalizacao-nos-novos-corredores-de-onibus-em-ribeirao-preto","status":"publish","type":"post","link":"https:\/\/noticiasribeiraopreto.com.br\/index.php\/2024\/11\/01\/rp-mobi-inicia-fiscalizacao-nos-novos-corredores-de-onibus-em-ribeirao-preto\/","title":{"rendered":"RP Mobi Inicia Fiscaliza\u00e7\u00e3o nos Novos Corredores de \u00d4nibus em Ribeir\u00e3o Preto"},"content":{"rendered":"<div class='code-block code-block-1' style='margin: 8px 0 8px auto; text-align: right; display: block; clear: both;'>\n<p><a href=\"https:\/\/wa.link\/vpicfd\"><img data-recalc-dims=\"1\" class=\"wp-image-4922\" style=\"aspect-ratio: 2.0253164556962027; width: 561px; height: auto;\" src=\"https:\/\/i0.wp.com\/ismaelcolosi.com.br\/wp-content\/uploads\/2023\/11\/grupo-de-empregos-whatsapp-e-facebook-ismael-colosi-vagas.jpg?ssl=1\" alt=\"\" \/><\/a><\/p>\n<!-- \/wp:image -->\n<\/div>\n<p> <br \/>\n<\/p>\n<div>\n<p>O programa RP Mobi, respons\u00e1vel por implementar melhorias na mobilidade urbana de Ribeir\u00e3o Preto, iniciou uma nova etapa de fiscaliza\u00e7\u00e3o nos rec\u00e9m-inaugurados corredores de \u00f4nibus. O objetivo \u00e9 assegurar que as vias exclusivas para o transporte coletivo sejam respeitadas, promovendo maior agilidade e seguran\u00e7a para os usu\u00e1rios e condutores de \u00f4nibus. A fiscaliza\u00e7\u00e3o visa coibir o uso indevido desses corredores por ve\u00edculos particulares, uma pr\u00e1tica que, al\u00e9m de comprometer o tempo de viagem dos passageiros, contribui para o aumento do tr\u00e2nsito nas vias comuns.<\/p>\n<p>Esses corredores de \u00f4nibus, implementados em locais estrat\u00e9gicos da cidade, foram planejados para reduzir o tempo de deslocamento dos usu\u00e1rios do transporte p\u00fablico e melhorar a efici\u00eancia do sistema. A cria\u00e7\u00e3o de faixas exclusivas busca beneficiar diretamente os milhares de passageiros que dependem diariamente dos \u00f4nibus, garantindo maior previsibilidade no tempo de viagem. A fiscaliza\u00e7\u00e3o, realizada em parceria com \u00f3rg\u00e3os de tr\u00e2nsito, inclui a aplica\u00e7\u00e3o de multas para motoristas infratores e visa fortalecer a consci\u00eancia sobre o uso correto das vias.<\/p>\n<h3>Estrat\u00e9gias de Fiscaliza\u00e7\u00e3o e Penalidades<\/h3>\n<p>O programa RP Mobi informou que a fiscaliza\u00e7\u00e3o ser\u00e1 realizada por meio de equipes de agentes de tr\u00e2nsito e c\u00e2meras de monitoramento instaladas ao longo dos corredores. Esses equipamentos permitem identificar de forma r\u00e1pida e eficiente os motoristas que invadem as faixas exclusivas. A opera\u00e7\u00e3o ser\u00e1 intensificada nos hor\u00e1rios de pico, quando o fluxo de ve\u00edculos \u00e9 maior e as infra\u00e7\u00f5es tendem a ser mais frequentes.<\/p>\n<p>De acordo com o C\u00f3digo de Tr\u00e2nsito Brasileiro (CTB), o uso indevido das faixas exclusivas para \u00f4nibus \u00e9 considerado uma infra\u00e7\u00e3o de tr\u00e2nsito. Os motoristas flagrados ocupando essas vias est\u00e3o sujeitos a multas e \u00e0 perda de pontos na carteira de habilita\u00e7\u00e3o. A multa para quem invade corredores de \u00f4nibus \u00e9 classificada como grave, com o valor de R$ 195,23 e acr\u00e9scimo de cinco pontos na CNH do condutor.<\/p>\n<p>Al\u00e9m da aplica\u00e7\u00e3o de multas, a fiscaliza\u00e7\u00e3o tamb\u00e9m tem um car\u00e1ter educativo. A expectativa \u00e9 que, ao refor\u00e7ar a presen\u00e7a dos agentes e c\u00e2meras, o programa consiga sensibilizar os motoristas sobre a import\u00e2ncia de respeitar as faixas exclusivas, contribuindo para uma cultura de mobilidade mais organizada e eficiente.<\/p>\n<h3>Benef\u00edcios para a Mobilidade Urbana<\/h3>\n<p>A implementa\u00e7\u00e3o dos corredores de \u00f4nibus e a fiscaliza\u00e7\u00e3o em torno deles fazem parte de um conjunto de medidas adotadas pela prefeitura para transformar a mobilidade urbana de Ribeir\u00e3o Preto. A cria\u00e7\u00e3o dessas vias exclusivas \u00e9 uma resposta \u00e0s demandas por um transporte p\u00fablico mais r\u00e1pido e eficiente, alinhando-se \u00e0s pr\u00e1ticas de cidades de m\u00e9dio e grande porte que buscam priorizar o transporte coletivo.<\/p>\n<p>Estudos de mobilidade apontam que o uso de corredores exclusivos reduz em at\u00e9 30% o tempo de viagem nos trajetos urbanos. Isso significa que os passageiros podem chegar ao seu destino em menos tempo, aumentando a atratividade do transporte p\u00fablico e incentivando as pessoas a deixarem o carro em casa. Em um cen\u00e1rio de tr\u00e2nsito intenso e polui\u00e7\u00e3o, essa medida se torna essencial para promover um modelo de transporte mais sustent\u00e1vel e acess\u00edvel.<\/p>\n<p>A efici\u00eancia dos corredores de \u00f4nibus tamb\u00e9m impacta positivamente o tr\u00e1fego geral, uma vez que diminui a quantidade de ve\u00edculos circulando nas vias principais. Ao incentivar o uso do transporte coletivo, a prefeitura busca desafogar o tr\u00e2nsito e melhorar a experi\u00eancia de mobilidade para todos, inclusive para os motoristas de ve\u00edculos particulares.<\/p>\n<h3>Desafios e Perspectivas para o Futuro<\/h3>\n<p>A fiscaliza\u00e7\u00e3o dos corredores de \u00f4nibus \u00e9 uma iniciativa recente e, como tal, enfrenta desafios iniciais, como a adapta\u00e7\u00e3o dos motoristas e a necessidade de conscientiza\u00e7\u00e3o. Muitos condutores ainda n\u00e3o est\u00e3o familiarizados com as novas regras e, por vezes, ocupam as faixas exclusivas de maneira n\u00e3o intencional. Nesse sentido, o RP Mobi est\u00e1 desenvolvendo campanhas educativas para orientar a popula\u00e7\u00e3o sobre a import\u00e2ncia e o funcionamento das faixas exclusivas.<\/p>\n<p>As campanhas incluem a\u00e7\u00f5es nas redes sociais, panfletagem e instala\u00e7\u00e3o de sinaliza\u00e7\u00e3o clara nos corredores, al\u00e9m de parcerias com escolas e empresas para promover a conscientiza\u00e7\u00e3o sobre a mobilidade urbana. A ideia \u00e9 que, com o tempo, os motoristas estejam mais atentos \u00e0s regras e respeitem as faixas de \u00f4nibus, contribuindo para a organiza\u00e7\u00e3o do tr\u00e2nsito e para a efici\u00eancia do transporte coletivo.<\/p>\n<p>O programa RP Mobi tamb\u00e9m tem planos para expandir o n\u00famero de corredores de \u00f4nibus em Ribeir\u00e3o Preto, visando ampliar o alcance do transporte p\u00fablico em \u00e1reas de grande movimenta\u00e7\u00e3o e melhorar ainda mais o fluxo de ve\u00edculos na cidade. Essa expans\u00e3o \u00e9 vista como um passo essencial para consolidar a infraestrutura de mobilidade e garantir que o transporte coletivo seja uma alternativa vi\u00e1vel e competitiva em rela\u00e7\u00e3o ao uso do carro.<\/p>\n<h3>Rea\u00e7\u00f5es da Popula\u00e7\u00e3o e Ades\u00e3o ao Transporte P\u00fablico<\/h3>\n<p>A popula\u00e7\u00e3o de Ribeir\u00e3o Preto tem demonstrado apoio \u00e0s medidas de fiscaliza\u00e7\u00e3o, especialmente entre aqueles que utilizam o transporte p\u00fablico diariamente. Passageiros relatam uma melhoria no tempo de viagem e uma experi\u00eancia mais confort\u00e1vel no deslocamento pela cidade. \u201cCom os corredores exclusivos, a gente sente que o \u00f4nibus chega mais r\u00e1pido e n\u00e3o fica parado no tr\u00e2nsito como antes,\u201d comenta Juliana Souza, moradora da zona sul e usu\u00e1ria do sistema.<\/p>\n<p>No entanto, ainda h\u00e1 desafios em atrair novos usu\u00e1rios para o transporte coletivo. A prefeitura acredita que, ao melhorar a pontualidade e o conforto dos \u00f4nibus, a popula\u00e7\u00e3o passar\u00e1 a considerar o transporte p\u00fablico como uma alternativa vi\u00e1vel ao uso do carro. Al\u00e9m disso, a expans\u00e3o do n\u00famero de corredores e a intensifica\u00e7\u00e3o das fiscaliza\u00e7\u00f5es contribuem para fortalecer o sistema e oferecer um servi\u00e7o mais eficiente e confi\u00e1vel.<\/p>\n<p>Para muitos motoristas, a fiscaliza\u00e7\u00e3o representa uma mudan\u00e7a necess\u00e1ria para que o transporte p\u00fablico seja de fato priorizado. \u201cEssas faixas t\u00eam que ser respeitadas, porque todo mundo ganha com isso: quem usa \u00f4nibus chega mais r\u00e1pido e quem est\u00e1 de carro tamb\u00e9m enfrenta menos tr\u00e2nsito,\u201d observa Carlos Melo, motorista particular que utiliza as vias centrais de Ribeir\u00e3o Preto.<\/p>\n<h3>RP Mobi e o Futuro da Mobilidade em Ribeir\u00e3o Preto<\/h3>\n<p>O programa RP Mobi \u00e9 um marco na busca por solu\u00e7\u00f5es inovadoras e pr\u00e1ticas para a mobilidade urbana de Ribeir\u00e3o Preto. Al\u00e9m dos corredores de \u00f4nibus, o programa j\u00e1 implantou iniciativas como o sistema de bicicletas compartilhadas e melhorias na sinaliza\u00e7\u00e3o e seguran\u00e7a das vias. A prefeitura pretende ainda lan\u00e7ar projetos de integra\u00e7\u00e3o entre diferentes modalidades de transporte, visando facilitar os deslocamentos e melhorar a qualidade de vida dos moradores.<\/p>\n<p>Com a fiscaliza\u00e7\u00e3o dos corredores de \u00f4nibus e os planos de expans\u00e3o das vias exclusivas, Ribeir\u00e3o Preto d\u00e1 passos importantes rumo a uma mobilidade mais sustent\u00e1vel e inclusiva. As a\u00e7\u00f5es do RP Mobi refor\u00e7am o compromisso do munic\u00edpio com um transporte p\u00fablico eficiente e com a constru\u00e7\u00e3o de uma cidade mais organizada e acess\u00edvel para todos. A continuidade desse trabalho depender\u00e1 do apoio da popula\u00e7\u00e3o e da ades\u00e3o de motoristas e passageiros \u00e0s pr\u00e1ticas de conviv\u00eancia no tr\u00e2nsito, um desafio que Ribeir\u00e3o Preto est\u00e1 disposta a enfrentar.<\/p>\n<p>&#13;<br \/>\n\t\t\t\t<span class=\"post-views-icon dashicons dashicons-chart-bar\"\/> <span class=\"post-views-label\">Visualiza\u00e7\u00f5es:<\/span> <span class=\"post-views-count\">3<\/span>&#13;\n\t\t\t<\/p>\n<\/p><\/div>\n<p><br \/>\n<br \/><a href=\"https:\/\/folhaderibeirao.com.br\/2024\/11\/01\/rp-mobi-inicia-fiscalizacao-nos-novos-corredores-de-onibus-em-ribeirao-preto\/\">Source link <\/a><\/p>\n<!-- CONTENT END 1 -->\n","protected":false},"excerpt":{"rendered":"<p>O programa RP Mobi, respons\u00e1vel por implementar melhorias na mobilidade urbana de Ribeir\u00e3o Preto, iniciou uma nova etapa de fiscaliza\u00e7\u00e3o nos rec\u00e9m-inaugurados corredores de \u00f4nibus&#8230;.<\/p>\n","protected":false},"author":1,"featured_media":59897,"comment_status":"open","ping_status":"open","sticky":false,"template":"","format":"standard","meta":{"advanced_seo_description":"","jetpack_seo_html_title":"","jetpack_seo_noindex":false,"jetpack_post_was_ever_published":false,"_jetpack_newsletter_access":"","_jetpack_dont_email_post_to_subs":false,"_jetpack_newsletter_tier_id":0,"_jetpack_memberships_contains_paywalled_content":false,"_jetpack_memberships_contains_paid_content":false,"footnotes":"","jetpack_publicize_message":"","jetpack_publicize_feature_enabled":true,"jetpack_social_post_already_shared":true,"jetpack_social_options":{"image_generator_settings":{"template":"highway","default_image_id":0,"font":"","enabled":false},"version":2}},"categories":[11],"tags":[1418,540,1951,40,896,520,335,27,26],"class_list":["post-59896","post","type-post","status-publish","format-standard","has-post-thumbnail","hentry","category-noticias-de-ribeirao-preto-sp-e-regiao-ismael-colosi","tag-corredores","tag-fiscalizacao","tag-inicia","tag-mobi","tag-nos","tag-novos","tag-onibus","tag-preto","tag-ribeirao"],"jetpack_publicize_connections":[],"jetpack_featured_media_url":"https:\/\/i0.wp.com\/noticiasribeiraopreto.com.br\/wp-content\/uploads\/2024\/11\/3_fiscalizacao_corredores_central_-_foto_fernando_gonzaga_6.jpeg?fit=1620%2C1080&ssl=1","jetpack-related-posts":[{"id":59226,"url":"https:\/\/noticiasribeiraopreto.com.br\/index.php\/2024\/10\/17\/corredor-de-onibus-central-e-inaugurado-em-ribeirao-veja-quando-comeca-a-fiscalizacao\/","url_meta":{"origin":59896,"position":0},"title":"Corredor de \u00f4nibus central \u00e9 inaugurado em Ribeir\u00e3o; Veja quando come\u00e7a a fiscaliza\u00e7\u00e3o","author":"noticiasribeiraopreto.com.br","date":"17 de October de 2024","format":false,"excerpt":"A Prefeitura de Ribeir\u00e3o Preto inaugurou nesta quinta-feira (17), os corredores de \u00f4nibus da regi\u00e3o central do munic\u00edpio. A fiscaliza\u00e7\u00e3o, no entanto, come\u00e7a no dia 1\u00ba de novembro de 2024, de acordo com a RP Mobi. Com sete quil\u00f4metros de extens\u00e3o, o corredor de \u00f4nibus central passa por diversas ruas\u2026","rel":"","context":"In &quot;Not\u00edcias de Ribeir\u00e3o Preto-SP e Regi\u00e3o&quot;","block_context":{"text":"Not\u00edcias de Ribeir\u00e3o Preto-SP e Regi\u00e3o","link":"https:\/\/noticiasribeiraopreto.com.br\/index.php\/category\/noticias-de-ribeirao-preto-sp-e-regiao-ismael-colosi\/"},"img":{"alt_text":"","src":"https:\/\/i0.wp.com\/noticiasribeiraopreto.com.br\/wp-content\/uploads\/2024\/10\/WhatsApp-Image-2024-10-17-at-15.21.41-2_2024-10-17_21-55-15_jpeg_2024-10-17_21-55-16-e1729202136692.webp.webp?fit=1200%2C792&ssl=1&resize=350%2C200","width":350,"height":200,"srcset":"https:\/\/i0.wp.com\/noticiasribeiraopreto.com.br\/wp-content\/uploads\/2024\/10\/WhatsApp-Image-2024-10-17-at-15.21.41-2_2024-10-17_21-55-15_jpeg_2024-10-17_21-55-16-e1729202136692.webp.webp?fit=1200%2C792&ssl=1&resize=350%2C200 1x, https:\/\/i0.wp.com\/noticiasribeiraopreto.com.br\/wp-content\/uploads\/2024\/10\/WhatsApp-Image-2024-10-17-at-15.21.41-2_2024-10-17_21-55-15_jpeg_2024-10-17_21-55-16-e1729202136692.webp.webp?fit=1200%2C792&ssl=1&resize=525%2C300 1.5x, https:\/\/i0.wp.com\/noticiasribeiraopreto.com.br\/wp-content\/uploads\/2024\/10\/WhatsApp-Image-2024-10-17-at-15.21.41-2_2024-10-17_21-55-15_jpeg_2024-10-17_21-55-16-e1729202136692.webp.webp?fit=1200%2C792&ssl=1&resize=700%2C400 2x, https:\/\/i0.wp.com\/noticiasribeiraopreto.com.br\/wp-content\/uploads\/2024\/10\/WhatsApp-Image-2024-10-17-at-15.21.41-2_2024-10-17_21-55-15_jpeg_2024-10-17_21-55-16-e1729202136692.webp.webp?fit=1200%2C792&ssl=1&resize=1050%2C600 3x"},"classes":[]},{"id":62706,"url":"https:\/\/noticiasribeiraopreto.com.br\/index.php\/2025\/01\/22\/rp-mobi-comeca-fiscalizacao-das-vagas-da-area-azul-na-avenida-dom-pedro-i\/","url_meta":{"origin":59896,"position":1},"title":"RP Mobi come\u00e7a fiscaliza\u00e7\u00e3o das vagas da \u00c1rea Azul na avenida Dom Pedro I","author":"noticiasribeiraopreto.com.br","date":"22 de January de 2025","format":false,"excerpt":"A RP Mobi come\u00e7ou nesta quarta-feira (22) a fiscaliza\u00e7\u00e3o das vagas de estacionamento da \u00c1rea Azul na avenida Dom Pedro I, em Ribeir\u00e3o Preto. O estacionamento rotativo foi liberado no trecho entre as ruas Par\u00e1 e Japur\u00e1. O retorno do estacionamento rotativo foi liberado pelo decreto 1\/2025, assinado pelo prefeito\u2026","rel":"","context":"In &quot;Not\u00edcias de Ribeir\u00e3o Preto-SP e Regi\u00e3o&quot;","block_context":{"text":"Not\u00edcias de Ribeir\u00e3o Preto-SP e Regi\u00e3o","link":"https:\/\/noticiasribeiraopreto.com.br\/index.php\/category\/noticias-de-ribeirao-preto-sp-e-regiao-ismael-colosi\/"},"img":{"alt_text":"","src":"https:\/\/i0.wp.com\/noticiasribeiraopreto.com.br\/wp-content\/uploads\/2025\/01\/estacionamento-dom-pedro_2025-01-22_14-03-16_jpg_2025-01-22_14-03-16.webp.webp?fit=1200%2C702&ssl=1&resize=350%2C200","width":350,"height":200,"srcset":"https:\/\/i0.wp.com\/noticiasribeiraopreto.com.br\/wp-content\/uploads\/2025\/01\/estacionamento-dom-pedro_2025-01-22_14-03-16_jpg_2025-01-22_14-03-16.webp.webp?fit=1200%2C702&ssl=1&resize=350%2C200 1x, https:\/\/i0.wp.com\/noticiasribeiraopreto.com.br\/wp-content\/uploads\/2025\/01\/estacionamento-dom-pedro_2025-01-22_14-03-16_jpg_2025-01-22_14-03-16.webp.webp?fit=1200%2C702&ssl=1&resize=525%2C300 1.5x, https:\/\/i0.wp.com\/noticiasribeiraopreto.com.br\/wp-content\/uploads\/2025\/01\/estacionamento-dom-pedro_2025-01-22_14-03-16_jpg_2025-01-22_14-03-16.webp.webp?fit=1200%2C702&ssl=1&resize=700%2C400 2x, https:\/\/i0.wp.com\/noticiasribeiraopreto.com.br\/wp-content\/uploads\/2025\/01\/estacionamento-dom-pedro_2025-01-22_14-03-16_jpg_2025-01-22_14-03-16.webp.webp?fit=1200%2C702&ssl=1&resize=1050%2C600 3x"},"classes":[]},{"id":59872,"url":"https:\/\/noticiasribeiraopreto.com.br\/index.php\/2024\/10\/31\/fiscalizacao-nos-novos-corredores-de-onibus-comeca-nesta-semana-em-ribeirao\/","url_meta":{"origin":59896,"position":2},"title":"Fiscaliza\u00e7\u00e3o nos novos corredores de \u00f4nibus come\u00e7a nesta semana em Ribeir\u00e3o","author":"noticiasribeiraopreto.com.br","date":"31 de October de 2024","format":false,"excerpt":"A partir desta sexta-feira (1\u00ba de novembro), a RP Mobi come\u00e7a a fiscalizar as novas faixas exclusivas e preferenciais nos trechos dos rec\u00e9m-inaugurados corredores de \u00f4nibus em Ribeir\u00e3o Preto. De acordo com a empresa que ger\u00eancia o tr\u00e2nsito do munic\u00edpio, as novas regras passam a valer nos corredores de \u00f4nibus\u2026","rel":"","context":"In &quot;Not\u00edcias de Ribeir\u00e3o Preto-SP e Regi\u00e3o&quot;","block_context":{"text":"Not\u00edcias de Ribeir\u00e3o Preto-SP e Regi\u00e3o","link":"https:\/\/noticiasribeiraopreto.com.br\/index.php\/category\/noticias-de-ribeirao-preto-sp-e-regiao-ismael-colosi\/"},"img":{"alt_text":"","src":"https:\/\/i0.wp.com\/noticiasribeiraopreto.com.br\/wp-content\/uploads\/2024\/10\/WhatsApp-Image-2024-10-17-at-15.21.39-1_2024-10-17_21-53-49_jpeg_2024-10-17_21-53-50.webp.webp?fit=1200%2C800&ssl=1&resize=350%2C200","width":350,"height":200,"srcset":"https:\/\/i0.wp.com\/noticiasribeiraopreto.com.br\/wp-content\/uploads\/2024\/10\/WhatsApp-Image-2024-10-17-at-15.21.39-1_2024-10-17_21-53-49_jpeg_2024-10-17_21-53-50.webp.webp?fit=1200%2C800&ssl=1&resize=350%2C200 1x, https:\/\/i0.wp.com\/noticiasribeiraopreto.com.br\/wp-content\/uploads\/2024\/10\/WhatsApp-Image-2024-10-17-at-15.21.39-1_2024-10-17_21-53-49_jpeg_2024-10-17_21-53-50.webp.webp?fit=1200%2C800&ssl=1&resize=525%2C300 1.5x, https:\/\/i0.wp.com\/noticiasribeiraopreto.com.br\/wp-content\/uploads\/2024\/10\/WhatsApp-Image-2024-10-17-at-15.21.39-1_2024-10-17_21-53-49_jpeg_2024-10-17_21-53-50.webp.webp?fit=1200%2C800&ssl=1&resize=700%2C400 2x, https:\/\/i0.wp.com\/noticiasribeiraopreto.com.br\/wp-content\/uploads\/2024\/10\/WhatsApp-Image-2024-10-17-at-15.21.39-1_2024-10-17_21-53-49_jpeg_2024-10-17_21-53-50.webp.webp?fit=1200%2C800&ssl=1&resize=1050%2C600 3x"},"classes":[]},{"id":59179,"url":"https:\/\/noticiasribeiraopreto.com.br\/index.php\/2024\/10\/16\/veja-quando-o-corredor-de-onibus-central-sera-inaugurado-em-ribeirao-preto-2\/","url_meta":{"origin":59896,"position":3},"title":"Veja quando o corredor de \u00f4nibus central ser\u00e1 inaugurado em Ribeir\u00e3o Preto","author":"noticiasribeiraopreto.com.br","date":"16 de October de 2024","format":false,"excerpt":"A Prefeitura de Ribeir\u00e3o Preto informou que a inaugura\u00e7\u00e3o dos corredores de \u00f4nibus na regi\u00e3o Central do munic\u00edpio ser\u00e1 nesta quinta-feira (17), \u00e0s 10h. A conclus\u00e3o das obras deveria ter acontecido em maio, contudo, a Administra\u00e7\u00e3o prorrogou o prazo em abril. A solenidade vai acontecer na pra\u00e7a das Bandeiras, localizada\u2026","rel":"","context":"In &quot;Not\u00edcias de Ribeir\u00e3o Preto-SP e Regi\u00e3o&quot;","block_context":{"text":"Not\u00edcias de Ribeir\u00e3o Preto-SP e Regi\u00e3o","link":"https:\/\/noticiasribeiraopreto.com.br\/index.php\/category\/noticias-de-ribeirao-preto-sp-e-regiao-ismael-colosi\/"},"img":{"alt_text":"","src":"https:\/\/i0.wp.com\/noticiasribeiraopreto.com.br\/wp-content\/uploads\/2024\/10\/1729107245_novos-onibus-ribeirao-preto.jpg?fit=1200%2C800&ssl=1&resize=350%2C200","width":350,"height":200,"srcset":"https:\/\/i0.wp.com\/noticiasribeiraopreto.com.br\/wp-content\/uploads\/2024\/10\/1729107245_novos-onibus-ribeirao-preto.jpg?fit=1200%2C800&ssl=1&resize=350%2C200 1x, https:\/\/i0.wp.com\/noticiasribeiraopreto.com.br\/wp-content\/uploads\/2024\/10\/1729107245_novos-onibus-ribeirao-preto.jpg?fit=1200%2C800&ssl=1&resize=525%2C300 1.5x, https:\/\/i0.wp.com\/noticiasribeiraopreto.com.br\/wp-content\/uploads\/2024\/10\/1729107245_novos-onibus-ribeirao-preto.jpg?fit=1200%2C800&ssl=1&resize=700%2C400 2x, https:\/\/i0.wp.com\/noticiasribeiraopreto.com.br\/wp-content\/uploads\/2024\/10\/1729107245_novos-onibus-ribeirao-preto.jpg?fit=1200%2C800&ssl=1&resize=1050%2C600 3x"},"classes":[]},{"id":59041,"url":"https:\/\/noticiasribeiraopreto.com.br\/index.php\/2024\/10\/12\/saiba-quando-comecam-as-multas-em-novos-corredores-de-onibus-de-ribeirao-preto\/","url_meta":{"origin":59896,"position":4},"title":"Saiba quando come\u00e7am as multas em novos corredores de \u00f4nibus de Ribeir\u00e3o Preto","author":"noticiasribeiraopreto.com.br","date":"12 de October de 2024","format":false,"excerpt":"Os novos corredores de \u00f4nibus das avenidas Castelo Branco e Treze de Maio, em Ribeir\u00e3o Preto, foram inaugurados na \u00faltima quinta-feira (10). Segundo a RP Mobi, as faixas dos corredores de \u00f4nibus s\u00e3o preferenciais, com proibi\u00e7\u00e3o para estacionamento ao longo do percurso. Segundo a empresa respons\u00e1vel pelo gerenciamento do tr\u00e2nsito,\u2026","rel":"","context":"In &quot;Not\u00edcias de Ribeir\u00e3o Preto-SP e Regi\u00e3o&quot;","block_context":{"text":"Not\u00edcias de Ribeir\u00e3o Preto-SP e Regi\u00e3o","link":"https:\/\/noticiasribeiraopreto.com.br\/index.php\/category\/noticias-de-ribeirao-preto-sp-e-regiao-ismael-colosi\/"},"img":{"alt_text":"","src":"https:\/\/i0.wp.com\/noticiasribeiraopreto.com.br\/wp-content\/uploads\/2024\/10\/corredor-de-onibus-2_2024-10-12_16-43-31_jpg_2024-10-12_16-43-32.webp.webp?fit=901%2C697&ssl=1&resize=350%2C200","width":350,"height":200,"srcset":"https:\/\/i0.wp.com\/noticiasribeiraopreto.com.br\/wp-content\/uploads\/2024\/10\/corredor-de-onibus-2_2024-10-12_16-43-31_jpg_2024-10-12_16-43-32.webp.webp?fit=901%2C697&ssl=1&resize=350%2C200 1x, https:\/\/i0.wp.com\/noticiasribeiraopreto.com.br\/wp-content\/uploads\/2024\/10\/corredor-de-onibus-2_2024-10-12_16-43-31_jpg_2024-10-12_16-43-32.webp.webp?fit=901%2C697&ssl=1&resize=525%2C300 1.5x, https:\/\/i0.wp.com\/noticiasribeiraopreto.com.br\/wp-content\/uploads\/2024\/10\/corredor-de-onibus-2_2024-10-12_16-43-31_jpg_2024-10-12_16-43-32.webp.webp?fit=901%2C697&ssl=1&resize=700%2C400 2x"},"classes":[]},{"id":60083,"url":"https:\/\/noticiasribeiraopreto.com.br\/index.php\/2024\/11\/05\/prefeitura-de-ribeirao-estuda-flexibilizar-estacionamento-no-centro-entenda\/","url_meta":{"origin":59896,"position":5},"title":"Prefeitura de Ribeir\u00e3o estuda flexibilizar estacionamento no Centro; Entenda","author":"noticiasribeiraopreto.com.br","date":"5 de November de 2024","format":false,"excerpt":"A Prefeitura de Ribeir\u00e3o Preto informou, nesta ter\u00e7a-feira (5), que estuda flexibilizar o estacionamento de ve\u00edculos na regi\u00e3o central do munic\u00edpio durante o per\u00edodo de festas. Na \u00faltima sexta-feira (1\u00ba), a RP Mobi come\u00e7ou a fiscaliza\u00e7\u00e3o dos novos corredores de \u00f4nibus. O atual prefeito de Ribeir\u00e3o Preto, Duarte Nogueira, e\u2026","rel":"","context":"In &quot;Not\u00edcias de Ribeir\u00e3o Preto-SP e Regi\u00e3o&quot;","block_context":{"text":"Not\u00edcias de Ribeir\u00e3o Preto-SP e Regi\u00e3o","link":"https:\/\/noticiasribeiraopreto.com.br\/index.php\/category\/noticias-de-ribeirao-preto-sp-e-regiao-ismael-colosi\/"},"img":{"alt_text":"","src":"https:\/\/i0.wp.com\/noticiasribeiraopreto.com.br\/wp-content\/uploads\/2024\/10\/WhatsApp-Image-2024-10-17-at-15.21.39-1_2024-10-17_21-53-49_jpeg_2024-10-17_21-53-50.webp.webp?fit=1200%2C800&ssl=1&resize=350%2C200","width":350,"height":200,"srcset":"https:\/\/i0.wp.com\/noticiasribeiraopreto.com.br\/wp-content\/uploads\/2024\/10\/WhatsApp-Image-2024-10-17-at-15.21.39-1_2024-10-17_21-53-49_jpeg_2024-10-17_21-53-50.webp.webp?fit=1200%2C800&ssl=1&resize=350%2C200 1x, https:\/\/i0.wp.com\/noticiasribeiraopreto.com.br\/wp-content\/uploads\/2024\/10\/WhatsApp-Image-2024-10-17-at-15.21.39-1_2024-10-17_21-53-49_jpeg_2024-10-17_21-53-50.webp.webp?fit=1200%2C800&ssl=1&resize=525%2C300 1.5x, https:\/\/i0.wp.com\/noticiasribeiraopreto.com.br\/wp-content\/uploads\/2024\/10\/WhatsApp-Image-2024-10-17-at-15.21.39-1_2024-10-17_21-53-49_jpeg_2024-10-17_21-53-50.webp.webp?fit=1200%2C800&ssl=1&resize=700%2C400 2x, https:\/\/i0.wp.com\/noticiasribeiraopreto.com.br\/wp-content\/uploads\/2024\/10\/WhatsApp-Image-2024-10-17-at-15.21.39-1_2024-10-17_21-53-49_jpeg_2024-10-17_21-53-50.webp.webp?fit=1200%2C800&ssl=1&resize=1050%2C600 3x"},"classes":[]}],"jetpack_sharing_enabled":true,"jetpack_shortlink":"https:\/\/wp.me\/peQAOb-fA4","_links":{"self":[{"href":"https:\/\/noticiasribeiraopreto.com.br\/index.php\/wp-json\/wp\/v2\/posts\/59896","targetHints":{"allow":["GET"]}}],"collection":[{"href":"https:\/\/noticiasribeiraopreto.com.br\/index.php\/wp-json\/wp\/v2\/posts"}],"about":[{"href":"https:\/\/noticiasribeiraopreto.com.br\/index.php\/wp-json\/wp\/v2\/types\/post"}],"author":[{"embeddable":true,"href":"https:\/\/noticiasribeiraopreto.com.br\/index.php\/wp-json\/wp\/v2\/users\/1"}],"replies":[{"embeddable":true,"href":"https:\/\/noticiasribeiraopreto.com.br\/index.php\/wp-json\/wp\/v2\/comments?post=59896"}],"version-history":[{"count":0,"href":"https:\/\/noticiasribeiraopreto.com.br\/index.php\/wp-json\/wp\/v2\/posts\/59896\/revisions"}],"wp:featuredmedia":[{"embeddable":true,"href":"https:\/\/noticiasribeiraopreto.com.br\/index.php\/wp-json\/wp\/v2\/media\/59897"}],"wp:attachment":[{"href":"https:\/\/noticiasribeiraopreto.com.br\/index.php\/wp-json\/wp\/v2\/media?parent=59896"}],"wp:term":[{"taxonomy":"category","embeddable":true,"href":"https:\/\/noticiasribeiraopreto.com.br\/index.php\/wp-json\/wp\/v2\/categories?post=59896"},{"taxonomy":"post_tag","embeddable":true,"href":"https:\/\/noticiasribeiraopreto.com.br\/index.php\/wp-json\/wp\/v2\/tags?post=59896"}],"curies":[{"name":"wp","href":"https:\/\/api.w.org\/{rel}","templated":true}]}}