{"id":59963,"date":"2024-11-02T17:25:55","date_gmt":"2024-11-02T20:25:55","guid":{"rendered":"https:\/\/noticiasribeiraopreto.com.br\/index.php\/2024\/11\/02\/ribeirao-preto-aparece-em-lista-de-cidades-com-mais-ofertas-de-servicos-confira\/"},"modified":"2024-11-02T17:25:55","modified_gmt":"2024-11-02T20:25:55","slug":"ribeirao-preto-aparece-em-lista-de-cidades-com-mais-ofertas-de-servicos-confira","status":"publish","type":"post","link":"https:\/\/noticiasribeiraopreto.com.br\/index.php\/2024\/11\/02\/ribeirao-preto-aparece-em-lista-de-cidades-com-mais-ofertas-de-servicos-confira\/","title":{"rendered":"Ribeir\u00e3o Preto aparece em lista de cidades com mais ofertas de servi\u00e7os;\u00a0Confira"},"content":{"rendered":"<p> <br \/>\n<\/p>\n<div data-td-block-uid=\"tdi_106\">\n<div class=\"tdb-block-inner td-fix-index\">\n<p><strong>As cidades de Ribeir\u00e3o Preto e Franca<\/strong> est\u00e3o entre <strong>as 100 maiores cidades do Brasil na quest\u00e3o de oferta de servi\u00e7os p\u00fablicos<\/strong>. De acordo com estudo da Macroplan, <strong>Franca aparece em segundo lugar enquanto Ribeir\u00e3o Preto ocupa a 13\u00ba coloca\u00e7\u00e3o. <\/strong><\/p>\n<p>A lista \u00e9 feita baseada no <strong>\u00cdndice de Desafios da Gest\u00e3o Municipal (IDGM)<\/strong>, que compara as 100 maiores cidades do Brasil \u2013 todas com popula\u00e7\u00e3o acima de 273.500 \u2013 <strong>analisando 15 indicadores nas \u00e1reas de educa\u00e7\u00e3o, sa\u00fade, seguran\u00e7a e saneamento.\u00a0<\/strong><\/p>\n<h4 class=\"wp-block-heading\"><strong>Educa\u00e7\u00e3o<\/strong><\/h4>\n<ul>\n<li><strong>Franca <\/strong>alcan\u00e7ou<strong> 7,0 pontos<\/strong> no \u00cdndice de Desenvolvimento da Educa\u00e7\u00e3o B\u00e1sica (Ideb) do Ensino Fundamental I na rede p\u00fablica em 2023, nota maior que a m\u00e9dia dos 100 maiores munic\u00edpios do pa\u00eds analisados. <\/li>\n<\/ul>\n<ul>\n<li><strong>Ribeir\u00e3o Preto <\/strong>conquistou<strong> 5,9 pontos<\/strong> no \u00cdndice de Desenvolvimento da Educa\u00e7\u00e3o B\u00e1sica (Ideb) do Ensino Fundamental I na rede p\u00fablica em 2023, nota maior que a m\u00e9dia dos 100 maiores munic\u00edpios do pa\u00eds analisados.<\/li>\n<\/ul>\n<h4 class=\"wp-block-heading\"><strong>Sa\u00fade <\/strong><\/h4>\n<ul>\n<li>A <strong>taxa de mortalidade infantil em Franca<\/strong> foi igual a 7,1 por mil nascidos vivos em 2022, menor que a m\u00e9dia dos 100 maiores munic\u00edpios do pa\u00eds. Essa foi a 4\u00aa menor taxa de mortalidade infantil nesse \u00faltimo ano. Entre 2010 e 2022, a taxa de mortalidade caiu 36,0% no munic\u00edpio.<\/li>\n<li><strong>A taxa de mortalidade infantil em Ribeir\u00e3o Preto<\/strong> foi igual a 9,7 por mil nascidos vivos em 2022, menor que a m\u00e9dia dos 100 maiores munic\u00edpios do pa\u00eds. Essa foi a 15\u00aa menor taxa de mortalidade infantil nesse \u00faltimo ano. Entre 2010 e 2022, a taxa de mortalidade cresceu 1,0% no munic\u00edpio.<\/li>\n<\/ul>\n<h4 class=\"wp-block-heading\"><strong>Seguran\u00e7a<\/strong><\/h4>\n<ul>\n<li>A <strong>taxa de homic\u00eddios em Franca<\/strong> variou de 5,3 para 6,5 por 100 mil habitantes entre 2010 e 2022. Nesse \u00faltimo ano, a cidade apresentou uma taxa menor que a m\u00e9dia dos 100 maiores munic\u00edpios do Brasil, ocupando a 9\u00aa melhor posi\u00e7\u00e3o no ranking.<\/li>\n<li><strong>A taxa de homic\u00eddios em Ribeir\u00e3o Preto<\/strong> variou de 10,7 para 10,0 por 100 mil habitantes entre 2010 e 2022. Nesse \u00faltimo ano, a cidade apresentou uma taxa menor que a m\u00e9dia dos 100 maiores munic\u00edpios do Brasil, ocupando a 32\u00aa melhor posi\u00e7\u00e3o no ranking. O n\u00famero de homic\u00eddios em Ribeir\u00e3o Preto passou de 65, em 2010, para 70, em 2022, uma varia\u00e7\u00e3o de 7,7% no per\u00edodo.<\/li>\n<\/ul>\n<h4 class=\"wp-block-heading\"><strong>Saneamento<\/strong><\/h4>\n<ul>\n<li><strong>Estima-se que 98,2% da popula\u00e7\u00e3o de Franca tenha sido atendida por servi\u00e7o de coleta de res\u00edduos domiciliares em 2022<\/strong>, percentual menor que a m\u00e9dia dos 100 maiores munic\u00edpios do Brasil analisados nesse ano. Esse resultado colocou a cidade na 69\u00aa melhor cobertura entre as analisadas.<\/li>\n<li><strong>Estima-se que 100,0% da popula\u00e7\u00e3o de Ribeir\u00e3o Preto tenha sido atendida por servi\u00e7o de coleta de res\u00edduos domiciliares em 2022<\/strong>, percentual maior que a m\u00e9dia dos 100 maiores munic\u00edpios do Brasil analisados nesse ano. Esse resultado colocou a cidade na 1\u00aa melhor cobertura entre as analisadas. O munic\u00edpio ocupava a 1\u00aa posi\u00e7\u00e3o em 2010, com uma taxa de cobertura igual a 100,0%.<\/li>\n<\/ul>\n<p>Confira a <a href=\"https:\/\/www.desafiosdosmunicipios.com.br\/ranking_geral.php\" target=\"_blank\" rel=\"noreferrer noopener nofollow\">lista completa aqui<\/a>.<\/p>\n<p>________________________________________________________________________________<\/p>\n<p>SAIBA MAIS<\/p>\n<p>Saiba a situa\u00e7\u00e3o das obras na Nove de Julho em Ribeir\u00e3o Preto<\/p>\n<h4 class=\"wp-block-heading\"><strong>FIQUE ON<\/strong><\/h4>\n<p>Fique ligado em tudo que acontece em Ribeir\u00e3o Preto e regi\u00e3o. Siga os perfis do<strong>\u00a0acidade on<\/strong>\u00a0no\u00a0<a href=\"https:\/\/www.instagram.com\/acidadeonribeirao\" target=\"_blank\" rel=\"noreferrer noopener\">Instagram\u00a0<\/a>e no\u00a0<a href=\"https:\/\/www.facebook.com\/acidadeonribeirao\/\" target=\"_blank\" rel=\"noreferrer noopener\">Facebook<\/a>.<\/p>\n<p>Receba not\u00edcias do\u00a0<strong>acidade on\u00a0<\/strong>no WhatsApp.\u00a0<a href=\"https:\/\/chat.whatsapp.com\/Fg4ok3aAVyB59DP63pRapr\" target=\"_blank\" rel=\"noreferrer noopener\">Para entrar no grupo, basta clicar aqui.<\/a><\/p>\n<p>Fa\u00e7a uma den\u00fancia ou sugira uma reportagem sobre Ribeir\u00e3o Preto e regi\u00e3o pelo WhatsApp: 16 99117 7802.<\/p>\n<p>VEJA TAMB\u00c9M<\/p>\n<p>Como se preparar para a Black Friday 2024?<\/p>\n<p><!-- CONTENT END 1 -->\n<\/div>\n<\/div>\n<p><script async src=\"\/\/www.instagram.com\/embed.js\"><\/script><br \/>\n<br \/><br \/>\n<br \/><a href=\"https:\/\/www.acidadeon.com\/ribeiraopreto\/cotidiano\/ribeirao-preto-aparec-em-lista-de-cidades-com-mais-ofertas-de-servicos-confira\/\">Source link <\/a><\/p>\n","protected":false},"excerpt":{"rendered":"<p>As cidades de Ribeir\u00e3o Preto e Franca est\u00e3o entre as 100 maiores cidades do Brasil na quest\u00e3o de oferta de servi\u00e7os p\u00fablicos. De acordo com&#8230;<\/p>\n","protected":false},"author":1,"featured_media":59550,"comment_status":"open","ping_status":"open","sticky":false,"template":"","format":"standard","meta":{"advanced_seo_description":"","jetpack_seo_html_title":"","jetpack_seo_noindex":false,"jetpack_post_was_ever_published":false,"_jetpack_newsletter_access":"","_jetpack_dont_email_post_to_subs":false,"_jetpack_newsletter_tier_id":0,"_jetpack_memberships_contains_paywalled_content":false,"_jetpack_memberships_contains_paid_content":false,"footnotes":"","jetpack_publicize_message":"","jetpack_publicize_feature_enabled":true,"jetpack_social_post_already_shared":true,"jetpack_social_options":{"image_generator_settings":{"template":"highway","default_image_id":0,"font":"","enabled":false},"version":2}},"categories":[11],"tags":[],"class_list":["post-59963","post","type-post","status-publish","format-standard","has-post-thumbnail","hentry","category-noticias-de-ribeirao-preto-sp-e-regiao-ismael-colosi"],"jetpack_publicize_connections":[],"jetpack_featured_media_url":"https:\/\/i0.wp.com\/noticiasribeiraopreto.com.br\/wp-content\/uploads\/2024\/10\/catedral_2024-09-04_19-26-26_jpg_2024-09-04_19-26-26.webp.webp?fit=1200%2C900&ssl=1","jetpack-related-posts":[{"id":12200,"url":"https:\/\/noticiasribeiraopreto.com.br\/index.php\/2023\/12\/07\/municipios-na-regiao-de-ribeirao-se-destacam-no-ranking-de-melhores-cidades-para-negocios-veja-a-lista\/","url_meta":{"origin":59963,"position":0},"title":"Munic\u00edpios na regi\u00e3o de Ribeir\u00e3o se destacam no ranking de Melhores Cidades para Neg\u00f3cios; Veja a lista","author":"noticiasribeiraopreto.com.br","date":"7 de December de 2023","format":false,"excerpt":"Ribeir\u00e3o Preto e outros munic\u00edpios da regi\u00e3o est\u00e3o entre as \u2018Melhores Cidades Para Se Fazer Neg\u00f3cios\u2019, de acordo com um estudo da Urban Systems, divulgado nesta quinta-feira (7). A pesquisa \u00e9 dividida em seis segmentos econ\u00f4micos, sendo eles: Educa\u00e7\u00e3o; Com\u00e9rcio; Servi\u00e7os; Ind\u00fastria; Mercado Imobili\u00e1rio e Agropecu\u00e1ria. O grande destaque na\u2026","rel":"","context":"In &quot;Not\u00edcias de Ribeir\u00e3o Preto-SP e Regi\u00e3o&quot;","block_context":{"text":"Not\u00edcias de Ribeir\u00e3o Preto-SP e Regi\u00e3o","link":"https:\/\/noticiasribeiraopreto.com.br\/index.php\/category\/noticias-de-ribeirao-preto-sp-e-regiao-ismael-colosi\/"},"img":{"alt_text":"","src":"https:\/\/i0.wp.com\/noticiasribeiraopreto.com.br\/wp-content\/uploads\/2023\/12\/aerea-ribeirao-preto.jpg?fit=1200%2C800&ssl=1&resize=350%2C200","width":350,"height":200,"srcset":"https:\/\/i0.wp.com\/noticiasribeiraopreto.com.br\/wp-content\/uploads\/2023\/12\/aerea-ribeirao-preto.jpg?fit=1200%2C800&ssl=1&resize=350%2C200 1x, https:\/\/i0.wp.com\/noticiasribeiraopreto.com.br\/wp-content\/uploads\/2023\/12\/aerea-ribeirao-preto.jpg?fit=1200%2C800&ssl=1&resize=525%2C300 1.5x, https:\/\/i0.wp.com\/noticiasribeiraopreto.com.br\/wp-content\/uploads\/2023\/12\/aerea-ribeirao-preto.jpg?fit=1200%2C800&ssl=1&resize=700%2C400 2x, https:\/\/i0.wp.com\/noticiasribeiraopreto.com.br\/wp-content\/uploads\/2023\/12\/aerea-ribeirao-preto.jpg?fit=1200%2C800&ssl=1&resize=1050%2C600 3x"},"classes":[]},{"id":80815,"url":"https:\/\/noticiasribeiraopreto.com.br\/index.php\/2025\/12\/14\/ribeirao-preto-esta-entre-as-10-cidades-de-sp-com-maior-volume-de-chuva-veja-lista\/","url_meta":{"origin":59963,"position":1},"title":"Ribeir\u00e3o Preto est\u00e1 entre as 10 cidades de SP com maior volume de chuva; veja lista","author":"noticiasribeiraopreto.com.br","date":"14 de December de 2025","format":false,"excerpt":"Ribeir\u00e3o Preto aparece entre as dez cidades com maior volume de chuva registrado no estado de S\u00e3o Paulo nas \u00faltimas 24 horas. Dados divulgados neste domingo (14) pela Defesa Civil do Estado apontam que o munic\u00edpio acumulou at\u00e9 56 mil\u00edmetros, conforme medi\u00e7\u00f5es realizadas \u00e0s 7h por esta\u00e7\u00f5es do Cemaden e\u2026","rel":"","context":"In &quot;Not\u00edcias de Ribeir\u00e3o Preto-SP e Regi\u00e3o&quot;","block_context":{"text":"Not\u00edcias de Ribeir\u00e3o Preto-SP e Regi\u00e3o","link":"https:\/\/noticiasribeiraopreto.com.br\/index.php\/category\/noticias-de-ribeirao-preto-sp-e-regiao-ismael-colosi\/"},"img":{"alt_text":"","src":"https:\/\/i0.wp.com\/noticiasribeiraopreto.com.br\/wp-content\/uploads\/2025\/12\/domingo-1_2025-12-14_14-12-34.webp.webp?fit=1200%2C675&ssl=1&resize=350%2C200","width":350,"height":200,"srcset":"https:\/\/i0.wp.com\/noticiasribeiraopreto.com.br\/wp-content\/uploads\/2025\/12\/domingo-1_2025-12-14_14-12-34.webp.webp?fit=1200%2C675&ssl=1&resize=350%2C200 1x, https:\/\/i0.wp.com\/noticiasribeiraopreto.com.br\/wp-content\/uploads\/2025\/12\/domingo-1_2025-12-14_14-12-34.webp.webp?fit=1200%2C675&ssl=1&resize=525%2C300 1.5x, https:\/\/i0.wp.com\/noticiasribeiraopreto.com.br\/wp-content\/uploads\/2025\/12\/domingo-1_2025-12-14_14-12-34.webp.webp?fit=1200%2C675&ssl=1&resize=700%2C400 2x, https:\/\/i0.wp.com\/noticiasribeiraopreto.com.br\/wp-content\/uploads\/2025\/12\/domingo-1_2025-12-14_14-12-34.webp.webp?fit=1200%2C675&ssl=1&resize=1050%2C600 3x"},"classes":[]},{"id":10594,"url":"https:\/\/noticiasribeiraopreto.com.br\/index.php\/2023\/12\/04\/cidades-na-regiao-de-ribeirao-estao-entre-as-menos-violentas-de-sp-veja-a-lista\/","url_meta":{"origin":59963,"position":2},"title":"Cidades na regi\u00e3o de Ribeir\u00e3o est\u00e3o entre as menos violentas de SP; Veja a lista","author":"noticiasribeiraopreto.com.br","date":"4 de December de 2023","format":false,"excerpt":"O Instituto Sou da Paz divulgou nesta segunda-feira (4) o IECV (\u00cdndice de Exposi\u00e7\u00e3o aos Crimes Violentos), que aponta quais s\u00e3o as cidades mais e menos violentas do Estado de S\u00e3o Paulo. A regi\u00e3o de Ribeir\u00e3o Preto conta com duas cidades entre as 10 mais seguras do estado. O IECV\u2026","rel":"","context":"In &quot;Not\u00edcias de Ribeir\u00e3o Preto-SP e Regi\u00e3o&quot;","block_context":{"text":"Not\u00edcias de Ribeir\u00e3o Preto-SP e Regi\u00e3o","link":"https:\/\/noticiasribeiraopreto.com.br\/index.php\/category\/noticias-de-ribeirao-preto-sp-e-regiao-ismael-colosi\/"},"img":{"alt_text":"","src":"https:\/\/i0.wp.com\/noticiasribeiraopreto.com.br\/wp-content\/uploads\/2023\/12\/monte-alto-1.jpg?fit=1200%2C800&ssl=1&resize=350%2C200","width":350,"height":200,"srcset":"https:\/\/i0.wp.com\/noticiasribeiraopreto.com.br\/wp-content\/uploads\/2023\/12\/monte-alto-1.jpg?fit=1200%2C800&ssl=1&resize=350%2C200 1x, https:\/\/i0.wp.com\/noticiasribeiraopreto.com.br\/wp-content\/uploads\/2023\/12\/monte-alto-1.jpg?fit=1200%2C800&ssl=1&resize=525%2C300 1.5x, https:\/\/i0.wp.com\/noticiasribeiraopreto.com.br\/wp-content\/uploads\/2023\/12\/monte-alto-1.jpg?fit=1200%2C800&ssl=1&resize=700%2C400 2x, https:\/\/i0.wp.com\/noticiasribeiraopreto.com.br\/wp-content\/uploads\/2023\/12\/monte-alto-1.jpg?fit=1200%2C800&ssl=1&resize=1050%2C600 3x"},"classes":[]},{"id":59216,"url":"https:\/\/noticiasribeiraopreto.com.br\/index.php\/2024\/10\/17\/veja-qual-cidade-da-regiao-de-ribeirao-preto-aparece-em-lista-das-mais-ricas-do-agro\/","url_meta":{"origin":59963,"position":3},"title":"Veja qual cidade da regi\u00e3o de Ribeir\u00e3o Preto aparece em lista das mais ricas do agro","author":"noticiasribeiraopreto.com.br","date":"17 de October de 2024","format":false,"excerpt":"O Minist\u00e9rio da Agricultura e Pecu\u00e1ria divulgou nesta quinta-feira (17) a lista com os 100 munic\u00edpios mais ricos do Brasil no agroneg\u00f3cio. A an\u00e1lise se baseia nos dados da pesquisa anual do IBGE (Instituto Brasileiro de Geografia e Estat\u00edstica) sobre a Produ\u00e7\u00e3o Agr\u00edcola Municipal. A \u00fanica cidade da regi\u00e3o de\u2026","rel":"","context":"In &quot;Not\u00edcias de Ribeir\u00e3o Preto-SP e Regi\u00e3o&quot;","block_context":{"text":"Not\u00edcias de Ribeir\u00e3o Preto-SP e Regi\u00e3o","link":"https:\/\/noticiasribeiraopreto.com.br\/index.php\/category\/noticias-de-ribeirao-preto-sp-e-regiao-ismael-colosi\/"},"img":{"alt_text":"","src":"https:\/\/i0.wp.com\/noticiasribeiraopreto.com.br\/wp-content\/uploads\/2024\/09\/ibis-barretos_2024-09-28_16-26-03_jpg_2024-09-28_16-26-03.webp.webp?fit=960%2C637&ssl=1&resize=350%2C200","width":350,"height":200,"srcset":"https:\/\/i0.wp.com\/noticiasribeiraopreto.com.br\/wp-content\/uploads\/2024\/09\/ibis-barretos_2024-09-28_16-26-03_jpg_2024-09-28_16-26-03.webp.webp?fit=960%2C637&ssl=1&resize=350%2C200 1x, https:\/\/i0.wp.com\/noticiasribeiraopreto.com.br\/wp-content\/uploads\/2024\/09\/ibis-barretos_2024-09-28_16-26-03_jpg_2024-09-28_16-26-03.webp.webp?fit=960%2C637&ssl=1&resize=525%2C300 1.5x, https:\/\/i0.wp.com\/noticiasribeiraopreto.com.br\/wp-content\/uploads\/2024\/09\/ibis-barretos_2024-09-28_16-26-03_jpg_2024-09-28_16-26-03.webp.webp?fit=960%2C637&ssl=1&resize=700%2C400 2x"},"classes":[]},{"id":77132,"url":"https:\/\/noticiasribeiraopreto.com.br\/index.php\/2025\/09\/12\/ribeirao-na-lista-da-agua-potavel\/","url_meta":{"origin":59963,"position":4},"title":"Ribeir\u00e3o na lista da \u2028\u00e1gua pot\u00e1vel","author":"noticiasribeiraopreto.com.br","date":"12 de September de 2025","format":false,"excerpt":"Cerca de 34 milh\u00f5es de brasileiros convivem diariamente com a falta de rede de abastecimento de \u00e1gua. Esse n\u00famero equivale a aproximadamente o dobro da popula\u00e7\u00e3o do estado do Rio de Janeiro, um dos estados mais populosos do pa\u00eds. Essa car\u00eancia reflete-se em uma maior incid\u00eancia de doen\u00e7as, crian\u00e7as faltando\u2026","rel":"","context":"In &quot;Not\u00edcias de Ribeir\u00e3o Preto-SP e Regi\u00e3o&quot;","block_context":{"text":"Not\u00edcias de Ribeir\u00e3o Preto-SP e Regi\u00e3o","link":"https:\/\/noticiasribeiraopreto.com.br\/index.php\/category\/noticias-de-ribeirao-preto-sp-e-regiao-ismael-colosi\/"},"img":{"alt_text":"","src":"https:\/\/i0.wp.com\/noticiasribeiraopreto.com.br\/wp-content\/uploads\/2025\/09\/TrataRP-Mateus-Ferreira-Arquivo-scaled.jpg?fit=1170%2C780&ssl=1&resize=350%2C200","width":350,"height":200,"srcset":"https:\/\/i0.wp.com\/noticiasribeiraopreto.com.br\/wp-content\/uploads\/2025\/09\/TrataRP-Mateus-Ferreira-Arquivo-scaled.jpg?fit=1170%2C780&ssl=1&resize=350%2C200 1x, https:\/\/i0.wp.com\/noticiasribeiraopreto.com.br\/wp-content\/uploads\/2025\/09\/TrataRP-Mateus-Ferreira-Arquivo-scaled.jpg?fit=1170%2C780&ssl=1&resize=525%2C300 1.5x, https:\/\/i0.wp.com\/noticiasribeiraopreto.com.br\/wp-content\/uploads\/2025\/09\/TrataRP-Mateus-Ferreira-Arquivo-scaled.jpg?fit=1170%2C780&ssl=1&resize=700%2C400 2x, https:\/\/i0.wp.com\/noticiasribeiraopreto.com.br\/wp-content\/uploads\/2025\/09\/TrataRP-Mateus-Ferreira-Arquivo-scaled.jpg?fit=1170%2C780&ssl=1&resize=1050%2C600 3x"},"classes":[]},{"id":69706,"url":"https:\/\/noticiasribeiraopreto.com.br\/index.php\/2025\/05\/08\/ribeirao-preto-e-a-58a-cidade-mais-desenvolvidas-do-brasil-veja-ranking-da-firjan\/","url_meta":{"origin":59963,"position":5},"title":"Ribeir\u00e3o Preto \u00e9 a 58\u00aa cidade mais desenvolvidas do Brasil; Veja ranking da Firjan","author":"noticiasribeiraopreto.com.br","date":"8 de May de 2025","format":false,"excerpt":"Ribeir\u00e3o Preto ocupava em 2023, a 58\u00aa posi\u00e7\u00e3o no ranking das cidades mais desenvolvidas do Brasil, segundo o \u00cdndice Firjan de Desenvolvimento Municipal (IFDM). O indicador foi divulgado nesta quinta-feira (8), pela Federa\u00e7\u00e3o das Ind\u00fastrias do Estado do Rio de Janeiro (Firjan), e leva em conta tr\u00eas indicadores: emprego e\u2026","rel":"","context":"In &quot;Not\u00edcias de Ribeir\u00e3o Preto-SP e Regi\u00e3o&quot;","block_context":{"text":"Not\u00edcias de Ribeir\u00e3o Preto-SP e Regi\u00e3o","link":"https:\/\/noticiasribeiraopreto.com.br\/index.php\/category\/noticias-de-ribeirao-preto-sp-e-regiao-ismael-colosi\/"},"img":{"alt_text":"","src":"https:\/\/i0.wp.com\/noticiasribeiraopreto.com.br\/wp-content\/uploads\/2025\/05\/aerea-ribeirao-preto.jpg?fit=1200%2C800&ssl=1&resize=350%2C200","width":350,"height":200,"srcset":"https:\/\/i0.wp.com\/noticiasribeiraopreto.com.br\/wp-content\/uploads\/2025\/05\/aerea-ribeirao-preto.jpg?fit=1200%2C800&ssl=1&resize=350%2C200 1x, https:\/\/i0.wp.com\/noticiasribeiraopreto.com.br\/wp-content\/uploads\/2025\/05\/aerea-ribeirao-preto.jpg?fit=1200%2C800&ssl=1&resize=525%2C300 1.5x, https:\/\/i0.wp.com\/noticiasribeiraopreto.com.br\/wp-content\/uploads\/2025\/05\/aerea-ribeirao-preto.jpg?fit=1200%2C800&ssl=1&resize=700%2C400 2x, https:\/\/i0.wp.com\/noticiasribeiraopreto.com.br\/wp-content\/uploads\/2025\/05\/aerea-ribeirao-preto.jpg?fit=1200%2C800&ssl=1&resize=1050%2C600 3x"},"classes":[]}],"jetpack_sharing_enabled":true,"jetpack_shortlink":"https:\/\/wp.me\/peQAOb-fB9","_links":{"self":[{"href":"https:\/\/noticiasribeiraopreto.com.br\/index.php\/wp-json\/wp\/v2\/posts\/59963","targetHints":{"allow":["GET"]}}],"collection":[{"href":"https:\/\/noticiasribeiraopreto.com.br\/index.php\/wp-json\/wp\/v2\/posts"}],"about":[{"href":"https:\/\/noticiasribeiraopreto.com.br\/index.php\/wp-json\/wp\/v2\/types\/post"}],"author":[{"embeddable":true,"href":"https:\/\/noticiasribeiraopreto.com.br\/index.php\/wp-json\/wp\/v2\/users\/1"}],"replies":[{"embeddable":true,"href":"https:\/\/noticiasribeiraopreto.com.br\/index.php\/wp-json\/wp\/v2\/comments?post=59963"}],"version-history":[{"count":0,"href":"https:\/\/noticiasribeiraopreto.com.br\/index.php\/wp-json\/wp\/v2\/posts\/59963\/revisions"}],"wp:featuredmedia":[{"embeddable":true,"href":"https:\/\/noticiasribeiraopreto.com.br\/index.php\/wp-json\/wp\/v2\/media\/59550"}],"wp:attachment":[{"href":"https:\/\/noticiasribeiraopreto.com.br\/index.php\/wp-json\/wp\/v2\/media?parent=59963"}],"wp:term":[{"taxonomy":"category","embeddable":true,"href":"https:\/\/noticiasribeiraopreto.com.br\/index.php\/wp-json\/wp\/v2\/categories?post=59963"},{"taxonomy":"post_tag","embeddable":true,"href":"https:\/\/noticiasribeiraopreto.com.br\/index.php\/wp-json\/wp\/v2\/tags?post=59963"}],"curies":[{"name":"wp","href":"https:\/\/api.w.org\/{rel}","templated":true}]}}