{"id":6001,"date":"2023-11-24T21:27:43","date_gmt":"2023-11-25T00:27:43","guid":{"rendered":"https:\/\/noticiasribeiraopreto.com.br\/index.php\/2023\/11\/24\/enteada-e-padrasto-perdem-a-vida-de-forma-cruel-em-acidente-provocada-por-uma-capivara\/"},"modified":"2023-11-24T21:27:43","modified_gmt":"2023-11-25T00:27:43","slug":"enteada-e-padrasto-perdem-a-vida-de-forma-cruel-em-acidente-provocada-por-uma-capivara","status":"publish","type":"post","link":"https:\/\/noticiasribeiraopreto.com.br\/index.php\/2023\/11\/24\/enteada-e-padrasto-perdem-a-vida-de-forma-cruel-em-acidente-provocada-por-uma-capivara\/","title":{"rendered":"Enteada e padrasto perdem a vida de forma cruel em acidente provocada por uma capivara"},"content":{"rendered":"<div class='code-block code-block-1' style='margin: 8px 0 8px auto; text-align: right; display: block; clear: both;'>\n<p><a href=\"https:\/\/wa.link\/vpicfd\"><img data-recalc-dims=\"1\" class=\"wp-image-4922\" style=\"aspect-ratio: 2.0253164556962027; width: 561px; height: auto;\" src=\"https:\/\/i0.wp.com\/ismaelcolosi.com.br\/wp-content\/uploads\/2023\/11\/grupo-de-empregos-whatsapp-e-facebook-ismael-colosi-vagas.jpg?ssl=1\" alt=\"\" \/><\/a><\/p>\n<!-- \/wp:image -->\n<\/div>\n<p> <br \/>\n<\/p>\n<div itemprop=\"text\">\n<p>Na noite da \u00faltima quinta-feira (23), um padrasto e sua enteada perderam a vida em um acidente na rodovia BR-070, ao colidirem frontalmente com um caminh\u00e3o na altura do munic\u00edpio de Campo Verde, que fica a cerca 139 km de da cidade de Cuiab\u00e1, capital do estado do Mato Grosso.<\/p>\n<p>As v\u00edtimas foram identificadas como Gleyce Vieira da Silva e Sondino, de 41 anos, e Jos\u00e9 de Oliveira, de 72 anos. A trag\u00e9dia ocorreu ap\u00f3s o ve\u00edculo onde a enteada e o padrasto estavam embarcados, colidir com uma capivara na pista e, em seguida, perder o controle da dire\u00e7\u00e3o e chocar com o caminh\u00e3o.<\/p>\n<p>Um v\u00eddeo do local do acidente mostra o animal estirado e sem vida na pista. De acordo com informa\u00e7\u00f5es dos socorristas do Corpo de Bombeiros, o casal ficou aprisionado entre as ferragens do ve\u00edculo.<\/p>\n<p>Apesar de terem sido conduzidos ao hospital do munic\u00edpio, lamentavelmente, n\u00e3o conseguiram resistir e vieram a falecer. Gleyce, que atuava como professora na rede municipal de Campo Verde, situada a 139 km de Cuiab\u00e1, teve sua morte lamentada em uma nota de pesar emitida pela prefeitura do munic\u00edpio.<\/p>\n<p>\u201c<strong>Gleyce deixa um legado de exemplo a ser seguido, assim como Sondino, que durante sua perman\u00eancia entre n\u00f3s foi o retrato da simplicidade, da honestidade, lealdade e da humildade a todos que com eles conviveram e especialmente ao seus familiares<\/strong>\u201c, diz um trecho do comunicado.<\/p>\n<p>Para assistir ao v\u00eddeo <a href=\"https:\/\/g1.globo.com\/mt\/mato-grosso\/video\/casal-morre-em-acidente-apos-colidir-com-capivara-e-caminhao-na-br-070-12140533.ghtml\" target=\"_blank\" rel=\"nofollow noopener sponsored\">CLIQUE AQUI!<\/a><\/p>\n<p>N\u00e3o h\u00e1 informa\u00e7\u00f5es sobre a cerim\u00f4nia de despedida, vel\u00f3rio e sepultamento das v\u00edtimas. N\u00e3o se tem not\u00edcias sobre o estado de sa\u00fade do motorista do caminh\u00e3o.<\/p>\n<\/div>\n<p><br \/>\n<br \/><a href=\"https:\/\/fnmais.com\/video-enteada-padrasto-perdem-vida-forma-cruel-em-acidente-provocada-por-capivara\/\">Source link <\/a><\/p>\n<!-- CONTENT END 1 -->\n","protected":false},"excerpt":{"rendered":"<p>Na noite da \u00faltima quinta-feira (23), um padrasto e sua enteada perderam a vida em um acidente na rodovia BR-070, ao colidirem frontalmente com um&#8230;<\/p>\n","protected":false},"author":1,"featured_media":6002,"comment_status":"open","ping_status":"open","sticky":false,"template":"","format":"standard","meta":{"advanced_seo_description":"","jetpack_seo_html_title":"","jetpack_seo_noindex":false,"jetpack_post_was_ever_published":false,"_jetpack_newsletter_access":"","_jetpack_dont_email_post_to_subs":false,"_jetpack_newsletter_tier_id":0,"_jetpack_memberships_contains_paywalled_content":false,"_jetpack_memberships_contains_paid_content":false,"footnotes":"","jetpack_publicize_message":"","jetpack_publicize_feature_enabled":true,"jetpack_social_post_already_shared":true,"jetpack_social_options":{"image_generator_settings":{"template":"highway","default_image_id":0,"font":"","enabled":false},"version":2}},"categories":[1],"tags":[],"class_list":["post-6001","post","type-post","status-publish","format-standard","has-post-thumbnail","hentry","category-blog"],"jetpack_publicize_connections":[],"jetpack_featured_media_url":"https:\/\/i0.wp.com\/noticiasribeiraopreto.com.br\/wp-content\/uploads\/2023\/11\/postimg-65613d27d3de57687.jpg?fit=1200%2C628&ssl=1","jetpack-related-posts":[{"id":82504,"url":"https:\/\/noticiasribeiraopreto.com.br\/index.php\/2026\/02\/17\/policia-procura-caseiro-suspeito-de-matar-enteada-na-regiao-de-ribeirao-preto\/","url_meta":{"origin":6001,"position":0},"title":"Pol\u00edcia procura caseiro suspeito de matar enteada na regi\u00e3o de Ribeir\u00e3o Preto","author":"noticiasribeiraopreto.com.br","date":"17 de February de 2026","format":false,"excerpt":"Um caseiro de 44 anos \u00e9 o principal suspeito de matar a enteada, de 21 anos, nesta segunda-feira (16), em C\u00e1ssia dos Coqueiros, a 70 quil\u00f4metros de Ribeir\u00e3o Preto. Tha\u00eds Lorrany Soares Sales foi encontrada morta com marcas de tiros nos bra\u00e7os e na cabe\u00e7a. Familiares chegaram a arrombar uma\u2026","rel":"","context":"In &quot;Not\u00edcias de Ribeir\u00e3o Preto-SP e Regi\u00e3o&quot;","block_context":{"text":"Not\u00edcias de Ribeir\u00e3o Preto-SP e Regi\u00e3o","link":"https:\/\/noticiasribeiraopreto.com.br\/index.php\/category\/noticias-de-ribeirao-preto-sp-e-regiao-ismael-colosi\/"},"img":{"alt_text":"","src":"https:\/\/i0.wp.com\/noticiasribeiraopreto.com.br\/wp-content\/uploads\/2026\/02\/WhatsApp-Image-2026-02-17-at-08.12.37_2026-02-17_11-32-40.webp.webp?fit=1200%2C916&ssl=1&resize=350%2C200","width":350,"height":200,"srcset":"https:\/\/i0.wp.com\/noticiasribeiraopreto.com.br\/wp-content\/uploads\/2026\/02\/WhatsApp-Image-2026-02-17-at-08.12.37_2026-02-17_11-32-40.webp.webp?fit=1200%2C916&ssl=1&resize=350%2C200 1x, https:\/\/i0.wp.com\/noticiasribeiraopreto.com.br\/wp-content\/uploads\/2026\/02\/WhatsApp-Image-2026-02-17-at-08.12.37_2026-02-17_11-32-40.webp.webp?fit=1200%2C916&ssl=1&resize=525%2C300 1.5x, https:\/\/i0.wp.com\/noticiasribeiraopreto.com.br\/wp-content\/uploads\/2026\/02\/WhatsApp-Image-2026-02-17-at-08.12.37_2026-02-17_11-32-40.webp.webp?fit=1200%2C916&ssl=1&resize=700%2C400 2x, https:\/\/i0.wp.com\/noticiasribeiraopreto.com.br\/wp-content\/uploads\/2026\/02\/WhatsApp-Image-2026-02-17-at-08.12.37_2026-02-17_11-32-40.webp.webp?fit=1200%2C916&ssl=1&resize=1050%2C600 3x"},"classes":[]},{"id":10362,"url":"https:\/\/noticiasribeiraopreto.com.br\/index.php\/2023\/12\/04\/marido-de-maira-cardi-rebate-sobre-forcar-lugar-na-vida-da-enteada-assumo-meu-papel\/","url_meta":{"origin":6001,"position":1},"title":"Marido de Ma\u00edra Cardi rebate sobre &#8216;for\u00e7ar lugar&#8217; na vida da enteada: &#8221; Assumo meu papel&#8221;","author":"noticiasribeiraopreto.com.br","date":"4 de December de 2023","format":false,"excerpt":"A rela\u00e7\u00e3o padrasto e enteada \u00e9 um assunto que levanta debates entre os internautas com os filhos dos casais famosos. Todo esse debate chegou a virar desabafo nas redes sociais.O empres\u00e1rio Thiago Nigro, marido de Ma\u00edra Cardi, fez uma publica\u00e7\u00e3o em seu perfil nas redes sociais falando sobre as cr\u00edticas\u2026","rel":"","context":"In &quot;Blog&quot;","block_context":{"text":"Blog","link":"https:\/\/noticiasribeiraopreto.com.br\/index.php\/category\/blog\/"},"img":{"alt_text":"","src":"https:\/\/i0.wp.com\/noticiasribeiraopreto.com.br\/wp-content\/uploads\/2023\/12\/postimg-656ddb5a245f05551.jpg?fit=1200%2C628&ssl=1&resize=350%2C200","width":350,"height":200,"srcset":"https:\/\/i0.wp.com\/noticiasribeiraopreto.com.br\/wp-content\/uploads\/2023\/12\/postimg-656ddb5a245f05551.jpg?fit=1200%2C628&ssl=1&resize=350%2C200 1x, https:\/\/i0.wp.com\/noticiasribeiraopreto.com.br\/wp-content\/uploads\/2023\/12\/postimg-656ddb5a245f05551.jpg?fit=1200%2C628&ssl=1&resize=525%2C300 1.5x, https:\/\/i0.wp.com\/noticiasribeiraopreto.com.br\/wp-content\/uploads\/2023\/12\/postimg-656ddb5a245f05551.jpg?fit=1200%2C628&ssl=1&resize=700%2C400 2x, https:\/\/i0.wp.com\/noticiasribeiraopreto.com.br\/wp-content\/uploads\/2023\/12\/postimg-656ddb5a245f05551.jpg?fit=1200%2C628&ssl=1&resize=1050%2C600 3x"},"classes":[]},{"id":80168,"url":"https:\/\/noticiasribeiraopreto.com.br\/index.php\/2025\/11\/17\/padrasto-suspeito-de-estupro-e-morte-de-crianca-e-preso\/","url_meta":{"origin":6001,"position":2},"title":"Padrasto suspeito de estupro e morte de crian\u00e7a \u00e9 preso","author":"noticiasribeiraopreto.com.br","date":"17 de November de 2025","format":false,"excerpt":"Menina de 11 anos morreu dois dias depois de dar entrada no HC-UE; homem \u00e9 principal suspeito do crime 17 de novembro de 2025 07:46 Compartilhar0Por: Adalberto LuqueA Pol\u00edcia Civil prendeu, na tarde de s\u00e1bado, 15 de novembro, Douglas J\u00fanior Nogueira, de 32 anos. Ele \u00e9 o principal suspeito do\u2026","rel":"","context":"In &quot;Not\u00edcias de Ribeir\u00e3o Preto-SP e Regi\u00e3o&quot;","block_context":{"text":"Not\u00edcias de Ribeir\u00e3o Preto-SP e Regi\u00e3o","link":"https:\/\/noticiasribeiraopreto.com.br\/index.php\/category\/noticias-de-ribeirao-preto-sp-e-regiao-ismael-colosi\/"},"img":{"alt_text":"","src":"https:\/\/i0.wp.com\/noticiasribeiraopreto.com.br\/wp-content\/uploads\/2025\/11\/17-nov-2025-estuproserrana1.jpg?fit=1000%2C647&ssl=1&resize=350%2C200","width":350,"height":200,"srcset":"https:\/\/i0.wp.com\/noticiasribeiraopreto.com.br\/wp-content\/uploads\/2025\/11\/17-nov-2025-estuproserrana1.jpg?fit=1000%2C647&ssl=1&resize=350%2C200 1x, https:\/\/i0.wp.com\/noticiasribeiraopreto.com.br\/wp-content\/uploads\/2025\/11\/17-nov-2025-estuproserrana1.jpg?fit=1000%2C647&ssl=1&resize=525%2C300 1.5x, https:\/\/i0.wp.com\/noticiasribeiraopreto.com.br\/wp-content\/uploads\/2025\/11\/17-nov-2025-estuproserrana1.jpg?fit=1000%2C647&ssl=1&resize=700%2C400 2x"},"classes":[]},{"id":46365,"url":"https:\/\/noticiasribeiraopreto.com.br\/index.php\/2024\/04\/11\/empresario-acusa-enteada-de-furto-de-joias-avaliadas-em-r-40-mil-em-ribeirao\/","url_meta":{"origin":6001,"position":3},"title":"Empres\u00e1rio acusa enteada de furto de joias avaliadas em R$ 40 mil em Ribeir\u00e3o","author":"noticiasribeiraopreto.com.br","date":"11 de April de 2024","format":false,"excerpt":"Um empres\u00e1rio de 55 anos acusa a enteada de furtar joias avaliadas em R$ 40 mil do apartamento da fam\u00edlia, no Centro de Ribeir\u00e3o Preto. De acordo com o B.O. (boletim de ocorr\u00eancia), os furtos aconteceram no final de mar\u00e7o e na \u00faltima quarta-feira (10). O relato aponta que a\u2026","rel":"","context":"In &quot;Not\u00edcias de Ribeir\u00e3o Preto-SP e Regi\u00e3o&quot;","block_context":{"text":"Not\u00edcias de Ribeir\u00e3o Preto-SP e Regi\u00e3o","link":"https:\/\/noticiasribeiraopreto.com.br\/index.php\/category\/noticias-de-ribeirao-preto-sp-e-regiao-ismael-colosi\/"},"img":{"alt_text":"","src":"https:\/\/i0.wp.com\/noticiasribeiraopreto.com.br\/wp-content\/uploads\/2024\/04\/1712843395_cpj_1024x576_04082020121137.jpg?fit=1024%2C575&ssl=1&resize=350%2C200","width":350,"height":200,"srcset":"https:\/\/i0.wp.com\/noticiasribeiraopreto.com.br\/wp-content\/uploads\/2024\/04\/1712843395_cpj_1024x576_04082020121137.jpg?fit=1024%2C575&ssl=1&resize=350%2C200 1x, https:\/\/i0.wp.com\/noticiasribeiraopreto.com.br\/wp-content\/uploads\/2024\/04\/1712843395_cpj_1024x576_04082020121137.jpg?fit=1024%2C575&ssl=1&resize=525%2C300 1.5x, https:\/\/i0.wp.com\/noticiasribeiraopreto.com.br\/wp-content\/uploads\/2024\/04\/1712843395_cpj_1024x576_04082020121137.jpg?fit=1024%2C575&ssl=1&resize=700%2C400 2x"},"classes":[]},{"id":7589,"url":"https:\/\/noticiasribeiraopreto.com.br\/index.php\/2023\/11\/28\/quem-sao-as-vitimas-de-grave-acidente-na-fernao-dias-que-causou-6-falecimentos-eram-da-mesma-familia-e-outros-iam-para-consulta\/","url_meta":{"origin":6001,"position":4},"title":"Quem s\u00e3o as v\u00edtimas de grave acidente na Fern\u00e3o Dias que causou 6 falecimentos; eram da mesma fam\u00edlia e outros iam para consulta","author":"noticiasribeiraopreto.com.br","date":"28 de November de 2023","format":false,"excerpt":"Nesta segunda-feira, dia 27 de novembro, um tr\u00e1gico acidente aconteceu em uma rodovia e tirou a vida de seis pessoas. A situa\u00e7\u00e3o ocorreu na rodovia Fern\u00e3o Dias, na regi\u00e3o de Minas Gerais, em Belo Horizonte. Segundo o que foi informado, quatro v\u00edtimas eram da mesma fam\u00edlia.O local \u00e9 pr\u00f3ximo de\u2026","rel":"","context":"In &quot;Blog&quot;","block_context":{"text":"Blog","link":"https:\/\/noticiasribeiraopreto.com.br\/index.php\/category\/blog\/"},"img":{"alt_text":"","src":"https:\/\/i0.wp.com\/noticiasribeiraopreto.com.br\/wp-content\/uploads\/2023\/11\/postimg-656613f0c75073881.jpg?fit=1200%2C628&ssl=1&resize=350%2C200","width":350,"height":200,"srcset":"https:\/\/i0.wp.com\/noticiasribeiraopreto.com.br\/wp-content\/uploads\/2023\/11\/postimg-656613f0c75073881.jpg?fit=1200%2C628&ssl=1&resize=350%2C200 1x, https:\/\/i0.wp.com\/noticiasribeiraopreto.com.br\/wp-content\/uploads\/2023\/11\/postimg-656613f0c75073881.jpg?fit=1200%2C628&ssl=1&resize=525%2C300 1.5x, https:\/\/i0.wp.com\/noticiasribeiraopreto.com.br\/wp-content\/uploads\/2023\/11\/postimg-656613f0c75073881.jpg?fit=1200%2C628&ssl=1&resize=700%2C400 2x, https:\/\/i0.wp.com\/noticiasribeiraopreto.com.br\/wp-content\/uploads\/2023\/11\/postimg-656613f0c75073881.jpg?fit=1200%2C628&ssl=1&resize=1050%2C600 3x"},"classes":[]},{"id":10082,"url":"https:\/\/noticiasribeiraopreto.com.br\/index.php\/2023\/12\/03\/suspeito-de-acabar-com-a-vida-da-pequena-amelia-vitoria-tambem-responde-por-abuso-contra-a-propria-enteada\/","url_meta":{"origin":6001,"position":5},"title":"Suspeito de acabar com a vida da pequena Am\u00e9lia Vit\u00f3ria tamb\u00e9m responde por abuso contra a pr\u00f3pria enteada","author":"noticiasribeiraopreto.com.br","date":"3 de December de 2023","format":false,"excerpt":"A Pol\u00edcia Militar est\u00e1 investigando o tr\u00e1gico desaparecimento e assassinato de Am\u00e9lia Vit\u00f3ria, uma estudante de apenas 14 anos.O suspeito, cujo nome n\u00e3o foi divulgado, enfrenta acusa\u00e7\u00f5es criminais por crimes semelhantes aos quais \u00e9 acusado. Ele \u00e9 r\u00e9u em um processo na Justi\u00e7a relacionado \u00e0 viol\u00eancia contra a sua pr\u00f3pria\u2026","rel":"","context":"In &quot;Blog&quot;","block_context":{"text":"Blog","link":"https:\/\/noticiasribeiraopreto.com.br\/index.php\/category\/blog\/"},"img":{"alt_text":"","src":"https:\/\/i0.wp.com\/noticiasribeiraopreto.com.br\/wp-content\/uploads\/2023\/12\/postimg-656cdc3c19a634069.jpg?fit=1200%2C628&ssl=1&resize=350%2C200","width":350,"height":200,"srcset":"https:\/\/i0.wp.com\/noticiasribeiraopreto.com.br\/wp-content\/uploads\/2023\/12\/postimg-656cdc3c19a634069.jpg?fit=1200%2C628&ssl=1&resize=350%2C200 1x, https:\/\/i0.wp.com\/noticiasribeiraopreto.com.br\/wp-content\/uploads\/2023\/12\/postimg-656cdc3c19a634069.jpg?fit=1200%2C628&ssl=1&resize=525%2C300 1.5x, https:\/\/i0.wp.com\/noticiasribeiraopreto.com.br\/wp-content\/uploads\/2023\/12\/postimg-656cdc3c19a634069.jpg?fit=1200%2C628&ssl=1&resize=700%2C400 2x, https:\/\/i0.wp.com\/noticiasribeiraopreto.com.br\/wp-content\/uploads\/2023\/12\/postimg-656cdc3c19a634069.jpg?fit=1200%2C628&ssl=1&resize=1050%2C600 3x"},"classes":[]}],"jetpack_sharing_enabled":true,"jetpack_shortlink":"https:\/\/wp.me\/peQAOb-1yN","_links":{"self":[{"href":"https:\/\/noticiasribeiraopreto.com.br\/index.php\/wp-json\/wp\/v2\/posts\/6001","targetHints":{"allow":["GET"]}}],"collection":[{"href":"https:\/\/noticiasribeiraopreto.com.br\/index.php\/wp-json\/wp\/v2\/posts"}],"about":[{"href":"https:\/\/noticiasribeiraopreto.com.br\/index.php\/wp-json\/wp\/v2\/types\/post"}],"author":[{"embeddable":true,"href":"https:\/\/noticiasribeiraopreto.com.br\/index.php\/wp-json\/wp\/v2\/users\/1"}],"replies":[{"embeddable":true,"href":"https:\/\/noticiasribeiraopreto.com.br\/index.php\/wp-json\/wp\/v2\/comments?post=6001"}],"version-history":[{"count":0,"href":"https:\/\/noticiasribeiraopreto.com.br\/index.php\/wp-json\/wp\/v2\/posts\/6001\/revisions"}],"wp:featuredmedia":[{"embeddable":true,"href":"https:\/\/noticiasribeiraopreto.com.br\/index.php\/wp-json\/wp\/v2\/media\/6002"}],"wp:attachment":[{"href":"https:\/\/noticiasribeiraopreto.com.br\/index.php\/wp-json\/wp\/v2\/media?parent=6001"}],"wp:term":[{"taxonomy":"category","embeddable":true,"href":"https:\/\/noticiasribeiraopreto.com.br\/index.php\/wp-json\/wp\/v2\/categories?post=6001"},{"taxonomy":"post_tag","embeddable":true,"href":"https:\/\/noticiasribeiraopreto.com.br\/index.php\/wp-json\/wp\/v2\/tags?post=6001"}],"curies":[{"name":"wp","href":"https:\/\/api.w.org\/{rel}","templated":true}]}}