{"id":60029,"date":"2024-11-04T17:59:06","date_gmt":"2024-11-04T20:59:06","guid":{"rendered":"https:\/\/noticiasribeiraopreto.com.br\/index.php\/2024\/11\/04\/consorcio-sp-escolas-assume-gestao-de-parte-da-rede-publica-paulista-em-novo-modelo-de-parceria-publico-privada\/"},"modified":"2024-11-04T17:59:06","modified_gmt":"2024-11-04T20:59:06","slug":"consorcio-sp-escolas-assume-gestao-de-parte-da-rede-publica-paulista-em-novo-modelo-de-parceria-publico-privada","status":"publish","type":"post","link":"https:\/\/noticiasribeiraopreto.com.br\/index.php\/2024\/11\/04\/consorcio-sp-escolas-assume-gestao-de-parte-da-rede-publica-paulista-em-novo-modelo-de-parceria-publico-privada\/","title":{"rendered":"Cons\u00f3rcio SP Escolas Assume Gest\u00e3o de Parte da Rede P\u00fablica Paulista em Novo Modelo de Parceria P\u00fablico-Privada"},"content":{"rendered":"<div class='code-block code-block-1' style='margin: 8px 0 8px auto; text-align: right; display: block; clear: both;'>\n<p><a href=\"https:\/\/wa.link\/vpicfd\"><img data-recalc-dims=\"1\" class=\"wp-image-4922\" style=\"aspect-ratio: 2.0253164556962027; width: 561px; height: auto;\" src=\"https:\/\/i0.wp.com\/ismaelcolosi.com.br\/wp-content\/uploads\/2023\/11\/grupo-de-empregos-whatsapp-e-facebook-ismael-colosi-vagas.jpg?ssl=1\" alt=\"\" \/><\/a><\/p>\n<!-- \/wp:image -->\n<\/div>\n<p> <br \/>\n<\/p>\n<div>\n<p>O Cons\u00f3rcio SP Escolas arrematou um lote de escolas da rede p\u00fablica estadual paulista em uma parceria p\u00fablico-privada (PPP) com o governo do estado de S\u00e3o Paulo. Esse modelo inovador de gest\u00e3o busca aprimorar a infraestrutura das escolas, com investimentos em tecnologia e manuten\u00e7\u00e3o, al\u00e9m de promover um ambiente mais adequado para o aprendizado dos alunos. A iniciativa representa um avan\u00e7o para a moderniza\u00e7\u00e3o das institui\u00e7\u00f5es educacionais, atendendo \u00e0 crescente demanda por melhorias no sistema de ensino p\u00fablico.<\/p>\n<p>Essa parceria envolve a administra\u00e7\u00e3o de v\u00e1rias unidades escolares distribu\u00eddas pelo estado e visa otimizar a qualidade do ensino, aplicando o capital privado em \u00e1reas essenciais, como reformas f\u00edsicas, implementa\u00e7\u00e3o de recursos tecnol\u00f3gicos e suporte de manuten\u00e7\u00e3o cont\u00ednua. Em contrapartida, o cons\u00f3rcio deve garantir o cumprimento de metas educacionais e n\u00edveis de desempenho estabelecidos pelo governo estadual.<\/p>\n<h3>Estrutura da Parceria e Metas de Qualidade<\/h3>\n<p>O modelo de PPP adotado \u00e9 uma das estrat\u00e9gias que o governo de S\u00e3o Paulo vem utilizando para atender \u00e0s necessidades estruturais das escolas p\u00fablicas e, ao mesmo tempo, otimizar recursos p\u00fablicos. Com o cons\u00f3rcio assumindo o gerenciamento de parte da rede, o governo espera diminuir os custos com manuten\u00e7\u00e3o e ampliar a efici\u00eancia na resolu\u00e7\u00e3o de problemas estruturais. Al\u00e9m disso, o contrato estabelece metas de desempenho que ser\u00e3o monitoradas regularmente, visando melhorias concretas no ambiente educacional e no rendimento escolar dos alunos.<\/p>\n<p>Segundo o secret\u00e1rio estadual de Educa\u00e7\u00e3o, o cons\u00f3rcio SP Escolas dever\u00e1 cumprir metas relacionadas ao conforto, seguran\u00e7a e condi\u00e7\u00f5es de estudo dos alunos, com prazos estipulados para a entrega de reformas e moderniza\u00e7\u00f5es. O contrato tamb\u00e9m prev\u00ea que o cons\u00f3rcio mantenha as instala\u00e7\u00f5es em condi\u00e7\u00f5es ideais, realizando a manuten\u00e7\u00e3o preventiva e corretiva de forma cont\u00ednua.<\/p>\n<h3>Benef\u00edcios para a Rede P\u00fablica e para a Comunidade Escolar<\/h3>\n<p>A parceria promete beneficiar n\u00e3o s\u00f3 os estudantes, mas tamb\u00e9m os professores e funcion\u00e1rios, que poder\u00e3o usufruir de melhores condi\u00e7\u00f5es de trabalho. Ao garantir um ambiente f\u00edsico mais adequado, a iniciativa busca tamb\u00e9m valorizar o ensino p\u00fablico e atrair mais fam\u00edlias para a rede estadual.<\/p>\n<p>Al\u00e9m das melhorias f\u00edsicas, o cons\u00f3rcio se compromete a integrar recursos tecnol\u00f3gicos nas escolas, incluindo o acesso a computadores, internet de alta velocidade e equipamentos de audiovisual para o apoio \u00e0s aulas. Esses recursos s\u00e3o considerados essenciais para o aprendizado no contexto atual, que demanda cada vez mais habilidades tecnol\u00f3gicas dos estudantes.<\/p>\n<p>O diretor de uma das escolas selecionadas para a parceria destacou que a iniciativa deve trazer avan\u00e7os significativos para a comunidade escolar: \u201cA infraestrutura das escolas muitas vezes n\u00e3o acompanha a evolu\u00e7\u00e3o das demandas pedag\u00f3gicas. Esse modelo de PPP oferece uma oportunidade para que os alunos tenham acesso a um ambiente que realmente favore\u00e7a o aprendizado, ao mesmo tempo em que alivia o or\u00e7amento do estado\u201d, afirmou.<\/p>\n<h3>Impacto e Controle de Qualidade<\/h3>\n<p>Para garantir a transpar\u00eancia e a efici\u00eancia dos servi\u00e7os prestados, o governo de S\u00e3o Paulo implementar\u00e1 um sistema de monitoramento rigoroso, avaliando periodicamente as condi\u00e7\u00f5es das escolas administradas pelo cons\u00f3rcio. As auditorias devem verificar n\u00e3o apenas o cumprimento das metas f\u00edsicas, mas tamb\u00e9m os indicadores de desempenho educacional, que incluem a taxa de aprova\u00e7\u00e3o, frequ\u00eancia dos alunos e o desempenho em avalia\u00e7\u00f5es.<\/p>\n<p>Al\u00e9m disso, o governo se comprometeu a realizar consultas peri\u00f3dicas com pais, alunos e profissionais da educa\u00e7\u00e3o para avaliar o impacto das mudan\u00e7as e a satisfa\u00e7\u00e3o da comunidade escolar. Esse feedback ser\u00e1 utilizado para ajustar a parceria ao longo do tempo, de forma a responder adequadamente \u00e0s necessidades espec\u00edficas de cada escola.<\/p>\n<h3>Desafios e Expectativas<\/h3>\n<p>Embora a parceria represente um avan\u00e7o em termos de investimento e moderniza\u00e7\u00e3o da rede p\u00fablica, alguns especialistas alertam para a necessidade de uma fiscaliza\u00e7\u00e3o rigorosa. Em experi\u00eancias anteriores de PPPs no setor educacional em outros estados, foram observados casos de descumprimento de prazos e de qualidade aqu\u00e9m das expectativas.<\/p>\n<p>Para muitos educadores, o sucesso da iniciativa depender\u00e1 diretamente da capacidade do governo de fiscalizar e garantir que os objetivos sejam cumpridos, evitando problemas como atrasos em obras ou a redu\u00e7\u00e3o dos servi\u00e7os prometidos. \u201c\u00c9 fundamental que essa parceria seja monitorada de perto, pois a educa\u00e7\u00e3o \u00e9 um direito b\u00e1sico, e os investimentos devem refletir na qualidade de ensino oferecida aos alunos\u201d, pontua um especialista em pol\u00edticas p\u00fablicas.<\/p>\n<h3>Oportunidades de Expans\u00e3o e Planos Futuros<\/h3>\n<p>Caso a PPP com o cons\u00f3rcio SP Escolas se mostre bem-sucedida, a expectativa \u00e9 de que o modelo possa ser expandido para outras regi\u00f5es do estado e, potencialmente, para outros n\u00edveis educacionais, como o ensino m\u00e9dio t\u00e9cnico. Com isso, o governo estadual pretende estabelecer um novo padr\u00e3o de qualidade para a rede p\u00fablica, priorizando a melhoria cont\u00ednua e a adapta\u00e7\u00e3o \u00e0s demandas da sociedade.<\/p>\n<p>Essa experi\u00eancia poder\u00e1 servir como um modelo para futuras parcerias p\u00fablico-privadas em outras \u00e1reas do pa\u00eds, principalmente em estados que enfrentam problemas de infraestrutura educacional. Dessa forma, S\u00e3o Paulo busca se posicionar na vanguarda da moderniza\u00e7\u00e3o da educa\u00e7\u00e3o p\u00fablica, fortalecendo o sistema educacional e assegurando melhores condi\u00e7\u00f5es para o desenvolvimento integral dos estudantes.<\/p>\n<p>A iniciativa representa, portanto, um passo significativo para o fortalecimento da educa\u00e7\u00e3o p\u00fablica no estado de S\u00e3o Paulo, reunindo esfor\u00e7os do governo e da iniciativa privada em prol de um objetivo comum: oferecer ensino de qualidade e um ambiente seguro e adequado para todos os alunos da rede estadual.<\/p>\n<p>&#13;<br \/>\n\t\t\t\t<span class=\"post-views-icon dashicons dashicons-chart-bar\"\/> <span class=\"post-views-label\">Visualiza\u00e7\u00f5es:<\/span> <span class=\"post-views-count\">7<\/span>&#13;\n\t\t\t<\/p>\n<\/p><\/div>\n<p><br \/>\n<br \/><a href=\"https:\/\/folhaderibeirao.com.br\/2024\/11\/04\/consorcio-sp-escolas-assume-gestao-de-parte-da-rede-publica-paulista-em-novo-modelo-de-parceria-publico-privada\/\">Source link <\/a><\/p>\n<!-- CONTENT END 1 -->\n","protected":false},"excerpt":{"rendered":"<p>O Cons\u00f3rcio SP Escolas arrematou um lote de escolas da rede p\u00fablica estadual paulista em uma parceria p\u00fablico-privada (PPP) com o governo do estado de&#8230;<\/p>\n","protected":false},"author":1,"featured_media":60030,"comment_status":"open","ping_status":"open","sticky":false,"template":"","format":"standard","meta":{"advanced_seo_description":"","jetpack_seo_html_title":"","jetpack_seo_noindex":false,"jetpack_post_was_ever_published":false,"_jetpack_newsletter_access":"","_jetpack_dont_email_post_to_subs":false,"_jetpack_newsletter_tier_id":0,"_jetpack_memberships_contains_paywalled_content":false,"_jetpack_memberships_contains_paid_content":false,"footnotes":"","jetpack_publicize_message":"","jetpack_publicize_feature_enabled":true,"jetpack_social_post_already_shared":true,"jetpack_social_options":{"image_generator_settings":{"template":"highway","default_image_id":0,"font":"","enabled":false},"version":2}},"categories":[11],"tags":[4613,5106,590,5355,5005,381,3816,477,762,1404,6028,591],"class_list":["post-60029","post","type-post","status-publish","format-standard","has-post-thumbnail","hentry","category-noticias-de-ribeirao-preto-sp-e-regiao-ismael-colosi","tag-assume","tag-consorcio","tag-escolas","tag-gestao","tag-modelo","tag-novo","tag-parceria","tag-parte","tag-paulista","tag-publica","tag-publicoprivada","tag-rede"],"jetpack_publicize_connections":[],"jetpack_featured_media_url":"https:\/\/i0.wp.com\/noticiasribeiraopreto.com.br\/wp-content\/uploads\/2024\/11\/54117431470_747ac9f1cc_o.webp.webp?fit=1170%2C700&ssl=1","jetpack-related-posts":[{"id":83576,"url":"https:\/\/noticiasribeiraopreto.com.br\/index.php\/2026\/03\/21\/convenio-preve-20-novas-escolas\/","url_meta":{"origin":60029,"position":0},"title":"Conv\u00eanio prev\u00ea 20 novas escolas","author":"noticiasribeiraopreto.com.br","date":"21 de March de 2026","format":false,"excerpt":"\r \r \r 21 de mar\u00e7o de 2026 09:0220 de mar\u00e7o de 2026 23:14 \r Compartilhar0 A prefeitura de Ribeir\u00e3o Preto assinou na quinta-feira, 19 de mar\u00e7o, conv\u00eanio com a Caixa Econ\u00f4mica Federal para a estrutura\u00e7\u00e3o de Parceria P\u00fablico-Privada (PPP) voltada \u00e0 expans\u00e3o da educa\u00e7\u00e3o infantil no munic\u00edpio. A iniciativa\u2026","rel":"","context":"In &quot;Not\u00edcias de Ribeir\u00e3o Preto-SP e Regi\u00e3o&quot;","block_context":{"text":"Not\u00edcias de Ribeir\u00e3o Preto-SP e Regi\u00e3o","link":"https:\/\/noticiasribeiraopreto.com.br\/index.php\/category\/noticias-de-ribeirao-preto-sp-e-regiao-ismael-colosi\/"},"img":{"alt_text":"","src":"https:\/\/i0.wp.com\/noticiasribeiraopreto.com.br\/wp-content\/uploads\/2026\/03\/EducaPPP-Guilherme-Sircili-scaled.jpeg?fit=1170%2C780&ssl=1&resize=350%2C200","width":350,"height":200,"srcset":"https:\/\/i0.wp.com\/noticiasribeiraopreto.com.br\/wp-content\/uploads\/2026\/03\/EducaPPP-Guilherme-Sircili-scaled.jpeg?fit=1170%2C780&ssl=1&resize=350%2C200 1x, https:\/\/i0.wp.com\/noticiasribeiraopreto.com.br\/wp-content\/uploads\/2026\/03\/EducaPPP-Guilherme-Sircili-scaled.jpeg?fit=1170%2C780&ssl=1&resize=525%2C300 1.5x, https:\/\/i0.wp.com\/noticiasribeiraopreto.com.br\/wp-content\/uploads\/2026\/03\/EducaPPP-Guilherme-Sircili-scaled.jpeg?fit=1170%2C780&ssl=1&resize=700%2C400 2x, https:\/\/i0.wp.com\/noticiasribeiraopreto.com.br\/wp-content\/uploads\/2026\/03\/EducaPPP-Guilherme-Sircili-scaled.jpeg?fit=1170%2C780&ssl=1&resize=1050%2C600 3x"},"classes":[]},{"id":74502,"url":"https:\/\/noticiasribeiraopreto.com.br\/index.php\/2025\/07\/23\/ribeirao-preto-libera-inicio-das-obras-em-escolas-de-ppp-do-governo-estadual\/","url_meta":{"origin":60029,"position":1},"title":"Ribeir\u00e3o Preto libera in\u00edcio das obras em escolas de PPP do governo estadual","author":"noticiasribeiraopreto.com.br","date":"23 de July de 2025","format":false,"excerpt":"A Prefeitura de Ribeir\u00e3o Preto anunciou nesta quarta-feira (23) a constru\u00e7\u00e3o de duas escolas pelo modelo de PPP (Parceria P\u00fablico-Privada) do governo estadual. As duas unidades ser\u00e3o erguidas no Jardim Cristo Redentor. O alvar\u00e1 que autoriza o in\u00edcio das obras foi assinado pelo prefeito Ricardo Silva (PSD) e por El\u00edsio\u2026","rel":"","context":"In &quot;Not\u00edcias de Ribeir\u00e3o Preto-SP e Regi\u00e3o&quot;","block_context":{"text":"Not\u00edcias de Ribeir\u00e3o Preto-SP e Regi\u00e3o","link":"https:\/\/noticiasribeiraopreto.com.br\/index.php\/category\/noticias-de-ribeirao-preto-sp-e-regiao-ismael-colosi\/"},"img":{"alt_text":"","src":"https:\/\/i0.wp.com\/noticiasribeiraopreto.com.br\/wp-content\/uploads\/2025\/07\/ppp-escolas_2025-07-23_20-57-50.webp.webp?fit=1200%2C800&ssl=1&resize=350%2C200","width":350,"height":200,"srcset":"https:\/\/i0.wp.com\/noticiasribeiraopreto.com.br\/wp-content\/uploads\/2025\/07\/ppp-escolas_2025-07-23_20-57-50.webp.webp?fit=1200%2C800&ssl=1&resize=350%2C200 1x, https:\/\/i0.wp.com\/noticiasribeiraopreto.com.br\/wp-content\/uploads\/2025\/07\/ppp-escolas_2025-07-23_20-57-50.webp.webp?fit=1200%2C800&ssl=1&resize=525%2C300 1.5x, https:\/\/i0.wp.com\/noticiasribeiraopreto.com.br\/wp-content\/uploads\/2025\/07\/ppp-escolas_2025-07-23_20-57-50.webp.webp?fit=1200%2C800&ssl=1&resize=700%2C400 2x, https:\/\/i0.wp.com\/noticiasribeiraopreto.com.br\/wp-content\/uploads\/2025\/07\/ppp-escolas_2025-07-23_20-57-50.webp.webp?fit=1200%2C800&ssl=1&resize=1050%2C600 3x"},"classes":[]},{"id":59732,"url":"https:\/\/noticiasribeiraopreto.com.br\/index.php\/2024\/10\/29\/consorcio-vence-leilao-para-construcao-e-privatizacao-da-gestao-de-escolas-em-ribeirao-preto-e-regiao\/","url_meta":{"origin":60029,"position":2},"title":"Cons\u00f3rcio vence leil\u00e3o para constru\u00e7\u00e3o e privatiza\u00e7\u00e3o da gest\u00e3o de escolas em Ribeir\u00e3o Preto e regi\u00e3o","author":"noticiasribeiraopreto.com.br","date":"29 de October de 2024","format":false,"excerpt":"O Governo de S\u00e3o Paulo realizou nesta ter\u00e7a-feira (29) um leil\u00e3o para definir a PPP (Parceria P\u00fablico-Privada) para constru\u00e7\u00e3o e gest\u00e3o de 17 escolas do lote Oeste em diversas cidades do interior de S\u00e3o Paulo, incluindo Ribeir\u00e3o Preto, Sert\u00e3ozinho, Taquaritinga, Jardin\u00f3polis e Bebedouro. N\u00e3o foram informadas quantas escolas ser\u00e3o constru\u00eddas\u2026","rel":"","context":"In &quot;Not\u00edcias de Ribeir\u00e3o Preto-SP e Regi\u00e3o&quot;","block_context":{"text":"Not\u00edcias de Ribeir\u00e3o Preto-SP e Regi\u00e3o","link":"https:\/\/noticiasribeiraopreto.com.br\/index.php\/category\/noticias-de-ribeirao-preto-sp-e-regiao-ismael-colosi\/"},"img":{"alt_text":"","src":"https:\/\/i0.wp.com\/noticiasribeiraopreto.com.br\/wp-content\/uploads\/2024\/10\/leilao-escolas_2024-10-29_15-31-45_jpg_2024-10-29_15-31-45.webp.webp?fit=1024%2C683&ssl=1&resize=350%2C200","width":350,"height":200,"srcset":"https:\/\/i0.wp.com\/noticiasribeiraopreto.com.br\/wp-content\/uploads\/2024\/10\/leilao-escolas_2024-10-29_15-31-45_jpg_2024-10-29_15-31-45.webp.webp?fit=1024%2C683&ssl=1&resize=350%2C200 1x, https:\/\/i0.wp.com\/noticiasribeiraopreto.com.br\/wp-content\/uploads\/2024\/10\/leilao-escolas_2024-10-29_15-31-45_jpg_2024-10-29_15-31-45.webp.webp?fit=1024%2C683&ssl=1&resize=525%2C300 1.5x, https:\/\/i0.wp.com\/noticiasribeiraopreto.com.br\/wp-content\/uploads\/2024\/10\/leilao-escolas_2024-10-29_15-31-45_jpg_2024-10-29_15-31-45.webp.webp?fit=1024%2C683&ssl=1&resize=700%2C400 2x"},"classes":[]},{"id":72852,"url":"https:\/\/noticiasribeiraopreto.com.br\/index.php\/2025\/06\/22\/secretario-executivo-da-educacao-nega-terceirizacao-de-escolas-estaduais-em-ribeirao-entenda\/","url_meta":{"origin":60029,"position":3},"title":"Secret\u00e1rio executivo da Educa\u00e7\u00e3o nega terceiriza\u00e7\u00e3o de escolas estaduais em Ribeir\u00e3o; Entenda","author":"noticiasribeiraopreto.com.br","date":"22 de June de 2025","format":false,"excerpt":"A Diretoria Regional de Ensino de Ribeir\u00e3o Preto cumpriu as metas estabelecidas pelo governo estadual e foi classificada como \u201cDiretoria Ouro\u201d, segundo o secret\u00e1rio executivo da Seduc-SP (Secretaria de Educa\u00e7\u00e3o do Estado de S\u00e3o Paulo), Vinicius Mendon\u00e7a Neiva. A declara\u00e7\u00e3o do secret\u00e1rio foi dada em entrevista ao acidade on, enquanto\u2026","rel":"","context":"In &quot;Not\u00edcias de Ribeir\u00e3o Preto-SP e Regi\u00e3o&quot;","block_context":{"text":"Not\u00edcias de Ribeir\u00e3o Preto-SP e Regi\u00e3o","link":"https:\/\/noticiasribeiraopreto.com.br\/index.php\/category\/noticias-de-ribeirao-preto-sp-e-regiao-ismael-colosi\/"},"img":{"alt_text":"","src":"https:\/\/i0.wp.com\/noticiasribeiraopreto.com.br\/wp-content\/uploads\/2025\/06\/54593686195_1204dba956_o_2025-06-20_23-57-00.webp.webp?fit=1200%2C880&ssl=1&resize=350%2C200","width":350,"height":200,"srcset":"https:\/\/i0.wp.com\/noticiasribeiraopreto.com.br\/wp-content\/uploads\/2025\/06\/54593686195_1204dba956_o_2025-06-20_23-57-00.webp.webp?fit=1200%2C880&ssl=1&resize=350%2C200 1x, https:\/\/i0.wp.com\/noticiasribeiraopreto.com.br\/wp-content\/uploads\/2025\/06\/54593686195_1204dba956_o_2025-06-20_23-57-00.webp.webp?fit=1200%2C880&ssl=1&resize=525%2C300 1.5x, https:\/\/i0.wp.com\/noticiasribeiraopreto.com.br\/wp-content\/uploads\/2025\/06\/54593686195_1204dba956_o_2025-06-20_23-57-00.webp.webp?fit=1200%2C880&ssl=1&resize=700%2C400 2x, https:\/\/i0.wp.com\/noticiasribeiraopreto.com.br\/wp-content\/uploads\/2025\/06\/54593686195_1204dba956_o_2025-06-20_23-57-00.webp.webp?fit=1200%2C880&ssl=1&resize=1050%2C600 3x"},"classes":[]},{"id":59414,"url":"https:\/\/noticiasribeiraopreto.com.br\/index.php\/2024\/10\/23\/leilao-vai-definir-ppp-para-construcao-e-gestao-de-escolas-em-ribeirao-preto-entenda\/","url_meta":{"origin":60029,"position":4},"title":"Leil\u00e3o vai definir PPP para constru\u00e7\u00e3o e gest\u00e3o de escolas em Ribeir\u00e3o Preto; Entenda","author":"noticiasribeiraopreto.com.br","date":"23 de October de 2024","format":false,"excerpt":"O Governo de S\u00e3o Paulo vai realizar no pr\u00f3ximo dia 29 de outubro o leil\u00e3o de uma PPP (Parceria P\u00fablico-Privada) para constru\u00e7\u00e3o e gest\u00e3o de 17 escolas no interior de S\u00e3o Paulo em cidades como Ribeir\u00e3o Preto, Sert\u00e3ozinho, Taquaritinga, Bebedouro e Jardin\u00f3polis, entre outras. Segundo o governo paulista, o projeto\u2026","rel":"","context":"In &quot;Not\u00edcias de Ribeir\u00e3o Preto-SP e Regi\u00e3o&quot;","block_context":{"text":"Not\u00edcias de Ribeir\u00e3o Preto-SP e Regi\u00e3o","link":"https:\/\/noticiasribeiraopreto.com.br\/index.php\/category\/noticias-de-ribeirao-preto-sp-e-regiao-ismael-colosi\/"},"img":{"alt_text":"","src":"https:\/\/i0.wp.com\/noticiasribeiraopreto.com.br\/wp-content\/uploads\/2024\/10\/leiao-escolas_2024-10-23_16-55-54_jpg_2024-10-23_16-55-54.webp.webp?fit=793%2C529&ssl=1&resize=350%2C200","width":350,"height":200,"srcset":"https:\/\/i0.wp.com\/noticiasribeiraopreto.com.br\/wp-content\/uploads\/2024\/10\/leiao-escolas_2024-10-23_16-55-54_jpg_2024-10-23_16-55-54.webp.webp?fit=793%2C529&ssl=1&resize=350%2C200 1x, https:\/\/i0.wp.com\/noticiasribeiraopreto.com.br\/wp-content\/uploads\/2024\/10\/leiao-escolas_2024-10-23_16-55-54_jpg_2024-10-23_16-55-54.webp.webp?fit=793%2C529&ssl=1&resize=525%2C300 1.5x, https:\/\/i0.wp.com\/noticiasribeiraopreto.com.br\/wp-content\/uploads\/2024\/10\/leiao-escolas_2024-10-23_16-55-54_jpg_2024-10-23_16-55-54.webp.webp?fit=793%2C529&ssl=1&resize=700%2C400 2x"},"classes":[]},{"id":65426,"url":"https:\/\/noticiasribeiraopreto.com.br\/index.php\/2025\/03\/20\/stf-nao-ve-prejuizo-na-privatizacao-em-escolas-estaduais-e-libera-medida-do-estado\/","url_meta":{"origin":60029,"position":5},"title":"STF n\u00e3o v\u00ea preju\u00edzo na privatiza\u00e7\u00e3o em escolas estaduais e libera medida do Estado","author":"noticiasribeiraopreto.com.br","date":"20 de March de 2025","format":false,"excerpt":"O presidente do Supremo Tribunal Federal (STF), ministro Lu\u00eds Roberto Barroso, restabeleceu a validade de um decreto do Estado de S\u00e3o Paulo que autoriza a concess\u00e3o administrativa para constru\u00e7\u00e3o e manuten\u00e7\u00e3o de escolas. A decis\u00e3o foi tomada na Suspens\u00e3o de Liminar (SL) 1805. A validade do decreto estava suspensa por\u2026","rel":"","context":"In &quot;Not\u00edcias de Franca-SP&quot;","block_context":{"text":"Not\u00edcias de Franca-SP","link":"https:\/\/noticiasribeiraopreto.com.br\/index.php\/category\/noticias-de-ribeirao-preto-sp-e-regiao-ismael-colosi\/noticias-franca-sp\/"},"img":{"alt_text":"","src":"https:\/\/i0.wp.com\/noticiasribeiraopreto.com.br\/wp-content\/uploads\/2025\/03\/barroso-fabio_rodrigues_pozzebom-ag-br.jpg?fit=600%2C358&ssl=1&resize=350%2C200","width":350,"height":200,"srcset":"https:\/\/i0.wp.com\/noticiasribeiraopreto.com.br\/wp-content\/uploads\/2025\/03\/barroso-fabio_rodrigues_pozzebom-ag-br.jpg?fit=600%2C358&ssl=1&resize=350%2C200 1x, https:\/\/i0.wp.com\/noticiasribeiraopreto.com.br\/wp-content\/uploads\/2025\/03\/barroso-fabio_rodrigues_pozzebom-ag-br.jpg?fit=600%2C358&ssl=1&resize=525%2C300 1.5x"},"classes":[]}],"jetpack_sharing_enabled":true,"jetpack_shortlink":"https:\/\/wp.me\/peQAOb-fCd","_links":{"self":[{"href":"https:\/\/noticiasribeiraopreto.com.br\/index.php\/wp-json\/wp\/v2\/posts\/60029","targetHints":{"allow":["GET"]}}],"collection":[{"href":"https:\/\/noticiasribeiraopreto.com.br\/index.php\/wp-json\/wp\/v2\/posts"}],"about":[{"href":"https:\/\/noticiasribeiraopreto.com.br\/index.php\/wp-json\/wp\/v2\/types\/post"}],"author":[{"embeddable":true,"href":"https:\/\/noticiasribeiraopreto.com.br\/index.php\/wp-json\/wp\/v2\/users\/1"}],"replies":[{"embeddable":true,"href":"https:\/\/noticiasribeiraopreto.com.br\/index.php\/wp-json\/wp\/v2\/comments?post=60029"}],"version-history":[{"count":0,"href":"https:\/\/noticiasribeiraopreto.com.br\/index.php\/wp-json\/wp\/v2\/posts\/60029\/revisions"}],"wp:featuredmedia":[{"embeddable":true,"href":"https:\/\/noticiasribeiraopreto.com.br\/index.php\/wp-json\/wp\/v2\/media\/60030"}],"wp:attachment":[{"href":"https:\/\/noticiasribeiraopreto.com.br\/index.php\/wp-json\/wp\/v2\/media?parent=60029"}],"wp:term":[{"taxonomy":"category","embeddable":true,"href":"https:\/\/noticiasribeiraopreto.com.br\/index.php\/wp-json\/wp\/v2\/categories?post=60029"},{"taxonomy":"post_tag","embeddable":true,"href":"https:\/\/noticiasribeiraopreto.com.br\/index.php\/wp-json\/wp\/v2\/tags?post=60029"}],"curies":[{"name":"wp","href":"https:\/\/api.w.org\/{rel}","templated":true}]}}