{"id":60051,"date":"2024-11-05T08:42:05","date_gmt":"2024-11-05T11:42:05","guid":{"rendered":"https:\/\/noticiasribeiraopreto.com.br\/index.php\/2024\/11\/05\/arvore-cai-sobre-avenida-na-zona-sul-de-ribeirao-preto-video\/"},"modified":"2024-11-05T08:42:05","modified_gmt":"2024-11-05T11:42:05","slug":"arvore-cai-sobre-avenida-na-zona-sul-de-ribeirao-preto-video","status":"publish","type":"post","link":"https:\/\/noticiasribeiraopreto.com.br\/index.php\/2024\/11\/05\/arvore-cai-sobre-avenida-na-zona-sul-de-ribeirao-preto-video\/","title":{"rendered":"\u00c1rvore cai sobre avenida na zona Sul de Ribeir\u00e3o Preto; V\u00eddeo"},"content":{"rendered":"<div class='code-block code-block-1' style='margin: 8px 0 8px auto; text-align: right; display: block; clear: both;'>\n<p><a href=\"https:\/\/wa.link\/vpicfd\"><img data-recalc-dims=\"1\" class=\"wp-image-4922\" style=\"aspect-ratio: 2.0253164556962027; width: 561px; height: auto;\" src=\"https:\/\/i0.wp.com\/ismaelcolosi.com.br\/wp-content\/uploads\/2023\/11\/grupo-de-empregos-whatsapp-e-facebook-ismael-colosi-vagas.jpg?ssl=1\" alt=\"\" \/><\/a><\/p>\n<!-- \/wp:image -->\n<\/div>\n<p> <br \/>\n<\/p>\n<p><strong>Uma \u00e1rvore caiu na madrugada desta ter\u00e7a (5), na avenida Dr. Jos\u00e9 Ces\u00e1rio Monteiro da Silva, na zona Sul de Ribeir\u00e3o Preto.<\/strong><\/p>\n<p>Houve <strong>chuva <\/strong>durante a <strong>madrugada <\/strong>e a <strong>pista <\/strong>no sentido \u00e0 <strong>avenida Braz Olaia Acosta<\/strong> foi <strong>interditada<\/strong>. <mark style=\"background-color:#fcb900\" class=\"has-inline-color has-black-color\">O tr\u00e2nsito, por\u00e9m, j\u00e1 est\u00e1 liberado na via.<\/mark><\/p>\n<p>A <strong>Defesa Civil<\/strong> informou que n\u00e3o houve registro de <strong>v\u00edtimas<\/strong>.<\/p>\n<p>A <strong>ocorr\u00eancia <\/strong>mobilizou equipes da <strong>GCM (Guarda Civil Metropolitana)<\/strong> e <strong>Corpo de Bombeiros <\/strong>nesta manh\u00e3.<\/p>\n<blockquote class=\"instagram-media\" data-instgrm-permalink=\"https:\/\/www.instagram.com\/reel\/DB_J57YOq9c\/?utm_source=ig_embed&amp;utm_campaign=loading\" data-instgrm-version=\"14\" style=\"background:#FFF;border:0;border-radius:3px;margin: 1px;max-width:540px;min-width:326px;padding:0;width:99.375%;width:-webkit-calc(100% - 2px);width:calc(100% - 2px)\">\n<div style=\"padding:16px\"> <a href=\"https:\/\/www.instagram.com\/reel\/DB_J57YOq9c\/?utm_source=ig_embed&amp;utm_campaign=loading\" style=\"background:#FFFFFF;line-height:0;padding:0 0;text-align:center;text-decoration:none;width:100%\" target=\"_blank\" rel=\"noopener\"> <\/p>\n<div style=\"flex-direction: row;align-items: center\">\n<div style=\"background-color: #F4F4F4;border-radius: 50%;flex-grow: 0;height: 40px;margin-right: 14px;width: 40px\"><\/div>\n<div style=\"flex-direction: column;flex-grow: 1;justify-content: center\">\n<div style=\"background-color: #F4F4F4;border-radius: 4px;flex-grow: 0;height: 14px;margin-bottom: 6px;width: 100px\"><\/div>\n<div style=\"background-color: #F4F4F4;border-radius: 4px;flex-grow: 0;height: 14px;width: 60px\"><\/div>\n<\/div>\n<\/div>\n<div style=\"padding: 19% 0\"><\/div>\n<div style=\"height:50px;margin:0 auto 12px;width:50px\"><\/div>\n<div style=\"padding-top: 8px\">\n<div style=\"color:#3897f0;font-family:Arial,sans-serif;font-size:14px;font-style:normal;font-weight:550;line-height:18px\">Ver essa foto no Instagram<\/div>\n<\/div>\n<div style=\"padding: 12.5% 0\"><\/div>\n<div style=\"flex-direction: row;margin-bottom: 14px;align-items: center\">\n<div>\n<div style=\"background-color: #F4F4F4;border-radius: 50%;height: 12.5px;width: 12.5px\"><\/div>\n<div style=\"background-color: #F4F4F4;height: 12.5px;width: 12.5px;flex-grow: 0;margin-right: 14px;margin-left: 2px\"><\/div>\n<div style=\"background-color: #F4F4F4;border-radius: 50%;height: 12.5px;width: 12.5px\"><\/div>\n<\/div>\n<div style=\"margin-left: 8px\">\n<div style=\"background-color: #F4F4F4;border-radius: 50%;flex-grow: 0;height: 20px;width: 20px\"><\/div>\n<div style=\"width: 0;height: 0;border-top: 2px solid transparent;border-left: 6px solid #f4f4f4;border-bottom: 2px solid transparent\"><\/div>\n<\/div>\n<div style=\"margin-left: auto\">\n<div style=\"width: 0px;border-top: 8px solid #F4F4F4;border-right: 8px solid transparent\"><\/div>\n<div style=\"background-color: #F4F4F4;flex-grow: 0;height: 12px;width: 16px\"><\/div>\n<div style=\"width: 0;height: 0;border-top: 8px solid #F4F4F4;border-left: 8px solid transparent\"><\/div>\n<\/div>\n<\/div>\n<div style=\"flex-direction: column;flex-grow: 1;justify-content: center;margin-bottom: 24px\">\n<div style=\"background-color: #F4F4F4;border-radius: 4px;flex-grow: 0;height: 14px;margin-bottom: 6px;width: 224px\"><\/div>\n<div style=\"background-color: #F4F4F4;border-radius: 4px;flex-grow: 0;height: 14px;width: 144px\"><\/div>\n<\/div>\n<p><\/a><\/p>\n<p style=\"color:#c9c8cd;font-family:Arial,sans-serif;font-size:14px;line-height:17px;margin-bottom:0;margin-top:8px;overflow:hidden;padding:8px 0 7px;text-align:center\"><a href=\"https:\/\/www.instagram.com\/reel\/DB_J57YOq9c\/?utm_source=ig_embed&amp;utm_campaign=loading\" style=\"color:#c9c8cd;font-family:Arial,sans-serif;font-size:14px;font-style:normal;font-weight:normal;line-height:17px;text-decoration:none\" target=\"_blank\" rel=\"noopener\">Uma publica\u00e7\u00e3o compartilhada por acidade on Ribeir\u00e3o (@acidadeonribeirao)<\/a><\/p>\n<\/div>\n<\/blockquote>\n<p>SAIBA MAIS<\/p>\n<p>Defesa Civil emite alerta para chuvas intensas no estado de SP<\/p>\n<p><strong>FIQUE ON<\/strong><\/p>\n<p>Fique ligado em tudo que acontece em Ribeir\u00e3o Preto e regi\u00e3o. Siga os perfis do<strong>&nbsp;acidade on<\/strong>&nbsp;no&nbsp;<a href=\"https:\/\/www.instagram.com\/acidadeonribeirao\" target=\"_blank\" rel=\"noreferrer noopener\">Instagram&nbsp;<\/a>e no&nbsp;<a href=\"https:\/\/www.facebook.com\/acidadeonribeirao\/\" target=\"_blank\" rel=\"noreferrer noopener\">Facebook<\/a>.<\/p>\n<p>Receba not\u00edcias do&nbsp;<strong>acidade on&nbsp;<\/strong>no WhatsApp.<a href=\"https:\/\/chat.whatsapp.com\/Fg4ok3aAVyB59DP63pRapr\" target=\"_blank\" rel=\"noreferrer noopener\">&nbsp;Para entrar no grupo, basta clicar aqui.<\/a><\/p>\n<p>Fa\u00e7a uma den\u00fancia ou sugira uma reportagem sobre Ribeir\u00e3o Preto e regi\u00e3o pelo WhatsApp: 16 99117 7802.<\/p>\n<p>VEJA TAMB\u00c9M<\/p>\n<p>Melhor caf\u00e9 do Brasil \u00e9 de produtor com apenas 8 hectares<\/p>\n<p>O post \u00c1rvore cai sobre avenida na zona Sul de Ribeir\u00e3o Preto; V\u00eddeo apareceu primeiro em ACidade ON Ribeir\u00e3o Preto.<\/p>\n<p><script async src=\"\/\/www.instagram.com\/embed.js\"><\/script><br \/>\n<br \/><br \/>\n<br \/><a href=\"https:\/\/www.acidadeon.com\/ribeiraopreto\/cotidiano\/arvore-cai-sobre-avenida-na-zona-sul-de-ribeirao-preto-video\/\">Source link <\/a><\/p>\n<!-- CONTENT END 1 -->\n","protected":false},"excerpt":{"rendered":"<p>Uma \u00e1rvore caiu na madrugada desta ter\u00e7a (5), na avenida Dr. Jos\u00e9 Ces\u00e1rio Monteiro da Silva, na zona Sul de Ribeir\u00e3o Preto. Houve chuva durante&#8230;<\/p>\n","protected":false},"author":1,"featured_media":60052,"comment_status":"open","ping_status":"open","sticky":false,"template":"","format":"standard","meta":{"advanced_seo_description":"","jetpack_seo_html_title":"","jetpack_seo_noindex":false,"jetpack_post_was_ever_published":false,"_jetpack_newsletter_access":"","_jetpack_dont_email_post_to_subs":false,"_jetpack_newsletter_tier_id":0,"_jetpack_memberships_contains_paywalled_content":false,"_jetpack_memberships_contains_paid_content":false,"footnotes":"","jetpack_publicize_message":"","jetpack_publicize_feature_enabled":true,"jetpack_social_post_already_shared":true,"jetpack_social_options":{"image_generator_settings":{"template":"highway","default_image_id":0,"font":"","enabled":false},"version":2}},"categories":[11],"tags":[],"class_list":["post-60051","post","type-post","status-publish","format-standard","has-post-thumbnail","hentry","category-noticias-de-ribeirao-preto-sp-e-regiao-ismael-colosi"],"jetpack_publicize_connections":[],"jetpack_featured_media_url":"https:\/\/i0.wp.com\/noticiasribeiraopreto.com.br\/wp-content\/uploads\/2024\/11\/ARVORE_2024-11-05_11-05-55_jpg_2024-11-05_11-05-56.webp.webp?fit=2000%2C1390&ssl=1","jetpack-related-posts":[{"id":59019,"url":"https:\/\/noticiasribeiraopreto.com.br\/index.php\/2024\/10\/11\/temporal-provoca-quedas-de-arvores-e-interdicoes-em-ribeirao-preto\/","url_meta":{"origin":60051,"position":0},"title":"Temporal provoca quedas de \u00e1rvores e interdi\u00e7\u00f5es em Ribeir\u00e3o Preto","author":"noticiasribeiraopreto.com.br","date":"11 de October de 2024","format":false,"excerpt":"O temporal que atingiu Ribeir\u00e3o Preto, na tarde desta sexta-feira (11), n\u00e3o durou muito tempo, mas foi o suficiente para causas danos e interdi\u00e7\u00f5es em alguns pontos da cidade. Na avenida Pio XII, zona Oeste da cidade, uma \u00e1rvore caiu e derrubou o muro da CEMEI Eduardo Romualdo de Souza.\u2026","rel":"","context":"In &quot;Not\u00edcias de Ribeir\u00e3o Preto-SP e Regi\u00e3o&quot;","block_context":{"text":"Not\u00edcias de Ribeir\u00e3o Preto-SP e Regi\u00e3o","link":"https:\/\/noticiasribeiraopreto.com.br\/index.php\/category\/noticias-de-ribeirao-preto-sp-e-regiao-ismael-colosi\/"},"img":{"alt_text":"","src":"https:\/\/i0.wp.com\/noticiasribeiraopreto.com.br\/wp-content\/uploads\/2024\/10\/Copia-de-Copia-de-Copia-de-TAMANHO-EXATO-PARA-FOTOS-NO-SISTEMA-NOVO-15_2024-10-11_21-01-48_png_2024-10-11_21-01-48.webp.webp?fit=1200%2C675&ssl=1&resize=350%2C200","width":350,"height":200,"srcset":"https:\/\/i0.wp.com\/noticiasribeiraopreto.com.br\/wp-content\/uploads\/2024\/10\/Copia-de-Copia-de-Copia-de-TAMANHO-EXATO-PARA-FOTOS-NO-SISTEMA-NOVO-15_2024-10-11_21-01-48_png_2024-10-11_21-01-48.webp.webp?fit=1200%2C675&ssl=1&resize=350%2C200 1x, https:\/\/i0.wp.com\/noticiasribeiraopreto.com.br\/wp-content\/uploads\/2024\/10\/Copia-de-Copia-de-Copia-de-TAMANHO-EXATO-PARA-FOTOS-NO-SISTEMA-NOVO-15_2024-10-11_21-01-48_png_2024-10-11_21-01-48.webp.webp?fit=1200%2C675&ssl=1&resize=525%2C300 1.5x, https:\/\/i0.wp.com\/noticiasribeiraopreto.com.br\/wp-content\/uploads\/2024\/10\/Copia-de-Copia-de-Copia-de-TAMANHO-EXATO-PARA-FOTOS-NO-SISTEMA-NOVO-15_2024-10-11_21-01-48_png_2024-10-11_21-01-48.webp.webp?fit=1200%2C675&ssl=1&resize=700%2C400 2x, https:\/\/i0.wp.com\/noticiasribeiraopreto.com.br\/wp-content\/uploads\/2024\/10\/Copia-de-Copia-de-Copia-de-TAMANHO-EXATO-PARA-FOTOS-NO-SISTEMA-NOVO-15_2024-10-11_21-01-48_png_2024-10-11_21-01-48.webp.webp?fit=1200%2C675&ssl=1&resize=1050%2C600 3x"},"classes":[]},{"id":61751,"url":"https:\/\/noticiasribeiraopreto.com.br\/index.php\/2024\/12\/20\/quedas-de-arvores-rio-de-lama-e-bloqueios-veja-os-transtornos-causados-pela-chuva-em-ribeirao\/","url_meta":{"origin":60051,"position":1},"title":"Quedas de \u00e1rvores, &#8216;rio de lama&#8217; e bloqueios: Veja os transtornos causados pela chuva em Ribeir\u00e3o","author":"noticiasribeiraopreto.com.br","date":"20 de December de 2024","format":false,"excerpt":"O temporal e a ventania que atingiram Ribeir\u00e3o Preto na tarde desta sexta-feira (20) foram r\u00e1pidos, mas causaram danos e interdi\u00e7\u00f5es em v\u00e1rios pontos da cidade. Uma \u00e1rvore caiu na avenida Jo\u00e3o Fi\u00fasa com a rua Maestro Joaquim Rangel, na zona Sul de Ribeir\u00e3o. Equipes da RP Mobi e da\u2026","rel":"","context":"In &quot;Not\u00edcias de Ribeir\u00e3o Preto-SP e Regi\u00e3o&quot;","block_context":{"text":"Not\u00edcias de Ribeir\u00e3o Preto-SP e Regi\u00e3o","link":"https:\/\/noticiasribeiraopreto.com.br\/index.php\/category\/noticias-de-ribeirao-preto-sp-e-regiao-ismael-colosi\/"},"img":{"alt_text":"","src":"https:\/\/i0.wp.com\/noticiasribeiraopreto.com.br\/wp-content\/uploads\/2024\/12\/Copia-de-Copia-de-Copia-de-TAMANHO-EXATO-PARA-FOTOS-NO-SISTEMA-NOVO-2024-12-20T175008.673_2024-12-20_20-50-16_png_2024-12-20_20-50-16.webp.webp?fit=1200%2C675&ssl=1&resize=350%2C200","width":350,"height":200,"srcset":"https:\/\/i0.wp.com\/noticiasribeiraopreto.com.br\/wp-content\/uploads\/2024\/12\/Copia-de-Copia-de-Copia-de-TAMANHO-EXATO-PARA-FOTOS-NO-SISTEMA-NOVO-2024-12-20T175008.673_2024-12-20_20-50-16_png_2024-12-20_20-50-16.webp.webp?fit=1200%2C675&ssl=1&resize=350%2C200 1x, https:\/\/i0.wp.com\/noticiasribeiraopreto.com.br\/wp-content\/uploads\/2024\/12\/Copia-de-Copia-de-Copia-de-TAMANHO-EXATO-PARA-FOTOS-NO-SISTEMA-NOVO-2024-12-20T175008.673_2024-12-20_20-50-16_png_2024-12-20_20-50-16.webp.webp?fit=1200%2C675&ssl=1&resize=525%2C300 1.5x, https:\/\/i0.wp.com\/noticiasribeiraopreto.com.br\/wp-content\/uploads\/2024\/12\/Copia-de-Copia-de-Copia-de-TAMANHO-EXATO-PARA-FOTOS-NO-SISTEMA-NOVO-2024-12-20T175008.673_2024-12-20_20-50-16_png_2024-12-20_20-50-16.webp.webp?fit=1200%2C675&ssl=1&resize=700%2C400 2x, https:\/\/i0.wp.com\/noticiasribeiraopreto.com.br\/wp-content\/uploads\/2024\/12\/Copia-de-Copia-de-Copia-de-TAMANHO-EXATO-PARA-FOTOS-NO-SISTEMA-NOVO-2024-12-20T175008.673_2024-12-20_20-50-16_png_2024-12-20_20-50-16.webp.webp?fit=1200%2C675&ssl=1&resize=1050%2C600 3x"},"classes":[]},{"id":82373,"url":"https:\/\/noticiasribeiraopreto.com.br\/index.php\/2026\/02\/12\/chuva-volta-a-alagar-avenida-na-zona-sul-de-ribeirao-preto\/","url_meta":{"origin":60051,"position":2},"title":"Chuva volta a alagar avenida na zona Sul de Ribeir\u00e3o Preto","author":"noticiasribeiraopreto.com.br","date":"12 de February de 2026","format":false,"excerpt":"A avenida Adelmo Perdizza voltou a ficar alagada com a forte chuva durante a noite desta quarta-feira (11) e madrugada desta quinta-feira (12), na altura do viaduto de acesso ao Anel Vi\u00e1rio Sul de Ribeir\u00e3o Preto. A avenida e as al\u00e7as de acesso pelo Anel Vi\u00e1rio Sul (rodovia Ant\u00f4nio Duarte\u2026","rel":"","context":"In &quot;Not\u00edcias de Ribeir\u00e3o Preto-SP e Regi\u00e3o&quot;","block_context":{"text":"Not\u00edcias de Ribeir\u00e3o Preto-SP e Regi\u00e3o","link":"https:\/\/noticiasribeiraopreto.com.br\/index.php\/category\/noticias-de-ribeirao-preto-sp-e-regiao-ismael-colosi\/"},"img":{"alt_text":"","src":"https:\/\/i0.wp.com\/noticiasribeiraopreto.com.br\/wp-content\/uploads\/2026\/02\/WhatsApp-Image-2026-02-12-at-06.55.45_2026-02-12_10-20-47.webp.webp?fit=1200%2C675&ssl=1&resize=350%2C200","width":350,"height":200,"srcset":"https:\/\/i0.wp.com\/noticiasribeiraopreto.com.br\/wp-content\/uploads\/2026\/02\/WhatsApp-Image-2026-02-12-at-06.55.45_2026-02-12_10-20-47.webp.webp?fit=1200%2C675&ssl=1&resize=350%2C200 1x, https:\/\/i0.wp.com\/noticiasribeiraopreto.com.br\/wp-content\/uploads\/2026\/02\/WhatsApp-Image-2026-02-12-at-06.55.45_2026-02-12_10-20-47.webp.webp?fit=1200%2C675&ssl=1&resize=525%2C300 1.5x, https:\/\/i0.wp.com\/noticiasribeiraopreto.com.br\/wp-content\/uploads\/2026\/02\/WhatsApp-Image-2026-02-12-at-06.55.45_2026-02-12_10-20-47.webp.webp?fit=1200%2C675&ssl=1&resize=700%2C400 2x, https:\/\/i0.wp.com\/noticiasribeiraopreto.com.br\/wp-content\/uploads\/2026\/02\/WhatsApp-Image-2026-02-12-at-06.55.45_2026-02-12_10-20-47.webp.webp?fit=1200%2C675&ssl=1&resize=1050%2C600 3x"},"classes":[]},{"id":13750,"url":"https:\/\/noticiasribeiraopreto.com.br\/index.php\/2023\/12\/11\/tempestade-derruba-arvore-na-zona-sul-de-rp\/","url_meta":{"origin":60051,"position":3},"title":"Tempestade derruba \u00e1rvore na zona Sul de RP","author":"noticiasribeiraopreto.com.br","date":"11 de December de 2023","format":false,"excerpt":"Ventos fortes e chuvas de granizo arrancaram parte de uma \u00e1rvore de grande porte e foi necess\u00e1rio interditar avenida 11 de dezembro de 2023 | 7:39 0Por: Adalberto LuqueUma \u00e1rvore de grande porte foi arrancada, na tarde deste domingo (10), na Avenida Portugal, cruzamento com Avenida Senador Cesar Vergueiro, zona\u2026","rel":"","context":"In &quot;Not\u00edcias de Ribeir\u00e3o Preto-SP e Regi\u00e3o&quot;","block_context":{"text":"Not\u00edcias de Ribeir\u00e3o Preto-SP e Regi\u00e3o","link":"https:\/\/noticiasribeiraopreto.com.br\/index.php\/category\/noticias-de-ribeirao-preto-sp-e-regiao-ismael-colosi\/"},"img":{"alt_text":"","src":"https:\/\/i0.wp.com\/noticiasribeiraopreto.com.br\/wp-content\/uploads\/2023\/12\/00-11-dez-2023-arvore-portugal-foto-Carolina-Alves-Vicente-scaled.jpeg?fit=860%2C645&ssl=1&resize=350%2C200","width":350,"height":200,"srcset":"https:\/\/i0.wp.com\/noticiasribeiraopreto.com.br\/wp-content\/uploads\/2023\/12\/00-11-dez-2023-arvore-portugal-foto-Carolina-Alves-Vicente-scaled.jpeg?fit=860%2C645&ssl=1&resize=350%2C200 1x, https:\/\/i0.wp.com\/noticiasribeiraopreto.com.br\/wp-content\/uploads\/2023\/12\/00-11-dez-2023-arvore-portugal-foto-Carolina-Alves-Vicente-scaled.jpeg?fit=860%2C645&ssl=1&resize=525%2C300 1.5x, https:\/\/i0.wp.com\/noticiasribeiraopreto.com.br\/wp-content\/uploads\/2023\/12\/00-11-dez-2023-arvore-portugal-foto-Carolina-Alves-Vicente-scaled.jpeg?fit=860%2C645&ssl=1&resize=700%2C400 2x"},"classes":[]},{"id":63092,"url":"https:\/\/noticiasribeiraopreto.com.br\/index.php\/2025\/02\/02\/arvore-de-grande-porte-cai-em-avenida-na-zona-sul-de-ribeirao-preto-veja-video\/","url_meta":{"origin":60051,"position":4},"title":"\u00c1rvore de grande porte cai em avenida na zona Sul de Ribeir\u00e3o Preto; Veja v\u00eddeo","author":"noticiasribeiraopreto.com.br","date":"2 de February de 2025","format":false,"excerpt":"Uma \u00e1rvore de grande porte caiu na avenida Jos\u00e9 Adolfo Bianco Molina, no Jardim Canad\u00e1, na zona Sul de Ribeir\u00e3o Preto \u2013 veja o v\u00eddeo abaixo. Em raz\u00e3o da queda da \u00e1rvore, um poste tamb\u00e9m foi arrancado. Ver essa foto no Instagram Uma publica\u00e7\u00e3o compartilhada por acidade on Ribeir\u00e3o (@acidadeonribeirao)\u2026","rel":"","context":"In &quot;Not\u00edcias de Ribeir\u00e3o Preto-SP e Regi\u00e3o&quot;","block_context":{"text":"Not\u00edcias de Ribeir\u00e3o Preto-SP e Regi\u00e3o","link":"https:\/\/noticiasribeiraopreto.com.br\/index.php\/category\/noticias-de-ribeirao-preto-sp-e-regiao-ismael-colosi\/"},"img":{"alt_text":"","src":"https:\/\/i0.wp.com\/noticiasribeiraopreto.com.br\/wp-content\/uploads\/2025\/02\/bianco-molina_2025-02-02_16-56-53_jpg_2025-02-02_16-56-53.webp.webp?fit=1099%2C571&ssl=1&resize=350%2C200","width":350,"height":200,"srcset":"https:\/\/i0.wp.com\/noticiasribeiraopreto.com.br\/wp-content\/uploads\/2025\/02\/bianco-molina_2025-02-02_16-56-53_jpg_2025-02-02_16-56-53.webp.webp?fit=1099%2C571&ssl=1&resize=350%2C200 1x, https:\/\/i0.wp.com\/noticiasribeiraopreto.com.br\/wp-content\/uploads\/2025\/02\/bianco-molina_2025-02-02_16-56-53_jpg_2025-02-02_16-56-53.webp.webp?fit=1099%2C571&ssl=1&resize=525%2C300 1.5x, https:\/\/i0.wp.com\/noticiasribeiraopreto.com.br\/wp-content\/uploads\/2025\/02\/bianco-molina_2025-02-02_16-56-53_jpg_2025-02-02_16-56-53.webp.webp?fit=1099%2C571&ssl=1&resize=700%2C400 2x, https:\/\/i0.wp.com\/noticiasribeiraopreto.com.br\/wp-content\/uploads\/2025\/02\/bianco-molina_2025-02-02_16-56-53_jpg_2025-02-02_16-56-53.webp.webp?fit=1099%2C571&ssl=1&resize=1050%2C600 3x"},"classes":[]},{"id":78812,"url":"https:\/\/noticiasribeiraopreto.com.br\/index.php\/2025\/10\/18\/tempestade-causa-transtornos-e-prejuizos-em-rp\/","url_meta":{"origin":60051,"position":5},"title":"Tempestade causa transtornos e preju\u00edzos em RP","author":"noticiasribeiraopreto.com.br","date":"18 de October de 2025","format":false,"excerpt":"18 de outubro de 2025 17:092 Compartilhar0 Al\u00e9m de tendas que voaram no evento de beach tennis, quedas de \u00e1rvores e sem\u00e1foros registrados foram relatados pela cidade A tempestade com fortes ventos, que atingiu Ribeir\u00e3o Preto, na tarde deste s\u00e1bado, 18 de outubro, causou diversos transtornos e preju\u00edzos na cidade.\u2026","rel":"","context":"In &quot;Not\u00edcias de Ribeir\u00e3o Preto-SP e Regi\u00e3o&quot;","block_context":{"text":"Not\u00edcias de Ribeir\u00e3o Preto-SP e Regi\u00e3o","link":"https:\/\/noticiasribeiraopreto.com.br\/index.php\/category\/noticias-de-ribeirao-preto-sp-e-regiao-ismael-colosi\/"},"img":{"alt_text":"","src":"https:\/\/i0.wp.com\/noticiasribeiraopreto.com.br\/wp-content\/uploads\/2025\/10\/temporal.jpg?fit=800%2C500&ssl=1&resize=350%2C200","width":350,"height":200,"srcset":"https:\/\/i0.wp.com\/noticiasribeiraopreto.com.br\/wp-content\/uploads\/2025\/10\/temporal.jpg?fit=800%2C500&ssl=1&resize=350%2C200 1x, https:\/\/i0.wp.com\/noticiasribeiraopreto.com.br\/wp-content\/uploads\/2025\/10\/temporal.jpg?fit=800%2C500&ssl=1&resize=525%2C300 1.5x, https:\/\/i0.wp.com\/noticiasribeiraopreto.com.br\/wp-content\/uploads\/2025\/10\/temporal.jpg?fit=800%2C500&ssl=1&resize=700%2C400 2x"},"classes":[]}],"jetpack_sharing_enabled":true,"jetpack_shortlink":"https:\/\/wp.me\/peQAOb-fCz","_links":{"self":[{"href":"https:\/\/noticiasribeiraopreto.com.br\/index.php\/wp-json\/wp\/v2\/posts\/60051","targetHints":{"allow":["GET"]}}],"collection":[{"href":"https:\/\/noticiasribeiraopreto.com.br\/index.php\/wp-json\/wp\/v2\/posts"}],"about":[{"href":"https:\/\/noticiasribeiraopreto.com.br\/index.php\/wp-json\/wp\/v2\/types\/post"}],"author":[{"embeddable":true,"href":"https:\/\/noticiasribeiraopreto.com.br\/index.php\/wp-json\/wp\/v2\/users\/1"}],"replies":[{"embeddable":true,"href":"https:\/\/noticiasribeiraopreto.com.br\/index.php\/wp-json\/wp\/v2\/comments?post=60051"}],"version-history":[{"count":0,"href":"https:\/\/noticiasribeiraopreto.com.br\/index.php\/wp-json\/wp\/v2\/posts\/60051\/revisions"}],"wp:featuredmedia":[{"embeddable":true,"href":"https:\/\/noticiasribeiraopreto.com.br\/index.php\/wp-json\/wp\/v2\/media\/60052"}],"wp:attachment":[{"href":"https:\/\/noticiasribeiraopreto.com.br\/index.php\/wp-json\/wp\/v2\/media?parent=60051"}],"wp:term":[{"taxonomy":"category","embeddable":true,"href":"https:\/\/noticiasribeiraopreto.com.br\/index.php\/wp-json\/wp\/v2\/categories?post=60051"},{"taxonomy":"post_tag","embeddable":true,"href":"https:\/\/noticiasribeiraopreto.com.br\/index.php\/wp-json\/wp\/v2\/tags?post=60051"}],"curies":[{"name":"wp","href":"https:\/\/api.w.org\/{rel}","templated":true}]}}