{"id":60083,"date":"2024-11-05T18:02:04","date_gmt":"2024-11-05T21:02:04","guid":{"rendered":"https:\/\/noticiasribeiraopreto.com.br\/index.php\/2024\/11\/05\/prefeitura-de-ribeirao-estuda-flexibilizar-estacionamento-no-centro-entenda\/"},"modified":"2024-11-05T18:02:04","modified_gmt":"2024-11-05T21:02:04","slug":"prefeitura-de-ribeirao-estuda-flexibilizar-estacionamento-no-centro-entenda","status":"publish","type":"post","link":"https:\/\/noticiasribeiraopreto.com.br\/index.php\/2024\/11\/05\/prefeitura-de-ribeirao-estuda-flexibilizar-estacionamento-no-centro-entenda\/","title":{"rendered":"Prefeitura de Ribeir\u00e3o estuda flexibilizar estacionamento no Centro; Entenda"},"content":{"rendered":"<p> <br \/>\n<\/p>\n<div>\n<p>A<strong> Prefeitura de Ribeir\u00e3o Preto<\/strong> informou, nesta ter\u00e7a-feira (5), que estuda <strong>flexibilizar <\/strong>o <strong>estacionamento de ve\u00edculos <\/strong>na <strong>regi\u00e3o central<\/strong> do munic\u00edpio durante o <strong>per\u00edodo de festas<\/strong>. Na \u00faltima <strong>sexta-feira (1\u00ba)<\/strong>, a <strong>RP Mobi<\/strong> come\u00e7ou a fiscaliza\u00e7\u00e3o dos novos <strong>corredores de \u00f4nibus<\/strong>.<\/p>\n<p>O atual <strong>prefeito de Ribeir\u00e3o Preto<\/strong>, <strong>Duarte Nogueira<\/strong>, e a <strong>presidente da Acirp<\/strong> <strong>(Associa\u00e7\u00e3o Comercial e Industrial de Ribeir\u00e3o Preto)<\/strong>, <strong>Sandra Brandini<\/strong>, se reuniram hoje para debater sobre essa flexibiliza\u00e7\u00e3o.<\/p>\n<p>Conforme anunciado, a decis\u00e3o vem acompanhada da implanta\u00e7\u00e3o de <strong>\u00e1rea azul<\/strong> \u201cem resposta a uma solicita\u00e7\u00e3o da <strong>Acirp<\/strong>\u201d.<\/p>\n<p>Ainda de acordo com o \u00f3rg\u00e3o,<mark style=\"background-color:#fcb900\" class=\"has-inline-color\"> os trechos entre as <strong>ruas Flor\u00eancio de Abreu<\/strong> e <strong>General Os\u00f3rio<\/strong>, e <strong>Visconde de Inha\u00fama<\/strong> at\u00e9 <strong>Am\u00e9rico Brasiliense<\/strong>, incluindo corredores de \u00f4nibus, <strong>podem ser liberados para estacionamento.<\/strong><\/mark><\/p>\n<figure class=\"wp-block-pullquote\">\n<blockquote>\n<p>[A decis\u00e3o tem o intuito de] Facilitar o acesso dos consumidores e incentivar o com\u00e9rcio local durante o per\u00edodo de grande movimento<\/p>\n<p><cite>diz nota da Prefeitura de Ribeir\u00e3o Preto<\/cite><\/p><\/blockquote>\n<\/figure>\n<p>Segundo a<strong> Administra\u00e7\u00e3o Municipal<\/strong>, o <strong>pedido de flexibiliza\u00e7\u00e3o<\/strong> ser\u00e1 encaminhado para avalia\u00e7\u00e3o da <strong>RP Mobi<\/strong> e, se aprovado, <strong>a medida ser\u00e1 implementada at\u00e9 o dia 31 de dezembro<\/strong>, quando se encerram as festividades.<\/p>\n<figure class=\"wp-block-image size-large is-resized\"><img data-recalc-dims=\"1\" loading=\"lazy\" decoding=\"async\" src=\"https:\/\/i0.wp.com\/www.acidadeon.com\/ribeiraopreto\/wp-content\/uploads\/sites\/3\/2024\/11\/area_azul_-_guilherme_sircili_2_2024-11-05_20-48-42_jpeg_2024-11-05_20-48-43-1024x682.webp?resize=455%2C315&#038;ssl=1\" alt=\"\" class=\"wp-image-98754\" width=\"455\" height=\"315\"\/><figcaption class=\"wp-element-caption\">Atual prefeito de Ribeir\u00e3o Preto, Duarte Nogueira, e a presidente da Acirp, Sandra Brandini. (Foto: Guilherme Sircili\/ CCS Ribeir\u00e3o)<\/figcaption><\/figure>\n<h3 class=\"wp-block-heading\"><strong>Fiscaliza\u00e7\u00e3o<\/strong><\/h3>\n<p>Desde o come\u00e7o do m\u00eas de novembro, a <strong>RP Mobi<\/strong> come\u00e7ou a <strong>fiscalizar as novas faixas exclusivas e preferenciais<\/strong> dos <strong>corredores de \u00f4nibus<\/strong> em <strong>Ribeir\u00e3o Preto<\/strong>. <mark style=\"background-color:#fcb900\" class=\"has-inline-color\">As novas regras come\u00e7aram a valer nas avenidas Castelo Branco\/Treze de Maio e na regi\u00e3o Central do munic\u00edpio.<\/mark><\/p>\n<p>Com o in\u00edcio da fiscaliza\u00e7\u00e3o, ve\u00edculos convencionais ficaram proibidos de utilizar a <strong>faixa exclusiva<\/strong>, exceto em caso de convers\u00e3o em trechos sinalizados.<\/p>\n<p>J\u00e1 nas <strong>faixas preferenciais<\/strong>, o tr\u00e2nsito de \u00f4nibus do transporte coletivo \u00e9 sempre prioridade. Nesta faixa \u00e9 permitida a circula\u00e7\u00e3o de outros ve\u00edculos, como carros e motos, contudo, devem sempre dar prefer\u00eancia para os \u00f4nibus \u2013 clique aqui para saber mais.<\/p>\n<hr class=\"wp-block-separator has-alpha-channel-opacity\"\/>\n<p>SAIBA MAIS <\/p>\n<p>Saiba a situa\u00e7\u00e3o do plebiscito sobre o Centro Administrativo de Ribeir\u00e3o Preto<\/p>\n<h4 class=\"wp-block-heading\"><strong>FIQUE ON<\/strong><\/h4>\n<p>Fique ligado em tudo que acontece em Ribeir\u00e3o Preto e regi\u00e3o. Siga os perfis do\u00a0<strong>acidade on\u00a0<\/strong>no\u00a0<a href=\"https:\/\/www.instagram.com\/acidadeonribeirao\" target=\"_blank\" rel=\"noreferrer noopener\">Instagram<\/a>\u00a0e no\u00a0<a href=\"https:\/\/www.facebook.com\/acidadeonribeirao\/\" target=\"_blank\" rel=\"noreferrer noopener\">Facebook.<\/a><\/p>\n<p>Receba not\u00edcias do\u00a0<strong>acidade on<\/strong>\u00a0no WhatsApp.\u00a0<a href=\"https:\/\/chat.whatsapp.com\/Fg4ok3aAVyB59DP63pRapr\" target=\"_blank\" rel=\"noreferrer noopener\">Para entrar no grupo, basta clicar aqui.<\/a><\/p>\n<p>Fa\u00e7a uma den\u00fancia ou sugira uma reportagem sobre Ribeir\u00e3o Preto e regi\u00e3o pelo WhatsApp: 16 99117 7802.<\/p>\n<p>VEJA TAMB\u00c9M<\/p>\n<p>Como renegociar as d\u00edvidas nos Correios?<\/p>\n<p><!-- CONTENT END 1 -->\n<\/div>\n<p><script async src=\"\/\/www.instagram.com\/embed.js\"><\/script><br \/>\n<br \/><br \/>\n<br \/><a href=\"https:\/\/www.acidadeon.com\/ribeiraopreto\/cotidiano\/prefeitura-de-ribeirao-estuda-flexibilizar-estacionamento-no-centro-entenda\/\">Source link <\/a><\/p>\n","protected":false},"excerpt":{"rendered":"<p>A Prefeitura de Ribeir\u00e3o Preto informou, nesta ter\u00e7a-feira (5), que estuda flexibilizar o estacionamento de ve\u00edculos na regi\u00e3o central do munic\u00edpio durante o per\u00edodo de&#8230;<\/p>\n","protected":false},"author":1,"featured_media":59873,"comment_status":"open","ping_status":"open","sticky":false,"template":"","format":"standard","meta":{"advanced_seo_description":"","jetpack_seo_html_title":"","jetpack_seo_noindex":false,"jetpack_post_was_ever_published":false,"_jetpack_newsletter_access":"","_jetpack_dont_email_post_to_subs":false,"_jetpack_newsletter_tier_id":0,"_jetpack_memberships_contains_paywalled_content":false,"_jetpack_memberships_contains_paid_content":false,"footnotes":"","jetpack_publicize_message":"","jetpack_publicize_feature_enabled":true,"jetpack_social_post_already_shared":true,"jetpack_social_options":{"image_generator_settings":{"template":"highway","default_image_id":0,"font":"","enabled":false},"version":2}},"categories":[11],"tags":[],"class_list":["post-60083","post","type-post","status-publish","format-standard","has-post-thumbnail","hentry","category-noticias-de-ribeirao-preto-sp-e-regiao-ismael-colosi"],"jetpack_publicize_connections":[],"jetpack_featured_media_url":"https:\/\/i0.wp.com\/noticiasribeiraopreto.com.br\/wp-content\/uploads\/2024\/10\/WhatsApp-Image-2024-10-17-at-15.21.39-1_2024-10-17_21-53-49_jpeg_2024-10-17_21-53-50.webp.webp?fit=2560%2C1706&ssl=1","jetpack-related-posts":[{"id":60093,"url":"https:\/\/noticiasribeiraopreto.com.br\/index.php\/2024\/11\/05\/casal-e-detido-por-desviar-e-vender-suplemento-alimentar-para-bebes-na-regiao-de-ribeirao\/","url_meta":{"origin":60083,"position":0},"title":"Casal \u00e9 detido por desviar e vender suplemento alimentar para beb\u00eas na regi\u00e3o de Ribeir\u00e3o","author":"noticiasribeiraopreto.com.br","date":"5 de November de 2024","format":false,"excerpt":"Um casal de\u00a0Batatais, na regi\u00e3o de Ribeir\u00e3o Preto,\u00a0foi detido na tarde de segunda-feira (4) suspeito\u00a0de vender ilegalmente latas de suplemento alimentar para crian\u00e7as, desviadas de farm\u00e1cias populares da rede p\u00fablica de sa\u00fade. Segundo a Guarda Civil Municipal, eles retiravam o produto e revendiam nas redes sociais por R$ 200. Casal\u2026","rel":"","context":"In &quot;Not\u00edcias de Ribeir\u00e3o Preto-SP e Regi\u00e3o&quot;","block_context":{"text":"Not\u00edcias de Ribeir\u00e3o Preto-SP e Regi\u00e3o","link":"https:\/\/noticiasribeiraopreto.com.br\/index.php\/category\/noticias-de-ribeirao-preto-sp-e-regiao-ismael-colosi\/"},"img":{"alt_text":"","src":"https:\/\/i0.wp.com\/noticiasribeiraopreto.com.br\/wp-content\/uploads\/2024\/11\/Design-sem-nome-3_2024-11-05_22-45-49_png_2024-11-05_22-45-50.webp.webp?fit=1068%2C601&ssl=1&resize=350%2C200","width":350,"height":200,"srcset":"https:\/\/i0.wp.com\/noticiasribeiraopreto.com.br\/wp-content\/uploads\/2024\/11\/Design-sem-nome-3_2024-11-05_22-45-49_png_2024-11-05_22-45-50.webp.webp?fit=1068%2C601&ssl=1&resize=350%2C200 1x, https:\/\/i0.wp.com\/noticiasribeiraopreto.com.br\/wp-content\/uploads\/2024\/11\/Design-sem-nome-3_2024-11-05_22-45-49_png_2024-11-05_22-45-50.webp.webp?fit=1068%2C601&ssl=1&resize=525%2C300 1.5x, https:\/\/i0.wp.com\/noticiasribeiraopreto.com.br\/wp-content\/uploads\/2024\/11\/Design-sem-nome-3_2024-11-05_22-45-49_png_2024-11-05_22-45-50.webp.webp?fit=1068%2C601&ssl=1&resize=700%2C400 2x, https:\/\/i0.wp.com\/noticiasribeiraopreto.com.br\/wp-content\/uploads\/2024\/11\/Design-sem-nome-3_2024-11-05_22-45-49_png_2024-11-05_22-45-50.webp.webp?fit=1068%2C601&ssl=1&resize=1050%2C600 3x"},"classes":[]},{"id":60089,"url":"https:\/\/noticiasribeiraopreto.com.br\/index.php\/2024\/11\/05\/prefeitura-de-ribeirao-preto-autoriza-chamamento-de-182-novos-professores\/","url_meta":{"origin":60083,"position":1},"title":"Prefeitura de Ribeir\u00e3o Preto autoriza chamamento de 182 novos professores","author":"noticiasribeiraopreto.com.br","date":"5 de November de 2024","format":false,"excerpt":"A Prefeitura de Ribeir\u00e3o Preto autorizou o chamamento de 182 professores aprovados em concurso p\u00fablico, para integrar a rede municipal de ensino, que possui 3.156 professores\u00a0\u2013 dado atualizado em 6 de outubro de 2024. Os nomes dos ser\u00e3o publicados no Di\u00e1rio Oficial nos pr\u00f3ximos dias (clique aqui), junto com as\u2026","rel":"","context":"In &quot;Not\u00edcias de Ribeir\u00e3o Preto-SP e Regi\u00e3o&quot;","block_context":{"text":"Not\u00edcias de Ribeir\u00e3o Preto-SP e Regi\u00e3o","link":"https:\/\/noticiasribeiraopreto.com.br\/index.php\/category\/noticias-de-ribeirao-preto-sp-e-regiao-ismael-colosi\/"},"img":{"alt_text":"","src":"https:\/\/i0.wp.com\/noticiasribeiraopreto.com.br\/wp-content\/uploads\/2024\/11\/chamamento_peb_efetivos_capa_2024-11-05_21-51-00_jpg_2024-11-05_21-51-01.webp.webp?fit=1200%2C800&ssl=1&resize=350%2C200","width":350,"height":200,"srcset":"https:\/\/i0.wp.com\/noticiasribeiraopreto.com.br\/wp-content\/uploads\/2024\/11\/chamamento_peb_efetivos_capa_2024-11-05_21-51-00_jpg_2024-11-05_21-51-01.webp.webp?fit=1200%2C800&ssl=1&resize=350%2C200 1x, https:\/\/i0.wp.com\/noticiasribeiraopreto.com.br\/wp-content\/uploads\/2024\/11\/chamamento_peb_efetivos_capa_2024-11-05_21-51-00_jpg_2024-11-05_21-51-01.webp.webp?fit=1200%2C800&ssl=1&resize=525%2C300 1.5x, https:\/\/i0.wp.com\/noticiasribeiraopreto.com.br\/wp-content\/uploads\/2024\/11\/chamamento_peb_efetivos_capa_2024-11-05_21-51-00_jpg_2024-11-05_21-51-01.webp.webp?fit=1200%2C800&ssl=1&resize=700%2C400 2x, https:\/\/i0.wp.com\/noticiasribeiraopreto.com.br\/wp-content\/uploads\/2024\/11\/chamamento_peb_efetivos_capa_2024-11-05_21-51-00_jpg_2024-11-05_21-51-01.webp.webp?fit=1200%2C800&ssl=1&resize=1050%2C600 3x"},"classes":[]},{"id":43028,"url":"https:\/\/noticiasribeiraopreto.com.br\/index.php\/2024\/03\/18\/acirp-vai-subsidiar-estacionamento-para-clientes-no-centro-de-ribeirao-entenda\/","url_meta":{"origin":60083,"position":2},"title":"Acirp vai subsidiar estacionamento para clientes no Centro de Ribeir\u00e3o; Entenda","author":"noticiasribeiraopreto.com.br","date":"18 de March de 2024","format":false,"excerpt":"A Acirp (Associa\u00e7\u00e3o Comercial e Industrial de Ribeir\u00e3o Preto) anunciou que vai subsidiar o estacionamento de clientes que forem \u00e0s compras na rua Bar\u00e3o do Amazonas, no Centro da cidade, durante o per\u00edodo em que durarem as obras de Mobilidade Urbana da via. A medida come\u00e7ou a valer nesta segunda-feira\u2026","rel":"","context":"In &quot;Not\u00edcias de Ribeir\u00e3o Preto-SP e Regi\u00e3o&quot;","block_context":{"text":"Not\u00edcias de Ribeir\u00e3o Preto-SP e Regi\u00e3o","link":"https:\/\/noticiasribeiraopreto.com.br\/index.php\/category\/noticias-de-ribeirao-preto-sp-e-regiao-ismael-colosi\/"},"img":{"alt_text":"","src":"https:\/\/i0.wp.com\/noticiasribeiraopreto.com.br\/wp-content\/uploads\/2024\/03\/WhatsApp-Image-2024-02-07-at-12.37.42-e1710800584415.jpeg?fit=979%2C639&ssl=1&resize=350%2C200","width":350,"height":200,"srcset":"https:\/\/i0.wp.com\/noticiasribeiraopreto.com.br\/wp-content\/uploads\/2024\/03\/WhatsApp-Image-2024-02-07-at-12.37.42-e1710800584415.jpeg?fit=979%2C639&ssl=1&resize=350%2C200 1x, https:\/\/i0.wp.com\/noticiasribeiraopreto.com.br\/wp-content\/uploads\/2024\/03\/WhatsApp-Image-2024-02-07-at-12.37.42-e1710800584415.jpeg?fit=979%2C639&ssl=1&resize=525%2C300 1.5x, https:\/\/i0.wp.com\/noticiasribeiraopreto.com.br\/wp-content\/uploads\/2024\/03\/WhatsApp-Image-2024-02-07-at-12.37.42-e1710800584415.jpeg?fit=979%2C639&ssl=1&resize=700%2C400 2x"},"classes":[]},{"id":60099,"url":"https:\/\/noticiasribeiraopreto.com.br\/index.php\/2024\/11\/06\/apostadores-do-interior-de-sp-sao-premiados-na-mega-sena-veja-numeros-4\/","url_meta":{"origin":60083,"position":3},"title":"Apostadores do interior de SP s\u00e3o premiados na Mega-Sena; Veja n\u00fameros","author":"noticiasribeiraopreto.com.br","date":"6 de November de 2024","format":false,"excerpt":"Apostadores do interior de S\u00e3o Paulo acertaram cinco dezenas no concurso 2793 da Mega-Sena e ganharam R$ 36 mil cada um no sorteio desta ter\u00e7a-feira (5), realizado pela Caixa Econ\u00f4mica Federal. O pr\u00eamio principal, por\u00e9m, n\u00e3o teve ganhador e est\u00e1 estimado em R$ 140 milh\u00f5es. Os n\u00fameros sorteados s\u00e3o os\u2026","rel":"","context":"In &quot;Not\u00edcias de Ribeir\u00e3o Preto-SP e Regi\u00e3o&quot;","block_context":{"text":"Not\u00edcias de Ribeir\u00e3o Preto-SP e Regi\u00e3o","link":"https:\/\/noticiasribeiraopreto.com.br\/index.php\/category\/noticias-de-ribeirao-preto-sp-e-regiao-ismael-colosi\/"},"img":{"alt_text":"","src":"https:\/\/i0.wp.com\/noticiasribeiraopreto.com.br\/wp-content\/uploads\/2024\/04\/mega-sena.webp.webp?fit=1170%2C700&ssl=1&resize=350%2C200","width":350,"height":200,"srcset":"https:\/\/i0.wp.com\/noticiasribeiraopreto.com.br\/wp-content\/uploads\/2024\/04\/mega-sena.webp.webp?fit=1170%2C700&ssl=1&resize=350%2C200 1x, https:\/\/i0.wp.com\/noticiasribeiraopreto.com.br\/wp-content\/uploads\/2024\/04\/mega-sena.webp.webp?fit=1170%2C700&ssl=1&resize=525%2C300 1.5x, https:\/\/i0.wp.com\/noticiasribeiraopreto.com.br\/wp-content\/uploads\/2024\/04\/mega-sena.webp.webp?fit=1170%2C700&ssl=1&resize=700%2C400 2x, https:\/\/i0.wp.com\/noticiasribeiraopreto.com.br\/wp-content\/uploads\/2024\/04\/mega-sena.webp.webp?fit=1170%2C700&ssl=1&resize=1050%2C600 3x"},"classes":[]},{"id":67790,"url":"https:\/\/noticiasribeiraopreto.com.br\/index.php\/2025\/04\/18\/prefeitura-de-ribeirao-preto-estuda-mudancas-viarias-na-zona-sul-entenda\/","url_meta":{"origin":60083,"position":4},"title":"Prefeitura de Ribeir\u00e3o Preto estuda mudan\u00e7as vi\u00e1rias na zona Sul; Entenda","author":"noticiasribeiraopreto.com.br","date":"18 de April de 2025","format":false,"excerpt":"A Prefeitura de Ribeir\u00e3o Preto estuda um projeto vi\u00e1rio que prev\u00ea tr\u00eas principais altera\u00e7\u00f5es no sistema de tr\u00e1fego da zona Sul de Ribeir\u00e3o Preto. O objetivo \u00e9 interligar as principais avenidas da regi\u00e3o, facilitar o acesso a Bonfim Paulista e aliviar o tr\u00e2nsito na avenida Braz Olaia Acosta e no\u2026","rel":"","context":"In &quot;Not\u00edcias de Ribeir\u00e3o Preto-SP e Regi\u00e3o&quot;","block_context":{"text":"Not\u00edcias de Ribeir\u00e3o Preto-SP e Regi\u00e3o","link":"https:\/\/noticiasribeiraopreto.com.br\/index.php\/category\/noticias-de-ribeirao-preto-sp-e-regiao-ismael-colosi\/"},"img":{"alt_text":"","src":"https:\/\/i0.wp.com\/noticiasribeiraopreto.com.br\/wp-content\/uploads\/2025\/04\/anel_viario_1200x675_22042022092948.jpg?fit=1200%2C675&ssl=1&resize=350%2C200","width":350,"height":200,"srcset":"https:\/\/i0.wp.com\/noticiasribeiraopreto.com.br\/wp-content\/uploads\/2025\/04\/anel_viario_1200x675_22042022092948.jpg?fit=1200%2C675&ssl=1&resize=350%2C200 1x, https:\/\/i0.wp.com\/noticiasribeiraopreto.com.br\/wp-content\/uploads\/2025\/04\/anel_viario_1200x675_22042022092948.jpg?fit=1200%2C675&ssl=1&resize=525%2C300 1.5x, https:\/\/i0.wp.com\/noticiasribeiraopreto.com.br\/wp-content\/uploads\/2025\/04\/anel_viario_1200x675_22042022092948.jpg?fit=1200%2C675&ssl=1&resize=700%2C400 2x, https:\/\/i0.wp.com\/noticiasribeiraopreto.com.br\/wp-content\/uploads\/2025\/04\/anel_viario_1200x675_22042022092948.jpg?fit=1200%2C675&ssl=1&resize=1050%2C600 3x"},"classes":[]},{"id":55495,"url":"https:\/\/noticiasribeiraopreto.com.br\/index.php\/2024\/08\/02\/regiao-da-avenida-dom-pedro-i-ganha-novas-vagas-de-area-azul-veja-onde\/","url_meta":{"origin":60083,"position":5},"title":"Regi\u00e3o da avenida Dom Pedro I ganha novas vagas de \u00e1rea azul; Veja onde","author":"noticiasribeiraopreto.com.br","date":"2 de August de 2024","format":false,"excerpt":"O entorno da pra\u00e7a Pedro Biagi, no bairro Ipiranga, na zona Norte de Ribeir\u00e3o Preto, ter\u00e1 novas vagas de estacionamento nos pr\u00f3ximos dias. Os locais j\u00e1 est\u00e3o demarcados e sinalizados, mas a cobran\u00e7a da \u00e1rea azul, ainda, n\u00e3o tem data definida. A solicita\u00e7\u00e3o da Acirp (Associa\u00e7\u00e3o Comercial e Industrial de\u2026","rel":"","context":"In &quot;Not\u00edcias de Ribeir\u00e3o Preto-SP e Regi\u00e3o&quot;","block_context":{"text":"Not\u00edcias de Ribeir\u00e3o Preto-SP e Regi\u00e3o","link":"https:\/\/noticiasribeiraopreto.com.br\/index.php\/category\/noticias-de-ribeirao-preto-sp-e-regiao-ismael-colosi\/"},"img":{"alt_text":"","src":"https:\/\/i0.wp.com\/noticiasribeiraopreto.com.br\/wp-content\/uploads\/2024\/08\/4_2024-08-02_16-01-17_jpg_2024-08-02_16-01-17.webp.webp?fit=1200%2C675&ssl=1&resize=350%2C200","width":350,"height":200,"srcset":"https:\/\/i0.wp.com\/noticiasribeiraopreto.com.br\/wp-content\/uploads\/2024\/08\/4_2024-08-02_16-01-17_jpg_2024-08-02_16-01-17.webp.webp?fit=1200%2C675&ssl=1&resize=350%2C200 1x, https:\/\/i0.wp.com\/noticiasribeiraopreto.com.br\/wp-content\/uploads\/2024\/08\/4_2024-08-02_16-01-17_jpg_2024-08-02_16-01-17.webp.webp?fit=1200%2C675&ssl=1&resize=525%2C300 1.5x, https:\/\/i0.wp.com\/noticiasribeiraopreto.com.br\/wp-content\/uploads\/2024\/08\/4_2024-08-02_16-01-17_jpg_2024-08-02_16-01-17.webp.webp?fit=1200%2C675&ssl=1&resize=700%2C400 2x, https:\/\/i0.wp.com\/noticiasribeiraopreto.com.br\/wp-content\/uploads\/2024\/08\/4_2024-08-02_16-01-17_jpg_2024-08-02_16-01-17.webp.webp?fit=1200%2C675&ssl=1&resize=1050%2C600 3x"},"classes":[]}],"jetpack_sharing_enabled":true,"jetpack_shortlink":"https:\/\/wp.me\/peQAOb-fD5","_links":{"self":[{"href":"https:\/\/noticiasribeiraopreto.com.br\/index.php\/wp-json\/wp\/v2\/posts\/60083","targetHints":{"allow":["GET"]}}],"collection":[{"href":"https:\/\/noticiasribeiraopreto.com.br\/index.php\/wp-json\/wp\/v2\/posts"}],"about":[{"href":"https:\/\/noticiasribeiraopreto.com.br\/index.php\/wp-json\/wp\/v2\/types\/post"}],"author":[{"embeddable":true,"href":"https:\/\/noticiasribeiraopreto.com.br\/index.php\/wp-json\/wp\/v2\/users\/1"}],"replies":[{"embeddable":true,"href":"https:\/\/noticiasribeiraopreto.com.br\/index.php\/wp-json\/wp\/v2\/comments?post=60083"}],"version-history":[{"count":0,"href":"https:\/\/noticiasribeiraopreto.com.br\/index.php\/wp-json\/wp\/v2\/posts\/60083\/revisions"}],"wp:featuredmedia":[{"embeddable":true,"href":"https:\/\/noticiasribeiraopreto.com.br\/index.php\/wp-json\/wp\/v2\/media\/59873"}],"wp:attachment":[{"href":"https:\/\/noticiasribeiraopreto.com.br\/index.php\/wp-json\/wp\/v2\/media?parent=60083"}],"wp:term":[{"taxonomy":"category","embeddable":true,"href":"https:\/\/noticiasribeiraopreto.com.br\/index.php\/wp-json\/wp\/v2\/categories?post=60083"},{"taxonomy":"post_tag","embeddable":true,"href":"https:\/\/noticiasribeiraopreto.com.br\/index.php\/wp-json\/wp\/v2\/tags?post=60083"}],"curies":[{"name":"wp","href":"https:\/\/api.w.org\/{rel}","templated":true}]}}