{"id":60084,"date":"2024-11-05T18:08:25","date_gmt":"2024-11-05T21:08:25","guid":{"rendered":"https:\/\/noticiasribeiraopreto.com.br\/index.php\/2024\/11\/05\/latam-anuncia-investimento-milionario-que-pode-gerar-300-empregos-no-interior-de-sp\/"},"modified":"2024-11-05T18:08:25","modified_gmt":"2024-11-05T21:08:25","slug":"latam-anuncia-investimento-milionario-que-pode-gerar-300-empregos-no-interior-de-sp","status":"publish","type":"post","link":"https:\/\/noticiasribeiraopreto.com.br\/index.php\/2024\/11\/05\/latam-anuncia-investimento-milionario-que-pode-gerar-300-empregos-no-interior-de-sp\/","title":{"rendered":"Latam anuncia investimento milion\u00e1rio que pode gerar 300 empregos no interior de SP"},"content":{"rendered":"<p> <br \/>\n<\/p>\n<div data-td-block-uid=\"tdi_106\">\n<div class=\"tdb-block-inner td-fix-index\">\n<p>A LATAM Airlines <strong>anunciou um investimento de R$ 40 milh\u00f5es na constru\u00e7\u00e3o de um novo hangar em seu centro de manuten\u00e7\u00e3o<\/strong>, localizado em S\u00e3o Carlos, <strong>interior de S\u00e3o Paulo.<\/strong> Com essa expans\u00e3o, <strong>ser\u00e3o criados 300 novos empregos na regi\u00e3o<\/strong>, em fun\u00e7\u00f5es como <strong>auxiliares<\/strong>, <strong>almoxarifes<\/strong>, <strong>mec\u00e2nicos aeron\u00e1uticos<\/strong>, <strong>planejadores<\/strong>, <strong>engenheiros <\/strong>e <strong>compradores<\/strong>.<\/p>\n<p><mark style=\"background-color:#fcb900\" class=\"has-inline-color\">Este investimento representa o maior aporte da companhia em seu centro de manuten\u00e7\u00e3o nos \u00faltimos dez anos.<\/mark> <strong>A constru\u00e7\u00e3o do novo hangar come\u00e7ar\u00e1 a partir de 15 de novembro<\/strong>, com previs\u00e3o de opera\u00e7\u00e3o <strong>para setembro de 2025.<\/strong><\/p>\n<p>A nova instala\u00e7\u00e3o permitir\u00e1 \u00e0 LATAM <strong>realizar manuten\u00e7\u00f5es<\/strong> que<strong> atualmente s\u00e3o feitas fora do Brasi<\/strong>l, <mark style=\"background-color:#fcb900\" class=\"has-inline-color\">reduzindo custos e aumentando a efici\u00eancia e pontualidade das aeronaves em opera\u00e7\u00e3o.<\/mark><\/p>\n<p>O novo hangar ter\u00e1 capacidade para acomodar <strong>simultaneamente at\u00e9 tr\u00eas aeronaves Airbus A320<\/strong>. Contar\u00e1 com uma <strong>\u00e1rea isolada para pintura<\/strong>, garantindo qualidade atrav\u00e9s da preven\u00e7\u00e3o de contamina\u00e7\u00f5es. <\/p>\n<p>Al\u00e9m disso, <strong>ter\u00e1 tecnologias de ponta,<\/strong> como <strong>inspe\u00e7\u00e3o com drones<\/strong> e <strong>carrinhos aut\u00f4nomos de log\u00edstica<\/strong>.<\/p>\n<p>________________________________________________________________________________<\/p>\n<p>SAIBA MAIS<br \/>Motociclista fica ferido ap\u00f3s acidente em avenida de Ribeir\u00e3o Preto<\/p>\n<h4 class=\"wp-block-heading\"><strong>FIQUE ON<\/strong><\/h4>\n<p>Fique ligado em tudo que acontece em Ribeir\u00e3o Preto e regi\u00e3o. Siga os perfis do<strong> acidade on<\/strong> no <a href=\"https:\/\/www.instagram.com\/acidadeonribeirao\" target=\"_blank\" rel=\"noreferrer noopener nofollow\">Instagram<\/a> e no <a href=\"https:\/\/www.facebook.com\/acidadeonribeirao\/\" target=\"_blank\" rel=\"noreferrer noopener nofollow\">Facebook<\/a>.<\/p>\n<p>Receba not\u00edcias do <strong>acidade on<\/strong> no WhatsApp. <a href=\"https:\/\/chat.whatsapp.com\/Fg4ok3aAVyB59DP63pRapr\" target=\"_blank\" rel=\"noreferrer noopener nofollow\">Para entrar no grupo, basta clicar aqui.<\/a><\/p>\n<p>Fa\u00e7a uma den\u00fancia ou sugira uma reportagem sobre Ribeir\u00e3o Preto e regi\u00e3o pelo WhatsApp: 16 99117 7802.<\/p>\n<p>VEJA TAMB\u00c9M<br \/>Como renegociar as d\u00edvidas nos Correios?<\/p>\n<p><!-- CONTENT END 1 -->\n<\/div>\n<\/div>\n<p><script async src=\"\/\/www.instagram.com\/embed.js\"><\/script><br \/>\n<br \/><br \/>\n<br \/><a href=\"https:\/\/www.acidadeon.com\/ribeiraopreto\/economia\/latam-anuncia-investimento-milionario-que-pode-gerar-300-empregos-no-interior-de-sp\/\">Source link <\/a><\/p>\n","protected":false},"excerpt":{"rendered":"<p>A LATAM Airlines anunciou um investimento de R$ 40 milh\u00f5es na constru\u00e7\u00e3o de um novo hangar em seu centro de manuten\u00e7\u00e3o, localizado em S\u00e3o Carlos,&#8230;<\/p>\n","protected":false},"author":1,"featured_media":60085,"comment_status":"open","ping_status":"open","sticky":false,"template":"","format":"standard","meta":{"advanced_seo_description":"","jetpack_seo_html_title":"","jetpack_seo_noindex":false,"jetpack_post_was_ever_published":false,"_jetpack_newsletter_access":"","_jetpack_dont_email_post_to_subs":false,"_jetpack_newsletter_tier_id":0,"_jetpack_memberships_contains_paywalled_content":false,"_jetpack_memberships_contains_paid_content":false,"footnotes":"","jetpack_publicize_message":"","jetpack_publicize_feature_enabled":true,"jetpack_social_post_already_shared":true,"jetpack_social_options":{"image_generator_settings":{"template":"highway","default_image_id":0,"font":"","enabled":false},"version":2}},"categories":[11],"tags":[],"class_list":["post-60084","post","type-post","status-publish","format-standard","has-post-thumbnail","hentry","category-noticias-de-ribeirao-preto-sp-e-regiao-ismael-colosi"],"jetpack_publicize_connections":[],"jetpack_featured_media_url":"https:\/\/i0.wp.com\/noticiasribeiraopreto.com.br\/wp-content\/uploads\/2024\/11\/latam_manutencao_1200x675_11032022125958_2024-11-05_20-35-17_jpg_2024-11-05_20-35-17.webp.webp?fit=1200%2C675&ssl=1","jetpack-related-posts":[{"id":55873,"url":"https:\/\/noticiasribeiraopreto.com.br\/index.php\/2024\/08\/07\/aerea-anuncia-investimento-de-2-bilhoes-de-dolares-com-foco-no-interior-de-sp\/","url_meta":{"origin":60084,"position":0},"title":"A\u00e9rea anuncia investimento de 2 bilh\u00f5es de d\u00f3lares com foco no interior de SP","author":"noticiasribeiraopreto.com.br","date":"7 de August de 2024","format":false,"excerpt":"O grupo Latam Airlines anunciou na \u00faltima segunda-feira (5) um investimento de 2 bilh\u00f5es de d\u00f3lares no Brasil nos pr\u00f3ximos dois anos. Um dos focos do investimento s\u00e3o as instala\u00e7\u00f5es da companhia em S\u00e3o Carlos, no interior de S\u00e3o Paulo. No local, funciona o centro de manuten\u00e7\u00e3o de aeronaves, considerado\u2026","rel":"","context":"In &quot;Not\u00edcias de Ribeir\u00e3o Preto-SP e Regi\u00e3o&quot;","block_context":{"text":"Not\u00edcias de Ribeir\u00e3o Preto-SP e Regi\u00e3o","link":"https:\/\/noticiasribeiraopreto.com.br\/index.php\/category\/noticias-de-ribeirao-preto-sp-e-regiao-ismael-colosi\/"},"img":{"alt_text":"","src":"https:\/\/i0.wp.com\/noticiasribeiraopreto.com.br\/wp-content\/uploads\/2024\/08\/LATAM_2024-08-07_14-15-51_jpg_2024-08-07_14-15-51.webp.webp?fit=1200%2C800&ssl=1&resize=350%2C200","width":350,"height":200,"srcset":"https:\/\/i0.wp.com\/noticiasribeiraopreto.com.br\/wp-content\/uploads\/2024\/08\/LATAM_2024-08-07_14-15-51_jpg_2024-08-07_14-15-51.webp.webp?fit=1200%2C800&ssl=1&resize=350%2C200 1x, https:\/\/i0.wp.com\/noticiasribeiraopreto.com.br\/wp-content\/uploads\/2024\/08\/LATAM_2024-08-07_14-15-51_jpg_2024-08-07_14-15-51.webp.webp?fit=1200%2C800&ssl=1&resize=525%2C300 1.5x, https:\/\/i0.wp.com\/noticiasribeiraopreto.com.br\/wp-content\/uploads\/2024\/08\/LATAM_2024-08-07_14-15-51_jpg_2024-08-07_14-15-51.webp.webp?fit=1200%2C800&ssl=1&resize=700%2C400 2x, https:\/\/i0.wp.com\/noticiasribeiraopreto.com.br\/wp-content\/uploads\/2024\/08\/LATAM_2024-08-07_14-15-51_jpg_2024-08-07_14-15-51.webp.webp?fit=1200%2C800&ssl=1&resize=1050%2C600 3x"},"classes":[]},{"id":72534,"url":"https:\/\/noticiasribeiraopreto.com.br\/index.php\/2025\/06\/18\/latam-anuncia-novas-rotas-com-14-voos-semanais-de-guarulhos-para-ribeirao-preto\/","url_meta":{"origin":60084,"position":1},"title":"Latam anuncia novas rotas com 14 voos semanais de Guarulhos para Ribeir\u00e3o Preto","author":"noticiasribeiraopreto.com.br","date":"18 de June de 2025","format":false,"excerpt":"A companhia a\u00e9rea Latam anunciou tr\u00eas novas rotas, uma das quais com 14 voos semanais diretos de Guarulhos para Ribeir\u00e3o Preto. A empresa diz que sua malha a\u00e9rea nacional foi ampliada de 135 para 138 rotas, com a adi\u00e7\u00e3o de mais de 120 mil novos assentos semanais. As passagens a\u00e9reas\u2026","rel":"","context":"In &quot;Not\u00edcias de Ribeir\u00e3o Preto-SP e Regi\u00e3o&quot;","block_context":{"text":"Not\u00edcias de Ribeir\u00e3o Preto-SP e Regi\u00e3o","link":"https:\/\/noticiasribeiraopreto.com.br\/index.php\/category\/noticias-de-ribeirao-preto-sp-e-regiao-ismael-colosi\/"},"img":{"alt_text":"","src":"https:\/\/i0.wp.com\/noticiasribeiraopreto.com.br\/wp-content\/uploads\/2025\/06\/AeroportodeRibeiroPretotemnovaopodevoosparaSoPaulo_Tamanho_2_image.jpg?fit=1200%2C900&ssl=1&resize=350%2C200","width":350,"height":200,"srcset":"https:\/\/i0.wp.com\/noticiasribeiraopreto.com.br\/wp-content\/uploads\/2025\/06\/AeroportodeRibeiroPretotemnovaopodevoosparaSoPaulo_Tamanho_2_image.jpg?fit=1200%2C900&ssl=1&resize=350%2C200 1x, https:\/\/i0.wp.com\/noticiasribeiraopreto.com.br\/wp-content\/uploads\/2025\/06\/AeroportodeRibeiroPretotemnovaopodevoosparaSoPaulo_Tamanho_2_image.jpg?fit=1200%2C900&ssl=1&resize=525%2C300 1.5x, https:\/\/i0.wp.com\/noticiasribeiraopreto.com.br\/wp-content\/uploads\/2025\/06\/AeroportodeRibeiroPretotemnovaopodevoosparaSoPaulo_Tamanho_2_image.jpg?fit=1200%2C900&ssl=1&resize=700%2C400 2x, https:\/\/i0.wp.com\/noticiasribeiraopreto.com.br\/wp-content\/uploads\/2025\/06\/AeroportodeRibeiroPretotemnovaopodevoosparaSoPaulo_Tamanho_2_image.jpg?fit=1200%2C900&ssl=1&resize=1050%2C600 3x"},"classes":[]},{"id":66802,"url":"https:\/\/noticiasribeiraopreto.com.br\/index.php\/2025\/04\/05\/avioes-da-latam-sofrem-colisao-com-passaros-em-aeroporto-de-sp\/","url_meta":{"origin":60084,"position":2},"title":"Avi\u00f5es da Latam sofrem colis\u00e3o com p\u00e1ssaros em aeroporto de SP","author":"noticiasribeiraopreto.com.br","date":"5 de April de 2025","format":false,"excerpt":"Dois avi\u00f5es da Latam sofreram colis\u00e3o com p\u00e1ssaros (chamado de bird strike) ao pousarem no Aeroporto Internacional de S\u00e3o Paulo, em Guarulhos, nesta s\u00e1bado (5). Em nota encaminhada ao portal acidade on, a assessoria de imprensa da companhia informou que os dois incidentes aconteceram em menos de 50 minutos. Apesar\u2026","rel":"","context":"In &quot;Not\u00edcias de Ribeir\u00e3o Preto-SP e Regi\u00e3o&quot;","block_context":{"text":"Not\u00edcias de Ribeir\u00e3o Preto-SP e Regi\u00e3o","link":"https:\/\/noticiasribeiraopreto.com.br\/index.php\/category\/noticias-de-ribeirao-preto-sp-e-regiao-ismael-colosi\/"},"img":{"alt_text":"","src":"https:\/\/i0.wp.com\/noticiasribeiraopreto.com.br\/wp-content\/uploads\/2024\/08\/LATAM_2024-08-07_14-15-51_jpg_2024-08-07_14-15-51.webp.webp?fit=1200%2C800&ssl=1&resize=350%2C200","width":350,"height":200,"srcset":"https:\/\/i0.wp.com\/noticiasribeiraopreto.com.br\/wp-content\/uploads\/2024\/08\/LATAM_2024-08-07_14-15-51_jpg_2024-08-07_14-15-51.webp.webp?fit=1200%2C800&ssl=1&resize=350%2C200 1x, https:\/\/i0.wp.com\/noticiasribeiraopreto.com.br\/wp-content\/uploads\/2024\/08\/LATAM_2024-08-07_14-15-51_jpg_2024-08-07_14-15-51.webp.webp?fit=1200%2C800&ssl=1&resize=525%2C300 1.5x, https:\/\/i0.wp.com\/noticiasribeiraopreto.com.br\/wp-content\/uploads\/2024\/08\/LATAM_2024-08-07_14-15-51_jpg_2024-08-07_14-15-51.webp.webp?fit=1200%2C800&ssl=1&resize=700%2C400 2x, https:\/\/i0.wp.com\/noticiasribeiraopreto.com.br\/wp-content\/uploads\/2024\/08\/LATAM_2024-08-07_14-15-51_jpg_2024-08-07_14-15-51.webp.webp?fit=1200%2C800&ssl=1&resize=1050%2C600 3x"},"classes":[]},{"id":60478,"url":"https:\/\/noticiasribeiraopreto.com.br\/index.php\/2024\/11\/14\/voepass-e-latam-sao-condenadas-a-pagar-pensao-a-viuvo-de-comissaria-morta-em-acidente-no-interior-de-sp\/","url_meta":{"origin":60084,"position":3},"title":"Voepass e Latam\u00a0s\u00e3o condenadas a pagar pens\u00e3o a vi\u00favo de comiss\u00e1ria morta\u00a0em acidente no interior de SP","author":"noticiasribeiraopreto.com.br","date":"14 de November de 2024","format":false,"excerpt":"A Voepass e a Latam foram condenadas pela Justi\u00e7a do Trabalho a pagar pens\u00e3o ao vi\u00favo da comiss\u00e1ria de bordo D\u00e9bora Soper \u00c1vila,\u00a0que morreu em agosto deste ano na queda do ATR-72 em Vinhedo, no interior de S\u00e3o Paulo. Mesmo que em car\u00e1ter liminar, a decis\u00e3o determina o dep\u00f3sito mensal\u2026","rel":"","context":"In &quot;Not\u00edcias de Ribeir\u00e3o Preto-SP e Regi\u00e3o&quot;","block_context":{"text":"Not\u00edcias de Ribeir\u00e3o Preto-SP e Regi\u00e3o","link":"https:\/\/noticiasribeiraopreto.com.br\/index.php\/category\/noticias-de-ribeirao-preto-sp-e-regiao-ismael-colosi\/"},"img":{"alt_text":"","src":"https:\/\/i0.wp.com\/noticiasribeiraopreto.com.br\/wp-content\/uploads\/2024\/08\/aviao-que-caiu-em-vinhedo_2024-08-09_18-44-00_jpeg_2024-08-09_18-44-00-1068x530-1_2024-08-09_21-17-33.webp.webp?fit=1068%2C530&ssl=1&resize=350%2C200","width":350,"height":200,"srcset":"https:\/\/i0.wp.com\/noticiasribeiraopreto.com.br\/wp-content\/uploads\/2024\/08\/aviao-que-caiu-em-vinhedo_2024-08-09_18-44-00_jpeg_2024-08-09_18-44-00-1068x530-1_2024-08-09_21-17-33.webp.webp?fit=1068%2C530&ssl=1&resize=350%2C200 1x, https:\/\/i0.wp.com\/noticiasribeiraopreto.com.br\/wp-content\/uploads\/2024\/08\/aviao-que-caiu-em-vinhedo_2024-08-09_18-44-00_jpeg_2024-08-09_18-44-00-1068x530-1_2024-08-09_21-17-33.webp.webp?fit=1068%2C530&ssl=1&resize=525%2C300 1.5x, https:\/\/i0.wp.com\/noticiasribeiraopreto.com.br\/wp-content\/uploads\/2024\/08\/aviao-que-caiu-em-vinhedo_2024-08-09_18-44-00_jpeg_2024-08-09_18-44-00-1068x530-1_2024-08-09_21-17-33.webp.webp?fit=1068%2C530&ssl=1&resize=700%2C400 2x, https:\/\/i0.wp.com\/noticiasribeiraopreto.com.br\/wp-content\/uploads\/2024\/08\/aviao-que-caiu-em-vinhedo_2024-08-09_18-44-00_jpeg_2024-08-09_18-44-00-1068x530-1_2024-08-09_21-17-33.webp.webp?fit=1068%2C530&ssl=1&resize=1050%2C600 3x"},"classes":[]},{"id":72572,"url":"https:\/\/noticiasribeiraopreto.com.br\/index.php\/2025\/06\/18\/latam-tera-14-voos-semanais-para-rp\/","url_meta":{"origin":60084,"position":4},"title":"Latam ter\u00e1 14 voos semanais para RP","author":"noticiasribeiraopreto.com.br","date":"18 de June de 2025","format":false,"excerpt":"18 de junho de 2025 16:0018 de junho de 2025 10:059 Compartilhar0 A Latam Airlines Brasil vai ampliar em 16% o volume de voos no Brasil a partir de outubro de 2025 ante igual per\u00edodo do ano passado. A adi\u00e7\u00e3o de 120 mil novos assentos vir\u00e1 da cria\u00e7\u00e3o de tr\u00eas\u2026","rel":"","context":"In &quot;Not\u00edcias de Ribeir\u00e3o Preto-SP e Regi\u00e3o&quot;","block_context":{"text":"Not\u00edcias de Ribeir\u00e3o Preto-SP e Regi\u00e3o","link":"https:\/\/noticiasribeiraopreto.com.br\/index.php\/category\/noticias-de-ribeirao-preto-sp-e-regiao-ismael-colosi\/"},"img":{"alt_text":"","src":"https:\/\/i0.wp.com\/noticiasribeiraopreto.com.br\/wp-content\/uploads\/2025\/06\/Latam-Divulgacao-02-scaled.jpg?fit=750%2C500&ssl=1&resize=350%2C200","width":350,"height":200,"srcset":"https:\/\/i0.wp.com\/noticiasribeiraopreto.com.br\/wp-content\/uploads\/2025\/06\/Latam-Divulgacao-02-scaled.jpg?fit=750%2C500&ssl=1&resize=350%2C200 1x, https:\/\/i0.wp.com\/noticiasribeiraopreto.com.br\/wp-content\/uploads\/2025\/06\/Latam-Divulgacao-02-scaled.jpg?fit=750%2C500&ssl=1&resize=525%2C300 1.5x, https:\/\/i0.wp.com\/noticiasribeiraopreto.com.br\/wp-content\/uploads\/2025\/06\/Latam-Divulgacao-02-scaled.jpg?fit=750%2C500&ssl=1&resize=700%2C400 2x"},"classes":[]},{"id":68725,"url":"https:\/\/noticiasribeiraopreto.com.br\/index.php\/2025\/04\/28\/programa-de-obras-viarias-no-estado-esta-gerando-na-regiao-de-franca-43-mil-postos-de-trabalho\/","url_meta":{"origin":60084,"position":5},"title":"Programa de obras vi\u00e1rias no Estado est\u00e1 gerando na regi\u00e3o de Franca 4,3 mil postos de trabalho","author":"noticiasribeiraopreto.com.br","date":"28 de April de 2025","format":false,"excerpt":"O SP pra Toda Obra, programa de obras vi\u00e1rias de S\u00e3o Paulo, prev\u00ea a gera\u00e7\u00e3o de 4.300 novos postos de trabalho na regi\u00e3o de Franca. As obras, entre elas melhorias j\u00e1 entregues, em andamento e futuras, s\u00e3o executadas pelo Departamento de Estradas de Rodagem (DER), respons\u00e1vel por 1.800 vagas na\u2026","rel":"","context":"In &quot;Not\u00edcias de Franca-SP&quot;","block_context":{"text":"Not\u00edcias de Franca-SP","link":"https:\/\/noticiasribeiraopreto.com.br\/index.php\/category\/noticias-de-ribeirao-preto-sp-e-regiao-ismael-colosi\/noticias-franca-sp\/"},"img":{"alt_text":"","src":"https:\/\/i0.wp.com\/noticiasribeiraopreto.com.br\/wp-content\/uploads\/2025\/04\/54203464667_ba1979e4a0_c.jpg?fit=799%2C533&ssl=1&resize=350%2C200","width":350,"height":200,"srcset":"https:\/\/i0.wp.com\/noticiasribeiraopreto.com.br\/wp-content\/uploads\/2025\/04\/54203464667_ba1979e4a0_c.jpg?fit=799%2C533&ssl=1&resize=350%2C200 1x, https:\/\/i0.wp.com\/noticiasribeiraopreto.com.br\/wp-content\/uploads\/2025\/04\/54203464667_ba1979e4a0_c.jpg?fit=799%2C533&ssl=1&resize=525%2C300 1.5x, https:\/\/i0.wp.com\/noticiasribeiraopreto.com.br\/wp-content\/uploads\/2025\/04\/54203464667_ba1979e4a0_c.jpg?fit=799%2C533&ssl=1&resize=700%2C400 2x"},"classes":[]}],"jetpack_sharing_enabled":true,"jetpack_shortlink":"https:\/\/wp.me\/peQAOb-fD6","_links":{"self":[{"href":"https:\/\/noticiasribeiraopreto.com.br\/index.php\/wp-json\/wp\/v2\/posts\/60084","targetHints":{"allow":["GET"]}}],"collection":[{"href":"https:\/\/noticiasribeiraopreto.com.br\/index.php\/wp-json\/wp\/v2\/posts"}],"about":[{"href":"https:\/\/noticiasribeiraopreto.com.br\/index.php\/wp-json\/wp\/v2\/types\/post"}],"author":[{"embeddable":true,"href":"https:\/\/noticiasribeiraopreto.com.br\/index.php\/wp-json\/wp\/v2\/users\/1"}],"replies":[{"embeddable":true,"href":"https:\/\/noticiasribeiraopreto.com.br\/index.php\/wp-json\/wp\/v2\/comments?post=60084"}],"version-history":[{"count":0,"href":"https:\/\/noticiasribeiraopreto.com.br\/index.php\/wp-json\/wp\/v2\/posts\/60084\/revisions"}],"wp:featuredmedia":[{"embeddable":true,"href":"https:\/\/noticiasribeiraopreto.com.br\/index.php\/wp-json\/wp\/v2\/media\/60085"}],"wp:attachment":[{"href":"https:\/\/noticiasribeiraopreto.com.br\/index.php\/wp-json\/wp\/v2\/media?parent=60084"}],"wp:term":[{"taxonomy":"category","embeddable":true,"href":"https:\/\/noticiasribeiraopreto.com.br\/index.php\/wp-json\/wp\/v2\/categories?post=60084"},{"taxonomy":"post_tag","embeddable":true,"href":"https:\/\/noticiasribeiraopreto.com.br\/index.php\/wp-json\/wp\/v2\/tags?post=60084"}],"curies":[{"name":"wp","href":"https:\/\/api.w.org\/{rel}","templated":true}]}}