{"id":60088,"date":"2024-11-05T18:32:50","date_gmt":"2024-11-05T21:32:50","guid":{"rendered":"https:\/\/noticiasribeiraopreto.com.br\/index.php\/2024\/11\/05\/prorrogado-o-prazo-para-as-mulheres-de-ribeirao-agendarem-exame-de-mamografia-gratuito\/"},"modified":"2024-11-05T18:32:50","modified_gmt":"2024-11-05T21:32:50","slug":"prorrogado-o-prazo-para-as-mulheres-de-ribeirao-agendarem-exame-de-mamografia-gratuito","status":"publish","type":"post","link":"https:\/\/noticiasribeiraopreto.com.br\/index.php\/2024\/11\/05\/prorrogado-o-prazo-para-as-mulheres-de-ribeirao-agendarem-exame-de-mamografia-gratuito\/","title":{"rendered":"Prorrogado o prazo para as mulheres de Ribeir\u00e3o agendarem exame de mamografia gratuito"},"content":{"rendered":"<p> <br \/>\n<\/p>\n<div data-td-block-uid=\"tdi_106\">\n<div class=\"tdb-block-inner td-fix-index\">\n<p><strong>Mulheres que est\u00e3o h\u00e1 dois anos ou mais sem realizar exame de mamografia<\/strong>, com <strong>idade entre 50 e 69<\/strong>, <mark style=\"background-color:#fcb900\" class=\"has-inline-color\">ainda podem realizar o agendamento do exame gratuito atrav\u00e9s do site da Prefeitura de Ribeir\u00e3o Preto<\/mark>, at\u00e9 o dia <strong>14 de novembro.<\/strong><\/p>\n<p>A <strong>a\u00e7\u00e3o acontece exclusivamente para mulheres resisdentes da cidade de Ribeir\u00e3o Preto.<\/strong> O\u00a0objetivo \u00e9 <strong>compartilhar informa\u00e7\u00f5es <\/strong>e <strong>proporcionar maior acesso aos servi\u00e7os de diagn\u00f3stico e tratamento<\/strong>, contribuindo para a redu\u00e7\u00e3o da mortalidade pelo C\u00e2ncer de Mama.<\/p>\n<h4 class=\"wp-block-heading\"><strong>Como agendar?<\/strong><\/h4>\n<p>As interessadas devem acessar o\u00a0<a href=\"https:\/\/authkey.coderp.sp.gov.br\/coderpsso\/realms\/CODERP\/protocol\/openid-connect\/auth?scope=openid+email+profile&amp;response_type=code&amp;client_id=cadastro-vacina&amp;redirect_uri=http%3A%2F%2Fwww.ribeiraopreto.sp.gov.br%2Fagendamento%2FCallback&amp;state=624e5ad4-0611-4f4d-89b8-44870d3d276d&amp;nonce=W4NJ6BVWcVR_YLOGyKaaa1y0XMwi6loa8tA61WsrGj0&amp;display=page\" target=\"_blank\" rel=\"noreferrer noopener\">site\u00a0<\/a>e realizar a inscri\u00e7\u00e3o.\u00a0Ap\u00f3s o agendamento,\u00a0<strong>a Unidade de Sa\u00fade entrar\u00e1 em contato<\/strong>, em at\u00e9 90 dias, informando <strong>data<\/strong>, <strong>local <\/strong>e <strong>hor\u00e1rio <\/strong>da realiza\u00e7\u00e3o do exame.<\/p>\n<p><strong>\u00c9 importante lembrar <\/strong>que\u00a0nenhuma mulher deve ter queixas de n\u00f3dulos ou outras altera\u00e7\u00f5es nas mamas no momento.\u00a0<strong>Nesse caso, a interessada deve procurar a Unidade de Sa\u00fade mais pr\u00f3xima de sua resid\u00eancia para avalia\u00e7\u00e3o e conduta.<\/strong><\/p>\n<p>_______________________________________________________________________________<\/p>\n<p>SAIBA MAIS <\/p>\n<p>Saiba a situa\u00e7\u00e3o do plebiscito sobre o Centro Administrativo de Ribeir\u00e3o Preto<\/p>\n<h4 class=\"wp-block-heading\"><strong>FIQUE ON<\/strong><\/h4>\n<p>Fique ligado em tudo que acontece em Ribeir\u00e3o Preto e regi\u00e3o. Siga os perfis do\u00a0<strong>acidade on\u00a0<\/strong>no\u00a0<a href=\"https:\/\/www.instagram.com\/acidadeonribeirao\" target=\"_blank\" rel=\"noreferrer noopener\">Instagram<\/a>\u00a0e no\u00a0<a href=\"https:\/\/www.facebook.com\/acidadeonribeirao\/\" target=\"_blank\" rel=\"noreferrer noopener\">Facebook.<\/a><\/p>\n<p>Receba not\u00edcias do\u00a0<strong>acidade on<\/strong>\u00a0no WhatsApp.\u00a0<a href=\"https:\/\/chat.whatsapp.com\/Fg4ok3aAVyB59DP63pRapr\" target=\"_blank\" rel=\"noreferrer noopener\">Para entrar no grupo, basta clicar aqui.<\/a><\/p>\n<p>Fa\u00e7a uma den\u00fancia ou sugira uma reportagem sobre Ribeir\u00e3o Preto e regi\u00e3o pelo WhatsApp: 16 99117 7802.<\/p>\n<p>VEJA TAMB\u00c9M<\/p>\n<p>Como renegociar as d\u00edvidas nos Correios?<\/p>\n<p><!-- CONTENT END 1 -->\n<\/div>\n<\/div>\n<p><script async src=\"\/\/www.instagram.com\/embed.js\"><\/script><br \/>\n<br \/><br \/>\n<br \/><a href=\"https:\/\/www.acidadeon.com\/ribeiraopreto\/cotidiano\/prorrogado-o-prazo-para-as-mulheres-de-ribeirao-agendarem-exame-de-mamografia-gratuito\/\">Source link <\/a><\/p>\n","protected":false},"excerpt":{"rendered":"<p>Mulheres que est\u00e3o h\u00e1 dois anos ou mais sem realizar exame de mamografia, com idade entre 50 e 69, ainda podem realizar o agendamento do&#8230;<\/p>\n","protected":false},"author":1,"featured_media":58591,"comment_status":"open","ping_status":"open","sticky":false,"template":"","format":"standard","meta":{"advanced_seo_description":"","jetpack_seo_html_title":"","jetpack_seo_noindex":false,"jetpack_post_was_ever_published":false,"_jetpack_newsletter_access":"","_jetpack_dont_email_post_to_subs":false,"_jetpack_newsletter_tier_id":0,"_jetpack_memberships_contains_paywalled_content":false,"_jetpack_memberships_contains_paid_content":false,"footnotes":"","jetpack_publicize_message":"","jetpack_publicize_feature_enabled":true,"jetpack_social_post_already_shared":true,"jetpack_social_options":{"image_generator_settings":{"template":"highway","default_image_id":0,"font":"","enabled":false},"version":2}},"categories":[11],"tags":[],"class_list":["post-60088","post","type-post","status-publish","format-standard","has-post-thumbnail","hentry","category-noticias-de-ribeirao-preto-sp-e-regiao-ismael-colosi"],"jetpack_publicize_connections":[],"jetpack_featured_media_url":"https:\/\/i0.wp.com\/noticiasribeiraopreto.com.br\/wp-content\/uploads\/2024\/10\/world-cancer-day-awareness-with-patient_2024-10-01_19-29-50_jpg_2024-10-01_19-29-52-scaled.webp.webp?fit=2560%2C1707&ssl=1","jetpack-related-posts":[{"id":79809,"url":"https:\/\/noticiasribeiraopreto.com.br\/index.php\/2025\/11\/07\/ribeirao-preto-amplia-prazo-de-agendamento-para-exames-gratuito-de-mamografia\/","url_meta":{"origin":60088,"position":0},"title":"Ribeir\u00e3o Preto amplia prazo de agendamento para exames gratuito de mamografia","author":"noticiasribeiraopreto.com.br","date":"7 de November de 2025","format":false,"excerpt":"Mesmo ap\u00f3s o t\u00e9rmino do Outubro Rosa, Ribeir\u00e3o Preto mant\u00e9m o agendamento de mamografias gratuitas de rastreamento at\u00e9 dezembro. O exame est\u00e1 dispon\u00edvel para mulheres e homens trans entre 40 e 74 anos. O agendamento pode ser realizado pelo site da Secretaria Municipal da Sa\u00fade ou diretamente nas unidades de\u2026","rel":"","context":"In &quot;Not\u00edcias de Ribeir\u00e3o Preto-SP e Regi\u00e3o&quot;","block_context":{"text":"Not\u00edcias de Ribeir\u00e3o Preto-SP e Regi\u00e3o","link":"https:\/\/noticiasribeiraopreto.com.br\/index.php\/category\/noticias-de-ribeirao-preto-sp-e-regiao-ismael-colosi\/"},"img":{"alt_text":"","src":"https:\/\/i0.wp.com\/noticiasribeiraopreto.com.br\/wp-content\/uploads\/2025\/11\/palace-24_2025-11-07_19-31-20.webp.webp?fit=1200%2C675&ssl=1&resize=350%2C200","width":350,"height":200,"srcset":"https:\/\/i0.wp.com\/noticiasribeiraopreto.com.br\/wp-content\/uploads\/2025\/11\/palace-24_2025-11-07_19-31-20.webp.webp?fit=1200%2C675&ssl=1&resize=350%2C200 1x, https:\/\/i0.wp.com\/noticiasribeiraopreto.com.br\/wp-content\/uploads\/2025\/11\/palace-24_2025-11-07_19-31-20.webp.webp?fit=1200%2C675&ssl=1&resize=525%2C300 1.5x, https:\/\/i0.wp.com\/noticiasribeiraopreto.com.br\/wp-content\/uploads\/2025\/11\/palace-24_2025-11-07_19-31-20.webp.webp?fit=1200%2C675&ssl=1&resize=700%2C400 2x, https:\/\/i0.wp.com\/noticiasribeiraopreto.com.br\/wp-content\/uploads\/2025\/11\/palace-24_2025-11-07_19-31-20.webp.webp?fit=1200%2C675&ssl=1&resize=1050%2C600 3x"},"classes":[]},{"id":78218,"url":"https:\/\/noticiasribeiraopreto.com.br\/index.php\/2025\/10\/04\/ribeirao-oferece-mais-de-mil-vagas-gratuitas-para-exames-de-mamografia-veja-como-se-inscrever\/","url_meta":{"origin":60088,"position":1},"title":"Ribeir\u00e3o oferece mais de mil vagas gratuitas para exames de mamografia; Veja como se inscrever","author":"noticiasribeiraopreto.com.br","date":"4 de October de 2025","format":false,"excerpt":"A Prefeitura de Ribeir\u00e3o Preto oferece 1.200 vagas para exames de mamografia gratuitos. A iniciativa integra a campanha Outubro Rosa 2025, que tamb\u00e9m contar\u00e1 com a\u00e7\u00f5es de conscientiza\u00e7\u00e3o e atividades nas unidades de sa\u00fade. As vagas s\u00e3o voltadas a mulheres e homens transexuais, com idade entre 40 e 74 anos,\u2026","rel":"","context":"In &quot;Not\u00edcias de Ribeir\u00e3o Preto-SP e Regi\u00e3o&quot;","block_context":{"text":"Not\u00edcias de Ribeir\u00e3o Preto-SP e Regi\u00e3o","link":"https:\/\/noticiasribeiraopreto.com.br\/index.php\/category\/noticias-de-ribeirao-preto-sp-e-regiao-ismael-colosi\/"},"img":{"alt_text":"","src":"https:\/\/i0.wp.com\/noticiasribeiraopreto.com.br\/wp-content\/uploads\/2025\/10\/world-cancer-day-awareness-with-patient_2024-10-01_19-29-50_jpg_2024-10-01_19-29-52-1024x683.webp.webp?fit=1024%2C683&ssl=1&resize=350%2C200","width":350,"height":200,"srcset":"https:\/\/i0.wp.com\/noticiasribeiraopreto.com.br\/wp-content\/uploads\/2025\/10\/world-cancer-day-awareness-with-patient_2024-10-01_19-29-50_jpg_2024-10-01_19-29-52-1024x683.webp.webp?fit=1024%2C683&ssl=1&resize=350%2C200 1x, https:\/\/i0.wp.com\/noticiasribeiraopreto.com.br\/wp-content\/uploads\/2025\/10\/world-cancer-day-awareness-with-patient_2024-10-01_19-29-50_jpg_2024-10-01_19-29-52-1024x683.webp.webp?fit=1024%2C683&ssl=1&resize=525%2C300 1.5x, https:\/\/i0.wp.com\/noticiasribeiraopreto.com.br\/wp-content\/uploads\/2025\/10\/world-cancer-day-awareness-with-patient_2024-10-01_19-29-50_jpg_2024-10-01_19-29-52-1024x683.webp.webp?fit=1024%2C683&ssl=1&resize=700%2C400 2x"},"classes":[]},{"id":84022,"url":"https:\/\/noticiasribeiraopreto.com.br\/index.php\/2026\/03\/31\/cidades-da-regiao-de-ribeirao-preto-recebem-a-carreta-da-mamografia\/","url_meta":{"origin":60088,"position":2},"title":"Cidades da regi\u00e3o de Ribeir\u00e3o Preto recebem a carreta da mamografia","author":"noticiasribeiraopreto.com.br","date":"31 de March de 2026","format":false,"excerpt":"Ler o resumo da not\u00edcia Carretas da mamografia atendem mulheres em Santa Rosa do Viterbo (31\/03 a 11\/04) e Cajuru (14 a 25\/04), na regi\u00e3o de Ribeir\u00e3o Preto. P\u00fablico-alvo: mulheres acima de 35 anos que n\u00e3o fizeram exame nos \u00faltimos 12 meses; novas normas permitem atendimento sem pedido m\u00e9dico para\u2026","rel":"","context":"In &quot;Not\u00edcias de Ribeir\u00e3o Preto-SP e Regi\u00e3o&quot;","block_context":{"text":"Not\u00edcias de Ribeir\u00e3o Preto-SP e Regi\u00e3o","link":"https:\/\/noticiasribeiraopreto.com.br\/index.php\/category\/noticias-de-ribeirao-preto-sp-e-regiao-ismael-colosi\/"},"img":{"alt_text":"","src":"https:\/\/i0.wp.com\/noticiasribeiraopreto.com.br\/wp-content\/uploads\/2026\/03\/54033630180_1c22160734_k-1024x683-1_2026-03-31_12-06-34.webp.webp?fit=1024%2C683&ssl=1&resize=350%2C200","width":350,"height":200,"srcset":"https:\/\/i0.wp.com\/noticiasribeiraopreto.com.br\/wp-content\/uploads\/2026\/03\/54033630180_1c22160734_k-1024x683-1_2026-03-31_12-06-34.webp.webp?fit=1024%2C683&ssl=1&resize=350%2C200 1x, https:\/\/i0.wp.com\/noticiasribeiraopreto.com.br\/wp-content\/uploads\/2026\/03\/54033630180_1c22160734_k-1024x683-1_2026-03-31_12-06-34.webp.webp?fit=1024%2C683&ssl=1&resize=525%2C300 1.5x, https:\/\/i0.wp.com\/noticiasribeiraopreto.com.br\/wp-content\/uploads\/2026\/03\/54033630180_1c22160734_k-1024x683-1_2026-03-31_12-06-34.webp.webp?fit=1024%2C683&ssl=1&resize=700%2C400 2x"},"classes":[]},{"id":68845,"url":"https:\/\/noticiasribeiraopreto.com.br\/index.php\/2025\/04\/29\/moradoras-de-cidade-da-regiao-de-ribeirao-podem-fazer-mamografia-gratuita-saiba-como\/","url_meta":{"origin":60088,"position":3},"title":"Moradoras de cidade da regi\u00e3o de Ribeir\u00e3o podem fazer mamografia gratuita; saiba como","author":"noticiasribeiraopreto.com.br","date":"29 de April de 2025","format":false,"excerpt":"A Carreta de Mamografia est\u00e1 em Serrana, na regi\u00e3o de Ribeir\u00e3o Preto, entre os dias 29 de abril e 10 de maio de 2025. A unidade m\u00f3vel fica estacionada na rua Dr. Tancredo de Almeida Neves, n\u00ba 176, com atendimento gratuito voltado \u00e0 preven\u00e7\u00e3o e ao diagn\u00f3stico precoce do c\u00e2ncer\u2026","rel":"","context":"In &quot;Not\u00edcias de Ribeir\u00e3o Preto-SP e Regi\u00e3o&quot;","block_context":{"text":"Not\u00edcias de Ribeir\u00e3o Preto-SP e Regi\u00e3o","link":"https:\/\/noticiasribeiraopreto.com.br\/index.php\/category\/noticias-de-ribeirao-preto-sp-e-regiao-ismael-colosi\/"},"img":{"alt_text":"","src":"https:\/\/i0.wp.com\/noticiasribeiraopreto.com.br\/wp-content\/uploads\/2025\/04\/Copia-de-Copia-de-Copia-de-TAMANHO-EXATO-PARA-FOTOS-NO-SISTEMA-NOVO-26_2025-04-29_20-05-07.webp.webp?fit=1200%2C675&ssl=1&resize=350%2C200","width":350,"height":200,"srcset":"https:\/\/i0.wp.com\/noticiasribeiraopreto.com.br\/wp-content\/uploads\/2025\/04\/Copia-de-Copia-de-Copia-de-TAMANHO-EXATO-PARA-FOTOS-NO-SISTEMA-NOVO-26_2025-04-29_20-05-07.webp.webp?fit=1200%2C675&ssl=1&resize=350%2C200 1x, https:\/\/i0.wp.com\/noticiasribeiraopreto.com.br\/wp-content\/uploads\/2025\/04\/Copia-de-Copia-de-Copia-de-TAMANHO-EXATO-PARA-FOTOS-NO-SISTEMA-NOVO-26_2025-04-29_20-05-07.webp.webp?fit=1200%2C675&ssl=1&resize=525%2C300 1.5x, https:\/\/i0.wp.com\/noticiasribeiraopreto.com.br\/wp-content\/uploads\/2025\/04\/Copia-de-Copia-de-Copia-de-TAMANHO-EXATO-PARA-FOTOS-NO-SISTEMA-NOVO-26_2025-04-29_20-05-07.webp.webp?fit=1200%2C675&ssl=1&resize=700%2C400 2x, https:\/\/i0.wp.com\/noticiasribeiraopreto.com.br\/wp-content\/uploads\/2025\/04\/Copia-de-Copia-de-Copia-de-TAMANHO-EXATO-PARA-FOTOS-NO-SISTEMA-NOVO-26_2025-04-29_20-05-07.webp.webp?fit=1200%2C675&ssl=1&resize=1050%2C600 3x"},"classes":[]},{"id":58590,"url":"https:\/\/noticiasribeiraopreto.com.br\/index.php\/2024\/10\/01\/ribeirao-preto-tera-acoes-de-prevencao-ao-cancer-de-mama\/","url_meta":{"origin":60088,"position":4},"title":"Ribeir\u00e3o Preto ter\u00e1 a\u00e7\u00f5es de preven\u00e7\u00e3o ao c\u00e2ncer de mama","author":"noticiasribeiraopreto.com.br","date":"1 de October de 2024","format":false,"excerpt":"Ribeir\u00e3o Preto ter\u00e1 a\u00e7\u00f5es para facilitar a realiza\u00e7\u00e3o de exames, com foco na preven\u00e7\u00e3o e detec\u00e7\u00e3o precoce do c\u00e2ncer de mama. Uma ser\u00e1 feita pela Prefeitura da cidade e a outra ser\u00e1 realizada pela carreta do Hospital de Amor de Barretos. A\u00e7\u00e3o da Prefeitura de Ribeir\u00e3o Preto A Secretaria Municipal\u2026","rel":"","context":"In &quot;Not\u00edcias de Ribeir\u00e3o Preto-SP e Regi\u00e3o&quot;","block_context":{"text":"Not\u00edcias de Ribeir\u00e3o Preto-SP e Regi\u00e3o","link":"https:\/\/noticiasribeiraopreto.com.br\/index.php\/category\/noticias-de-ribeirao-preto-sp-e-regiao-ismael-colosi\/"},"img":{"alt_text":"","src":"https:\/\/i0.wp.com\/noticiasribeiraopreto.com.br\/wp-content\/uploads\/2024\/10\/world-cancer-day-awareness-with-patient_2024-10-01_19-29-50_jpg_2024-10-01_19-29-52-scaled.webp.webp?fit=1200%2C800&ssl=1&resize=350%2C200","width":350,"height":200,"srcset":"https:\/\/i0.wp.com\/noticiasribeiraopreto.com.br\/wp-content\/uploads\/2024\/10\/world-cancer-day-awareness-with-patient_2024-10-01_19-29-50_jpg_2024-10-01_19-29-52-scaled.webp.webp?fit=1200%2C800&ssl=1&resize=350%2C200 1x, https:\/\/i0.wp.com\/noticiasribeiraopreto.com.br\/wp-content\/uploads\/2024\/10\/world-cancer-day-awareness-with-patient_2024-10-01_19-29-50_jpg_2024-10-01_19-29-52-scaled.webp.webp?fit=1200%2C800&ssl=1&resize=525%2C300 1.5x, https:\/\/i0.wp.com\/noticiasribeiraopreto.com.br\/wp-content\/uploads\/2024\/10\/world-cancer-day-awareness-with-patient_2024-10-01_19-29-50_jpg_2024-10-01_19-29-52-scaled.webp.webp?fit=1200%2C800&ssl=1&resize=700%2C400 2x, https:\/\/i0.wp.com\/noticiasribeiraopreto.com.br\/wp-content\/uploads\/2024\/10\/world-cancer-day-awareness-with-patient_2024-10-01_19-29-50_jpg_2024-10-01_19-29-52-scaled.webp.webp?fit=1200%2C800&ssl=1&resize=1050%2C600 3x"},"classes":[]},{"id":78128,"url":"https:\/\/noticiasribeiraopreto.com.br\/index.php\/2025\/10\/02\/outubro-rosa-ribeirao-preto-recebe-carreta-do-hospital-de-amor-para-exames-gratuitos\/","url_meta":{"origin":60088,"position":5},"title":"Outubro Rosa: Ribeir\u00e3o Preto recebe carreta do Hospital de Amor para exames gratuitos","author":"noticiasribeiraopreto.com.br","date":"2 de October de 2025","format":false,"excerpt":"Ribeir\u00e3o Pretor recebe entre esta quinta-feira (2) e s\u00e1bado (4) a Carreta do Hospital de Amor, que oferece exames gratuitos de mamografia para preven\u00e7\u00e3o ao c\u00e2ncer de mama. A a\u00e7\u00e3o acontece em parceria com a Rede Savegnago Supermercados em celebra\u00e7\u00e3o \u00e0 campanha Outubro Rosa. Os atendimentos s\u00e3o voltados a mulheres\u2026","rel":"","context":"In &quot;Not\u00edcias de Ribeir\u00e3o Preto-SP e Regi\u00e3o&quot;","block_context":{"text":"Not\u00edcias de Ribeir\u00e3o Preto-SP e Regi\u00e3o","link":"https:\/\/noticiasribeiraopreto.com.br\/index.php\/category\/noticias-de-ribeirao-preto-sp-e-regiao-ismael-colosi\/"},"img":{"alt_text":"","src":"https:\/\/i0.wp.com\/noticiasribeiraopreto.com.br\/wp-content\/uploads\/2025\/10\/WhatsApp-Image-2025-10-02-at-11.08.38_2025-10-02_14-33-20.webp.webp?fit=1200%2C675&ssl=1&resize=350%2C200","width":350,"height":200,"srcset":"https:\/\/i0.wp.com\/noticiasribeiraopreto.com.br\/wp-content\/uploads\/2025\/10\/WhatsApp-Image-2025-10-02-at-11.08.38_2025-10-02_14-33-20.webp.webp?fit=1200%2C675&ssl=1&resize=350%2C200 1x, https:\/\/i0.wp.com\/noticiasribeiraopreto.com.br\/wp-content\/uploads\/2025\/10\/WhatsApp-Image-2025-10-02-at-11.08.38_2025-10-02_14-33-20.webp.webp?fit=1200%2C675&ssl=1&resize=525%2C300 1.5x, https:\/\/i0.wp.com\/noticiasribeiraopreto.com.br\/wp-content\/uploads\/2025\/10\/WhatsApp-Image-2025-10-02-at-11.08.38_2025-10-02_14-33-20.webp.webp?fit=1200%2C675&ssl=1&resize=700%2C400 2x, https:\/\/i0.wp.com\/noticiasribeiraopreto.com.br\/wp-content\/uploads\/2025\/10\/WhatsApp-Image-2025-10-02-at-11.08.38_2025-10-02_14-33-20.webp.webp?fit=1200%2C675&ssl=1&resize=1050%2C600 3x"},"classes":[]}],"jetpack_sharing_enabled":true,"jetpack_shortlink":"https:\/\/wp.me\/peQAOb-fDa","_links":{"self":[{"href":"https:\/\/noticiasribeiraopreto.com.br\/index.php\/wp-json\/wp\/v2\/posts\/60088","targetHints":{"allow":["GET"]}}],"collection":[{"href":"https:\/\/noticiasribeiraopreto.com.br\/index.php\/wp-json\/wp\/v2\/posts"}],"about":[{"href":"https:\/\/noticiasribeiraopreto.com.br\/index.php\/wp-json\/wp\/v2\/types\/post"}],"author":[{"embeddable":true,"href":"https:\/\/noticiasribeiraopreto.com.br\/index.php\/wp-json\/wp\/v2\/users\/1"}],"replies":[{"embeddable":true,"href":"https:\/\/noticiasribeiraopreto.com.br\/index.php\/wp-json\/wp\/v2\/comments?post=60088"}],"version-history":[{"count":0,"href":"https:\/\/noticiasribeiraopreto.com.br\/index.php\/wp-json\/wp\/v2\/posts\/60088\/revisions"}],"wp:featuredmedia":[{"embeddable":true,"href":"https:\/\/noticiasribeiraopreto.com.br\/index.php\/wp-json\/wp\/v2\/media\/58591"}],"wp:attachment":[{"href":"https:\/\/noticiasribeiraopreto.com.br\/index.php\/wp-json\/wp\/v2\/media?parent=60088"}],"wp:term":[{"taxonomy":"category","embeddable":true,"href":"https:\/\/noticiasribeiraopreto.com.br\/index.php\/wp-json\/wp\/v2\/categories?post=60088"},{"taxonomy":"post_tag","embeddable":true,"href":"https:\/\/noticiasribeiraopreto.com.br\/index.php\/wp-json\/wp\/v2\/tags?post=60088"}],"curies":[{"name":"wp","href":"https:\/\/api.w.org\/{rel}","templated":true}]}}