{"id":6009,"date":"2023-11-24T21:51:32","date_gmt":"2023-11-25T00:51:32","guid":{"rendered":"https:\/\/noticiasribeiraopreto.com.br\/index.php\/2023\/11\/24\/este-streaming-vai-encerrar-as-operacoes-no-brasil-em-dezembro\/"},"modified":"2023-11-24T21:51:32","modified_gmt":"2023-11-25T00:51:32","slug":"este-streaming-vai-encerrar-as-operacoes-no-brasil-em-dezembro","status":"publish","type":"post","link":"https:\/\/noticiasribeiraopreto.com.br\/index.php\/2023\/11\/24\/este-streaming-vai-encerrar-as-operacoes-no-brasil-em-dezembro\/","title":{"rendered":"Este streaming vai encerrar as opera\u00e7\u00f5es no Brasil em dezembro"},"content":{"rendered":"<div class='code-block code-block-1' style='margin: 8px 0 8px auto; text-align: right; display: block; clear: both;'>\n<p><a href=\"https:\/\/wa.link\/vpicfd\"><img data-recalc-dims=\"1\" class=\"wp-image-4922\" style=\"aspect-ratio: 2.0253164556962027; width: 561px; height: auto;\" src=\"https:\/\/i0.wp.com\/ismaelcolosi.com.br\/wp-content\/uploads\/2023\/11\/grupo-de-empregos-whatsapp-e-facebook-ismael-colosi-vagas.jpg?ssl=1\" alt=\"\" \/><\/a><\/p>\n<!-- \/wp:image -->\n<\/div>\n<p> <br \/>\n<\/p>\n<div>\n<div id=\"attachment_2314090\" class=\"wp-caption alignnone\">\n<div class=\"d-flex justify-content-center\" data-attachment-id=\"2314090\">\n<div class=\"position-relative d-inline-block\"><img data-recalc-dims=\"1\" data-portal-copyright=\"Depositphotos\/NewAfrica\" decoding=\"async\" fetchpriority=\"high\" class=\"size-full wp-image-2314090\" src=\"https:\/\/i0.wp.com\/catracalivre.com.br\/wp-content\/uploads\/2023\/11\/depositphotos-376847286-xl-scaled.jpg?resize=2560%2C1740&#038;ssl=1\" alt=\"Streaming vai encerrar as opera\u00e7\u00f5es no Brasil em dezembro\" width=\"2560\" height=\"1740\" srcset=\"https:\/\/catracalivre.com.br\/wp-content\/uploads\/2023\/11\/depositphotos-376847286-xl-scaled.jpg 2560w, https:\/\/catracalivre.com.br\/wp-content\/uploads\/2023\/11\/depositphotos-376847286-xl-450x306.jpg 450w, https:\/\/catracalivre.com.br\/wp-content\/uploads\/2023\/11\/depositphotos-376847286-xl-768x522.jpg 768w\" sizes=\"(max-width: 2560px) 100vw, 2560px\"\/><\/p>\n<p>Cr\u00e9ditos: Depositphotos\/NewAfrica<\/p>\n<\/div>\n<\/div>\n<p><span class=\"post-imagem__legenda\">Streaming vai encerrar as opera\u00e7\u00f5es no Brasil em dezembro<\/span><\/p>\n<\/div>\n<p>A plataforma de streaming, <a href=\"https:\/\/www.lionsgateplus.com\/br\/pt\/\" target=\"_blank\" rel=\"noopener\">Lionsgate+<\/a>, anunciou que encerrar\u00e1 suas atividades no Brasil e em toda a <a href=\"https:\/\/catracalivre.com.br\/viagem-livre\/8-passeios-de-trem-para-fazer-no-brasil-e-na-america-do-sul\/\" target=\"_blank\" rel=\"noopener\">Am\u00e9rica Latina<\/a>. Em uma decis\u00e3o que pegou muitos de surpresa, a empresa revelou que deixar\u00e1 a regi\u00e3o no final deste ano, com data marcada para 11 de dezembro.<\/p>\n<p>Havia rumores circulando h\u00e1 algum tempo que a Lionsgate+ poderia retirar seus servi\u00e7os da Am\u00e9rica Latina.<\/p>\n<h2>O motivo da sa\u00edda da Lionsgate+ no Brasil<\/h2>\n<p>A decis\u00e3o foi revelada durante a apresenta\u00e7\u00e3o do \u00faltimo relat\u00f3rio financeiro da Lionsgate+, onde a empresa justificou sua a\u00e7\u00e3o em conex\u00e3o com um processo de <a href=\"https:\/\/catracalivre.com.br\/entretenimento\/netflix-surpreende-ao-anunciar-fim-de-um-de-seus-planos-de-assinatura\/\" target=\"_blank\" rel=\"noopener\">reestrutura\u00e7\u00e3o<\/a>.<\/p>\n<p>A companhia est\u00e1 buscando consolidar seu foco nas regi\u00f5es onde possui uma base de p\u00fablico maior, especificamente, Estados Unidos e Canad\u00e1.<\/p>\n<p>No entanto, isso n\u00e3o significa que o conte\u00fado da Lionsgate+ desaparecer\u00e1 para os brasileiros completamente. Segundo a empresa, o cat\u00e1logo do servi\u00e7o continuar\u00e1 dispon\u00edvel no Brasil atrav\u00e9s de um licenciamento com \u201cum grande player do mercado\u201d, que, no entanto, ainda n\u00e3o foi revelado.<\/p>\n<div id=\"attachment_2314091\" class=\"wp-caption alignnone\">\n<div class=\"d-flex justify-content-center\" data-attachment-id=\"2314091\">\n<div class=\"position-relative d-inline-block\"><img data-recalc-dims=\"1\" loading=\"lazy\" data-portal-copyright=\"Reprodu\u00e7\u00e3o\/LIONSGATE+ \" decoding=\"async\" class=\"size-full wp-image-2314091\" src=\"https:\/\/i0.wp.com\/catracalivre.com.br\/wp-content\/uploads\/2023\/11\/fotos-catraca-2023-11-24t150308189.png?resize=1200%2C660&#038;ssl=1\" alt=\"O LIONSGATE+ est\u00e1 saindo do Brasil\" width=\"1200\" height=\"660\" srcset=\"https:\/\/catracalivre.com.br\/wp-content\/uploads\/2023\/11\/fotos-catraca-2023-11-24t150308189.png 1200w, https:\/\/catracalivre.com.br\/wp-content\/uploads\/2023\/11\/fotos-catraca-2023-11-24t150308189-450x248.png 450w, https:\/\/catracalivre.com.br\/wp-content\/uploads\/2023\/11\/fotos-catraca-2023-11-24t150308189-768x422.png 768w\" sizes=\"auto, (max-width: 1200px) 100vw, 1200px\"\/><\/p>\n<p>Cr\u00e9ditos: Reprodu\u00e7\u00e3o\/LIONSGATE+ <\/p>\n<\/div>\n<\/div>\n<p><span class=\"post-imagem__legenda\">O LIONSGATE+ est\u00e1 saindo do Brasil<\/span><\/p>\n<\/div>\n<h2>Trajet\u00f3ria do streaming no pa\u00eds<\/h2>\n<p>A hist\u00f3ria da Lionsgate+ no Brasil tem sido um desafio desde o in\u00edcio. A empresa se estabeleceu originalmente no pa\u00eds como a STARZ, sendo inicialmente oferecida como um canal aut\u00f4nomo ou como parte da Amazon Prime Video.<\/p>\n<p>Logo a plataforma passou por uma importante mudan\u00e7a: a altera\u00e7\u00e3o de seu nome. Tal transforma\u00e7\u00e3o foi consequ\u00eancia de uma disputa judicial com a Disney, que ocorreu no per\u00edodo de lan\u00e7amento do Star+.<\/p>\n<p>A Lionsgate+ se destacou no mercado de streaming por meio de seu cat\u00e1logo, que inclui franquias famosas como \u201cJohn Wick\u201d, \u201cA Saga Crep\u00fasculo\u201d e \u201cJogos Mortais\u201d, al\u00e9m de produ\u00e7\u00f5es originais, como a com\u00e9dia \u201cThe Great\u201d e a s\u00e9rie de suspense \u201cAs Bruxas de Mayfair\u201d, baseada em uma obra de Anne Rice.<\/p>\n<p>Com a conclus\u00e3o das opera\u00e7\u00f5es no Brasil, a Lionsgate+ agora est\u00e1 em busca de um distribuidor para licenciar seu conte\u00fado na regi\u00e3o. Ainda n\u00e3o se sabe quem assumir\u00e1 esse papel.<\/p>\n<\/div>\n<p><script>\n\t\t! function(f, b, e, v, n, t, s) {\n\t\t\tif (f.fbq) return;\n\t\t\tn = f.fbq = function() {\n\t\t\t\tn.callMethod ?\n\t\t\t\t\tn.callMethod.apply(n, arguments) : n.queue.push(arguments)\n\t\t\t};\n\t\t\tif (!f._fbq) f._fbq = n;\n\t\t\tn.push = n;\n\t\t\tn.loaded = !0;\n\t\t\tn.version = '2.0';\n\t\t\tn.queue = [];\n\t\t\tt = b.createElement(e);\n\t\t\tt.async = !0;\n\t\t\tt.src = v;\n\t\t\ts = b.getElementsByTagName(e)[0];\n\t\t\ts.parentNode.insertBefore(t, s)\n\t\t}(window, document, 'script',\n\t\t\t'https:\/\/connect.facebook.net\/en_US\/fbevents.js');\n\t\tfbq('init', '338315473262380');\n\t\tfbq('track', 'PageView');\n\t<\/script><br \/>\n<br \/><br \/>\n<br \/><a href=\"https:\/\/catracalivre.com.br\/entretenimento\/este-streaming-vai-encerrar-as-operacoes-no-brasil-em-dezembro\/\">Source link <\/a><\/p>\n<!-- CONTENT END 1 -->\n","protected":false},"excerpt":{"rendered":"<p>Cr\u00e9ditos: Depositphotos\/NewAfrica Streaming vai encerrar as opera\u00e7\u00f5es no Brasil em dezembro A plataforma de streaming, Lionsgate+, anunciou que encerrar\u00e1 suas atividades no Brasil e em&#8230;<\/p>\n","protected":false},"author":1,"featured_media":6010,"comment_status":"open","ping_status":"open","sticky":false,"template":"","format":"standard","meta":{"advanced_seo_description":"","jetpack_seo_html_title":"","jetpack_seo_noindex":false,"jetpack_post_was_ever_published":false,"_jetpack_newsletter_access":"","_jetpack_dont_email_post_to_subs":false,"_jetpack_newsletter_tier_id":0,"_jetpack_memberships_contains_paywalled_content":false,"_jetpack_memberships_contains_paid_content":false,"footnotes":"","jetpack_publicize_message":"","jetpack_publicize_feature_enabled":true,"jetpack_social_post_already_shared":true,"jetpack_social_options":{"image_generator_settings":{"template":"highway","default_image_id":0,"font":"","enabled":false},"version":2}},"categories":[19],"tags":[],"class_list":["post-6009","post","type-post","status-publish","format-standard","has-post-thumbnail","hentry","category-variedades"],"jetpack_publicize_connections":[],"jetpack_featured_media_url":"https:\/\/i0.wp.com\/noticiasribeiraopreto.com.br\/wp-content\/uploads\/2023\/11\/depositphotos-376847286-xl-scaled.jpg?fit=1200%2C638&ssl=1","jetpack-related-posts":[{"id":35618,"url":"https:\/\/noticiasribeiraopreto.com.br\/index.php\/2024\/02\/06\/petrobras-petr4-fecha-acordo-com-o-governo-e-vai-desembolsar-mais-de-r-800-milhoes-para-encerrar-disputa-judicial\/","url_meta":{"origin":6009,"position":0},"title":"Petrobras (PETR4) fecha acordo com o governo e vai desembolsar mais de R$ 800 milh\u00f5es para encerrar disputa judicial","author":"noticiasribeiraopreto.com.br","date":"6 de February de 2024","format":false,"excerpt":"Uma briga judicial entre a Petrobras (PETR4) e a Ag\u00eancia Nacional do Petr\u00f3leo, G\u00e1s Natural e Biocombust\u00edveis (ANP) que j\u00e1 dura oito anos enfim ser\u00e1 encerrada. Mas n\u00e3o sair\u00e1 barata para a empresa: custar\u00e1 ao menos R$ 832,4 milh\u00f5es. Esse \u00e9 o valor do acordo fechado entre as duas partes,\u2026","rel":"","context":"In &quot;Dinheiro e Investimento&quot;","block_context":{"text":"Dinheiro e Investimento","link":"https:\/\/noticiasribeiraopreto.com.br\/index.php\/category\/dinheiro-e-investimento-como-fazer-como-ganhar\/"},"img":{"alt_text":"","src":"https:\/\/i0.wp.com\/noticiasribeiraopreto.com.br\/wp-content\/uploads\/2024\/02\/petrobras-petr4-dinheiro-628x353.jpg?fit=628%2C353&ssl=1&resize=350%2C200","width":350,"height":200,"srcset":"https:\/\/i0.wp.com\/noticiasribeiraopreto.com.br\/wp-content\/uploads\/2024\/02\/petrobras-petr4-dinheiro-628x353.jpg?fit=628%2C353&ssl=1&resize=350%2C200 1x, https:\/\/i0.wp.com\/noticiasribeiraopreto.com.br\/wp-content\/uploads\/2024\/02\/petrobras-petr4-dinheiro-628x353.jpg?fit=628%2C353&ssl=1&resize=525%2C300 1.5x"},"classes":[]},{"id":21421,"url":"https:\/\/noticiasribeiraopreto.com.br\/index.php\/2023\/12\/27\/fim-de-uma-era-carrefour-anuncia-encerramento-de-operacoes-com-mega-saldao-de-despedida\/","url_meta":{"origin":6009,"position":1},"title":"Fim de uma era! Carrefour anuncia encerramento de opera\u00e7\u00f5es com MEGA SALD\u00c3O de despedida","author":"noticiasribeiraopreto.com.br","date":"27 de December de 2023","format":false,"excerpt":"Foto: Canva No \u00faltimo domingo (24), as unidades do Carrefour localizadas na Maraponga e no bairro de F\u00e1tima, em Fortaleza, vivenciaram uma movimenta\u00e7\u00e3o excepcionalmente intensa. Esse aumento no fluxo de clientes foi impulsionado pelo mega sald\u00e3o e a queima de estoque promovidos pela empresa. Este evento ocorre em um contexto\u2026","rel":"","context":"In &quot;Vagas de Emprego em Ribeir\u00e3o Preto-SP&quot;","block_context":{"text":"Vagas de Emprego em Ribeir\u00e3o Preto-SP","link":"https:\/\/noticiasribeiraopreto.com.br\/index.php\/category\/empregos-classificados-vagas-trabalho\/vagas-de-empregos-em-ribeirao-preto-regiao-brasil\/"},"img":{"alt_text":"","src":"https:\/\/i0.wp.com\/noticiasribeiraopreto.com.br\/wp-content\/uploads\/2023\/12\/Fim-de-uma-era-Carrefour-anuncia-encerramento-de-operacoes-com-MEGA-SALDAO-de-despedida-830x450.jpg?fit=830%2C450&ssl=1&resize=350%2C200","width":350,"height":200,"srcset":"https:\/\/i0.wp.com\/noticiasribeiraopreto.com.br\/wp-content\/uploads\/2023\/12\/Fim-de-uma-era-Carrefour-anuncia-encerramento-de-operacoes-com-MEGA-SALDAO-de-despedida-830x450.jpg?fit=830%2C450&ssl=1&resize=350%2C200 1x, https:\/\/i0.wp.com\/noticiasribeiraopreto.com.br\/wp-content\/uploads\/2023\/12\/Fim-de-uma-era-Carrefour-anuncia-encerramento-de-operacoes-com-MEGA-SALDAO-de-despedida-830x450.jpg?fit=830%2C450&ssl=1&resize=525%2C300 1.5x, https:\/\/i0.wp.com\/noticiasribeiraopreto.com.br\/wp-content\/uploads\/2023\/12\/Fim-de-uma-era-Carrefour-anuncia-encerramento-de-operacoes-com-MEGA-SALDAO-de-despedida-830x450.jpg?fit=830%2C450&ssl=1&resize=700%2C400 2x"},"classes":[]},{"id":42578,"url":"https:\/\/noticiasribeiraopreto.com.br\/index.php\/2024\/03\/15\/rede-de-supermercados-dia-vai-fechar-343-lojas-no-brasil-entenda-a-situacao\/","url_meta":{"origin":6009,"position":2},"title":"Rede de supermercados Dia vai fechar 343 lojas no Brasil; Entenda a situa\u00e7\u00e3o","author":"noticiasribeiraopreto.com.br","date":"15 de March de 2024","format":false,"excerpt":"O grupo espanhol de supermercados Dia anunciou, nessa quinta-feira (14), que decidiu encerrar as atividades de 343 lojas em todo o Brasil. O n\u00famero corresponde a mais da metade de estabelecimentos da marca no pa\u00eds. Al\u00e9m das unidades, tamb\u00e9m ser\u00e3o encerrados tr\u00eas armaz\u00e9ns do grupo. As 244 unidades que continuar\u00e3o\u2026","rel":"","context":"In &quot;Not\u00edcias de Ribeir\u00e3o Preto-SP e Regi\u00e3o&quot;","block_context":{"text":"Not\u00edcias de Ribeir\u00e3o Preto-SP e Regi\u00e3o","link":"https:\/\/noticiasribeiraopreto.com.br\/index.php\/category\/noticias-de-ribeirao-preto-sp-e-regiao-ismael-colosi\/"},"img":{"alt_text":"","src":"https:\/\/i0.wp.com\/noticiasribeiraopreto.com.br\/wp-content\/uploads\/2024\/03\/Dia-Ribeirao-Preto.png?fit=826%2C447&ssl=1&resize=350%2C200","width":350,"height":200,"srcset":"https:\/\/i0.wp.com\/noticiasribeiraopreto.com.br\/wp-content\/uploads\/2024\/03\/Dia-Ribeirao-Preto.png?fit=826%2C447&ssl=1&resize=350%2C200 1x, https:\/\/i0.wp.com\/noticiasribeiraopreto.com.br\/wp-content\/uploads\/2024\/03\/Dia-Ribeirao-Preto.png?fit=826%2C447&ssl=1&resize=525%2C300 1.5x, https:\/\/i0.wp.com\/noticiasribeiraopreto.com.br\/wp-content\/uploads\/2024\/03\/Dia-Ribeirao-Preto.png?fit=826%2C447&ssl=1&resize=700%2C400 2x"},"classes":[]},{"id":32735,"url":"https:\/\/noticiasribeiraopreto.com.br\/index.php\/2024\/01\/26\/copel-cple6-vai-desembolsar-quase-r-700-milhoes-para-encerrar-processo-judicial-bilionario-e-que-quase-foi-alvo-de-cpi\/","url_meta":{"origin":6009,"position":3},"title":"Copel (CPLE6) vai desembolsar quase R$ 700 milh\u00f5es para encerrar processo judicial bilion\u00e1rio \u2014 e que quase foi alvo de CPI","author":"noticiasribeiraopreto.com.br","date":"26 de January de 2024","format":false,"excerpt":"A Copel (CPLE6) decidiu desembolsar mais de meio bilh\u00e3o de reais para colocar fim a um processo aberto que corria h\u00e1 quase dez anos \u2014 e que quase foi alvo de investiga\u00e7\u00e3o no Paran\u00e1. A empresa de energia fechou um acordo para pagar R$ 672 milh\u00f5es para encerrar um processo\u2026","rel":"","context":"In &quot;Dinheiro e Investimento&quot;","block_context":{"text":"Dinheiro e Investimento","link":"https:\/\/noticiasribeiraopreto.com.br\/index.php\/category\/dinheiro-e-investimento-como-fazer-como-ganhar\/"},"img":{"alt_text":"","src":"https:\/\/i0.wp.com\/noticiasribeiraopreto.com.br\/wp-content\/uploads\/2024\/01\/Funcionarios-da-Copel.jpg?fit=715%2C401&ssl=1&resize=350%2C200","width":350,"height":200,"srcset":"https:\/\/i0.wp.com\/noticiasribeiraopreto.com.br\/wp-content\/uploads\/2024\/01\/Funcionarios-da-Copel.jpg?fit=715%2C401&ssl=1&resize=350%2C200 1x, https:\/\/i0.wp.com\/noticiasribeiraopreto.com.br\/wp-content\/uploads\/2024\/01\/Funcionarios-da-Copel.jpg?fit=715%2C401&ssl=1&resize=525%2C300 1.5x, https:\/\/i0.wp.com\/noticiasribeiraopreto.com.br\/wp-content\/uploads\/2024\/01\/Funcionarios-da-Copel.jpg?fit=715%2C401&ssl=1&resize=700%2C400 2x"},"classes":[]},{"id":26658,"url":"https:\/\/noticiasribeiraopreto.com.br\/index.php\/2024\/01\/10\/amazon-vai-demitir-centenas-de-funcionarios-de-suas-operacoes-de-streaming-e-estudio\/","url_meta":{"origin":6009,"position":4},"title":"Amazon vai demitir centenas de funcion\u00e1rios de suas opera\u00e7\u00f5es de streaming e est\u00fadio","author":"noticiasribeiraopreto.com.br","date":"10 de January de 2024","format":false,"excerpt":"A Amazon.com demitir\u00e1 v\u00e1rias centenas de funcion\u00e1rios em suas opera\u00e7\u00f5es de streaming e est\u00fadio, conforme comunicado interno da empresa nesta quarta-feira. Os funcion\u00e1rios dispensados do Prime Video e Amazon MGM Studios nas Am\u00e9ricas ser\u00e3o informados nesta quarta-feira e at\u00e9 o final da semana na maioria das outras regi\u00f5es. Siga o\u2026","rel":"","context":"In &quot;Blog&quot;","block_context":{"text":"Blog","link":"https:\/\/noticiasribeiraopreto.com.br\/index.php\/category\/blog\/"},"img":{"alt_text":"","src":"https:\/\/i0.wp.com\/noticiasribeiraopreto.com.br\/wp-content\/uploads\/2024\/01\/Amazon-reuters-1024x683.jpg?fit=1024%2C683&ssl=1&resize=350%2C200","width":350,"height":200,"srcset":"https:\/\/i0.wp.com\/noticiasribeiraopreto.com.br\/wp-content\/uploads\/2024\/01\/Amazon-reuters-1024x683.jpg?fit=1024%2C683&ssl=1&resize=350%2C200 1x, https:\/\/i0.wp.com\/noticiasribeiraopreto.com.br\/wp-content\/uploads\/2024\/01\/Amazon-reuters-1024x683.jpg?fit=1024%2C683&ssl=1&resize=525%2C300 1.5x, https:\/\/i0.wp.com\/noticiasribeiraopreto.com.br\/wp-content\/uploads\/2024\/01\/Amazon-reuters-1024x683.jpg?fit=1024%2C683&ssl=1&resize=700%2C400 2x"},"classes":[]},{"id":13779,"url":"https:\/\/noticiasribeiraopreto.com.br\/index.php\/2023\/12\/11\/prazo-para-renegociacao-esta-acabando\/","url_meta":{"origin":6009,"position":5},"title":"prazo para renegocia\u00e7\u00e3o est\u00e1 acabando","author":"noticiasribeiraopreto.com.br","date":"11 de December de 2023","format":false,"excerpt":"Cr\u00e9ditos: Jo\u00e9dson Alves\/Ag\u00eancia BrasilDesenrola tem novidade SURPREENDENTE O Desenrola Brasil, um dos programas mais relevantes de renegocia\u00e7\u00e3o de d\u00edvidas do pa\u00eds, est\u00e1 em plena a\u00e7\u00e3o, oferecendo uma oportunidade crucial para milhares de brasileiros reorganizarem suas vidas financeiras. Contudo, \u00e9 crucial estar ciente de que o programa tem um prazo definido\u2026","rel":"","context":"In &quot;Variedades&quot;","block_context":{"text":"Variedades","link":"https:\/\/noticiasribeiraopreto.com.br\/index.php\/category\/variedades\/"},"img":{"alt_text":"","src":"https:\/\/i0.wp.com\/noticiasribeiraopreto.com.br\/wp-content\/uploads\/2023\/12\/1702296771_mutirao-no-desenrola-vai-negociar-dividas-de-ate-r-20-mil-veja-quando.png?fit=1200%2C638&ssl=1&resize=350%2C200","width":350,"height":200,"srcset":"https:\/\/i0.wp.com\/noticiasribeiraopreto.com.br\/wp-content\/uploads\/2023\/12\/1702296771_mutirao-no-desenrola-vai-negociar-dividas-de-ate-r-20-mil-veja-quando.png?fit=1200%2C638&ssl=1&resize=350%2C200 1x, https:\/\/i0.wp.com\/noticiasribeiraopreto.com.br\/wp-content\/uploads\/2023\/12\/1702296771_mutirao-no-desenrola-vai-negociar-dividas-de-ate-r-20-mil-veja-quando.png?fit=1200%2C638&ssl=1&resize=525%2C300 1.5x, https:\/\/i0.wp.com\/noticiasribeiraopreto.com.br\/wp-content\/uploads\/2023\/12\/1702296771_mutirao-no-desenrola-vai-negociar-dividas-de-ate-r-20-mil-veja-quando.png?fit=1200%2C638&ssl=1&resize=700%2C400 2x, https:\/\/i0.wp.com\/noticiasribeiraopreto.com.br\/wp-content\/uploads\/2023\/12\/1702296771_mutirao-no-desenrola-vai-negociar-dividas-de-ate-r-20-mil-veja-quando.png?fit=1200%2C638&ssl=1&resize=1050%2C600 3x"},"classes":[]}],"jetpack_sharing_enabled":true,"jetpack_shortlink":"https:\/\/wp.me\/peQAOb-1yV","_links":{"self":[{"href":"https:\/\/noticiasribeiraopreto.com.br\/index.php\/wp-json\/wp\/v2\/posts\/6009","targetHints":{"allow":["GET"]}}],"collection":[{"href":"https:\/\/noticiasribeiraopreto.com.br\/index.php\/wp-json\/wp\/v2\/posts"}],"about":[{"href":"https:\/\/noticiasribeiraopreto.com.br\/index.php\/wp-json\/wp\/v2\/types\/post"}],"author":[{"embeddable":true,"href":"https:\/\/noticiasribeiraopreto.com.br\/index.php\/wp-json\/wp\/v2\/users\/1"}],"replies":[{"embeddable":true,"href":"https:\/\/noticiasribeiraopreto.com.br\/index.php\/wp-json\/wp\/v2\/comments?post=6009"}],"version-history":[{"count":0,"href":"https:\/\/noticiasribeiraopreto.com.br\/index.php\/wp-json\/wp\/v2\/posts\/6009\/revisions"}],"wp:featuredmedia":[{"embeddable":true,"href":"https:\/\/noticiasribeiraopreto.com.br\/index.php\/wp-json\/wp\/v2\/media\/6010"}],"wp:attachment":[{"href":"https:\/\/noticiasribeiraopreto.com.br\/index.php\/wp-json\/wp\/v2\/media?parent=6009"}],"wp:term":[{"taxonomy":"category","embeddable":true,"href":"https:\/\/noticiasribeiraopreto.com.br\/index.php\/wp-json\/wp\/v2\/categories?post=6009"},{"taxonomy":"post_tag","embeddable":true,"href":"https:\/\/noticiasribeiraopreto.com.br\/index.php\/wp-json\/wp\/v2\/tags?post=6009"}],"curies":[{"name":"wp","href":"https:\/\/api.w.org\/{rel}","templated":true}]}}