{"id":60091,"date":"2024-11-05T19:13:51","date_gmt":"2024-11-05T22:13:51","guid":{"rendered":"https:\/\/noticiasribeiraopreto.com.br\/index.php\/2024\/11\/05\/mulher-e-encontrada-morta-a-facadas-na-regiao-de-ribeirao-preto\/"},"modified":"2024-11-05T19:13:51","modified_gmt":"2024-11-05T22:13:51","slug":"mulher-e-encontrada-morta-a-facadas-na-regiao-de-ribeirao-preto","status":"publish","type":"post","link":"https:\/\/noticiasribeiraopreto.com.br\/index.php\/2024\/11\/05\/mulher-e-encontrada-morta-a-facadas-na-regiao-de-ribeirao-preto\/","title":{"rendered":"Mulher \u00e9 encontrada morta a facadas na regi\u00e3o de Ribeir\u00e3o Preto"},"content":{"rendered":"<p> <br \/>\n<\/p>\n<div data-td-block-uid=\"tdi_106\">\n<div class=\"tdb-block-inner td-fix-index\">\n<p><strong>Uma mulher de 54 anos foi encontrada morta a facadas na segunda-feira (4)<\/strong>, em\u00a0Barretos, na regi\u00e3o de <strong>Ribeir\u00e3o Preto.<\/strong> <mark style=\"background-color:#fcb900\" class=\"has-inline-color\">O principal suspeito pelo crime \u00e9 o atual companheiro dela<\/mark>, com quem ela <strong>estava h\u00e1 dois anos.<\/strong><\/p>\n<p>Ela apresentava\u00a0<strong>marcas no pesco\u00e7o, perna, bra\u00e7o e m\u00e3o<\/strong>. O filho do suspeito que acionou a Pol\u00edcia Militar.<\/p>\n<p>Segundo a delegada, o im\u00f3vel estava trancado por fora e, ao lado do corpo da v\u00edtima, foi encontrado um <strong>bilhete com o nome de um ex namorado da v\u00edtima<\/strong>. A suspeita \u00e9 de que o marido tinha ci\u00fames dele.<\/p>\n<p>O caso \u00e9 investigado como\u00a0<strong>feminic\u00eddio<\/strong> e o<strong> suspeito ainda n\u00e3o foi encontrado. <\/strong><\/p>\n<p>________________________________________________________________________________<\/p>\n<p>SAIBA MAIS <\/p>\n<p>Saiba a situa\u00e7\u00e3o do plebiscito sobre o Centro Administrativo de Ribeir\u00e3o Preto<\/p>\n<h4 class=\"wp-block-heading\"><strong>FIQUE ON<\/strong><\/h4>\n<p>Fique ligado em tudo que acontece em Ribeir\u00e3o Preto e regi\u00e3o. Siga os perfis do\u00a0<strong>acidade on\u00a0<\/strong>no\u00a0<a href=\"https:\/\/www.instagram.com\/acidadeonribeirao\" target=\"_blank\" rel=\"noreferrer noopener\">Instagram<\/a>\u00a0e no\u00a0<a href=\"https:\/\/www.facebook.com\/acidadeonribeirao\/\" target=\"_blank\" rel=\"noreferrer noopener\">Facebook.<\/a><\/p>\n<p>Receba not\u00edcias do\u00a0<strong>acidade on<\/strong>\u00a0no WhatsApp.\u00a0<a href=\"https:\/\/chat.whatsapp.com\/Fg4ok3aAVyB59DP63pRapr\" target=\"_blank\" rel=\"noreferrer noopener\">Para entrar no grupo, basta clicar aqui.<\/a><\/p>\n<p>Fa\u00e7a uma den\u00fancia ou sugira uma reportagem sobre Ribeir\u00e3o Preto e regi\u00e3o pelo WhatsApp: 16 99117 7802.<\/p>\n<p>VEJA TAMB\u00c9M<\/p>\n<p>Como renegociar as d\u00edvidas nos Correios?<\/p>\n<p><!-- CONTENT END 1 -->\n<\/div>\n<\/div>\n<p><script async src=\"\/\/www.instagram.com\/embed.js\"><\/script><br \/>\n<br \/><br \/>\n<br \/><a href=\"https:\/\/www.acidadeon.com\/ribeiraopreto\/cotidiano\/mulher-e-encontrada-morta-a-facadas-na-regiao-de-ribeirao-preto\/\">Source link <\/a><\/p>\n","protected":false},"excerpt":{"rendered":"<p>Uma mulher de 54 anos foi encontrada morta a facadas na segunda-feira (4), em\u00a0Barretos, na regi\u00e3o de Ribeir\u00e3o Preto. O principal suspeito pelo crime \u00e9&#8230;<\/p>\n","protected":false},"author":1,"featured_media":60092,"comment_status":"open","ping_status":"open","sticky":false,"template":"","format":"standard","meta":{"advanced_seo_description":"","jetpack_seo_html_title":"","jetpack_seo_noindex":false,"jetpack_post_was_ever_published":false,"_jetpack_newsletter_access":"","_jetpack_dont_email_post_to_subs":false,"_jetpack_newsletter_tier_id":0,"_jetpack_memberships_contains_paywalled_content":false,"_jetpack_memberships_contains_paid_content":false,"footnotes":"","jetpack_publicize_message":"","jetpack_publicize_feature_enabled":true,"jetpack_social_post_already_shared":true,"jetpack_social_options":{"image_generator_settings":{"template":"highway","default_image_id":0,"font":"","enabled":false},"version":2}},"categories":[11],"tags":[],"class_list":["post-60091","post","type-post","status-publish","format-standard","has-post-thumbnail","hentry","category-noticias-de-ribeirao-preto-sp-e-regiao-ismael-colosi"],"jetpack_publicize_connections":[],"jetpack_featured_media_url":"https:\/\/i0.wp.com\/noticiasribeiraopreto.com.br\/wp-content\/uploads\/2024\/11\/Design-sem-nome-2_2024-11-05_21-45-23_png_2024-11-05_21-45-23.webp.webp?fit=1068%2C601&ssl=1","jetpack-related-posts":[{"id":84272,"url":"https:\/\/noticiasribeiraopreto.com.br\/index.php\/2026\/04\/06\/mulher-e-morta-a-facadas-e-ex-marido-e-o-principal-suspeito-na-regiao-de-ribeirao-preto\/","url_meta":{"origin":60091,"position":0},"title":"Mulher \u00e9 morta a facadas e ex-marido \u00e9 o principal suspeito na regi\u00e3o de Ribeir\u00e3o Preto","author":"noticiasribeiraopreto.com.br","date":"6 de April de 2026","format":false,"excerpt":"Ler o resumo da not\u00edcia Mulher \u00e9 morta a facadas e ex-marido \u00e9 suspeito na regi\u00e3o de Ribeir\u00e3o Preto Uma mulher de 27 anos foi morta a facadas na tarde deste domingo (5), em Patroc\u00ednio Paulista, a 100 quil\u00f4metros de Ribeir\u00e3o Preto. O ex-marido da v\u00edtima, de 33 anos, \u00e9\u2026","rel":"","context":"In &quot;Not\u00edcias de Ribeir\u00e3o Preto-SP e Regi\u00e3o&quot;","block_context":{"text":"Not\u00edcias de Ribeir\u00e3o Preto-SP e Regi\u00e3o","link":"https:\/\/noticiasribeiraopreto.com.br\/index.php\/category\/noticias-de-ribeirao-preto-sp-e-regiao-ismael-colosi\/"},"img":{"alt_text":"","src":"https:\/\/i0.wp.com\/noticiasribeiraopreto.com.br\/wp-content\/uploads\/2026\/04\/lauane_2026-04-06_17-15-30.webp.webp?fit=1200%2C942&ssl=1&resize=350%2C200","width":350,"height":200,"srcset":"https:\/\/i0.wp.com\/noticiasribeiraopreto.com.br\/wp-content\/uploads\/2026\/04\/lauane_2026-04-06_17-15-30.webp.webp?fit=1200%2C942&ssl=1&resize=350%2C200 1x, https:\/\/i0.wp.com\/noticiasribeiraopreto.com.br\/wp-content\/uploads\/2026\/04\/lauane_2026-04-06_17-15-30.webp.webp?fit=1200%2C942&ssl=1&resize=525%2C300 1.5x, https:\/\/i0.wp.com\/noticiasribeiraopreto.com.br\/wp-content\/uploads\/2026\/04\/lauane_2026-04-06_17-15-30.webp.webp?fit=1200%2C942&ssl=1&resize=700%2C400 2x, https:\/\/i0.wp.com\/noticiasribeiraopreto.com.br\/wp-content\/uploads\/2026\/04\/lauane_2026-04-06_17-15-30.webp.webp?fit=1200%2C942&ssl=1&resize=1050%2C600 3x"},"classes":[]},{"id":81251,"url":"https:\/\/noticiasribeiraopreto.com.br\/index.php\/2025\/12\/29\/mulher-e-morta-a-facadas-na-frente-do-filho-em-rp\/","url_meta":{"origin":60091,"position":1},"title":"Mulher \u00e9 morta a facadas na frente do filho em RP","author":"noticiasribeiraopreto.com.br","date":"29 de December de 2025","format":false,"excerpt":"\r \r \r 29 de dezembro de 2025 17:50 \r Compartilhar0 Marido teria agredido v\u00edtima ap\u00f3s uma discuss\u00e3o na resid\u00eancia da fam\u00edlia que fica no Parque Ribeir\u00e3o Uma mulher, de 42 anos, foi morta a facadas na frente do filho, de 3 anos, na madrugada desta segunda-feira (29), no Parque\u2026","rel":"","context":"In &quot;Not\u00edcias de Ribeir\u00e3o Preto-SP e Regi\u00e3o&quot;","block_context":{"text":"Not\u00edcias de Ribeir\u00e3o Preto-SP e Regi\u00e3o","link":"https:\/\/noticiasribeiraopreto.com.br\/index.php\/category\/noticias-de-ribeirao-preto-sp-e-regiao-ismael-colosi\/"},"img":{"alt_text":"","src":"https:\/\/i0.wp.com\/noticiasribeiraopreto.com.br\/wp-content\/uploads\/2025\/12\/feminicidio.jpg?fit=800%2C500&ssl=1&resize=350%2C200","width":350,"height":200,"srcset":"https:\/\/i0.wp.com\/noticiasribeiraopreto.com.br\/wp-content\/uploads\/2025\/12\/feminicidio.jpg?fit=800%2C500&ssl=1&resize=350%2C200 1x, https:\/\/i0.wp.com\/noticiasribeiraopreto.com.br\/wp-content\/uploads\/2025\/12\/feminicidio.jpg?fit=800%2C500&ssl=1&resize=525%2C300 1.5x, https:\/\/i0.wp.com\/noticiasribeiraopreto.com.br\/wp-content\/uploads\/2025\/12\/feminicidio.jpg?fit=800%2C500&ssl=1&resize=700%2C400 2x"},"classes":[]},{"id":69630,"url":"https:\/\/noticiasribeiraopreto.com.br\/index.php\/2025\/05\/07\/mulher-e-morta-a-facadas-na-frente-da-filha-na-regiao-de-ribeirao-preto\/","url_meta":{"origin":60091,"position":2},"title":"Mulher \u00e9 morta a facadas na frente da filha na regi\u00e3o de Ribeir\u00e3o Preto","author":"noticiasribeiraopreto.com.br","date":"7 de May de 2025","format":false,"excerpt":"Uma mulher de 29 anos foi morta a facadas na frente da filha menor de idade, na manh\u00e3 desta ter\u00e7a-feira (6), em Cajuru, cidade a aproximadamente 60 quil\u00f4metros de Ribeir\u00e3o Preto. O ex-marido, de 31 anos, \u00e9 o principal suspeito do crime. Segundo o boletim de ocorr\u00eancia (BO), Daiane Ta\u00eds\u2026","rel":"","context":"In &quot;Not\u00edcias de Ribeir\u00e3o Preto-SP e Regi\u00e3o&quot;","block_context":{"text":"Not\u00edcias de Ribeir\u00e3o Preto-SP e Regi\u00e3o","link":"https:\/\/noticiasribeiraopreto.com.br\/index.php\/category\/noticias-de-ribeirao-preto-sp-e-regiao-ismael-colosi\/"},"img":{"alt_text":"","src":"https:\/\/i0.wp.com\/noticiasribeiraopreto.com.br\/wp-content\/uploads\/2025\/05\/1746649727_20220620_114539075_policia_qru_1024x576_25052021184749_jpg_715985292.jpg?fit=1200%2C606&ssl=1&resize=350%2C200","width":350,"height":200,"srcset":"https:\/\/i0.wp.com\/noticiasribeiraopreto.com.br\/wp-content\/uploads\/2025\/05\/1746649727_20220620_114539075_policia_qru_1024x576_25052021184749_jpg_715985292.jpg?fit=1200%2C606&ssl=1&resize=350%2C200 1x, https:\/\/i0.wp.com\/noticiasribeiraopreto.com.br\/wp-content\/uploads\/2025\/05\/1746649727_20220620_114539075_policia_qru_1024x576_25052021184749_jpg_715985292.jpg?fit=1200%2C606&ssl=1&resize=525%2C300 1.5x, https:\/\/i0.wp.com\/noticiasribeiraopreto.com.br\/wp-content\/uploads\/2025\/05\/1746649727_20220620_114539075_policia_qru_1024x576_25052021184749_jpg_715985292.jpg?fit=1200%2C606&ssl=1&resize=700%2C400 2x, https:\/\/i0.wp.com\/noticiasribeiraopreto.com.br\/wp-content\/uploads\/2025\/05\/1746649727_20220620_114539075_policia_qru_1024x576_25052021184749_jpg_715985292.jpg?fit=1200%2C606&ssl=1&resize=1050%2C600 3x"},"classes":[]},{"id":81266,"url":"https:\/\/noticiasribeiraopreto.com.br\/index.php\/2025\/12\/30\/marido-e-preso-suspeito-de-matar-mulher-a-facadas-na-frente-do-filho-em-ribeirao-preto\/","url_meta":{"origin":60091,"position":3},"title":"Marido \u00e9 preso suspeito de matar mulher a facadas na frente do filho em Ribeir\u00e3o Preto","author":"noticiasribeiraopreto.com.br","date":"30 de December de 2025","format":false,"excerpt":"Uma mulher foi morta a facada na madrugada desta segunda-feira (29), no Parque Ribeir\u00e3o, zona Oeste de Ribeir\u00e3o Preto. O marido da v\u00edtima foi preso suspeito de cometer o crime na frente do filho do casal, uma crian\u00e7a, na resid\u00eancia da fam\u00edlia, na avenida dos Andradas. A v\u00edtima foi identificada\u2026","rel":"","context":"In &quot;Not\u00edcias de Ribeir\u00e3o Preto-SP e Regi\u00e3o&quot;","block_context":{"text":"Not\u00edcias de Ribeir\u00e3o Preto-SP e Regi\u00e3o","link":"https:\/\/noticiasribeiraopreto.com.br\/index.php\/category\/noticias-de-ribeirao-preto-sp-e-regiao-ismael-colosi\/"},"img":{"alt_text":"","src":"https:\/\/i0.wp.com\/noticiasribeiraopreto.com.br\/wp-content\/uploads\/2025\/12\/WhatsApp-Image-2025-12-29-at-14.32.26_2025-12-29_17-42-25-e1767030183300.webp.webp?fit=1093%2C800&ssl=1&resize=350%2C200","width":350,"height":200,"srcset":"https:\/\/i0.wp.com\/noticiasribeiraopreto.com.br\/wp-content\/uploads\/2025\/12\/WhatsApp-Image-2025-12-29-at-14.32.26_2025-12-29_17-42-25-e1767030183300.webp.webp?fit=1093%2C800&ssl=1&resize=350%2C200 1x, https:\/\/i0.wp.com\/noticiasribeiraopreto.com.br\/wp-content\/uploads\/2025\/12\/WhatsApp-Image-2025-12-29-at-14.32.26_2025-12-29_17-42-25-e1767030183300.webp.webp?fit=1093%2C800&ssl=1&resize=525%2C300 1.5x, https:\/\/i0.wp.com\/noticiasribeiraopreto.com.br\/wp-content\/uploads\/2025\/12\/WhatsApp-Image-2025-12-29-at-14.32.26_2025-12-29_17-42-25-e1767030183300.webp.webp?fit=1093%2C800&ssl=1&resize=700%2C400 2x, https:\/\/i0.wp.com\/noticiasribeiraopreto.com.br\/wp-content\/uploads\/2025\/12\/WhatsApp-Image-2025-12-29-at-14.32.26_2025-12-29_17-42-25-e1767030183300.webp.webp?fit=1093%2C800&ssl=1&resize=1050%2C600 3x"},"classes":[]},{"id":85130,"url":"https:\/\/noticiasribeiraopreto.com.br\/index.php\/2026\/04\/22\/mulher-e-vitima-de-feminicidio-em-rp\/","url_meta":{"origin":60091,"position":4},"title":"Mulher \u00e9 v\u00edtima de feminic\u00eddio em RP","author":"noticiasribeiraopreto.com.br","date":"22 de April de 2026","format":false,"excerpt":"\r Principal suspeito \u00e9 marido, apontado pela fam\u00edlia como usu\u00e1rio de drogas e que n\u00e3o foi localizado\r \r 22 de abril de 2026 07:5322 de abril de 2026 07:12 \r Compartilhar1 | Por: Adalberto Luque | Uma mulher de 38 anos foi v\u00edtima de feminic\u00eddio. Seu corpo foi encontrado na\u2026","rel":"","context":"In &quot;Not\u00edcias de Ribeir\u00e3o Preto-SP e Regi\u00e3o&quot;","block_context":{"text":"Not\u00edcias de Ribeir\u00e3o Preto-SP e Regi\u00e3o","link":"https:\/\/noticiasribeiraopreto.com.br\/index.php\/category\/noticias-de-ribeirao-preto-sp-e-regiao-ismael-colosi\/"},"img":{"alt_text":"","src":"https:\/\/i0.wp.com\/noticiasribeiraopreto.com.br\/wp-content\/uploads\/2026\/04\/22-abr-2026-feminicidioribeirao1-scaled.jpg?fit=1057%2C1200&ssl=1&resize=350%2C200","width":350,"height":200,"srcset":"https:\/\/i0.wp.com\/noticiasribeiraopreto.com.br\/wp-content\/uploads\/2026\/04\/22-abr-2026-feminicidioribeirao1-scaled.jpg?fit=1057%2C1200&ssl=1&resize=350%2C200 1x, https:\/\/i0.wp.com\/noticiasribeiraopreto.com.br\/wp-content\/uploads\/2026\/04\/22-abr-2026-feminicidioribeirao1-scaled.jpg?fit=1057%2C1200&ssl=1&resize=525%2C300 1.5x, https:\/\/i0.wp.com\/noticiasribeiraopreto.com.br\/wp-content\/uploads\/2026\/04\/22-abr-2026-feminicidioribeirao1-scaled.jpg?fit=1057%2C1200&ssl=1&resize=700%2C400 2x, https:\/\/i0.wp.com\/noticiasribeiraopreto.com.br\/wp-content\/uploads\/2026\/04\/22-abr-2026-feminicidioribeirao1-scaled.jpg?fit=1057%2C1200&ssl=1&resize=1050%2C600 3x"},"classes":[]},{"id":79413,"url":"https:\/\/noticiasribeiraopreto.com.br\/index.php\/2025\/10\/31\/homem-e-morto-a-facadas-apos-confusao-com-colega-de-casa-na-regiao-de-ribeirao-preto\/","url_meta":{"origin":60091,"position":5},"title":"Homem \u00e9 morto a facadas ap\u00f3s confus\u00e3o com colega de casa na regi\u00e3o de Ribeir\u00e3o Preto","author":"noticiasribeiraopreto.com.br","date":"31 de October de 2025","format":false,"excerpt":"Um homem de 59 anos foi morto a facadas na madrugada desta sexta-feira (31), em Jardin\u00f3polis, na regi\u00e3o de Ribeir\u00e3o Preto. Um suspeito, de 44 anos, foi preso. Segundo o boletim de ocorr\u00eancia (BO), a v\u00edtima, identificada como Antonio Vieira Dos Santos, foi encontrada com ferimento o pesco\u00e7o e j\u00e1\u2026","rel":"","context":"In &quot;Not\u00edcias de Ribeir\u00e3o Preto-SP e Regi\u00e3o&quot;","block_context":{"text":"Not\u00edcias de Ribeir\u00e3o Preto-SP e Regi\u00e3o","link":"https:\/\/noticiasribeiraopreto.com.br\/index.php\/category\/noticias-de-ribeirao-preto-sp-e-regiao-ismael-colosi\/"},"img":{"alt_text":"","src":"https:\/\/i0.wp.com\/noticiasribeiraopreto.com.br\/wp-content\/uploads\/2025\/09\/LUZ-POLICIA_2025-09-18_12-53-42.webp.webp?fit=1200%2C672&ssl=1&resize=350%2C200","width":350,"height":200,"srcset":"https:\/\/i0.wp.com\/noticiasribeiraopreto.com.br\/wp-content\/uploads\/2025\/09\/LUZ-POLICIA_2025-09-18_12-53-42.webp.webp?fit=1200%2C672&ssl=1&resize=350%2C200 1x, https:\/\/i0.wp.com\/noticiasribeiraopreto.com.br\/wp-content\/uploads\/2025\/09\/LUZ-POLICIA_2025-09-18_12-53-42.webp.webp?fit=1200%2C672&ssl=1&resize=525%2C300 1.5x, https:\/\/i0.wp.com\/noticiasribeiraopreto.com.br\/wp-content\/uploads\/2025\/09\/LUZ-POLICIA_2025-09-18_12-53-42.webp.webp?fit=1200%2C672&ssl=1&resize=700%2C400 2x, https:\/\/i0.wp.com\/noticiasribeiraopreto.com.br\/wp-content\/uploads\/2025\/09\/LUZ-POLICIA_2025-09-18_12-53-42.webp.webp?fit=1200%2C672&ssl=1&resize=1050%2C600 3x"},"classes":[]}],"jetpack_sharing_enabled":true,"jetpack_shortlink":"https:\/\/wp.me\/peQAOb-fDd","_links":{"self":[{"href":"https:\/\/noticiasribeiraopreto.com.br\/index.php\/wp-json\/wp\/v2\/posts\/60091","targetHints":{"allow":["GET"]}}],"collection":[{"href":"https:\/\/noticiasribeiraopreto.com.br\/index.php\/wp-json\/wp\/v2\/posts"}],"about":[{"href":"https:\/\/noticiasribeiraopreto.com.br\/index.php\/wp-json\/wp\/v2\/types\/post"}],"author":[{"embeddable":true,"href":"https:\/\/noticiasribeiraopreto.com.br\/index.php\/wp-json\/wp\/v2\/users\/1"}],"replies":[{"embeddable":true,"href":"https:\/\/noticiasribeiraopreto.com.br\/index.php\/wp-json\/wp\/v2\/comments?post=60091"}],"version-history":[{"count":0,"href":"https:\/\/noticiasribeiraopreto.com.br\/index.php\/wp-json\/wp\/v2\/posts\/60091\/revisions"}],"wp:featuredmedia":[{"embeddable":true,"href":"https:\/\/noticiasribeiraopreto.com.br\/index.php\/wp-json\/wp\/v2\/media\/60092"}],"wp:attachment":[{"href":"https:\/\/noticiasribeiraopreto.com.br\/index.php\/wp-json\/wp\/v2\/media?parent=60091"}],"wp:term":[{"taxonomy":"category","embeddable":true,"href":"https:\/\/noticiasribeiraopreto.com.br\/index.php\/wp-json\/wp\/v2\/categories?post=60091"},{"taxonomy":"post_tag","embeddable":true,"href":"https:\/\/noticiasribeiraopreto.com.br\/index.php\/wp-json\/wp\/v2\/tags?post=60091"}],"curies":[{"name":"wp","href":"https:\/\/api.w.org\/{rel}","templated":true}]}}