{"id":60093,"date":"2024-11-05T20:12:21","date_gmt":"2024-11-05T23:12:21","guid":{"rendered":"https:\/\/noticiasribeiraopreto.com.br\/index.php\/2024\/11\/05\/casal-e-detido-por-desviar-e-vender-suplemento-alimentar-para-bebes-na-regiao-de-ribeirao\/"},"modified":"2024-11-05T20:12:21","modified_gmt":"2024-11-05T23:12:21","slug":"casal-e-detido-por-desviar-e-vender-suplemento-alimentar-para-bebes-na-regiao-de-ribeirao","status":"publish","type":"post","link":"https:\/\/noticiasribeiraopreto.com.br\/index.php\/2024\/11\/05\/casal-e-detido-por-desviar-e-vender-suplemento-alimentar-para-bebes-na-regiao-de-ribeirao\/","title":{"rendered":"Casal \u00e9 detido por desviar e vender suplemento alimentar para beb\u00eas na regi\u00e3o de Ribeir\u00e3o"},"content":{"rendered":"<p> <br \/>\n<\/p>\n<div data-td-block-uid=\"tdi_106\">\n<div class=\"tdb-block-inner td-fix-index\">\n<p>Um casal de\u00a0Batatais, na regi\u00e3o de <strong>Ribeir\u00e3o Preto<\/strong>,\u00a0<strong>foi detido na tarde de segunda-feira (4)<\/strong> <strong>suspeito\u00a0de vender ilegalmente latas de suplemento alimentar para crian\u00e7as<\/strong>, <mark style=\"background-color:#fcb900\" class=\"has-inline-color\">desviadas de farm\u00e1cias populares da rede p\u00fablica de sa\u00fade.<\/mark><\/p>\n<p>Segundo a <strong>Guarda Civil Municipal<\/strong>, <strong>eles retiravam o produto e revendiam nas redes sociais por R$ 200.<\/strong><\/p>\n<figure class=\"wp-block-image size-full is-resized\"><img data-recalc-dims=\"1\" decoding=\"async\" src=\"https:\/\/i0.wp.com\/www.acidadeon.com\/ribeiraopreto\/wp-content\/uploads\/sites\/3\/2024\/11\/Imagem-do-WhatsApp-de-2024-11-05-as-18.18.53_c7ebeea1_2024-11-05_22-35-48_jpg_2024-11-05_22-35-49-edited.webp?w=484&#038;ssl=1\" alt=\"\" class=\"wp-image-98771\"  srcset=\"https:\/\/www.acidadeon.com\/ribeiraopreto\/wp-content\/uploads\/sites\/3\/2024\/11\/Imagem-do-WhatsApp-de-2024-11-05-as-18.18.53_c7ebeea1_2024-11-05_22-35-48_jpg_2024-11-05_22-35-49-edited.webp 738w, https:\/\/www.acidadeon.com\/ribeiraopreto\/wp-content\/uploads\/sites\/3\/2024\/11\/Imagem-do-WhatsApp-de-2024-11-05-as-18.18.53_c7ebeea1_2024-11-05_22-35-48_jpg_2024-11-05_22-35-49-edited-300x300.webp 300w, https:\/\/www.acidadeon.com\/ribeiraopreto\/wp-content\/uploads\/sites\/3\/2024\/11\/Imagem-do-WhatsApp-de-2024-11-05-as-18.18.53_c7ebeea1_2024-11-05_22-35-48_jpg_2024-11-05_22-35-49-edited-150x150.webp 150w, https:\/\/www.acidadeon.com\/ribeiraopreto\/wp-content\/uploads\/sites\/3\/2024\/11\/Imagem-do-WhatsApp-de-2024-11-05-as-18.18.53_c7ebeea1_2024-11-05_22-35-48_jpg_2024-11-05_22-35-49-edited-696x696.webp 696w\" sizes=\"(max-width: 738px) 100vw, 738px\"\/><figcaption class=\"wp-element-caption\">Casal de Batatais desviava latas de suplemento alimentar e revendia nas redes sociais \u2014 Foto: Redes sociais<br \/><\/figcaption><\/figure>\n<p>Os dois s\u00e3o pais de um beb\u00ea que faz uso da suplementa\u00e7\u00e3o distribu\u00edda para crian\u00e7as carentes, para ajudar no desenvolvimento cognitivo.<\/p>\n<p><strong>Eles foram ouvidos e liberados<\/strong>, e devem responder pelo <strong>crime de estelionato.<\/strong><\/p>\n<p><strong>As latas recuperadas ser\u00e3o devolvidas \u00e0 Secretaria Municipal de Sa\u00fade<\/strong>, para que <mark style=\"background-color:#fcb900\" class=\"has-inline-color\">sejam redistribu\u00eddas da forma correta.<\/mark><\/p>\n<p>________________________________________________________________________________<\/p>\n<p>SAIBA MAIS<\/p>\n<p>Prefeitura de Ribeir\u00e3o estuda flexibilizar estacionamento no Centro; Entenda<\/p>\n<h4 class=\"wp-block-heading\"><strong>FIQUE ON<\/strong><\/h4>\n<p>Fique ligado em tudo que acontece em Ribeir\u00e3o Preto e regi\u00e3o. Siga os perfis do\u00a0<strong>acidade on\u00a0<\/strong>no\u00a0<a href=\"https:\/\/www.instagram.com\/acidadeonribeirao\" target=\"_blank\" rel=\"noreferrer noopener\">Instagram<\/a>\u00a0e no\u00a0<a href=\"https:\/\/www.facebook.com\/acidadeonribeirao\/\" target=\"_blank\" rel=\"noreferrer noopener\">Facebook.<\/a><\/p>\n<p>Receba not\u00edcias do\u00a0<strong>acidade on<\/strong>\u00a0no WhatsApp.\u00a0<a href=\"https:\/\/chat.whatsapp.com\/Fg4ok3aAVyB59DP63pRapr\" target=\"_blank\" rel=\"noreferrer noopener\">Para entrar no grupo, basta clicar aqui.<\/a><\/p>\n<p>Fa\u00e7a uma den\u00fancia ou sugira uma reportagem sobre Ribeir\u00e3o Preto e regi\u00e3o pelo WhatsApp: 16 99117 7802.<\/p>\n<p>VEJA TAMB\u00c9M<\/p>\n<p>Mel e melato: qual a diferen\u00e7a?\u00a0\u00a0<\/p>\n<p><!-- CONTENT END 1 -->\n<\/div>\n<\/div>\n<p><script async src=\"\/\/www.instagram.com\/embed.js\"><\/script><br \/>\n<br \/><br \/>\n<br \/><a href=\"https:\/\/www.acidadeon.com\/ribeiraopreto\/cotidiano\/casal-e-detido-por-desviar-e-vender-suplemento-alimentar-para-bebes-na-regiao-de-ribeirao\/\">Source link <\/a><\/p>\n","protected":false},"excerpt":{"rendered":"<p>Um casal de\u00a0Batatais, na regi\u00e3o de Ribeir\u00e3o Preto,\u00a0foi detido na tarde de segunda-feira (4) suspeito\u00a0de vender ilegalmente latas de suplemento alimentar para crian\u00e7as, desviadas de&#8230;<\/p>\n","protected":false},"author":1,"featured_media":60094,"comment_status":"open","ping_status":"open","sticky":false,"template":"","format":"standard","meta":{"advanced_seo_description":"","jetpack_seo_html_title":"","jetpack_seo_noindex":false,"jetpack_post_was_ever_published":false,"_jetpack_newsletter_access":"","_jetpack_dont_email_post_to_subs":false,"_jetpack_newsletter_tier_id":0,"_jetpack_memberships_contains_paywalled_content":false,"_jetpack_memberships_contains_paid_content":false,"footnotes":"","jetpack_publicize_message":"","jetpack_publicize_feature_enabled":true,"jetpack_social_post_already_shared":true,"jetpack_social_options":{"image_generator_settings":{"template":"highway","default_image_id":0,"font":"","enabled":false},"version":2}},"categories":[11],"tags":[],"class_list":["post-60093","post","type-post","status-publish","format-standard","has-post-thumbnail","hentry","category-noticias-de-ribeirao-preto-sp-e-regiao-ismael-colosi"],"jetpack_publicize_connections":[],"jetpack_featured_media_url":"https:\/\/i0.wp.com\/noticiasribeiraopreto.com.br\/wp-content\/uploads\/2024\/11\/Design-sem-nome-3_2024-11-05_22-45-49_png_2024-11-05_22-45-50.webp.webp?fit=1068%2C601&ssl=1","jetpack-related-posts":[{"id":60141,"url":"https:\/\/noticiasribeiraopreto.com.br\/index.php\/2024\/11\/06\/mulher-de-batatais-e-surpreendida-ao-tentar-vender-suplementos-alimentares-do-filho-e-alega-desconhecimento-de-restricao\/","url_meta":{"origin":60093,"position":0},"title":"Mulher de Batatais \u00e9 Surpreendida ao Tentar Vender Suplementos Alimentares do Filho e Alega Desconhecimento de Restri\u00e7\u00e3o","author":"noticiasribeiraopreto.com.br","date":"6 de November de 2024","format":false,"excerpt":"Em Batatais, SP, uma mulher foi abordada pela Guarda Municipal ao tentar vender latas de suplemento alimentar destinadas ao uso exclusivo de seu filho. Segundo o depoimento dado aos guardas, ela alegou desconhecer que esses produtos n\u00e3o poderiam ser comercializados, afirmando que sua inten\u00e7\u00e3o era apenas recuperar parte do dinheiro\u2026","rel":"","context":"In &quot;Not\u00edcias de Ribeir\u00e3o Preto-SP e Regi\u00e3o&quot;","block_context":{"text":"Not\u00edcias de Ribeir\u00e3o Preto-SP e Regi\u00e3o","link":"https:\/\/noticiasribeiraopreto.com.br\/index.php\/category\/noticias-de-ribeirao-preto-sp-e-regiao-ismael-colosi\/"},"img":{"alt_text":"","src":"https:\/\/i0.wp.com\/noticiasribeiraopreto.com.br\/wp-content\/uploads\/2024\/11\/IMG_9372.jpeg?fit=680%2C451&ssl=1&resize=350%2C200","width":350,"height":200,"srcset":"https:\/\/i0.wp.com\/noticiasribeiraopreto.com.br\/wp-content\/uploads\/2024\/11\/IMG_9372.jpeg?fit=680%2C451&ssl=1&resize=350%2C200 1x, https:\/\/i0.wp.com\/noticiasribeiraopreto.com.br\/wp-content\/uploads\/2024\/11\/IMG_9372.jpeg?fit=680%2C451&ssl=1&resize=525%2C300 1.5x"},"classes":[]},{"id":66654,"url":"https:\/\/noticiasribeiraopreto.com.br\/index.php\/2025\/04\/03\/anvisa-proibe-todos-os-suplementos-alimentares-que-contem-ora-pro-nobis\/","url_meta":{"origin":60093,"position":1},"title":"Anvisa pro\u00edbe todos os suplementos alimentares que cont\u00e9m ora-pro-n\u00f3bis","author":"noticiasribeiraopreto.com.br","date":"3 de April de 2025","format":false,"excerpt":"Nesta quinta-feira (3), a Ag\u00eancia Nacional de Vigil\u00e2ncia Sanit\u00e1ria (Anvisa) proibiu a comercializa\u00e7\u00e3o de suplementos alimentares que contenham ora-pro-n\u00f3bis. A decis\u00e3o foi tomada ap\u00f3s a constata\u00e7\u00e3o de que a planta n\u00e3o possui autoriza\u00e7\u00e3o para ser utilizada como ingrediente em suplementos alimentares. A Anvisa destacou que suplementos alimentares n\u00e3o s\u00e3o classificados\u2026","rel":"","context":"In &quot;Not\u00edcias de Ribeir\u00e3o Preto-SP e Regi\u00e3o&quot;","block_context":{"text":"Not\u00edcias de Ribeir\u00e3o Preto-SP e Regi\u00e3o","link":"https:\/\/noticiasribeiraopreto.com.br\/index.php\/category\/noticias-de-ribeirao-preto-sp-e-regiao-ismael-colosi\/"},"img":{"alt_text":"","src":"https:\/\/i0.wp.com\/noticiasribeiraopreto.com.br\/wp-content\/uploads\/2025\/04\/sede_da_1024x576_20082021205437_2025-02-12_19-28-32_jpg_2025-02-12_19-28-32.webp.webp?fit=1024%2C576&ssl=1&resize=350%2C200","width":350,"height":200,"srcset":"https:\/\/i0.wp.com\/noticiasribeiraopreto.com.br\/wp-content\/uploads\/2025\/04\/sede_da_1024x576_20082021205437_2025-02-12_19-28-32_jpg_2025-02-12_19-28-32.webp.webp?fit=1024%2C576&ssl=1&resize=350%2C200 1x, https:\/\/i0.wp.com\/noticiasribeiraopreto.com.br\/wp-content\/uploads\/2025\/04\/sede_da_1024x576_20082021205437_2025-02-12_19-28-32_jpg_2025-02-12_19-28-32.webp.webp?fit=1024%2C576&ssl=1&resize=525%2C300 1.5x, https:\/\/i0.wp.com\/noticiasribeiraopreto.com.br\/wp-content\/uploads\/2025\/04\/sede_da_1024x576_20082021205437_2025-02-12_19-28-32_jpg_2025-02-12_19-28-32.webp.webp?fit=1024%2C576&ssl=1&resize=700%2C400 2x"},"classes":[]},{"id":70424,"url":"https:\/\/noticiasribeiraopreto.com.br\/index.php\/2025\/05\/26\/motorista-de-aplicativo-e-detido-por-agredir-passageiro-com-martelo-em-ribeirao-preto\/","url_meta":{"origin":60093,"position":2},"title":"Motorista de aplicativo \u00e9 detido por agredir passageiro com martelo em Ribeir\u00e3o Preto","author":"noticiasribeiraopreto.com.br","date":"26 de May de 2025","format":false,"excerpt":"Um motorista de aplicativo foi detido por agress\u00e3o com um martelo contra um passageiro, depois de uma discuss\u00e3o neste domingo (25), na regi\u00e3o central de Ribeir\u00e3o Preto. Segundo a GCM (Guarda Civil Metropolitana), um casal solicitou uma corrida e, durante o trajeto at\u00e9 um hotel na avenida Jer\u00f4nimo Gon\u00e7alves, teria\u2026","rel":"","context":"In &quot;Not\u00edcias de Ribeir\u00e3o Preto-SP e Regi\u00e3o&quot;","block_context":{"text":"Not\u00edcias de Ribeir\u00e3o Preto-SP e Regi\u00e3o","link":"https:\/\/noticiasribeiraopreto.com.br\/index.php\/category\/noticias-de-ribeirao-preto-sp-e-regiao-ismael-colosi\/"},"img":{"alt_text":"","src":"https:\/\/i0.wp.com\/noticiasribeiraopreto.com.br\/wp-content\/uploads\/2025\/05\/AGRESSAO-3_2025-05-26_12-43-37.webp.webp?fit=1200%2C691&ssl=1&resize=350%2C200","width":350,"height":200,"srcset":"https:\/\/i0.wp.com\/noticiasribeiraopreto.com.br\/wp-content\/uploads\/2025\/05\/AGRESSAO-3_2025-05-26_12-43-37.webp.webp?fit=1200%2C691&ssl=1&resize=350%2C200 1x, https:\/\/i0.wp.com\/noticiasribeiraopreto.com.br\/wp-content\/uploads\/2025\/05\/AGRESSAO-3_2025-05-26_12-43-37.webp.webp?fit=1200%2C691&ssl=1&resize=525%2C300 1.5x, https:\/\/i0.wp.com\/noticiasribeiraopreto.com.br\/wp-content\/uploads\/2025\/05\/AGRESSAO-3_2025-05-26_12-43-37.webp.webp?fit=1200%2C691&ssl=1&resize=700%2C400 2x, https:\/\/i0.wp.com\/noticiasribeiraopreto.com.br\/wp-content\/uploads\/2025\/05\/AGRESSAO-3_2025-05-26_12-43-37.webp.webp?fit=1200%2C691&ssl=1&resize=1050%2C600 3x"},"classes":[]},{"id":77365,"url":"https:\/\/noticiasribeiraopreto.com.br\/index.php\/2025\/09\/16\/anvisa-determina-apreensao-de-azeite-e-proibe-venda-de-suplemento-emagrecedor-veja-quais\/","url_meta":{"origin":60093,"position":3},"title":"Anvisa determina apreens\u00e3o de azeite e pro\u00edbe venda de suplemento emagrecedor; Veja quais","author":"noticiasribeiraopreto.com.br","date":"16 de September de 2025","format":false,"excerpt":"A Anvisa (Ag\u00eancia Nacional de Vigil\u00e2ncia Sanit\u00e1ria) anunciou, nesta ter\u00e7a-feira (16), a apreens\u00e3o a apreens\u00e3o do azeite de oliva da marca Los Nobles em todo o territ\u00f3rio nacional. A resolu\u00e7\u00e3o foi publicada no Di\u00e1rio Oficial da Uni\u00e3o e pro\u00edbe a comercializa\u00e7\u00e3o, distribui\u00e7\u00e3o, importa\u00e7\u00e3o, propaganda e uso do produto. De acordo\u2026","rel":"","context":"In &quot;Not\u00edcias de Ribeir\u00e3o Preto-SP e Regi\u00e3o&quot;","block_context":{"text":"Not\u00edcias de Ribeir\u00e3o Preto-SP e Regi\u00e3o","link":"https:\/\/noticiasribeiraopreto.com.br\/index.php\/category\/noticias-de-ribeirao-preto-sp-e-regiao-ismael-colosi\/"},"img":{"alt_text":"","src":"https:\/\/i0.wp.com\/noticiasribeiraopreto.com.br\/wp-content\/uploads\/2025\/09\/close-up-cute-cup-filled-with-olive-oil_2024-09-25_19-54-05_jpg_2024-09-25_19-54-08-1024x683.webp.webp?fit=1024%2C683&ssl=1&resize=350%2C200","width":350,"height":200,"srcset":"https:\/\/i0.wp.com\/noticiasribeiraopreto.com.br\/wp-content\/uploads\/2025\/09\/close-up-cute-cup-filled-with-olive-oil_2024-09-25_19-54-05_jpg_2024-09-25_19-54-08-1024x683.webp.webp?fit=1024%2C683&ssl=1&resize=350%2C200 1x, https:\/\/i0.wp.com\/noticiasribeiraopreto.com.br\/wp-content\/uploads\/2025\/09\/close-up-cute-cup-filled-with-olive-oil_2024-09-25_19-54-05_jpg_2024-09-25_19-54-08-1024x683.webp.webp?fit=1024%2C683&ssl=1&resize=525%2C300 1.5x, https:\/\/i0.wp.com\/noticiasribeiraopreto.com.br\/wp-content\/uploads\/2025\/09\/close-up-cute-cup-filled-with-olive-oil_2024-09-25_19-54-05_jpg_2024-09-25_19-54-08-1024x683.webp.webp?fit=1024%2C683&ssl=1&resize=700%2C400 2x"},"classes":[]},{"id":41956,"url":"https:\/\/noticiasribeiraopreto.com.br\/index.php\/2024\/03\/12\/adolescente-e-detido-com-quase-mil-porcoes-de-drogas\/","url_meta":{"origin":60093,"position":4},"title":"Adolescente \u00e9 detido com quase mil por\u00e7\u00f5es de drogas","author":"noticiasribeiraopreto.com.br","date":"12 de March de 2024","format":false,"excerpt":"Entorpecentes estavam na mochila do menor, que foi flagrado na zona Oeste da cidade 12 de mar\u00e7o de 2024 | 10:24 2Por: Adalberto LuqueUm adolescente foi apreendido, na tarde desta segunda-feira (11), com uma mochila repleta de por\u00e7\u00f5es de drogas. Ele estava na Rua Jo\u00e3o Thomazo, Jardim Marchesi, zona Oeste\u2026","rel":"","context":"In &quot;Not\u00edcias de Ribeir\u00e3o Preto-SP e Regi\u00e3o&quot;","block_context":{"text":"Not\u00edcias de Ribeir\u00e3o Preto-SP e Regi\u00e3o","link":"https:\/\/noticiasribeiraopreto.com.br\/index.php\/category\/noticias-de-ribeirao-preto-sp-e-regiao-ismael-colosi\/"},"img":{"alt_text":"","src":"https:\/\/i0.wp.com\/noticiasribeiraopreto.com.br\/wp-content\/uploads\/2024\/03\/00-12-mar-2024-apreensao-dise-foto-deic.jpg?fit=564%2C423&ssl=1&resize=350%2C200","width":350,"height":200,"srcset":"https:\/\/i0.wp.com\/noticiasribeiraopreto.com.br\/wp-content\/uploads\/2024\/03\/00-12-mar-2024-apreensao-dise-foto-deic.jpg?fit=564%2C423&ssl=1&resize=350%2C200 1x, https:\/\/i0.wp.com\/noticiasribeiraopreto.com.br\/wp-content\/uploads\/2024\/03\/00-12-mar-2024-apreensao-dise-foto-deic.jpg?fit=564%2C423&ssl=1&resize=525%2C300 1.5x"},"classes":[]},{"id":59998,"url":"https:\/\/noticiasribeiraopreto.com.br\/index.php\/2024\/11\/04\/casal-e-preso-apos-morte-de-bebe-por-desnutricao-na-regiao-de-ribeirao-preto\/","url_meta":{"origin":60093,"position":5},"title":"Casal \u00e9 preso ap\u00f3s morte de beb\u00ea por desnutri\u00e7\u00e3o na regi\u00e3o de Ribeir\u00e3o Preto","author":"noticiasribeiraopreto.com.br","date":"4 de November de 2024","format":false,"excerpt":"Os pais de um beb\u00ea de apenas dois meses foram presos ap\u00f3s a morte da crian\u00e7a no \u00faltimo final de semana em Franca, na regi\u00e3o de Ribeir\u00e3o Preto. Segundo o B.O. (boletim de ocorr\u00eancia), o beb\u00ea sofreu uma parada cardiorrespirat\u00f3ria e apresentava sinais de desnutri\u00e7\u00e3o. O casal foi preso acusado\u2026","rel":"","context":"In &quot;Not\u00edcias de Ribeir\u00e3o Preto-SP e Regi\u00e3o&quot;","block_context":{"text":"Not\u00edcias de Ribeir\u00e3o Preto-SP e Regi\u00e3o","link":"https:\/\/noticiasribeiraopreto.com.br\/index.php\/category\/noticias-de-ribeirao-preto-sp-e-regiao-ismael-colosi\/"},"img":{"alt_text":"","src":"https:\/\/i0.wp.com\/noticiasribeiraopreto.com.br\/wp-content\/uploads\/2024\/11\/santa_casa_500x320_10122019110753.jpg?fit=500%2C322&ssl=1&resize=350%2C200","width":350,"height":200},"classes":[]}],"jetpack_sharing_enabled":true,"jetpack_shortlink":"https:\/\/wp.me\/peQAOb-fDf","_links":{"self":[{"href":"https:\/\/noticiasribeiraopreto.com.br\/index.php\/wp-json\/wp\/v2\/posts\/60093","targetHints":{"allow":["GET"]}}],"collection":[{"href":"https:\/\/noticiasribeiraopreto.com.br\/index.php\/wp-json\/wp\/v2\/posts"}],"about":[{"href":"https:\/\/noticiasribeiraopreto.com.br\/index.php\/wp-json\/wp\/v2\/types\/post"}],"author":[{"embeddable":true,"href":"https:\/\/noticiasribeiraopreto.com.br\/index.php\/wp-json\/wp\/v2\/users\/1"}],"replies":[{"embeddable":true,"href":"https:\/\/noticiasribeiraopreto.com.br\/index.php\/wp-json\/wp\/v2\/comments?post=60093"}],"version-history":[{"count":0,"href":"https:\/\/noticiasribeiraopreto.com.br\/index.php\/wp-json\/wp\/v2\/posts\/60093\/revisions"}],"wp:featuredmedia":[{"embeddable":true,"href":"https:\/\/noticiasribeiraopreto.com.br\/index.php\/wp-json\/wp\/v2\/media\/60094"}],"wp:attachment":[{"href":"https:\/\/noticiasribeiraopreto.com.br\/index.php\/wp-json\/wp\/v2\/media?parent=60093"}],"wp:term":[{"taxonomy":"category","embeddable":true,"href":"https:\/\/noticiasribeiraopreto.com.br\/index.php\/wp-json\/wp\/v2\/categories?post=60093"},{"taxonomy":"post_tag","embeddable":true,"href":"https:\/\/noticiasribeiraopreto.com.br\/index.php\/wp-json\/wp\/v2\/tags?post=60093"}],"curies":[{"name":"wp","href":"https:\/\/api.w.org\/{rel}","templated":true}]}}