{"id":60095,"date":"2024-11-05T21:47:21","date_gmt":"2024-11-06T00:47:21","guid":{"rendered":"https:\/\/noticiasribeiraopreto.com.br\/index.php\/2024\/11\/05\/o-que-se-sabe-sobre-assalto-com-morte-em-ribeirao-preto\/"},"modified":"2024-11-05T21:47:21","modified_gmt":"2024-11-06T00:47:21","slug":"o-que-se-sabe-sobre-assalto-com-morte-em-ribeirao-preto","status":"publish","type":"post","link":"https:\/\/noticiasribeiraopreto.com.br\/index.php\/2024\/11\/05\/o-que-se-sabe-sobre-assalto-com-morte-em-ribeirao-preto\/","title":{"rendered":"O que se sabe sobre assalto com morte em Ribeir\u00e3o Preto"},"content":{"rendered":"<p> <br \/>\n<\/p>\n<div data-td-block-uid=\"tdi_106\">\n<div class=\"tdb-block-inner td-fix-index\">\n<p><strong>William Jos\u00e9 Cabral morreu baleado em um assalto<\/strong>, em Ribeir\u00e3o Preto, <strong>no \u00faltimo fim de semana.<\/strong> A <mark style=\"background-color:#fcb900\" class=\"has-inline-color\">Pol\u00edcia Civil investiga se a corrente de ouro que ele usava chamou a aten\u00e7\u00e3o dos ladr\u00f5es.<\/mark><\/p>\n<p>O <strong>delegado Targino Os\u00f3rio<\/strong>, respons\u00e1vel pela investiga\u00e7\u00e3o do caso, afirmou em entrevista \u00e0 <em>EPTV<\/em>, <strong>que n\u00e3o acredita que foi um encontro aleat\u00f3rio. <\/strong><\/p>\n<figure class=\"wp-block-pullquote\">\n<blockquote>\n<p><strong>N\u00f3s acreditamos que eles j\u00e1 vinham seguindo a v\u00edtima de um determinado ponto. Avistaram ele e a corrente. \u00c9 isso que entendemos<\/strong><\/p>\n<p><cite>Targino Os\u00f3rio \u2013 Delegado <\/cite><\/p><\/blockquote>\n<\/figure>\n<p>At\u00e9 o momento, <strong>os ladr\u00f5es n\u00e3o foram identificados mesmo a a\u00e7\u00e3o tendo sido registrada por c\u00e2meras de seguran\u00e7a. <\/strong><\/p>\n<p><mark style=\"background-color:#fcb900\" class=\"has-inline-color\">A namorada de William n\u00e3o presenciou o crime.<\/mark> Ela tinha entrado na casa da m\u00e3e no momento em que o rapaz foi abordado, segundo a Pol\u00edcia Civil.<\/p>\n<h4 class=\"wp-block-heading\"><strong>O crime<\/strong><\/h4>\n<p>No \u00faltimo s\u00e1bado (2), <strong>William esperava a namorada dentro do carro em frente \u00e0 casa da sogra,<\/strong> no bairro Jardim Alexandre Balbo, <strong>quando foi abordado por dois ladr\u00f5es armados em uma moto.<\/strong><\/p>\n<p><strong>Os suspeitos pararam a moto ao lado do carro e abriram a porta<\/strong>. A v\u00edtima desceu, arremesou um objeto contra a dupla e correu, <strong>mas um dos ladr\u00f5es o perseguiu e atirou<\/strong>. William continuou correndo, <strong>mas um dos lad\u00f5res atira novamente<\/strong> e <strong>atinge o rapaz que cai alguns metros \u00e0 frente.<\/strong><\/p>\n<p><strong>Toda a a\u00e7\u00e3o foi registrada por c\u00e2meras de seguran\u00e7a e est\u00e3o com a Pol\u00edcia Civil.<\/strong><\/p>\n<p>________________________________________________________________________________<\/p>\n<p>SAIBA MAIS<\/p>\n<p>Prefeitura de Ribeir\u00e3o estuda flexibilizar estacionamento no Centro; Entenda<\/p>\n<h4 class=\"wp-block-heading\"><strong>FIQUE ON<\/strong><\/h4>\n<p>Fique ligado em tudo que acontece em Ribeir\u00e3o Preto e regi\u00e3o. Siga os perfis do\u00a0<strong>acidade on\u00a0<\/strong>no\u00a0<a href=\"https:\/\/www.instagram.com\/acidadeonribeirao\" target=\"_blank\" rel=\"noreferrer noopener\">Instagram<\/a>\u00a0e no\u00a0<a href=\"https:\/\/www.facebook.com\/acidadeonribeirao\/\" target=\"_blank\" rel=\"noreferrer noopener\">Facebook.<\/a><\/p>\n<p>Receba not\u00edcias do\u00a0<strong>acidade on<\/strong>\u00a0no WhatsApp.\u00a0<a href=\"https:\/\/chat.whatsapp.com\/Fg4ok3aAVyB59DP63pRapr\" target=\"_blank\" rel=\"noreferrer noopener\">Para entrar no grupo, basta clicar aqui.<\/a><\/p>\n<p>Fa\u00e7a uma den\u00fancia ou sugira uma reportagem sobre Ribeir\u00e3o Preto e regi\u00e3o pelo WhatsApp: 16 99117 7802.<\/p>\n<p>VEJA TAMB\u00c9M<\/p>\n<p>Mel e melato: qual a diferen\u00e7a?\u00a0\u00a0<\/p>\n<p><!-- CONTENT END 1 -->\n<\/div>\n<\/div>\n<p><script async src=\"\/\/www.instagram.com\/embed.js\"><\/script><br \/>\n<br \/><br \/>\n<br \/><a href=\"https:\/\/www.acidadeon.com\/ribeiraopreto\/cotidiano\/o-que-se-sabe-sobre-assalto-com-morte-em-ribeirao-preto\/\">Source link <\/a><\/p>\n","protected":false},"excerpt":{"rendered":"<p>William Jos\u00e9 Cabral morreu baleado em um assalto, em Ribeir\u00e3o Preto, no \u00faltimo fim de semana. A Pol\u00edcia Civil investiga se a corrente de ouro&#8230;<\/p>\n","protected":false},"author":1,"featured_media":60096,"comment_status":"open","ping_status":"open","sticky":false,"template":"","format":"standard","meta":{"advanced_seo_description":"","jetpack_seo_html_title":"","jetpack_seo_noindex":false,"jetpack_post_was_ever_published":false,"_jetpack_newsletter_access":"","_jetpack_dont_email_post_to_subs":false,"_jetpack_newsletter_tier_id":0,"_jetpack_memberships_contains_paywalled_content":false,"_jetpack_memberships_contains_paid_content":false,"footnotes":"","jetpack_publicize_message":"","jetpack_publicize_feature_enabled":true,"jetpack_social_post_already_shared":true,"jetpack_social_options":{"image_generator_settings":{"template":"highway","default_image_id":0,"font":"","enabled":false},"version":2}},"categories":[11],"tags":[],"class_list":["post-60095","post","type-post","status-publish","format-standard","has-post-thumbnail","hentry","category-noticias-de-ribeirao-preto-sp-e-regiao-ismael-colosi"],"jetpack_publicize_connections":[],"jetpack_featured_media_url":"https:\/\/i0.wp.com\/noticiasribeiraopreto.com.br\/wp-content\/uploads\/2024\/11\/Design-sem-nome-4_2024-11-06_00-13-05_png_2024-11-06_00-13-06.webp.webp?fit=1068%2C601&ssl=1","jetpack-related-posts":[{"id":40559,"url":"https:\/\/noticiasribeiraopreto.com.br\/index.php\/2024\/03\/04\/tres-semanas-apos-morte-de-pm-em-ribeirao-suspeitos-ainda-nao-foram-identificados\/","url_meta":{"origin":60095,"position":0},"title":"Tr\u00eas semanas ap\u00f3s morte de PM em Ribeir\u00e3o, suspeitos ainda n\u00e3o foram identificados","author":"noticiasribeiraopreto.com.br","date":"4 de March de 2024","format":false,"excerpt":"J\u00e1 se passaram tr\u00eas semanas desde que o policial militar reformado Darie Alves Tremura, de 63 anos, morreu no Centro de Ribeir\u00e3o Preto, durante um assalto, e apesar das c\u00e2meras de seguran\u00e7a dispon\u00edveis no local do crime, os suspeitos ainda n\u00e3o foram identificados. De acordo com o delegado Targino Os\u00f3rio,\u2026","rel":"","context":"In &quot;Not\u00edcias de Ribeir\u00e3o Preto-SP e Regi\u00e3o&quot;","block_context":{"text":"Not\u00edcias de Ribeir\u00e3o Preto-SP e Regi\u00e3o","link":"https:\/\/noticiasribeiraopreto.com.br\/index.php\/category\/noticias-de-ribeirao-preto-sp-e-regiao-ismael-colosi\/"},"img":{"alt_text":"","src":"https:\/\/i0.wp.com\/noticiasribeiraopreto.com.br\/wp-content\/uploads\/2024\/03\/AnyConv.com__Copia-de-Copia-de-TAMANHO-EXATO-PARA-FOTOS-NO-SISTEMA-NOVO-61.webp.webp?fit=1200%2C675&ssl=1&resize=350%2C200","width":350,"height":200,"srcset":"https:\/\/i0.wp.com\/noticiasribeiraopreto.com.br\/wp-content\/uploads\/2024\/03\/AnyConv.com__Copia-de-Copia-de-TAMANHO-EXATO-PARA-FOTOS-NO-SISTEMA-NOVO-61.webp.webp?fit=1200%2C675&ssl=1&resize=350%2C200 1x, https:\/\/i0.wp.com\/noticiasribeiraopreto.com.br\/wp-content\/uploads\/2024\/03\/AnyConv.com__Copia-de-Copia-de-TAMANHO-EXATO-PARA-FOTOS-NO-SISTEMA-NOVO-61.webp.webp?fit=1200%2C675&ssl=1&resize=525%2C300 1.5x, https:\/\/i0.wp.com\/noticiasribeiraopreto.com.br\/wp-content\/uploads\/2024\/03\/AnyConv.com__Copia-de-Copia-de-TAMANHO-EXATO-PARA-FOTOS-NO-SISTEMA-NOVO-61.webp.webp?fit=1200%2C675&ssl=1&resize=700%2C400 2x, https:\/\/i0.wp.com\/noticiasribeiraopreto.com.br\/wp-content\/uploads\/2024\/03\/AnyConv.com__Copia-de-Copia-de-TAMANHO-EXATO-PARA-FOTOS-NO-SISTEMA-NOVO-61.webp.webp?fit=1200%2C675&ssl=1&resize=1050%2C600 3x"},"classes":[]},{"id":80240,"url":"https:\/\/noticiasribeiraopreto.com.br\/index.php\/2025\/11\/18\/o-que-sabe-sobre-tecnica-de-enfermagem-envolvida-em-roubo-de-joias-em-ribeirao-preto\/","url_meta":{"origin":60095,"position":1},"title":"O que sabe sobre t\u00e9cnica de enfermagem envolvida em roubo de joias em Ribeir\u00e3o Preto","author":"noticiasribeiraopreto.com.br","date":"18 de November de 2025","format":false,"excerpt":"A t\u00e9cnica de enfermagem Thayn\u00e1 Yasmin Silva Porto, presa em Ribeir\u00e3o Preto nesta ter\u00e7a-feira (18), se passou por corretora de im\u00f3veis para conseguir informa\u00e7\u00f5es privilegiadas sobre uma resid\u00eancia assaltada por criminosos no \u00faltimo m\u00eas de maio. O crime aconteceu no bairro Ribeir\u00e2nia e a quadrilha levou joias e rel\u00f3gios de\u2026","rel":"","context":"In &quot;Not\u00edcias de Ribeir\u00e3o Preto-SP e Regi\u00e3o&quot;","block_context":{"text":"Not\u00edcias de Ribeir\u00e3o Preto-SP e Regi\u00e3o","link":"https:\/\/noticiasribeiraopreto.com.br\/index.php\/category\/noticias-de-ribeirao-preto-sp-e-regiao-ismael-colosi\/"},"img":{"alt_text":"","src":"https:\/\/i0.wp.com\/noticiasribeiraopreto.com.br\/wp-content\/uploads\/2025\/11\/thayna-silva-porto_2025-11-18_15-57-21.webp.webp?fit=1200%2C675&ssl=1&resize=350%2C200","width":350,"height":200,"srcset":"https:\/\/i0.wp.com\/noticiasribeiraopreto.com.br\/wp-content\/uploads\/2025\/11\/thayna-silva-porto_2025-11-18_15-57-21.webp.webp?fit=1200%2C675&ssl=1&resize=350%2C200 1x, https:\/\/i0.wp.com\/noticiasribeiraopreto.com.br\/wp-content\/uploads\/2025\/11\/thayna-silva-porto_2025-11-18_15-57-21.webp.webp?fit=1200%2C675&ssl=1&resize=525%2C300 1.5x, https:\/\/i0.wp.com\/noticiasribeiraopreto.com.br\/wp-content\/uploads\/2025\/11\/thayna-silva-porto_2025-11-18_15-57-21.webp.webp?fit=1200%2C675&ssl=1&resize=700%2C400 2x, https:\/\/i0.wp.com\/noticiasribeiraopreto.com.br\/wp-content\/uploads\/2025\/11\/thayna-silva-porto_2025-11-18_15-57-21.webp.webp?fit=1200%2C675&ssl=1&resize=1050%2C600 3x"},"classes":[]},{"id":36858,"url":"https:\/\/noticiasribeiraopreto.com.br\/index.php\/2024\/02\/12\/saiba-quem-era-o-policial-morto-em-tentativa-de-assalto-em-ribeirao-preto\/","url_meta":{"origin":60095,"position":2},"title":"Saiba quem era o policial morto em tentativa de assalto em Ribeir\u00e3o Preto","author":"noticiasribeiraopreto.com.br","date":"12 de February de 2024","format":false,"excerpt":"O policial aposentado Darie Alves Tremura, de 63 anos, v\u00edtima de latroc\u00ednio na manh\u00e3 desta segunda-feira (12), no Centro de Ribeir\u00e3o Preto, foi 3\u00ba Sargento da Pol\u00edcia Militar por 26 anos e h\u00e1 16 anos estava aposentado. Atualmente, Darie prestava servi\u00e7o para o Cons\u00f3rcio Pr\u00f3Urbano, respons\u00e1vel pelo transporte coletivo na\u2026","rel":"","context":"In &quot;Not\u00edcias de Ribeir\u00e3o Preto-SP e Regi\u00e3o&quot;","block_context":{"text":"Not\u00edcias de Ribeir\u00e3o Preto-SP e Regi\u00e3o","link":"https:\/\/noticiasribeiraopreto.com.br\/index.php\/category\/noticias-de-ribeirao-preto-sp-e-regiao-ismael-colosi\/"},"img":{"alt_text":"","src":"https:\/\/i0.wp.com\/noticiasribeiraopreto.com.br\/wp-content\/uploads\/2024\/02\/WhatsApp-Image-2024-02-12-at-16.27.00.jpeg?fit=1200%2C675&ssl=1&resize=350%2C200","width":350,"height":200,"srcset":"https:\/\/i0.wp.com\/noticiasribeiraopreto.com.br\/wp-content\/uploads\/2024\/02\/WhatsApp-Image-2024-02-12-at-16.27.00.jpeg?fit=1200%2C675&ssl=1&resize=350%2C200 1x, https:\/\/i0.wp.com\/noticiasribeiraopreto.com.br\/wp-content\/uploads\/2024\/02\/WhatsApp-Image-2024-02-12-at-16.27.00.jpeg?fit=1200%2C675&ssl=1&resize=525%2C300 1.5x, https:\/\/i0.wp.com\/noticiasribeiraopreto.com.br\/wp-content\/uploads\/2024\/02\/WhatsApp-Image-2024-02-12-at-16.27.00.jpeg?fit=1200%2C675&ssl=1&resize=700%2C400 2x, https:\/\/i0.wp.com\/noticiasribeiraopreto.com.br\/wp-content\/uploads\/2024\/02\/WhatsApp-Image-2024-02-12-at-16.27.00.jpeg?fit=1200%2C675&ssl=1&resize=1050%2C600 3x"},"classes":[]},{"id":81553,"url":"https:\/\/noticiasribeiraopreto.com.br\/index.php\/2026\/01\/09\/morre-o-delegado-targino-donizete-osorio\/","url_meta":{"origin":60095,"position":3},"title":"Morre o delegado Targino Donizete Os\u00f3rio","author":"noticiasribeiraopreto.com.br","date":"9 de January de 2026","format":false,"excerpt":"\r \r \r Um dos principais nomes da Pol\u00edcia Civil na regi\u00e3o de Ribeir\u00e3o Preto faleceu ap\u00f3s lutar contra um c\u00e2ncer, que foi descoberto em est\u00e1gio avan\u00e7ado\r \r 9 de janeiro de 2026 08:44 \r Compartilhar2 \r Por: Adalberto Luque \u2013 Morreu na madrugada desta sexta-feira (9) o delegado Targino\u2026","rel":"","context":"In &quot;Not\u00edcias de Ribeir\u00e3o Preto-SP e Regi\u00e3o&quot;","block_context":{"text":"Not\u00edcias de Ribeir\u00e3o Preto-SP e Regi\u00e3o","link":"https:\/\/noticiasribeiraopreto.com.br\/index.php\/category\/noticias-de-ribeirao-preto-sp-e-regiao-ismael-colosi\/"},"img":{"alt_text":"","src":"https:\/\/i0.wp.com\/noticiasribeiraopreto.com.br\/wp-content\/uploads\/2026\/01\/09-jan-2026-adeustargino1-scaled.jpg?fit=1170%2C780&ssl=1&resize=350%2C200","width":350,"height":200,"srcset":"https:\/\/i0.wp.com\/noticiasribeiraopreto.com.br\/wp-content\/uploads\/2026\/01\/09-jan-2026-adeustargino1-scaled.jpg?fit=1170%2C780&ssl=1&resize=350%2C200 1x, https:\/\/i0.wp.com\/noticiasribeiraopreto.com.br\/wp-content\/uploads\/2026\/01\/09-jan-2026-adeustargino1-scaled.jpg?fit=1170%2C780&ssl=1&resize=525%2C300 1.5x, https:\/\/i0.wp.com\/noticiasribeiraopreto.com.br\/wp-content\/uploads\/2026\/01\/09-jan-2026-adeustargino1-scaled.jpg?fit=1170%2C780&ssl=1&resize=700%2C400 2x, https:\/\/i0.wp.com\/noticiasribeiraopreto.com.br\/wp-content\/uploads\/2026\/01\/09-jan-2026-adeustargino1-scaled.jpg?fit=1170%2C780&ssl=1&resize=1050%2C600 3x"},"classes":[]},{"id":80272,"url":"https:\/\/noticiasribeiraopreto.com.br\/index.php\/2025\/11\/18\/o-que-se-sabe-sobre-roubo-milionario-de-joias-em-ribeirao-preto\/","url_meta":{"origin":60095,"position":4},"title":"O que se sabe sobre roubo milion\u00e1rio de joias em Ribeir\u00e3o Preto","author":"noticiasribeiraopreto.com.br","date":"18 de November de 2025","format":false,"excerpt":"Quatro suspeitos de integrar uma quadrilha especializada em roubos de joias foram presos na manh\u00e3 desta ter\u00e7a-feira (18), em uma nova etapa da investiga\u00e7\u00e3o sobre um assalto milion\u00e1rio que aconteceu em uma resid\u00eancia do bairro Ribeir\u00e2nia, em Ribeir\u00e3o Preto, em maio de 2025. Na \u00e9poca do ocorrido, uma fam\u00edlia teve\u2026","rel":"","context":"In &quot;Not\u00edcias de Ribeir\u00e3o Preto-SP e Regi\u00e3o&quot;","block_context":{"text":"Not\u00edcias de Ribeir\u00e3o Preto-SP e Regi\u00e3o","link":"https:\/\/noticiasribeiraopreto.com.br\/index.php\/category\/noticias-de-ribeirao-preto-sp-e-regiao-ismael-colosi\/"},"img":{"alt_text":"","src":"https:\/\/i0.wp.com\/noticiasribeiraopreto.com.br\/wp-content\/uploads\/2025\/11\/joias-roubadas_2025-09-08_13-48-35.webp.webp?fit=1200%2C709&ssl=1&resize=350%2C200","width":350,"height":200,"srcset":"https:\/\/i0.wp.com\/noticiasribeiraopreto.com.br\/wp-content\/uploads\/2025\/11\/joias-roubadas_2025-09-08_13-48-35.webp.webp?fit=1200%2C709&ssl=1&resize=350%2C200 1x, https:\/\/i0.wp.com\/noticiasribeiraopreto.com.br\/wp-content\/uploads\/2025\/11\/joias-roubadas_2025-09-08_13-48-35.webp.webp?fit=1200%2C709&ssl=1&resize=525%2C300 1.5x, https:\/\/i0.wp.com\/noticiasribeiraopreto.com.br\/wp-content\/uploads\/2025\/11\/joias-roubadas_2025-09-08_13-48-35.webp.webp?fit=1200%2C709&ssl=1&resize=700%2C400 2x, https:\/\/i0.wp.com\/noticiasribeiraopreto.com.br\/wp-content\/uploads\/2025\/11\/joias-roubadas_2025-09-08_13-48-35.webp.webp?fit=1200%2C709&ssl=1&resize=1050%2C600 3x"},"classes":[]},{"id":40223,"url":"https:\/\/noticiasribeiraopreto.com.br\/index.php\/2024\/03\/01\/o-que-se-sabe-sobre-a-quadrilha-do-falso-sequestro-em-ribeirao-preto-e-regiao\/","url_meta":{"origin":60095,"position":5},"title":"O que se sabe sobre a quadrilha do falso sequestro em Ribeir\u00e3o Preto e regi\u00e3o","author":"noticiasribeiraopreto.com.br","date":"1 de March de 2024","format":false,"excerpt":"Nesta quinta-feira (29), um homem foi preso temporariamente em Sert\u00e3ozinho, cidade na regi\u00e3o de Ribeir\u00e3o Preto, por suspeita de integrar uma quadrilha especializada em aplicar o golpe do falso sequestro, com extors\u00e3o das v\u00edtimas mediante a entrega de joias. O grupo \u00e9 suspeito de aplicar tr\u00eas golpes entre o final\u2026","rel":"","context":"In &quot;Not\u00edcias de Ribeir\u00e3o Preto-SP e Regi\u00e3o&quot;","block_context":{"text":"Not\u00edcias de Ribeir\u00e3o Preto-SP e Regi\u00e3o","link":"https:\/\/noticiasribeiraopreto.com.br\/index.php\/category\/noticias-de-ribeirao-preto-sp-e-regiao-ismael-colosi\/"},"img":{"alt_text":"","src":"https:\/\/i0.wp.com\/noticiasribeiraopreto.com.br\/wp-content\/uploads\/2024\/03\/cpj_1024x576_21012021092745.jpg?fit=1024%2C575&ssl=1&resize=350%2C200","width":350,"height":200,"srcset":"https:\/\/i0.wp.com\/noticiasribeiraopreto.com.br\/wp-content\/uploads\/2024\/03\/cpj_1024x576_21012021092745.jpg?fit=1024%2C575&ssl=1&resize=350%2C200 1x, https:\/\/i0.wp.com\/noticiasribeiraopreto.com.br\/wp-content\/uploads\/2024\/03\/cpj_1024x576_21012021092745.jpg?fit=1024%2C575&ssl=1&resize=525%2C300 1.5x, https:\/\/i0.wp.com\/noticiasribeiraopreto.com.br\/wp-content\/uploads\/2024\/03\/cpj_1024x576_21012021092745.jpg?fit=1024%2C575&ssl=1&resize=700%2C400 2x"},"classes":[]}],"jetpack_sharing_enabled":true,"jetpack_shortlink":"https:\/\/wp.me\/peQAOb-fDh","_links":{"self":[{"href":"https:\/\/noticiasribeiraopreto.com.br\/index.php\/wp-json\/wp\/v2\/posts\/60095","targetHints":{"allow":["GET"]}}],"collection":[{"href":"https:\/\/noticiasribeiraopreto.com.br\/index.php\/wp-json\/wp\/v2\/posts"}],"about":[{"href":"https:\/\/noticiasribeiraopreto.com.br\/index.php\/wp-json\/wp\/v2\/types\/post"}],"author":[{"embeddable":true,"href":"https:\/\/noticiasribeiraopreto.com.br\/index.php\/wp-json\/wp\/v2\/users\/1"}],"replies":[{"embeddable":true,"href":"https:\/\/noticiasribeiraopreto.com.br\/index.php\/wp-json\/wp\/v2\/comments?post=60095"}],"version-history":[{"count":0,"href":"https:\/\/noticiasribeiraopreto.com.br\/index.php\/wp-json\/wp\/v2\/posts\/60095\/revisions"}],"wp:featuredmedia":[{"embeddable":true,"href":"https:\/\/noticiasribeiraopreto.com.br\/index.php\/wp-json\/wp\/v2\/media\/60096"}],"wp:attachment":[{"href":"https:\/\/noticiasribeiraopreto.com.br\/index.php\/wp-json\/wp\/v2\/media?parent=60095"}],"wp:term":[{"taxonomy":"category","embeddable":true,"href":"https:\/\/noticiasribeiraopreto.com.br\/index.php\/wp-json\/wp\/v2\/categories?post=60095"},{"taxonomy":"post_tag","embeddable":true,"href":"https:\/\/noticiasribeiraopreto.com.br\/index.php\/wp-json\/wp\/v2\/tags?post=60095"}],"curies":[{"name":"wp","href":"https:\/\/api.w.org\/{rel}","templated":true}]}}