{"id":60097,"date":"2024-11-05T23:22:00","date_gmt":"2024-11-06T02:22:00","guid":{"rendered":"https:\/\/noticiasribeiraopreto.com.br\/index.php\/2024\/11\/05\/com-gol-nos-acrescimos-botafogo-vence-o-brusque-pela-serie-b\/"},"modified":"2024-11-05T23:22:00","modified_gmt":"2024-11-06T02:22:00","slug":"com-gol-nos-acrescimos-botafogo-vence-o-brusque-pela-serie-b","status":"publish","type":"post","link":"https:\/\/noticiasribeiraopreto.com.br\/index.php\/2024\/11\/05\/com-gol-nos-acrescimos-botafogo-vence-o-brusque-pela-serie-b\/","title":{"rendered":"Com gol nos acr\u00e9scimos, Botafogo vence o Brusque pela S\u00e9rie B"},"content":{"rendered":"<p> <br \/>\n<\/p>\n<div data-td-block-uid=\"tdi_106\">\n<div class=\"tdb-block-inner td-fix-index\">\n<p>O<strong> Botafogo <\/strong>venceu o Brusque por 1 a 0 pelo <strong>Campeonato Brasileiro da S\u00e9rie B<\/strong>, na noite desta ter\u00e7a-feira (5). A partida foi v\u00e1lida pela 35\u00aa rodada da competi\u00e7\u00e3o nacional e foi disputada no est\u00e1dio Augusto Bauer, em Brusque-SC.<\/p>\n<p>O Pantera marcou nos acr\u00e9scimos do segundo tempo com Patrick Brey, ap\u00f3s bom passe de Alex Sandro.<\/p>\n<p>Com o resultado, <mark style=\"background-color:#fcb900\" class=\"has-inline-color has-black-color\">a equipe de Ribeir\u00e3o Preto pulou para 14\u00aa coloca\u00e7\u00e3o com 42 pontos \u2013 quatro a mais do que a Ponte Preta, a primeira equipe da zona de rebaixamento<\/mark>. O Brusque \u00e9 o 19\u00ba colocado com 33 pontos.<\/p>\n<h4 class=\"wp-block-heading\"><strong>Pr\u00f3ximos jogos<br \/><\/strong><\/h4>\n<p>O Botafogo volta a campo na pr\u00f3xima ter\u00e7a-feira (12), quando recebe o Cear\u00e1 na Arena Nicnet\/est\u00e1dio Santa Cruz, em Ribeir\u00e3o Preto, \u00e0s 21h30. J\u00e1 o Brusque visita o Paysandu, em Bel\u00e9m, na segunda-feira (11), \u00e0s 21h.<\/p>\n<p><!-- CONTENT END 1 -->\n<\/div>\n<\/div>\n<p><br \/>\n<br \/><a href=\"https:\/\/www.acidadeon.com\/ribeiraopreto\/esportes\/com-gol-nos-acrescimos-botafogo-vence-o-brusque-pela-serie-b\/\">Source link <\/a><\/p>\n","protected":false},"excerpt":{"rendered":"<p>O Botafogo venceu o Brusque por 1 a 0 pelo Campeonato Brasileiro da S\u00e9rie B, na noite desta ter\u00e7a-feira (5). A partida foi v\u00e1lida pela&#8230;<\/p>\n","protected":false},"author":1,"featured_media":60098,"comment_status":"open","ping_status":"open","sticky":false,"template":"","format":"standard","meta":{"advanced_seo_description":"","jetpack_seo_html_title":"","jetpack_seo_noindex":false,"jetpack_post_was_ever_published":false,"_jetpack_newsletter_access":"","_jetpack_dont_email_post_to_subs":false,"_jetpack_newsletter_tier_id":0,"_jetpack_memberships_contains_paywalled_content":false,"_jetpack_memberships_contains_paid_content":false,"footnotes":"","jetpack_publicize_message":"","jetpack_publicize_feature_enabled":true,"jetpack_social_post_already_shared":true,"jetpack_social_options":{"image_generator_settings":{"template":"highway","default_image_id":0,"font":"","enabled":false},"version":2}},"categories":[11],"tags":[],"class_list":["post-60097","post","type-post","status-publish","format-standard","has-post-thumbnail","hentry","category-noticias-de-ribeirao-preto-sp-e-regiao-ismael-colosi"],"jetpack_publicize_connections":[],"jetpack_featured_media_url":"https:\/\/i0.wp.com\/noticiasribeiraopreto.com.br\/wp-content\/uploads\/2024\/11\/botafogo-brusque-2_2024-11-06_02-05-37_jpeg_2024-11-06_02-05-37.webp.webp?fit=1600%2C1064&ssl=1","jetpack-related-posts":[{"id":54774,"url":"https:\/\/noticiasribeiraopreto.com.br\/index.php\/2024\/07\/22\/botafogo-empata-com-o-brusque-e-segue-na-zona-de-rebaixamento-na-serie-b\/","url_meta":{"origin":60097,"position":0},"title":"Botafogo empata com o Brusque e segue na zona de rebaixamento na S\u00e9rie B","author":"noticiasribeiraopreto.com.br","date":"22 de July de 2024","format":false,"excerpt":"O Botafogo empatou em 2 a 2 com o Brusque na noite deste domingo (21), pelo Campeonato Brasileiro da S\u00e9rie B. O confronto foi realizado no est\u00e1dio Santa Cruz\/Arena Nicnet, em Ribeir\u00e3o Preto. O Pantera segue na zona de rebaixamento. Os gols O Botafogo abriu o placar aos 8 minutos\u2026","rel":"","context":"In &quot;Not\u00edcias de Ribeir\u00e3o Preto-SP e Regi\u00e3o&quot;","block_context":{"text":"Not\u00edcias de Ribeir\u00e3o Preto-SP e Regi\u00e3o","link":"https:\/\/noticiasribeiraopreto.com.br\/index.php\/category\/noticias-de-ribeirao-preto-sp-e-regiao-ismael-colosi\/"},"img":{"alt_text":"","src":"https:\/\/i0.wp.com\/noticiasribeiraopreto.com.br\/wp-content\/uploads\/2024\/07\/Botafogo-brusque_2024-07-21_23-16-11_jpeg_2024-07-21_23-16-12.webp.webp?fit=1200%2C800&ssl=1&resize=350%2C200","width":350,"height":200,"srcset":"https:\/\/i0.wp.com\/noticiasribeiraopreto.com.br\/wp-content\/uploads\/2024\/07\/Botafogo-brusque_2024-07-21_23-16-11_jpeg_2024-07-21_23-16-12.webp.webp?fit=1200%2C800&ssl=1&resize=350%2C200 1x, https:\/\/i0.wp.com\/noticiasribeiraopreto.com.br\/wp-content\/uploads\/2024\/07\/Botafogo-brusque_2024-07-21_23-16-11_jpeg_2024-07-21_23-16-12.webp.webp?fit=1200%2C800&ssl=1&resize=525%2C300 1.5x, https:\/\/i0.wp.com\/noticiasribeiraopreto.com.br\/wp-content\/uploads\/2024\/07\/Botafogo-brusque_2024-07-21_23-16-11_jpeg_2024-07-21_23-16-12.webp.webp?fit=1200%2C800&ssl=1&resize=700%2C400 2x, https:\/\/i0.wp.com\/noticiasribeiraopreto.com.br\/wp-content\/uploads\/2024\/07\/Botafogo-brusque_2024-07-21_23-16-11_jpeg_2024-07-21_23-16-12.webp.webp?fit=1200%2C800&ssl=1&resize=1050%2C600 3x"},"classes":[]},{"id":58329,"url":"https:\/\/noticiasribeiraopreto.com.br\/index.php\/2024\/09\/24\/em-ribeirao-preto-botafogo-empata-com-o-crb-e-se-aproxima-do-z4\/","url_meta":{"origin":60097,"position":1},"title":"Em Ribeir\u00e3o Preto, Botafogo empata com o CRB e se aproxima do Z4","author":"noticiasribeiraopreto.com.br","date":"24 de September de 2024","format":false,"excerpt":"O Botafogo empatou em 0 a 0 com o CRB na noite desta ter\u00e7a-feira (24), pela 28\u00aa rodada do Campeonato Brasileiro da S\u00e9rie B. O confronto foi realizado no est\u00e1dio Santa Cruz Arena Nicnet, em Ribeir\u00e3o Preto. Com o resultado, o Tricolor tem 31 pontos e ocupa a 15\u00aa coloca\u00e7\u00e3o\u2026","rel":"","context":"In &quot;Not\u00edcias de Ribeir\u00e3o Preto-SP e Regi\u00e3o&quot;","block_context":{"text":"Not\u00edcias de Ribeir\u00e3o Preto-SP e Regi\u00e3o","link":"https:\/\/noticiasribeiraopreto.com.br\/index.php\/category\/noticias-de-ribeirao-preto-sp-e-regiao-ismael-colosi\/"},"img":{"alt_text":"","src":"https:\/\/i0.wp.com\/noticiasribeiraopreto.com.br\/wp-content\/uploads\/2024\/09\/1405b8ae-cde3-4f21-8035-a5dd9e2f804e_2024-09-25_01-38-19_jpeg_2024-09-25_01-38-19.webp.webp?fit=1200%2C800&ssl=1&resize=350%2C200","width":350,"height":200,"srcset":"https:\/\/i0.wp.com\/noticiasribeiraopreto.com.br\/wp-content\/uploads\/2024\/09\/1405b8ae-cde3-4f21-8035-a5dd9e2f804e_2024-09-25_01-38-19_jpeg_2024-09-25_01-38-19.webp.webp?fit=1200%2C800&ssl=1&resize=350%2C200 1x, https:\/\/i0.wp.com\/noticiasribeiraopreto.com.br\/wp-content\/uploads\/2024\/09\/1405b8ae-cde3-4f21-8035-a5dd9e2f804e_2024-09-25_01-38-19_jpeg_2024-09-25_01-38-19.webp.webp?fit=1200%2C800&ssl=1&resize=525%2C300 1.5x, https:\/\/i0.wp.com\/noticiasribeiraopreto.com.br\/wp-content\/uploads\/2024\/09\/1405b8ae-cde3-4f21-8035-a5dd9e2f804e_2024-09-25_01-38-19_jpeg_2024-09-25_01-38-19.webp.webp?fit=1200%2C800&ssl=1&resize=700%2C400 2x, https:\/\/i0.wp.com\/noticiasribeiraopreto.com.br\/wp-content\/uploads\/2024\/09\/1405b8ae-cde3-4f21-8035-a5dd9e2f804e_2024-09-25_01-38-19_jpeg_2024-09-25_01-38-19.webp.webp?fit=1200%2C800&ssl=1&resize=1050%2C600 3x"},"classes":[]},{"id":59779,"url":"https:\/\/noticiasribeiraopreto.com.br\/index.php\/2024\/10\/30\/botafogo-vence-amazonas-fora-de-casa-e-sai-da-zona-de-rebaixamento-na-serie-b\/","url_meta":{"origin":60097,"position":2},"title":"Botafogo vence Amazonas fora de casa e sai da zona de rebaixamento na S\u00e9rie B","author":"noticiasribeiraopreto.com.br","date":"30 de October de 2024","format":false,"excerpt":"O Botafogo venceu o Amazonas por 1 a 0 e saiu da zona de rebaixamento do Campeonato Brasileiro da S\u00e9rie B. A partida foi realizada na noite desta ter\u00e7a-feira (29), na Arena da Amaz\u00f4nia, em Manaus. O Botafogo abriu o placar aos 11 minutos do segundo tempo com o capit\u00e3o\u2026","rel":"","context":"In &quot;Not\u00edcias de Ribeir\u00e3o Preto-SP e Regi\u00e3o&quot;","block_context":{"text":"Not\u00edcias de Ribeir\u00e3o Preto-SP e Regi\u00e3o","link":"https:\/\/noticiasribeiraopreto.com.br\/index.php\/category\/noticias-de-ribeirao-preto-sp-e-regiao-ismael-colosi\/"},"img":{"alt_text":"","src":"https:\/\/i0.wp.com\/noticiasribeiraopreto.com.br\/wp-content\/uploads\/2024\/10\/botafogo-amazonas_2024-10-30_02-14-01_jpeg_2024-10-30_02-14-02.webp.webp?fit=1200%2C800&ssl=1&resize=350%2C200","width":350,"height":200,"srcset":"https:\/\/i0.wp.com\/noticiasribeiraopreto.com.br\/wp-content\/uploads\/2024\/10\/botafogo-amazonas_2024-10-30_02-14-01_jpeg_2024-10-30_02-14-02.webp.webp?fit=1200%2C800&ssl=1&resize=350%2C200 1x, https:\/\/i0.wp.com\/noticiasribeiraopreto.com.br\/wp-content\/uploads\/2024\/10\/botafogo-amazonas_2024-10-30_02-14-01_jpeg_2024-10-30_02-14-02.webp.webp?fit=1200%2C800&ssl=1&resize=525%2C300 1.5x, https:\/\/i0.wp.com\/noticiasribeiraopreto.com.br\/wp-content\/uploads\/2024\/10\/botafogo-amazonas_2024-10-30_02-14-01_jpeg_2024-10-30_02-14-02.webp.webp?fit=1200%2C800&ssl=1&resize=700%2C400 2x, https:\/\/i0.wp.com\/noticiasribeiraopreto.com.br\/wp-content\/uploads\/2024\/10\/botafogo-amazonas_2024-10-30_02-14-01_jpeg_2024-10-30_02-14-02.webp.webp?fit=1200%2C800&ssl=1&resize=1050%2C600 3x"},"classes":[]},{"id":60539,"url":"https:\/\/noticiasribeiraopreto.com.br\/index.php\/2024\/11\/17\/botafogo-garante-permanencia-na-serie-b-antes-de-entrar-em-campo\/","url_meta":{"origin":60097,"position":3},"title":"Botafogo garante perman\u00eancia na S\u00e9rie B antes de entrar em campo","author":"noticiasribeiraopreto.com.br","date":"17 de November de 2024","format":false,"excerpt":"O Botafogo continua na S\u00e9rie B do Campeonato Brasileiro em 2025, mesmo sem entrar em campo nesta rodada. A perman\u00eancia do time de Ribeir\u00e3o Preto na divis\u00e3o foi confirmada neste s\u00e1bado (17), ap\u00f3s derrota da Ponte Preta para o Sport, pela 37\u00aa rodada do campeonato. O Pantera tem 42 pontos\u2026","rel":"","context":"In &quot;Not\u00edcias de Ribeir\u00e3o Preto-SP e Regi\u00e3o&quot;","block_context":{"text":"Not\u00edcias de Ribeir\u00e3o Preto-SP e Regi\u00e3o","link":"https:\/\/noticiasribeiraopreto.com.br\/index.php\/category\/noticias-de-ribeirao-preto-sp-e-regiao-ismael-colosi\/"},"img":{"alt_text":"","src":"https:\/\/i0.wp.com\/noticiasribeiraopreto.com.br\/wp-content\/uploads\/2024\/11\/465744372_1068478434601391_7157362678131287389_n_2024-11-17_16-01-32_jpg_2024-11-17_16-01-32.webp.webp?fit=1080%2C1080&ssl=1&resize=350%2C200","width":350,"height":200,"srcset":"https:\/\/i0.wp.com\/noticiasribeiraopreto.com.br\/wp-content\/uploads\/2024\/11\/465744372_1068478434601391_7157362678131287389_n_2024-11-17_16-01-32_jpg_2024-11-17_16-01-32.webp.webp?fit=1080%2C1080&ssl=1&resize=350%2C200 1x, https:\/\/i0.wp.com\/noticiasribeiraopreto.com.br\/wp-content\/uploads\/2024\/11\/465744372_1068478434601391_7157362678131287389_n_2024-11-17_16-01-32_jpg_2024-11-17_16-01-32.webp.webp?fit=1080%2C1080&ssl=1&resize=525%2C300 1.5x, https:\/\/i0.wp.com\/noticiasribeiraopreto.com.br\/wp-content\/uploads\/2024\/11\/465744372_1068478434601391_7157362678131287389_n_2024-11-17_16-01-32_jpg_2024-11-17_16-01-32.webp.webp?fit=1080%2C1080&ssl=1&resize=700%2C400 2x, https:\/\/i0.wp.com\/noticiasribeiraopreto.com.br\/wp-content\/uploads\/2024\/11\/465744372_1068478434601391_7157362678131287389_n_2024-11-17_16-01-32_jpg_2024-11-17_16-01-32.webp.webp?fit=1080%2C1080&ssl=1&resize=1050%2C600 3x"},"classes":[]},{"id":82894,"url":"https:\/\/noticiasribeiraopreto.com.br\/index.php\/2026\/03\/02\/botafogo-contrata-dupla-de-ataque\/","url_meta":{"origin":60097,"position":4},"title":"Botafogo contrata dupla de ataque","author":"noticiasribeiraopreto.com.br","date":"2 de March de 2026","format":false,"excerpt":"\r Ponta e centroavante vindos de outros estados refor\u00e7am Pantera na S\u00e9rie B\r \r 2 de mar\u00e7o de 2026 12:55 \r Compartilhar1 Por Hugo Luque O Botafogo anunciou, nesta segunda-feira (2), mais dois refor\u00e7os para a S\u00e9rie B do Campeonato Brasileiro. Refor\u00e7am a equipe o ponta Wesley, ex-Anapolina-GO, e o\u2026","rel":"","context":"In &quot;Not\u00edcias de Ribeir\u00e3o Preto-SP e Regi\u00e3o&quot;","block_context":{"text":"Not\u00edcias de Ribeir\u00e3o Preto-SP e Regi\u00e3o","link":"https:\/\/noticiasribeiraopreto.com.br\/index.php\/category\/noticias-de-ribeirao-preto-sp-e-regiao-ismael-colosi\/"},"img":{"alt_text":"","src":"https:\/\/i0.wp.com\/noticiasribeiraopreto.com.br\/wp-content\/uploads\/2026\/03\/ATA-Wesley-e-ATA-Luizao-Botafogo.jpg?fit=800%2C500&ssl=1&resize=350%2C200","width":350,"height":200,"srcset":"https:\/\/i0.wp.com\/noticiasribeiraopreto.com.br\/wp-content\/uploads\/2026\/03\/ATA-Wesley-e-ATA-Luizao-Botafogo.jpg?fit=800%2C500&ssl=1&resize=350%2C200 1x, https:\/\/i0.wp.com\/noticiasribeiraopreto.com.br\/wp-content\/uploads\/2026\/03\/ATA-Wesley-e-ATA-Luizao-Botafogo.jpg?fit=800%2C500&ssl=1&resize=525%2C300 1.5x, https:\/\/i0.wp.com\/noticiasribeiraopreto.com.br\/wp-content\/uploads\/2026\/03\/ATA-Wesley-e-ATA-Luizao-Botafogo.jpg?fit=800%2C500&ssl=1&resize=700%2C400 2x"},"classes":[]},{"id":59052,"url":"https:\/\/noticiasribeiraopreto.com.br\/index.php\/2024\/10\/12\/botafogo-e-operario-ficam-no-zero-em-ribeirao-preto-pela-serie-b\/","url_meta":{"origin":60097,"position":5},"title":"Botafogo e Oper\u00e1rio ficam no zero em Ribeir\u00e3o Preto pela S\u00e9rie B","author":"noticiasribeiraopreto.com.br","date":"12 de October de 2024","format":false,"excerpt":"Na noite em que comemora os 106 anos de funda\u00e7\u00e3o, o Botafogo n\u00e3o saiu do 0 a 0 com o Oper\u00e1rio, neste s\u00e1bado (12), pelo Campeonato Brasileiro da S\u00e9rie B. A partida foi disputada no est\u00e1dio Santa Cruz\/Arena Nicnet, em Ribeir\u00e3o Preto. A equipe de Ribeir\u00e3o Preto criou poucas chances\u2026","rel":"","context":"In &quot;Not\u00edcias de Ribeir\u00e3o Preto-SP e Regi\u00e3o&quot;","block_context":{"text":"Not\u00edcias de Ribeir\u00e3o Preto-SP e Regi\u00e3o","link":"https:\/\/noticiasribeiraopreto.com.br\/index.php\/category\/noticias-de-ribeirao-preto-sp-e-regiao-ismael-colosi\/"},"img":{"alt_text":"","src":"https:\/\/i0.wp.com\/noticiasribeiraopreto.com.br\/wp-content\/uploads\/2024\/10\/botafogo-operario_2024-10-13_02-18-27_jpeg_2024-10-13_02-18-27.webp.webp?fit=1200%2C800&ssl=1&resize=350%2C200","width":350,"height":200,"srcset":"https:\/\/i0.wp.com\/noticiasribeiraopreto.com.br\/wp-content\/uploads\/2024\/10\/botafogo-operario_2024-10-13_02-18-27_jpeg_2024-10-13_02-18-27.webp.webp?fit=1200%2C800&ssl=1&resize=350%2C200 1x, https:\/\/i0.wp.com\/noticiasribeiraopreto.com.br\/wp-content\/uploads\/2024\/10\/botafogo-operario_2024-10-13_02-18-27_jpeg_2024-10-13_02-18-27.webp.webp?fit=1200%2C800&ssl=1&resize=525%2C300 1.5x, https:\/\/i0.wp.com\/noticiasribeiraopreto.com.br\/wp-content\/uploads\/2024\/10\/botafogo-operario_2024-10-13_02-18-27_jpeg_2024-10-13_02-18-27.webp.webp?fit=1200%2C800&ssl=1&resize=700%2C400 2x, https:\/\/i0.wp.com\/noticiasribeiraopreto.com.br\/wp-content\/uploads\/2024\/10\/botafogo-operario_2024-10-13_02-18-27_jpeg_2024-10-13_02-18-27.webp.webp?fit=1200%2C800&ssl=1&resize=1050%2C600 3x"},"classes":[]}],"jetpack_sharing_enabled":true,"jetpack_shortlink":"https:\/\/wp.me\/peQAOb-fDj","_links":{"self":[{"href":"https:\/\/noticiasribeiraopreto.com.br\/index.php\/wp-json\/wp\/v2\/posts\/60097","targetHints":{"allow":["GET"]}}],"collection":[{"href":"https:\/\/noticiasribeiraopreto.com.br\/index.php\/wp-json\/wp\/v2\/posts"}],"about":[{"href":"https:\/\/noticiasribeiraopreto.com.br\/index.php\/wp-json\/wp\/v2\/types\/post"}],"author":[{"embeddable":true,"href":"https:\/\/noticiasribeiraopreto.com.br\/index.php\/wp-json\/wp\/v2\/users\/1"}],"replies":[{"embeddable":true,"href":"https:\/\/noticiasribeiraopreto.com.br\/index.php\/wp-json\/wp\/v2\/comments?post=60097"}],"version-history":[{"count":0,"href":"https:\/\/noticiasribeiraopreto.com.br\/index.php\/wp-json\/wp\/v2\/posts\/60097\/revisions"}],"wp:featuredmedia":[{"embeddable":true,"href":"https:\/\/noticiasribeiraopreto.com.br\/index.php\/wp-json\/wp\/v2\/media\/60098"}],"wp:attachment":[{"href":"https:\/\/noticiasribeiraopreto.com.br\/index.php\/wp-json\/wp\/v2\/media?parent=60097"}],"wp:term":[{"taxonomy":"category","embeddable":true,"href":"https:\/\/noticiasribeiraopreto.com.br\/index.php\/wp-json\/wp\/v2\/categories?post=60097"},{"taxonomy":"post_tag","embeddable":true,"href":"https:\/\/noticiasribeiraopreto.com.br\/index.php\/wp-json\/wp\/v2\/tags?post=60097"}],"curies":[{"name":"wp","href":"https:\/\/api.w.org\/{rel}","templated":true}]}}