{"id":60100,"date":"2024-11-06T07:46:06","date_gmt":"2024-11-06T10:46:06","guid":{"rendered":"https:\/\/noticiasribeiraopreto.com.br\/index.php\/2024\/11\/06\/donald-trump-e-eleito-presidente-dos-estados-unidos\/"},"modified":"2024-11-06T07:46:06","modified_gmt":"2024-11-06T10:46:06","slug":"donald-trump-e-eleito-presidente-dos-estados-unidos","status":"publish","type":"post","link":"https:\/\/noticiasribeiraopreto.com.br\/index.php\/2024\/11\/06\/donald-trump-e-eleito-presidente-dos-estados-unidos\/","title":{"rendered":"Donald Trump \u00e9 eleito presidente dos\u00a0Estados Unidos"},"content":{"rendered":"<div class='code-block code-block-1' style='margin: 8px 0 8px auto; text-align: right; display: block; clear: both;'>\n<p><a href=\"https:\/\/wa.link\/vpicfd\"><img data-recalc-dims=\"1\" class=\"wp-image-4922\" style=\"aspect-ratio: 2.0253164556962027; width: 561px; height: auto;\" src=\"https:\/\/i0.wp.com\/ismaelcolosi.com.br\/wp-content\/uploads\/2023\/11\/grupo-de-empregos-whatsapp-e-facebook-ismael-colosi-vagas.jpg?ssl=1\" alt=\"\" \/><\/a><\/p>\n<!-- \/wp:image -->\n<\/div>\n<p> <br \/>\n<\/p>\n<p>O candidato republicano\u00a0<strong>Donald Trump<\/strong> venceu as elei\u00e7\u00f5es de ter\u00e7a-feira (5) ao conquistar votos suficientes para um novo mandato como presidente dos\u00a0Estados Unidos. A proje\u00e7\u00e3o \u00e9 da Associated Press nesta quarta-feira (6).<\/p>\n<p><em>*Not\u00edcia em atualiza\u00e7\u00e3o<\/em><\/p>\n<p>O post Donald Trump \u00e9 eleito presidente dos\u00a0Estados Unidos apareceu primeiro em ACidade ON Ribeir\u00e3o Preto.<\/p>\n<p><br \/>\n<br \/><a href=\"https:\/\/www.acidadeon.com\/ribeiraopreto\/politica\/donald-trump-e-eleito-presidente-dos-estados-unidos\/\">Source link <\/a><\/p>\n<!-- CONTENT END 1 -->\n","protected":false},"excerpt":{"rendered":"<p>O candidato republicano\u00a0Donald Trump venceu as elei\u00e7\u00f5es de ter\u00e7a-feira (5) ao conquistar votos suficientes para um novo mandato como presidente dos\u00a0Estados Unidos. A proje\u00e7\u00e3o \u00e9&#8230;<\/p>\n","protected":false},"author":1,"featured_media":60101,"comment_status":"open","ping_status":"open","sticky":false,"template":"","format":"standard","meta":{"advanced_seo_description":"","jetpack_seo_html_title":"","jetpack_seo_noindex":false,"jetpack_post_was_ever_published":false,"_jetpack_newsletter_access":"","_jetpack_dont_email_post_to_subs":false,"_jetpack_newsletter_tier_id":0,"_jetpack_memberships_contains_paywalled_content":false,"_jetpack_memberships_contains_paid_content":false,"footnotes":"","jetpack_publicize_message":"","jetpack_publicize_feature_enabled":true,"jetpack_social_post_already_shared":true,"jetpack_social_options":{"image_generator_settings":{"template":"highway","default_image_id":0,"font":"","enabled":false},"version":2}},"categories":[11],"tags":[],"class_list":["post-60100","post","type-post","status-publish","format-standard","has-post-thumbnail","hentry","category-noticias-de-ribeirao-preto-sp-e-regiao-ismael-colosi"],"jetpack_publicize_connections":[],"jetpack_featured_media_url":"https:\/\/i0.wp.com\/noticiasribeiraopreto.com.br\/wp-content\/uploads\/2024\/11\/DONALD-TRUMP_2024-11-06_10-43-25_jpg_2024-11-06_10-43-25.webp.webp?fit=2000%2C1558&ssl=1","jetpack-related-posts":[{"id":60117,"url":"https:\/\/noticiasribeiraopreto.com.br\/index.php\/2024\/11\/06\/politicos-de-ribeirao-preto-parabenizam-trump-pela-vitoria-nos-eua\/","url_meta":{"origin":60100,"position":0},"title":"Pol\u00edticos de Ribeir\u00e3o Preto parabenizam Trump pela vit\u00f3ria nos EUA","author":"noticiasribeiraopreto.com.br","date":"6 de November de 2024","format":false,"excerpt":"O deputado Baleia Rossi (MDB) e o deputado e prefeito eleito de Ribeir\u00e3o Preto, Ricardo Silva (PSD), usaram as redes sociais, nesta quarta-feira (6), para comentar a vit\u00f3ria de Donald Trump sobre Kamala Harris nas elei\u00e7\u00f5es presidenciais dos Estados Unidos. O prefeito Duarte Nogueira (PSDB) afirma que torce pela manuten\u00e7\u00e3o\u2026","rel":"","context":"In &quot;Not\u00edcias de Ribeir\u00e3o Preto-SP e Regi\u00e3o&quot;","block_context":{"text":"Not\u00edcias de Ribeir\u00e3o Preto-SP e Regi\u00e3o","link":"https:\/\/noticiasribeiraopreto.com.br\/index.php\/category\/noticias-de-ribeirao-preto-sp-e-regiao-ismael-colosi\/"},"img":{"alt_text":"","src":"https:\/\/i0.wp.com\/noticiasribeiraopreto.com.br\/wp-content\/uploads\/2024\/11\/politico-trump_2024-11-06_15-32-02_jpeg_2024-11-06_15-32-03.webp.webp?fit=1200%2C674&ssl=1&resize=350%2C200","width":350,"height":200,"srcset":"https:\/\/i0.wp.com\/noticiasribeiraopreto.com.br\/wp-content\/uploads\/2024\/11\/politico-trump_2024-11-06_15-32-02_jpeg_2024-11-06_15-32-03.webp.webp?fit=1200%2C674&ssl=1&resize=350%2C200 1x, https:\/\/i0.wp.com\/noticiasribeiraopreto.com.br\/wp-content\/uploads\/2024\/11\/politico-trump_2024-11-06_15-32-02_jpeg_2024-11-06_15-32-03.webp.webp?fit=1200%2C674&ssl=1&resize=525%2C300 1.5x, https:\/\/i0.wp.com\/noticiasribeiraopreto.com.br\/wp-content\/uploads\/2024\/11\/politico-trump_2024-11-06_15-32-02_jpeg_2024-11-06_15-32-03.webp.webp?fit=1200%2C674&ssl=1&resize=700%2C400 2x, https:\/\/i0.wp.com\/noticiasribeiraopreto.com.br\/wp-content\/uploads\/2024\/11\/politico-trump_2024-11-06_15-32-02_jpeg_2024-11-06_15-32-03.webp.webp?fit=1200%2C674&ssl=1&resize=1050%2C600 3x"},"classes":[]},{"id":41309,"url":"https:\/\/noticiasribeiraopreto.com.br\/index.php\/2024\/03\/07\/biden-e-trump-vencem-primarias-nos-estados-unidos\/","url_meta":{"origin":60100,"position":1},"title":"Biden e Trump vencem prim\u00e1rias\u00a0nos Estados Unidos","author":"noticiasribeiraopreto.com.br","date":"7 de March de 2024","format":false,"excerpt":"7 de mar\u00e7o de 2024 | 14:307 de mar\u00e7o de 2024 | 10:19 0Era matematicamente imposs\u00edvel que Donald Trump ou Joe Biden garantissem a nomea\u00e7\u00e3o para concorrer \u00e0 presid\u00eancia dos Estados Unidos nesta Superter\u00e7a. Mas atingir o \u201cn\u00famero m\u00e1gico\u201d de delegados parece s\u00f3 uma quest\u00e3o de tempo \u2013 2024 deve\u2026","rel":"","context":"In &quot;Not\u00edcias de Ribeir\u00e3o Preto-SP e Regi\u00e3o&quot;","block_context":{"text":"Not\u00edcias de Ribeir\u00e3o Preto-SP e Regi\u00e3o","link":"https:\/\/noticiasribeiraopreto.com.br\/index.php\/category\/noticias-de-ribeirao-preto-sp-e-regiao-ismael-colosi\/"},"img":{"alt_text":"","src":"https:\/\/i0.wp.com\/noticiasribeiraopreto.com.br\/wp-content\/uploads\/2024\/03\/170977125665e909f8b3ff4_1709771256_3x2_md.jpg?fit=768%2C512&ssl=1&resize=350%2C200","width":350,"height":200,"srcset":"https:\/\/i0.wp.com\/noticiasribeiraopreto.com.br\/wp-content\/uploads\/2024\/03\/170977125665e909f8b3ff4_1709771256_3x2_md.jpg?fit=768%2C512&ssl=1&resize=350%2C200 1x, https:\/\/i0.wp.com\/noticiasribeiraopreto.com.br\/wp-content\/uploads\/2024\/03\/170977125665e909f8b3ff4_1709771256_3x2_md.jpg?fit=768%2C512&ssl=1&resize=525%2C300 1.5x, https:\/\/i0.wp.com\/noticiasribeiraopreto.com.br\/wp-content\/uploads\/2024\/03\/170977125665e909f8b3ff4_1709771256_3x2_md.jpg?fit=768%2C512&ssl=1&resize=700%2C400 2x"},"classes":[]},{"id":73793,"url":"https:\/\/noticiasribeiraopreto.com.br\/index.php\/2025\/07\/09\/em-carta-a-lula-trump-anuncia-tarifa-de-50-a-produtos-brasileiros\/","url_meta":{"origin":60100,"position":2},"title":"Em carta a Lula, Trump anuncia tarifa de 50% a produtos brasileiros","author":"noticiasribeiraopreto.com.br","date":"9 de July de 2025","format":false,"excerpt":"O presidente dos Estados Unidos, Donald Trump, enviou uma carta ao presidente Luiz In\u00e1cio Lula da Silva, nesta quarta-feira (9), em que anuncia a imposi\u00e7\u00e3o de uma tarifa de 50% sobre todas as exporta\u00e7\u00f5es brasileiras ao pa\u00eds norte-americano. Segundo Trump, as tarifas passam a valer a partir do dia 1\u00ba\u2026","rel":"","context":"In &quot;Not\u00edcias de Ribeir\u00e3o Preto-SP e Regi\u00e3o&quot;","block_context":{"text":"Not\u00edcias de Ribeir\u00e3o Preto-SP e Regi\u00e3o","link":"https:\/\/noticiasribeiraopreto.com.br\/index.php\/category\/noticias-de-ribeirao-preto-sp-e-regiao-ismael-colosi\/"},"img":{"alt_text":"","src":"https:\/\/i0.wp.com\/noticiasribeiraopreto.com.br\/wp-content\/uploads\/2025\/07\/Tarifa-Sam-Wolfe-Reuters-scaled.jpg?fit=800%2C479&ssl=1&resize=350%2C200","width":350,"height":200,"srcset":"https:\/\/i0.wp.com\/noticiasribeiraopreto.com.br\/wp-content\/uploads\/2025\/07\/Tarifa-Sam-Wolfe-Reuters-scaled.jpg?fit=800%2C479&ssl=1&resize=350%2C200 1x, https:\/\/i0.wp.com\/noticiasribeiraopreto.com.br\/wp-content\/uploads\/2025\/07\/Tarifa-Sam-Wolfe-Reuters-scaled.jpg?fit=800%2C479&ssl=1&resize=525%2C300 1.5x, https:\/\/i0.wp.com\/noticiasribeiraopreto.com.br\/wp-content\/uploads\/2025\/07\/Tarifa-Sam-Wolfe-Reuters-scaled.jpg?fit=800%2C479&ssl=1&resize=700%2C400 2x"},"classes":[]},{"id":83256,"url":"https:\/\/noticiasribeiraopreto.com.br\/index.php\/2026\/03\/14\/itamaraty-revoga-visto-de-assessor-de-trump\/","url_meta":{"origin":60100,"position":3},"title":"Itamaraty revoga visto de assessor de Trump","author":"noticiasribeiraopreto.com.br","date":"14 de March de 2026","format":false,"excerpt":"\r \r \r 14 de mar\u00e7o de 2026 10:0513 de mar\u00e7o de 2026 22:19 \r Compartilhar0 O Minist\u00e9rio das Rela\u00e7\u00f5es Exteriores confirmou nesta sexta-feira, 13 de mar\u00e7o, revoga\u00e7\u00e3o do visto de Darren Beattie, assessor do governo do presidente dos Estados Unidos, Donald Trump. Ele pretendia visitar o Brasil na pr\u00f3xima\u2026","rel":"","context":"In &quot;Not\u00edcias de Ribeir\u00e3o Preto-SP e Regi\u00e3o&quot;","block_context":{"text":"Not\u00edcias de Ribeir\u00e3o Preto-SP e Regi\u00e3o","link":"https:\/\/noticiasribeiraopreto.com.br\/index.php\/category\/noticias-de-ribeirao-preto-sp-e-regiao-ismael-colosi\/"},"img":{"alt_text":"","src":"https:\/\/i0.wp.com\/noticiasribeiraopreto.com.br\/wp-content\/uploads\/2026\/03\/BozoEUA-Departamento-de-Estado-dos-EUA-1.jpg?fit=1170%2C700&ssl=1&resize=350%2C200","width":350,"height":200,"srcset":"https:\/\/i0.wp.com\/noticiasribeiraopreto.com.br\/wp-content\/uploads\/2026\/03\/BozoEUA-Departamento-de-Estado-dos-EUA-1.jpg?fit=1170%2C700&ssl=1&resize=350%2C200 1x, https:\/\/i0.wp.com\/noticiasribeiraopreto.com.br\/wp-content\/uploads\/2026\/03\/BozoEUA-Departamento-de-Estado-dos-EUA-1.jpg?fit=1170%2C700&ssl=1&resize=525%2C300 1.5x, https:\/\/i0.wp.com\/noticiasribeiraopreto.com.br\/wp-content\/uploads\/2026\/03\/BozoEUA-Departamento-de-Estado-dos-EUA-1.jpg?fit=1170%2C700&ssl=1&resize=700%2C400 2x, https:\/\/i0.wp.com\/noticiasribeiraopreto.com.br\/wp-content\/uploads\/2026\/03\/BozoEUA-Departamento-de-Estado-dos-EUA-1.jpg?fit=1170%2C700&ssl=1&resize=1050%2C600 3x"},"classes":[]},{"id":78244,"url":"https:\/\/noticiasribeiraopreto.com.br\/index.php\/2025\/10\/07\/em-tom-amistoso-lula-pede-fim-de-tarifaco-a-produtos-brasileiros\/","url_meta":{"origin":60100,"position":4},"title":"Em tom amistoso, Lula pede fim de tarifa\u00e7o a produtos brasileiros","author":"noticiasribeiraopreto.com.br","date":"7 de October de 2025","format":false,"excerpt":"6 de outubro de 2025 14:456 de outubro de 2025 14:2670 Compartilhar1 \u00a0 Os dois presidentes conversaram nesta segunda por 30 minutos em tom bastante amistoso O presidente Luiz In\u00e1cio Lula da Silva e o presidente dos Estados Unidos, Donald Trump,\u00a0 tiveram nesta segunda-feira (6) uma conversa de 30 minutos\u2026","rel":"","context":"In &quot;Not\u00edcias de Ribeir\u00e3o Preto-SP e Regi\u00e3o&quot;","block_context":{"text":"Not\u00edcias de Ribeir\u00e3o Preto-SP e Regi\u00e3o","link":"https:\/\/noticiasribeiraopreto.com.br\/index.php\/category\/noticias-de-ribeirao-preto-sp-e-regiao-ismael-colosi\/"},"img":{"alt_text":"","src":"https:\/\/i0.wp.com\/noticiasribeiraopreto.com.br\/wp-content\/uploads\/2025\/10\/trumpo-e-lula.webp.webp?fit=1170%2C700&ssl=1&resize=350%2C200","width":350,"height":200,"srcset":"https:\/\/i0.wp.com\/noticiasribeiraopreto.com.br\/wp-content\/uploads\/2025\/10\/trumpo-e-lula.webp.webp?fit=1170%2C700&ssl=1&resize=350%2C200 1x, https:\/\/i0.wp.com\/noticiasribeiraopreto.com.br\/wp-content\/uploads\/2025\/10\/trumpo-e-lula.webp.webp?fit=1170%2C700&ssl=1&resize=525%2C300 1.5x, https:\/\/i0.wp.com\/noticiasribeiraopreto.com.br\/wp-content\/uploads\/2025\/10\/trumpo-e-lula.webp.webp?fit=1170%2C700&ssl=1&resize=700%2C400 2x, https:\/\/i0.wp.com\/noticiasribeiraopreto.com.br\/wp-content\/uploads\/2025\/10\/trumpo-e-lula.webp.webp?fit=1170%2C700&ssl=1&resize=1050%2C600 3x"},"classes":[]},{"id":74399,"url":"https:\/\/noticiasribeiraopreto.com.br\/index.php\/2025\/07\/22\/psol-protocola-pedido-de-impeachment-de-tarcisio\/","url_meta":{"origin":60100,"position":5},"title":"PSOL protocola pedido de impeachment de Tarc\u00edsio","author":"noticiasribeiraopreto.com.br","date":"22 de July de 2025","format":false,"excerpt":"22 de julho de 2025 09:0021 de julho de 2025 19:537 Compartilhar0 A bancada do PSOL na Assembleia Legislativa de S\u00e3o Paulo (Alesp) protocolou nesta segunda-feira, 21 de julho, pedido de impeachment contra o governador de S\u00e3o Paulo, Tarc\u00edsio de Freitas (Republicanos). Segundo os deputados do partido, o chefe do\u2026","rel":"","context":"In &quot;Not\u00edcias de Ribeir\u00e3o Preto-SP e Regi\u00e3o&quot;","block_context":{"text":"Not\u00edcias de Ribeir\u00e3o Preto-SP e Regi\u00e3o","link":"https:\/\/noticiasribeiraopreto.com.br\/index.php\/category\/noticias-de-ribeirao-preto-sp-e-regiao-ismael-colosi\/"},"img":{"alt_text":"","src":"https:\/\/i0.wp.com\/noticiasribeiraopreto.com.br\/wp-content\/uploads\/2025\/07\/Tarcisio-Marcello-Casal-Jr.-Ag.Br_.jpg?fit=1167%2C696&ssl=1&resize=350%2C200","width":350,"height":200,"srcset":"https:\/\/i0.wp.com\/noticiasribeiraopreto.com.br\/wp-content\/uploads\/2025\/07\/Tarcisio-Marcello-Casal-Jr.-Ag.Br_.jpg?fit=1167%2C696&ssl=1&resize=350%2C200 1x, https:\/\/i0.wp.com\/noticiasribeiraopreto.com.br\/wp-content\/uploads\/2025\/07\/Tarcisio-Marcello-Casal-Jr.-Ag.Br_.jpg?fit=1167%2C696&ssl=1&resize=525%2C300 1.5x, https:\/\/i0.wp.com\/noticiasribeiraopreto.com.br\/wp-content\/uploads\/2025\/07\/Tarcisio-Marcello-Casal-Jr.-Ag.Br_.jpg?fit=1167%2C696&ssl=1&resize=700%2C400 2x, https:\/\/i0.wp.com\/noticiasribeiraopreto.com.br\/wp-content\/uploads\/2025\/07\/Tarcisio-Marcello-Casal-Jr.-Ag.Br_.jpg?fit=1167%2C696&ssl=1&resize=1050%2C600 3x"},"classes":[]}],"jetpack_sharing_enabled":true,"jetpack_shortlink":"https:\/\/wp.me\/peQAOb-fDm","_links":{"self":[{"href":"https:\/\/noticiasribeiraopreto.com.br\/index.php\/wp-json\/wp\/v2\/posts\/60100","targetHints":{"allow":["GET"]}}],"collection":[{"href":"https:\/\/noticiasribeiraopreto.com.br\/index.php\/wp-json\/wp\/v2\/posts"}],"about":[{"href":"https:\/\/noticiasribeiraopreto.com.br\/index.php\/wp-json\/wp\/v2\/types\/post"}],"author":[{"embeddable":true,"href":"https:\/\/noticiasribeiraopreto.com.br\/index.php\/wp-json\/wp\/v2\/users\/1"}],"replies":[{"embeddable":true,"href":"https:\/\/noticiasribeiraopreto.com.br\/index.php\/wp-json\/wp\/v2\/comments?post=60100"}],"version-history":[{"count":0,"href":"https:\/\/noticiasribeiraopreto.com.br\/index.php\/wp-json\/wp\/v2\/posts\/60100\/revisions"}],"wp:featuredmedia":[{"embeddable":true,"href":"https:\/\/noticiasribeiraopreto.com.br\/index.php\/wp-json\/wp\/v2\/media\/60101"}],"wp:attachment":[{"href":"https:\/\/noticiasribeiraopreto.com.br\/index.php\/wp-json\/wp\/v2\/media?parent=60100"}],"wp:term":[{"taxonomy":"category","embeddable":true,"href":"https:\/\/noticiasribeiraopreto.com.br\/index.php\/wp-json\/wp\/v2\/categories?post=60100"},{"taxonomy":"post_tag","embeddable":true,"href":"https:\/\/noticiasribeiraopreto.com.br\/index.php\/wp-json\/wp\/v2\/tags?post=60100"}],"curies":[{"name":"wp","href":"https:\/\/api.w.org\/{rel}","templated":true}]}}