{"id":60102,"date":"2024-11-06T08:53:24","date_gmt":"2024-11-06T11:53:24","guid":{"rendered":"https:\/\/noticiasribeiraopreto.com.br\/index.php\/2024\/11\/06\/homem-e-preso-com-mais-de-4-mil-capsulas-com-cocaina-em-ribeirao\/"},"modified":"2024-11-06T08:53:24","modified_gmt":"2024-11-06T11:53:24","slug":"homem-e-preso-com-mais-de-4-mil-capsulas-com-cocaina-em-ribeirao","status":"publish","type":"post","link":"https:\/\/noticiasribeiraopreto.com.br\/index.php\/2024\/11\/06\/homem-e-preso-com-mais-de-4-mil-capsulas-com-cocaina-em-ribeirao\/","title":{"rendered":"Homem \u00e9 preso com mais de 4 mil c\u00e1psulas com coca\u00edna em Ribeir\u00e3o"},"content":{"rendered":"<p> <br \/>\n<\/p>\n<div data-td-block-uid=\"tdi_106\">\n<div class=\"tdb-block-inner td-fix-index\">\n<p><strong>Um homem foi preso com 4.838 c\u00e1psulas com coca\u00edna, al\u00e9m de 200 gramas da droga nesta ter\u00e7a-feira (5), no bairro Ipiranga, zona Norte de Ribeir\u00e3o Preto.<\/strong><\/p>\n<p>A <strong>Pol\u00edcia Civil<\/strong> informou que a <strong>pris\u00e3o <\/strong>em <strong>flagrante <\/strong>ocorreu em um <strong>im\u00f3vel <\/strong>na <strong>rua Itajub\u00e1<\/strong>. <mark style=\"background-color:#fcb900\" class=\"has-inline-color has-black-color\">A coca\u00edna totalizou 3,425 quilos.<\/mark> <\/p>\n<p>As <strong>investiga\u00e7\u00f5es <\/strong>foram conduzidas pela <strong>2\u00aa Dise (Delegacia de Investiga\u00e7\u00f5es Sobre Entorpecentes)<\/strong>.<\/p>\n<p>Segundo a <strong>Dise<\/strong>, o <strong>homem <\/strong>\u00e9 <strong>reincidente <\/strong>e dever\u00e1 responder por <strong>tr\u00e1fico de drogas<\/strong>.<\/p>\n<p>SAIBA MAIS<\/p>\n<p>Apostadores do interior de SP s\u00e3o premiados na Mega-Sena; Veja n\u00fameros<\/p>\n<h4 class=\"wp-block-heading\"><strong>FIQUE ON<\/strong><\/h4>\n<p>Fique ligado em tudo que acontece em Ribeir\u00e3o Preto e regi\u00e3o. Siga os perfis do\u00a0<strong>acidade on\u00a0<\/strong>no\u00a0<a href=\"https:\/\/www.instagram.com\/acidadeonribeirao\" target=\"_blank\" rel=\"noreferrer noopener\">Instagram<\/a>\u00a0e no\u00a0<a href=\"https:\/\/www.facebook.com\/acidadeonribeirao\/\" target=\"_blank\" rel=\"noreferrer noopener\">Facebook.<\/a><\/p>\n<p>Receba not\u00edcias do\u00a0<strong>acidade on<\/strong>\u00a0no WhatsApp.\u00a0<a href=\"https:\/\/chat.whatsapp.com\/Fg4ok3aAVyB59DP63pRapr\" target=\"_blank\" rel=\"noreferrer noopener\">Para entrar no grupo, basta clicar aqui.<\/a><\/p>\n<p>Fa\u00e7a uma den\u00fancia ou sugira uma reportagem sobre Ribeir\u00e3o Preto e regi\u00e3o pelo WhatsApp: 16 99117 7802.<\/p>\n<p>VEJA TAMB\u00c9M<\/p>\n<p>Donald Trump venceu as elei\u00e7\u00f5es nos EUA?<\/p>\n<p><!-- CONTENT END 3 -->\n<\/div>\n<\/div>\n<p><script async src=\"\/\/www.instagram.com\/embed.js\"><\/script><br \/>\n<br \/><br \/>\n<br \/><a href=\"https:\/\/www.acidadeon.com\/ribeiraopreto\/cotidiano\/homem-e-preso-com-mais-de-4-mil-capsulas-com-cocaina-em-ribeirao\/\">Source link <\/a><\/p>\n","protected":false},"excerpt":{"rendered":"<p>Um homem foi preso com 4.838 c\u00e1psulas com coca\u00edna, al\u00e9m de 200 gramas da droga nesta ter\u00e7a-feira (5), no bairro Ipiranga, zona Norte de Ribeir\u00e3o&#8230;<\/p>\n","protected":false},"author":1,"featured_media":60103,"comment_status":"open","ping_status":"open","sticky":false,"template":"","format":"standard","meta":{"advanced_seo_description":"","jetpack_seo_html_title":"","jetpack_seo_noindex":false,"jetpack_post_was_ever_published":false,"_jetpack_newsletter_access":"","_jetpack_dont_email_post_to_subs":false,"_jetpack_newsletter_tier_id":0,"_jetpack_memberships_contains_paywalled_content":false,"_jetpack_memberships_contains_paid_content":false,"footnotes":"","jetpack_publicize_message":"","jetpack_publicize_feature_enabled":true,"jetpack_social_post_already_shared":true,"jetpack_social_options":{"image_generator_settings":{"template":"highway","default_image_id":0,"font":"","enabled":false},"version":2}},"categories":[11],"tags":[],"class_list":["post-60102","post","type-post","status-publish","format-standard","has-post-thumbnail","hentry","category-noticias-de-ribeirao-preto-sp-e-regiao-ismael-colosi"],"jetpack_publicize_connections":[],"jetpack_featured_media_url":"https:\/\/i0.wp.com\/noticiasribeiraopreto.com.br\/wp-content\/uploads\/2024\/11\/WhatsApp-Image-2024-11-06-at-06.42.09_2024-11-06_11-44-51_jpeg_2024-11-06_11-44-51.webp.webp?fit=762%2C375&ssl=1","jetpack-related-posts":[{"id":32047,"url":"https:\/\/noticiasribeiraopreto.com.br\/index.php\/2024\/01\/24\/policia-prende-um-dos-grandes-do-trafico-em-rp\/","url_meta":{"origin":60102,"position":0},"title":"Pol\u00edcia prende um dos grandes do tr\u00e1fico em RP","author":"noticiasribeiraopreto.com.br","date":"24 de January de 2024","format":false,"excerpt":"Homem foi detido com comparsa durante a\u00e7\u00e3o onde centenas de pinos de coca\u00edna e tijolos de maconha foram apreendidos 23 de janeiro de 2024 | 15:4823 de janeiro de 2024 | 17:24 2Por: Adalberto LuqueDois homens foram presos, na manh\u00e3 desta ter\u00e7a-feira (23), ap\u00f3s uma opera\u00e7\u00e3o realizada pela Delegacia de\u2026","rel":"","context":"In &quot;Not\u00edcias de Ribeir\u00e3o Preto-SP e Regi\u00e3o&quot;","block_context":{"text":"Not\u00edcias de Ribeir\u00e3o Preto-SP e Regi\u00e3o","link":"https:\/\/noticiasribeiraopreto.com.br\/index.php\/category\/noticias-de-ribeirao-preto-sp-e-regiao-ismael-colosi\/"},"img":{"alt_text":"","src":"https:\/\/i0.wp.com\/noticiasribeiraopreto.com.br\/wp-content\/uploads\/2024\/01\/00-23-jan-2024-prisao-dise-01-foto-divulgacao.jpg?fit=756%2C422&ssl=1&resize=350%2C200","width":350,"height":200,"srcset":"https:\/\/i0.wp.com\/noticiasribeiraopreto.com.br\/wp-content\/uploads\/2024\/01\/00-23-jan-2024-prisao-dise-01-foto-divulgacao.jpg?fit=756%2C422&ssl=1&resize=350%2C200 1x, https:\/\/i0.wp.com\/noticiasribeiraopreto.com.br\/wp-content\/uploads\/2024\/01\/00-23-jan-2024-prisao-dise-01-foto-divulgacao.jpg?fit=756%2C422&ssl=1&resize=525%2C300 1.5x, https:\/\/i0.wp.com\/noticiasribeiraopreto.com.br\/wp-content\/uploads\/2024\/01\/00-23-jan-2024-prisao-dise-01-foto-divulgacao.jpg?fit=756%2C422&ssl=1&resize=700%2C400 2x"},"classes":[]},{"id":77145,"url":"https:\/\/noticiasribeiraopreto.com.br\/index.php\/2025\/09\/12\/fim-dos-tempos-e-preso-na-zona-norte\/","url_meta":{"origin":60102,"position":1},"title":"\u201cFim dos Tempos\u201d \u00e9 preso na zona Norte","author":"noticiasribeiraopreto.com.br","date":"12 de September de 2025","format":false,"excerpt":"Homem era investigado por suspeita de ser l\u00edder de fac\u00e7\u00e3o criminosa e comercializar grande quantidade de drogas 12 de setembro de 2025 10:515 Compartilhar1 Por: Adalberto Luque Dois homens foram presos, nesta quinta-feira (11), por envolvimento com o tr\u00e1fico de drogas. As pris\u00f5es ocorreram no Jardim Aeroporto, zona Norte de\u2026","rel":"","context":"In &quot;Not\u00edcias de Ribeir\u00e3o Preto-SP e Regi\u00e3o&quot;","block_context":{"text":"Not\u00edcias de Ribeir\u00e3o Preto-SP e Regi\u00e3o","link":"https:\/\/noticiasribeiraopreto.com.br\/index.php\/category\/noticias-de-ribeirao-preto-sp-e-regiao-ismael-colosi\/"},"img":{"alt_text":"","src":"https:\/\/i0.wp.com\/noticiasribeiraopreto.com.br\/wp-content\/uploads\/2025\/09\/12-set-2025-drogasjdaeroporto3.jpg?fit=862%2C491&ssl=1&resize=350%2C200","width":350,"height":200,"srcset":"https:\/\/i0.wp.com\/noticiasribeiraopreto.com.br\/wp-content\/uploads\/2025\/09\/12-set-2025-drogasjdaeroporto3.jpg?fit=862%2C491&ssl=1&resize=350%2C200 1x, https:\/\/i0.wp.com\/noticiasribeiraopreto.com.br\/wp-content\/uploads\/2025\/09\/12-set-2025-drogasjdaeroporto3.jpg?fit=862%2C491&ssl=1&resize=525%2C300 1.5x, https:\/\/i0.wp.com\/noticiasribeiraopreto.com.br\/wp-content\/uploads\/2025\/09\/12-set-2025-drogasjdaeroporto3.jpg?fit=862%2C491&ssl=1&resize=700%2C400 2x"},"classes":[]},{"id":41149,"url":"https:\/\/noticiasribeiraopreto.com.br\/index.php\/2024\/03\/06\/rei-das-porcoes-homem-e-preso-com-mil-porcoes-de-drogas\/","url_meta":{"origin":60102,"position":2},"title":"Rei das por\u00e7\u00f5es: homem \u00e9 preso com mil por\u00e7\u00f5es de drogas","author":"noticiasribeiraopreto.com.br","date":"6 de March de 2024","format":false,"excerpt":"Pris\u00e3o ocorreu na zona Oeste e mais de 1 kg de entorpecentes foram apreendidos 6 de mar\u00e7o de 2024 | 16:37 0Por: Adalberto LuqueUm homem foi preso, na tarde desta ter\u00e7a-feira (05), com mais de mil por\u00e7\u00f5es de drogas. Ele foi detido na esquina da Avenida Arlindo Silva Pimenta com\u2026","rel":"","context":"In &quot;Not\u00edcias de Ribeir\u00e3o Preto-SP e Regi\u00e3o&quot;","block_context":{"text":"Not\u00edcias de Ribeir\u00e3o Preto-SP e Regi\u00e3o","link":"https:\/\/noticiasribeiraopreto.com.br\/index.php\/category\/noticias-de-ribeirao-preto-sp-e-regiao-ismael-colosi\/"},"img":{"alt_text":"","src":"https:\/\/i0.wp.com\/noticiasribeiraopreto.com.br\/wp-content\/uploads\/2024\/03\/00-06-mar-2024-drogas-dise-foto-divulgacao-scaled.jpg?fit=1000%2C634&ssl=1&resize=350%2C200","width":350,"height":200,"srcset":"https:\/\/i0.wp.com\/noticiasribeiraopreto.com.br\/wp-content\/uploads\/2024\/03\/00-06-mar-2024-drogas-dise-foto-divulgacao-scaled.jpg?fit=1000%2C634&ssl=1&resize=350%2C200 1x, https:\/\/i0.wp.com\/noticiasribeiraopreto.com.br\/wp-content\/uploads\/2024\/03\/00-06-mar-2024-drogas-dise-foto-divulgacao-scaled.jpg?fit=1000%2C634&ssl=1&resize=525%2C300 1.5x, https:\/\/i0.wp.com\/noticiasribeiraopreto.com.br\/wp-content\/uploads\/2024\/03\/00-06-mar-2024-drogas-dise-foto-divulgacao-scaled.jpg?fit=1000%2C634&ssl=1&resize=700%2C400 2x"},"classes":[]},{"id":18307,"url":"https:\/\/noticiasribeiraopreto.com.br\/index.php\/2023\/12\/20\/homem-e-preso-traficando-perto-de-escola-em-rp\/","url_meta":{"origin":60102,"position":3},"title":"Homem \u00e9 preso traficando perto de escola em RP","author":"noticiasribeiraopreto.com.br","date":"20 de December de 2023","format":false,"excerpt":"Em outra a\u00e7\u00e3o, menor tamb\u00e9m foi flagrado com diversas por\u00e7\u00f5es de droga que estaria comercializando 20 de dezembro de 2023 | 7:1419 de dezembro de 2023 | 17:38 1Por: Adalberto LuqueEm duas a\u00e7\u00f5es distintas, equipes da Guarda Civil Metropolitana (GCM) de Ribeir\u00e3o Preto efetuaram a pris\u00e3o de duas pessoas, por\u2026","rel":"","context":"In &quot;Not\u00edcias de Ribeir\u00e3o Preto-SP e Regi\u00e3o&quot;","block_context":{"text":"Not\u00edcias de Ribeir\u00e3o Preto-SP e Regi\u00e3o","link":"https:\/\/noticiasribeiraopreto.com.br\/index.php\/category\/noticias-de-ribeirao-preto-sp-e-regiao-ismael-colosi\/"},"img":{"alt_text":"","src":"https:\/\/i0.wp.com\/noticiasribeiraopreto.com.br\/wp-content\/uploads\/2023\/12\/00-20-dez-2023-drogas-gcm-01-foto-max-gallao-mesquita.jpg?fit=479%2C566&ssl=1&resize=350%2C200","width":350,"height":200},"classes":[]},{"id":31754,"url":"https:\/\/noticiasribeiraopreto.com.br\/index.php\/2024\/01\/23\/homem-e-preso-com-muitas-porcoes-de-drogas-em-rp\/","url_meta":{"origin":60102,"position":4},"title":"Homem \u00e9 preso com muitas por\u00e7\u00f5es de drogas em RP","author":"noticiasribeiraopreto.com.br","date":"23 de January de 2024","format":false,"excerpt":"Suspeito teria sido alertado por olheiros da chegada de viatura, mas acabou correndo ao encontro dos guardas civis metropolitanos 23 de janeiro de 2024 | 7:2122 de janeiro de 2024 | 17:24 1Por: Adalberto LuqueUm homem foi preso, na tarde desta segunda-feira (22), depois de ser apanhado com dezenas de\u2026","rel":"","context":"In &quot;Not\u00edcias de Ribeir\u00e3o Preto-SP e Regi\u00e3o&quot;","block_context":{"text":"Not\u00edcias de Ribeir\u00e3o Preto-SP e Regi\u00e3o","link":"https:\/\/noticiasribeiraopreto.com.br\/index.php\/category\/noticias-de-ribeirao-preto-sp-e-regiao-ismael-colosi\/"},"img":{"alt_text":"","src":"https:\/\/i0.wp.com\/noticiasribeiraopreto.com.br\/wp-content\/uploads\/2024\/01\/00-23-jan-2024-drogas-vila-guimar-foto-gcm-scaled.jpg?fit=559%2C645&ssl=1&resize=350%2C200","width":350,"height":200,"srcset":"https:\/\/i0.wp.com\/noticiasribeiraopreto.com.br\/wp-content\/uploads\/2024\/01\/00-23-jan-2024-drogas-vila-guimar-foto-gcm-scaled.jpg?fit=559%2C645&ssl=1&resize=350%2C200 1x, https:\/\/i0.wp.com\/noticiasribeiraopreto.com.br\/wp-content\/uploads\/2024\/01\/00-23-jan-2024-drogas-vila-guimar-foto-gcm-scaled.jpg?fit=559%2C645&ssl=1&resize=525%2C300 1.5x"},"classes":[]},{"id":78225,"url":"https:\/\/noticiasribeiraopreto.com.br\/index.php\/2025\/10\/07\/baep-apreende-300-kg-de-cocaina\/","url_meta":{"origin":60102,"position":5},"title":"BAEP apreende 300 kg de coca\u00edna","author":"noticiasribeiraopreto.com.br","date":"7 de October de 2025","format":false,"excerpt":"Tijolos de pasta base, avaliados em R$ 21 milh\u00f5es, foram localizados em ve\u00edculo suspeito de envolvimento em furto 7 de outubro de 2025 09:5923 Compartilhar2 Por: Adalberto Luque Uma carga de drogas avaliada em R$ 21 milh\u00f5es foi apreendida nesta segunda-feira (6). A droga foi localizada por equipes do Batalh\u00e3o\u2026","rel":"","context":"In &quot;Not\u00edcias de Ribeir\u00e3o Preto-SP e Regi\u00e3o&quot;","block_context":{"text":"Not\u00edcias de Ribeir\u00e3o Preto-SP e Regi\u00e3o","link":"https:\/\/noticiasribeiraopreto.com.br\/index.php\/category\/noticias-de-ribeirao-preto-sp-e-regiao-ismael-colosi\/"},"img":{"alt_text":"","src":"https:\/\/i0.wp.com\/noticiasribeiraopreto.com.br\/wp-content\/uploads\/2025\/10\/07-out-2025-apreensaobaep-scaled.png?fit=1040%2C780&ssl=1&resize=350%2C200","width":350,"height":200,"srcset":"https:\/\/i0.wp.com\/noticiasribeiraopreto.com.br\/wp-content\/uploads\/2025\/10\/07-out-2025-apreensaobaep-scaled.png?fit=1040%2C780&ssl=1&resize=350%2C200 1x, https:\/\/i0.wp.com\/noticiasribeiraopreto.com.br\/wp-content\/uploads\/2025\/10\/07-out-2025-apreensaobaep-scaled.png?fit=1040%2C780&ssl=1&resize=525%2C300 1.5x, https:\/\/i0.wp.com\/noticiasribeiraopreto.com.br\/wp-content\/uploads\/2025\/10\/07-out-2025-apreensaobaep-scaled.png?fit=1040%2C780&ssl=1&resize=700%2C400 2x"},"classes":[]}],"jetpack_sharing_enabled":true,"jetpack_shortlink":"https:\/\/wp.me\/peQAOb-fDo","_links":{"self":[{"href":"https:\/\/noticiasribeiraopreto.com.br\/index.php\/wp-json\/wp\/v2\/posts\/60102","targetHints":{"allow":["GET"]}}],"collection":[{"href":"https:\/\/noticiasribeiraopreto.com.br\/index.php\/wp-json\/wp\/v2\/posts"}],"about":[{"href":"https:\/\/noticiasribeiraopreto.com.br\/index.php\/wp-json\/wp\/v2\/types\/post"}],"author":[{"embeddable":true,"href":"https:\/\/noticiasribeiraopreto.com.br\/index.php\/wp-json\/wp\/v2\/users\/1"}],"replies":[{"embeddable":true,"href":"https:\/\/noticiasribeiraopreto.com.br\/index.php\/wp-json\/wp\/v2\/comments?post=60102"}],"version-history":[{"count":0,"href":"https:\/\/noticiasribeiraopreto.com.br\/index.php\/wp-json\/wp\/v2\/posts\/60102\/revisions"}],"wp:featuredmedia":[{"embeddable":true,"href":"https:\/\/noticiasribeiraopreto.com.br\/index.php\/wp-json\/wp\/v2\/media\/60103"}],"wp:attachment":[{"href":"https:\/\/noticiasribeiraopreto.com.br\/index.php\/wp-json\/wp\/v2\/media?parent=60102"}],"wp:term":[{"taxonomy":"category","embeddable":true,"href":"https:\/\/noticiasribeiraopreto.com.br\/index.php\/wp-json\/wp\/v2\/categories?post=60102"},{"taxonomy":"post_tag","embeddable":true,"href":"https:\/\/noticiasribeiraopreto.com.br\/index.php\/wp-json\/wp\/v2\/tags?post=60102"}],"curies":[{"name":"wp","href":"https:\/\/api.w.org\/{rel}","templated":true}]}}