{"id":60106,"date":"2024-11-06T09:59:43","date_gmt":"2024-11-06T12:59:43","guid":{"rendered":"https:\/\/noticiasribeiraopreto.com.br\/index.php\/2024\/11\/06\/morre-policial-penal-vitima-de-batida-entre-moto-e-onibus-em-ribeirao-preto\/"},"modified":"2024-11-06T09:59:43","modified_gmt":"2024-11-06T12:59:43","slug":"morre-policial-penal-vitima-de-batida-entre-moto-e-onibus-em-ribeirao-preto","status":"publish","type":"post","link":"https:\/\/noticiasribeiraopreto.com.br\/index.php\/2024\/11\/06\/morre-policial-penal-vitima-de-batida-entre-moto-e-onibus-em-ribeirao-preto\/","title":{"rendered":"Morre policial penal v\u00edtima de batida entre moto e \u00f4nibus em Ribeir\u00e3o Preto"},"content":{"rendered":"<p> <br \/>\n<\/p>\n<div>\n<p><strong>O policial penal Adaias Emanoel Flausino, de 43 anos, v\u00edtima de uma batida entre a\u00a0moto que pilotava e um \u00f4nibus, ocorrida no \u00faltimo dia 27 de setembro, no Centro de Ribeir\u00e3o Preto, morreu nesta ter\u00e7a-feira (5). \u00a0<\/strong><\/p>\n<p>Segundo o <strong>boletim de ocorr\u00eancia (BO)<\/strong>, a <strong>v\u00edtima <\/strong>permaneceu <strong>internada <\/strong>no\u00a0<strong>Hospital das Cl\u00ednicas \u2013 Unidade de Emerg\u00eancia (HC-UE)<\/strong>, mas n\u00e3o resistiu e <strong>faleceu <\/strong>\u00e0s <strong>23h47<\/strong>. <\/p>\n<p>A <strong>fam\u00edlia <\/strong>chegou a fazer <strong>campanha <\/strong>por <strong>doa\u00e7\u00e3o <\/strong>de <strong>sangue<\/strong> \u00e0 <strong>v\u00edtima<\/strong>.<\/p>\n<p>A\u00a0<strong>esposa\u00a0<\/strong>da\u00a0<strong>Adaias<\/strong>,<strong>\u00a0Cristiane Flausino<\/strong>, disse ao\u00a0<strong>acidade on<\/strong>\u00a0que\u00a0<strong>ele\u00a0<\/strong>estava de\u00a0<strong>folga no dia d<\/strong>a <strong>colis\u00e3o <\/strong>e que havia acabado de <strong>realizar <\/strong>uma\u00a0<strong>doa\u00e7\u00e3o de sangue<\/strong>.<\/p>\n<h4 class=\"wp-block-heading\"><strong>Como foi?<\/strong><\/h4>\n<p>O\u00a0<strong>policial penal Adaias Emanoel Flausino<\/strong>\u00a0seguia de\u00a0<strong>moto\u00a0<\/strong>e se envolveu em uma\u00a0<strong>batida\u00a0<\/strong>com um\u00a0<strong>\u00f4nibus do transporte coletivo<\/strong> no cruzamento da\u00a0<strong>avenida Jer\u00f4nimo Gon\u00e7alves\u00a0<\/strong>com a\u00a0<strong>rua Flor\u00eancio de Abreu<\/strong>, no\u00a0<strong>Centro\u00a0<\/strong>de\u00a0<strong>Ribeir\u00e3o Preto<\/strong>.<\/p>\n<p>No <strong>boletim de ocorr\u00eancia<\/strong> consta que o motociclista seguia pela <strong>Jer\u00f4nimo <\/strong>e <strong>atingiu <\/strong>a<strong> lateral <\/strong>do <strong>\u00f4nibus<\/strong>, que cruzava pela<strong> Flor\u00eancio.<\/strong><\/p>\n<p>Ainda conforme o registro, o <strong>motorista <\/strong>do <strong>\u00f4nibus <\/strong>afirmou que passou com o ve\u00edculo pelo <strong>sinal verde <\/strong>no sentido ao terminal.<\/p>\n<p>A <strong>RP Mobi<\/strong> informou, por meio de <strong>nota <\/strong>de <strong>imprensa <\/strong>\u00e0 \u00e9poca, que aguardava a <strong>per\u00edcia<\/strong>, mas que populares afirmaram que o <strong>motociclista <\/strong>teria avan\u00e7ado o <strong>sinal vermelho <\/strong>e colidido na lateral do \u00f4nibus.<\/p>\n<p>Com o falecimento de <strong>Adaias, <\/strong>o <strong>BO <\/strong>foi alterado para <strong>homic\u00eddio culposo (sem inten\u00e7\u00e3o) na dire\u00e7\u00e3o de ve\u00edculo automotor<\/strong>, para <strong>investiga\u00e7\u00e3o <\/strong>da <strong>Pol\u00edcia Civil<\/strong>.<\/p>\n<p>SAIBA MAIS<\/p>\n<p>Apostadores do interior de SP s\u00e3o premiados na Mega-Sena; Veja n\u00fameros<\/p>\n<h4 class=\"wp-block-heading\"><strong>FIQUE ON<\/strong><\/h4>\n<p>Fique ligado em tudo que acontece em Ribeir\u00e3o Preto e regi\u00e3o. Siga os perfis do\u00a0<strong>acidade on\u00a0<\/strong>no\u00a0<a href=\"https:\/\/www.instagram.com\/acidadeonribeirao\" target=\"_blank\" rel=\"noreferrer noopener\">Instagram<\/a>\u00a0e no\u00a0<a href=\"https:\/\/www.facebook.com\/acidadeonribeirao\/\" target=\"_blank\" rel=\"noreferrer noopener\">Facebook.<\/a><\/p>\n<p>Receba not\u00edcias do\u00a0<strong>acidade on<\/strong>\u00a0no WhatsApp.\u00a0<a href=\"https:\/\/chat.whatsapp.com\/Fg4ok3aAVyB59DP63pRapr\" target=\"_blank\" rel=\"noreferrer noopener\">Para entrar no grupo, basta clicar aqui.<\/a><\/p>\n<p>Fa\u00e7a uma den\u00fancia ou sugira uma reportagem sobre Ribeir\u00e3o Preto e regi\u00e3o pelo WhatsApp: 16 99117 7802.<\/p>\n<p>VEJA TAMB\u00c9M<\/p>\n<p><!-- CONTENT END 3 -->\n<\/div>\n<p><script async src=\"\/\/www.instagram.com\/embed.js\"><\/script><br \/>\n<br \/><br \/>\n<br \/><a href=\"https:\/\/www.acidadeon.com\/ribeiraopreto\/cotidiano\/morre-policial-penal-vitima-de-batida-entre-moto-e-onibus-em-ribeirao-preto\/\">Source link <\/a><\/p>\n","protected":false},"excerpt":{"rendered":"<p>O policial penal Adaias Emanoel Flausino, de 43 anos, v\u00edtima de uma batida entre a\u00a0moto que pilotava e um \u00f4nibus, ocorrida no \u00faltimo dia 27&#8230;<\/p>\n","protected":false},"author":1,"featured_media":58580,"comment_status":"open","ping_status":"open","sticky":false,"template":"","format":"standard","meta":{"advanced_seo_description":"","jetpack_seo_html_title":"","jetpack_seo_noindex":false,"jetpack_post_was_ever_published":false,"_jetpack_newsletter_access":"","_jetpack_dont_email_post_to_subs":false,"_jetpack_newsletter_tier_id":0,"_jetpack_memberships_contains_paywalled_content":false,"_jetpack_memberships_contains_paid_content":false,"footnotes":"","jetpack_publicize_message":"","jetpack_publicize_feature_enabled":true,"jetpack_social_post_already_shared":true,"jetpack_social_options":{"image_generator_settings":{"template":"highway","default_image_id":0,"font":"","enabled":false},"version":2}},"categories":[11],"tags":[],"class_list":["post-60106","post","type-post","status-publish","format-standard","has-post-thumbnail","hentry","category-noticias-de-ribeirao-preto-sp-e-regiao-ismael-colosi"],"jetpack_publicize_connections":[],"jetpack_featured_media_url":"https:\/\/i0.wp.com\/noticiasribeiraopreto.com.br\/wp-content\/uploads\/2024\/10\/WhatsApp-Image-2024-10-01-at-12.08.58_2024-10-01_15-10-15_jpeg_2024-10-01_15-10-15.webp.webp?fit=1920%2C1080&ssl=1","jetpack-related-posts":[{"id":58579,"url":"https:\/\/noticiasribeiraopreto.com.br\/index.php\/2024\/10\/01\/policial-penal-vitima-de-acidente-precisa-de-doacao-de-sangue-em-ribeirao\/","url_meta":{"origin":60106,"position":0},"title":"Policial penal v\u00edtima de acidente precisa de doa\u00e7\u00e3o de sangue em Ribeir\u00e3o","author":"noticiasribeiraopreto.com.br","date":"1 de October de 2024","format":false,"excerpt":"O policial penal Adaias Emanoel Flausino, de 43 anos, precisa de doa\u00e7\u00e3o de sangue, em Ribeir\u00e3o Preto. Ele sofreu um acidente de moto na \u00faltima sexta-feira (27) e segue internado no Hospital das Cl\u00ednicas \u2013 Unidade de Emerg\u00eancia (HC-UE). Segundo a fam\u00edlia, o sangue \u00e9 O positivo, mas pode ser\u2026","rel":"","context":"In &quot;Not\u00edcias de Ribeir\u00e3o Preto-SP e Regi\u00e3o&quot;","block_context":{"text":"Not\u00edcias de Ribeir\u00e3o Preto-SP e Regi\u00e3o","link":"https:\/\/noticiasribeiraopreto.com.br\/index.php\/category\/noticias-de-ribeirao-preto-sp-e-regiao-ismael-colosi\/"},"img":{"alt_text":"","src":"https:\/\/i0.wp.com\/noticiasribeiraopreto.com.br\/wp-content\/uploads\/2024\/10\/WhatsApp-Image-2024-10-01-at-12.08.58_2024-10-01_15-10-15_jpeg_2024-10-01_15-10-15.webp.webp?fit=1200%2C675&ssl=1&resize=350%2C200","width":350,"height":200,"srcset":"https:\/\/i0.wp.com\/noticiasribeiraopreto.com.br\/wp-content\/uploads\/2024\/10\/WhatsApp-Image-2024-10-01-at-12.08.58_2024-10-01_15-10-15_jpeg_2024-10-01_15-10-15.webp.webp?fit=1200%2C675&ssl=1&resize=350%2C200 1x, https:\/\/i0.wp.com\/noticiasribeiraopreto.com.br\/wp-content\/uploads\/2024\/10\/WhatsApp-Image-2024-10-01-at-12.08.58_2024-10-01_15-10-15_jpeg_2024-10-01_15-10-15.webp.webp?fit=1200%2C675&ssl=1&resize=525%2C300 1.5x, https:\/\/i0.wp.com\/noticiasribeiraopreto.com.br\/wp-content\/uploads\/2024\/10\/WhatsApp-Image-2024-10-01-at-12.08.58_2024-10-01_15-10-15_jpeg_2024-10-01_15-10-15.webp.webp?fit=1200%2C675&ssl=1&resize=700%2C400 2x, https:\/\/i0.wp.com\/noticiasribeiraopreto.com.br\/wp-content\/uploads\/2024\/10\/WhatsApp-Image-2024-10-01-at-12.08.58_2024-10-01_15-10-15_jpeg_2024-10-01_15-10-15.webp.webp?fit=1200%2C675&ssl=1&resize=1050%2C600 3x"},"classes":[]},{"id":54543,"url":"https:\/\/noticiasribeiraopreto.com.br\/index.php\/2024\/07\/12\/batida-entre-moto-e-onibus-deixa-dois-feridos-na-zona-sul-de-ribeirao-preto\/","url_meta":{"origin":60106,"position":1},"title":"Batida entre moto e \u00f4nibus deixa dois feridos na zona Sul de Ribeir\u00e3o Preto","author":"noticiasribeiraopreto.com.br","date":"12 de July de 2024","format":false,"excerpt":"Duas pessoas que estavam em uma moto ficaram feridas na manh\u00e3 desta sexta-feira (12), depois de uma batida que envolveu o ve\u00edculo e um \u00f4nibus no Jardim Sumar\u00e9, zona Sul de Ribeir\u00e3o Preto. As v\u00edtimas foram socorridas por equipes do Corpo de Bombeiros no cruzamento das ruas Itacolomi e Garibaldi\u2026","rel":"","context":"In &quot;Not\u00edcias de Ribeir\u00e3o Preto-SP e Regi\u00e3o&quot;","block_context":{"text":"Not\u00edcias de Ribeir\u00e3o Preto-SP e Regi\u00e3o","link":"https:\/\/noticiasribeiraopreto.com.br\/index.php\/category\/noticias-de-ribeirao-preto-sp-e-regiao-ismael-colosi\/"},"img":{"alt_text":"","src":"https:\/\/i0.wp.com\/noticiasribeiraopreto.com.br\/wp-content\/uploads\/2024\/07\/acidadeon_logos_Prancheta-1-copia-12_edited.jpg?fit=1199%2C1200&ssl=1&resize=350%2C200","width":350,"height":200,"srcset":"https:\/\/i0.wp.com\/noticiasribeiraopreto.com.br\/wp-content\/uploads\/2024\/07\/acidadeon_logos_Prancheta-1-copia-12_edited.jpg?fit=1199%2C1200&ssl=1&resize=350%2C200 1x, https:\/\/i0.wp.com\/noticiasribeiraopreto.com.br\/wp-content\/uploads\/2024\/07\/acidadeon_logos_Prancheta-1-copia-12_edited.jpg?fit=1199%2C1200&ssl=1&resize=525%2C300 1.5x, https:\/\/i0.wp.com\/noticiasribeiraopreto.com.br\/wp-content\/uploads\/2024\/07\/acidadeon_logos_Prancheta-1-copia-12_edited.jpg?fit=1199%2C1200&ssl=1&resize=700%2C400 2x, https:\/\/i0.wp.com\/noticiasribeiraopreto.com.br\/wp-content\/uploads\/2024\/07\/acidadeon_logos_Prancheta-1-copia-12_edited.jpg?fit=1199%2C1200&ssl=1&resize=1050%2C600 3x"},"classes":[]},{"id":69289,"url":"https:\/\/noticiasribeiraopreto.com.br\/index.php\/2025\/05\/04\/vitimas-que-morreram-apos-batida-entre-carro-e-moto-em-rodovia-sao-identificadas\/","url_meta":{"origin":60106,"position":2},"title":"V\u00edtimas que morreram ap\u00f3s batida entre carro e moto em rodovia s\u00e3o identificadas","author":"noticiasribeiraopreto.com.br","date":"4 de May de 2025","format":false,"excerpt":"As duas v\u00edtimas que morreram ap\u00f3s uma batida entre um carro e uma moto na madrugada deste domingo (4), no km 88 da rodovia Carlos Tonani (SP-333), em Sert\u00e3ozinho, na regi\u00e3o de Ribeir\u00e3o Preto, foram identificadas. Segundo informa\u00e7\u00f5es, S\u00e9rgio Murilo Correia de Oliveira J\u00fanior, de 33 anos, e Michel Aparecido\u2026","rel":"","context":"In &quot;Not\u00edcias de Ribeir\u00e3o Preto-SP e Regi\u00e3o&quot;","block_context":{"text":"Not\u00edcias de Ribeir\u00e3o Preto-SP e Regi\u00e3o","link":"https:\/\/noticiasribeiraopreto.com.br\/index.php\/category\/noticias-de-ribeirao-preto-sp-e-regiao-ismael-colosi\/"},"img":{"alt_text":"","src":"https:\/\/i0.wp.com\/noticiasribeiraopreto.com.br\/wp-content\/uploads\/2025\/05\/ACIDENTE_2025-05-04_15-59-52.webp.webp?fit=1200%2C652&ssl=1&resize=350%2C200","width":350,"height":200,"srcset":"https:\/\/i0.wp.com\/noticiasribeiraopreto.com.br\/wp-content\/uploads\/2025\/05\/ACIDENTE_2025-05-04_15-59-52.webp.webp?fit=1200%2C652&ssl=1&resize=350%2C200 1x, https:\/\/i0.wp.com\/noticiasribeiraopreto.com.br\/wp-content\/uploads\/2025\/05\/ACIDENTE_2025-05-04_15-59-52.webp.webp?fit=1200%2C652&ssl=1&resize=525%2C300 1.5x, https:\/\/i0.wp.com\/noticiasribeiraopreto.com.br\/wp-content\/uploads\/2025\/05\/ACIDENTE_2025-05-04_15-59-52.webp.webp?fit=1200%2C652&ssl=1&resize=700%2C400 2x, https:\/\/i0.wp.com\/noticiasribeiraopreto.com.br\/wp-content\/uploads\/2025\/05\/ACIDENTE_2025-05-04_15-59-52.webp.webp?fit=1200%2C652&ssl=1&resize=1050%2C600 3x"},"classes":[]},{"id":62460,"url":"https:\/\/noticiasribeiraopreto.com.br\/index.php\/2025\/01\/15\/batida-entre-carro-e-moto-deixa-vitima-e-trava-transito-na-anhanguera-em-ribeirao-preto\/","url_meta":{"origin":60106,"position":3},"title":"Batida entre carro e moto deixa v\u00edtima e trava tr\u00e2nsito na Anhanguera em Ribeir\u00e3o Preto","author":"noticiasribeiraopreto.com.br","date":"15 de January de 2025","format":false,"excerpt":"Uma batida entre um carro e uma moto deixou uma v\u00edtima na manh\u00e3 desta quarta-feira (15), no km 308 da rodovia Anhanguera (SP-330), em Ribeir\u00e3o Preto. Segundo relato de motoristas, o tr\u00e2nsito ficou parado na pista sentido Sul (Capital) desde a altura da liga\u00e7\u00e3o com a avenida Brasil. A concession\u00e1ria\u2026","rel":"","context":"In &quot;Not\u00edcias de Ribeir\u00e3o Preto-SP e Regi\u00e3o&quot;","block_context":{"text":"Not\u00edcias de Ribeir\u00e3o Preto-SP e Regi\u00e3o","link":"https:\/\/noticiasribeiraopreto.com.br\/index.php\/category\/noticias-de-ribeirao-preto-sp-e-regiao-ismael-colosi\/"},"img":{"alt_text":"","src":"https:\/\/i0.wp.com\/noticiasribeiraopreto.com.br\/wp-content\/uploads\/2025\/01\/policia_rodoviaria_1200x675_01042022100400_x1x.jpg?fit=1200%2C675&ssl=1&resize=350%2C200","width":350,"height":200,"srcset":"https:\/\/i0.wp.com\/noticiasribeiraopreto.com.br\/wp-content\/uploads\/2025\/01\/policia_rodoviaria_1200x675_01042022100400_x1x.jpg?fit=1200%2C675&ssl=1&resize=350%2C200 1x, https:\/\/i0.wp.com\/noticiasribeiraopreto.com.br\/wp-content\/uploads\/2025\/01\/policia_rodoviaria_1200x675_01042022100400_x1x.jpg?fit=1200%2C675&ssl=1&resize=525%2C300 1.5x, https:\/\/i0.wp.com\/noticiasribeiraopreto.com.br\/wp-content\/uploads\/2025\/01\/policia_rodoviaria_1200x675_01042022100400_x1x.jpg?fit=1200%2C675&ssl=1&resize=700%2C400 2x, https:\/\/i0.wp.com\/noticiasribeiraopreto.com.br\/wp-content\/uploads\/2025\/01\/policia_rodoviaria_1200x675_01042022100400_x1x.jpg?fit=1200%2C675&ssl=1&resize=1050%2C600 3x"},"classes":[]},{"id":54592,"url":"https:\/\/noticiasribeiraopreto.com.br\/index.php\/2024\/07\/13\/batida-entre-carro-e-onibus-deixa-4-vitimas-em-ribeirao-preto\/","url_meta":{"origin":60106,"position":4},"title":"Batida entre carro e \u00f4nibus deixa 4 v\u00edtimas em Ribeir\u00e3o Preto","author":"noticiasribeiraopreto.com.br","date":"13 de July de 2024","format":false,"excerpt":"Um carro e um \u00f4nibus do transporte p\u00fablico se envolveram em uma batida na manh\u00e3 deste s\u00e1bado (13), no cruzamento das avenidas Guido Golfeto e Paris, no Jardim Independ\u00eancia, zona Norte de Ribeir\u00e3o Preto. Assista ao v\u00eddeo abaixo. Segundo as informa\u00e7\u00f5es iniciais, a motorista teria ficado retida no carro. Outras\u2026","rel":"","context":"In &quot;Not\u00edcias de Ribeir\u00e3o Preto-SP e Regi\u00e3o&quot;","block_context":{"text":"Not\u00edcias de Ribeir\u00e3o Preto-SP e Regi\u00e3o","link":"https:\/\/noticiasribeiraopreto.com.br\/index.php\/category\/noticias-de-ribeirao-preto-sp-e-regiao-ismael-colosi\/"},"img":{"alt_text":"","src":"https:\/\/i0.wp.com\/noticiasribeiraopreto.com.br\/wp-content\/uploads\/2024\/07\/WhatsApp-Image-2024-07-13-at-11.29.41_2024-07-13_14-30-30_jpeg_2024-07-13_14-30-31.webp.webp?fit=1200%2C1069&ssl=1&resize=350%2C200","width":350,"height":200,"srcset":"https:\/\/i0.wp.com\/noticiasribeiraopreto.com.br\/wp-content\/uploads\/2024\/07\/WhatsApp-Image-2024-07-13-at-11.29.41_2024-07-13_14-30-30_jpeg_2024-07-13_14-30-31.webp.webp?fit=1200%2C1069&ssl=1&resize=350%2C200 1x, https:\/\/i0.wp.com\/noticiasribeiraopreto.com.br\/wp-content\/uploads\/2024\/07\/WhatsApp-Image-2024-07-13-at-11.29.41_2024-07-13_14-30-30_jpeg_2024-07-13_14-30-31.webp.webp?fit=1200%2C1069&ssl=1&resize=525%2C300 1.5x, https:\/\/i0.wp.com\/noticiasribeiraopreto.com.br\/wp-content\/uploads\/2024\/07\/WhatsApp-Image-2024-07-13-at-11.29.41_2024-07-13_14-30-30_jpeg_2024-07-13_14-30-31.webp.webp?fit=1200%2C1069&ssl=1&resize=700%2C400 2x, https:\/\/i0.wp.com\/noticiasribeiraopreto.com.br\/wp-content\/uploads\/2024\/07\/WhatsApp-Image-2024-07-13-at-11.29.41_2024-07-13_14-30-30_jpeg_2024-07-13_14-30-31.webp.webp?fit=1200%2C1069&ssl=1&resize=1050%2C600 3x"},"classes":[]},{"id":58041,"url":"https:\/\/noticiasribeiraopreto.com.br\/index.php\/2024\/09\/17\/motociclista-morre-apos-ser-prensado-entre-onibus-e-caminhao-na-regiao-de-ribeirao\/","url_meta":{"origin":60106,"position":5},"title":"Motociclista morre ap\u00f3s ser prensado entre \u00f4nibus e caminh\u00e3o na regi\u00e3o de Ribeir\u00e3o","author":"noticiasribeiraopreto.com.br","date":"17 de September de 2024","format":false,"excerpt":"Um motociclista de 35 anos morreu nesta ter\u00e7a-feira (17), depois de se envolver em um acidente com um \u00f4nibus e um caminh\u00e3o no \u00faltimo dia 3 de setembro, no km 40 da rodovia Abr\u00e3o Assed (SP-333), entre Serrana e Serra Azul. Segundo o boletim de ocorr\u00eancia (BO), Mario Gerson dos\u2026","rel":"","context":"In &quot;Not\u00edcias de Ribeir\u00e3o Preto-SP e Regi\u00e3o&quot;","block_context":{"text":"Not\u00edcias de Ribeir\u00e3o Preto-SP e Regi\u00e3o","link":"https:\/\/noticiasribeiraopreto.com.br\/index.php\/category\/noticias-de-ribeirao-preto-sp-e-regiao-ismael-colosi\/"},"img":{"alt_text":"","src":"https:\/\/i0.wp.com\/noticiasribeiraopreto.com.br\/wp-content\/uploads\/2024\/09\/Copia-de-Copia-de-Copia-de-TAMANHO-EXATO-PARA-FOTOS-NO-SISTEMA-NOVO-28_2024-09-03_23-06-02_png_2024-09-03_23-06-02.webp.webp?fit=1200%2C675&ssl=1&resize=350%2C200","width":350,"height":200,"srcset":"https:\/\/i0.wp.com\/noticiasribeiraopreto.com.br\/wp-content\/uploads\/2024\/09\/Copia-de-Copia-de-Copia-de-TAMANHO-EXATO-PARA-FOTOS-NO-SISTEMA-NOVO-28_2024-09-03_23-06-02_png_2024-09-03_23-06-02.webp.webp?fit=1200%2C675&ssl=1&resize=350%2C200 1x, https:\/\/i0.wp.com\/noticiasribeiraopreto.com.br\/wp-content\/uploads\/2024\/09\/Copia-de-Copia-de-Copia-de-TAMANHO-EXATO-PARA-FOTOS-NO-SISTEMA-NOVO-28_2024-09-03_23-06-02_png_2024-09-03_23-06-02.webp.webp?fit=1200%2C675&ssl=1&resize=525%2C300 1.5x, https:\/\/i0.wp.com\/noticiasribeiraopreto.com.br\/wp-content\/uploads\/2024\/09\/Copia-de-Copia-de-Copia-de-TAMANHO-EXATO-PARA-FOTOS-NO-SISTEMA-NOVO-28_2024-09-03_23-06-02_png_2024-09-03_23-06-02.webp.webp?fit=1200%2C675&ssl=1&resize=700%2C400 2x, https:\/\/i0.wp.com\/noticiasribeiraopreto.com.br\/wp-content\/uploads\/2024\/09\/Copia-de-Copia-de-Copia-de-TAMANHO-EXATO-PARA-FOTOS-NO-SISTEMA-NOVO-28_2024-09-03_23-06-02_png_2024-09-03_23-06-02.webp.webp?fit=1200%2C675&ssl=1&resize=1050%2C600 3x"},"classes":[]}],"jetpack_sharing_enabled":true,"jetpack_shortlink":"https:\/\/wp.me\/peQAOb-fDs","_links":{"self":[{"href":"https:\/\/noticiasribeiraopreto.com.br\/index.php\/wp-json\/wp\/v2\/posts\/60106","targetHints":{"allow":["GET"]}}],"collection":[{"href":"https:\/\/noticiasribeiraopreto.com.br\/index.php\/wp-json\/wp\/v2\/posts"}],"about":[{"href":"https:\/\/noticiasribeiraopreto.com.br\/index.php\/wp-json\/wp\/v2\/types\/post"}],"author":[{"embeddable":true,"href":"https:\/\/noticiasribeiraopreto.com.br\/index.php\/wp-json\/wp\/v2\/users\/1"}],"replies":[{"embeddable":true,"href":"https:\/\/noticiasribeiraopreto.com.br\/index.php\/wp-json\/wp\/v2\/comments?post=60106"}],"version-history":[{"count":0,"href":"https:\/\/noticiasribeiraopreto.com.br\/index.php\/wp-json\/wp\/v2\/posts\/60106\/revisions"}],"wp:featuredmedia":[{"embeddable":true,"href":"https:\/\/noticiasribeiraopreto.com.br\/index.php\/wp-json\/wp\/v2\/media\/58580"}],"wp:attachment":[{"href":"https:\/\/noticiasribeiraopreto.com.br\/index.php\/wp-json\/wp\/v2\/media?parent=60106"}],"wp:term":[{"taxonomy":"category","embeddable":true,"href":"https:\/\/noticiasribeiraopreto.com.br\/index.php\/wp-json\/wp\/v2\/categories?post=60106"},{"taxonomy":"post_tag","embeddable":true,"href":"https:\/\/noticiasribeiraopreto.com.br\/index.php\/wp-json\/wp\/v2\/tags?post=60106"}],"curies":[{"name":"wp","href":"https:\/\/api.w.org\/{rel}","templated":true}]}}