{"id":60107,"date":"2024-11-06T10:03:23","date_gmt":"2024-11-06T13:03:23","guid":{"rendered":"https:\/\/noticiasribeiraopreto.com.br\/index.php\/2024\/11\/06\/saiba-quem-e-gabriel-bortoleto-novo-piloto-brasileiro-da-formula-1\/"},"modified":"2024-11-06T10:03:23","modified_gmt":"2024-11-06T13:03:23","slug":"saiba-quem-e-gabriel-bortoleto-novo-piloto-brasileiro-da-formula-1","status":"publish","type":"post","link":"https:\/\/noticiasribeiraopreto.com.br\/index.php\/2024\/11\/06\/saiba-quem-e-gabriel-bortoleto-novo-piloto-brasileiro-da-formula-1\/","title":{"rendered":"Saiba quem \u00e9 Gabriel Bortoleto, novo piloto brasileiro da F\u00f3rmula 1"},"content":{"rendered":"<p> <br \/>\n<\/p>\n<div>\n<p>A equipe <strong>Sauber-Audi<\/strong> anunciou no in\u00edcio desta quarta-feira (6) o piloto brasileiro <strong>Gabriel Bortoleto <\/strong>para a temporada 2025 da<strong> F\u00f3rmula 1<\/strong>. Ele far\u00e1 dupla com o experiente piloto alem\u00e3o <strong>Nico H\u00fclkenberg<\/strong>, que deixar\u00e1 a <strong>Haas <\/strong>no fim do ano para se juntar \u00e0 equipe su\u00ed\u00e7a.<\/p>\n<p><mark style=\"background-color:#fcb900\" class=\"has-inline-color has-black-color\">Ser\u00e1 a primeira vez que um competidor representar\u00e1 as cores do Pa\u00eds como titular na principal categoria do automobilismo desde <strong>Felipe Massa<\/strong>, na<strong> Williams<\/strong>, em 2017.<\/mark> Aos 20 anos, Bortoleto atualmente lidera a classifica\u00e7\u00e3o da<strong> F\u00f3rmula 2<\/strong>, principal categoria de acesso \u00e0 F-1.<\/p>\n<p>Em 2023, ap\u00f3s se tornar o primeiro brasileiro a se sagrar campe\u00e3o da <em>F\u00f3rmula 3<\/em> com ampla folga, foi anunciado pela <strong>McLaren <\/strong>como novo membro da academia de jovens pilotos da equipe, onde teve a oportunidade de desfrutar da estrutura do time ingl\u00eas e ter contato com os pilotos titulares, o ingl\u00eas <strong>Lando Norris<\/strong> e o australiano <strong>Oscar Piastri<\/strong>.<\/p>\n<p>\u201cNunca desistir \u00e9 o que mais eu aprendi neste ano, principalmente depois de come\u00e7ar a temporada da F-2 como eu comecei. Ca\u00ed para o 15\u00ba lugar e agora estou liderando o campeonato e \u00e9 muito especial. Ent\u00e3o, a li\u00e7\u00e3o \u00e9 nunca desistir, manter o foco, cabe\u00e7a baixa, sempre trabalhando, que as coisas v\u00e3o dar certa\u201d, disse o brasileiro ao Estad\u00e3o, na semana passada.<\/p>\n<h4 class=\"wp-block-heading\"><strong>Aposta de Alonso<\/strong><\/h4>\n<p>Bortoleto \u00e9 considerado um jovem talento desde o in\u00edcio da adolesc\u00eancia. Seu bom rendimento desde o kart vem chamando a aten\u00e7\u00e3o no mundo do automobilismo. O bicampe\u00e3o mundial <strong>Fernando Alonso<\/strong> gostou tanto do que viu na pista que se tornou o empres\u00e1rio do brasileiro, atrav\u00e9s de sua empresa, a A14 Management.<\/p>\n<p>\u201cEle me d\u00e1 v\u00e1rias dicas. S\u00e3o sempre coisas muito t\u00e9cnicas, sobre pilotagem, posicionamento do carro em pista, negocia\u00e7\u00e3o de ultrapassagens, gerenciamento da degrada\u00e7\u00e3o dos pneus\u201d, explicou Bortoleto, em conversa com a reportagem em 2023.<\/p>\n<p>\u201cEle \u00e9 um cara bem tranquilo e me passa bastante confian\u00e7a ter um bicampe\u00e3o mundial ao meu lado\u201d, contou Bortoleto, sobre a rela\u00e7\u00e3o com o espanhol, que agora ser\u00e1 seu rival nas pistas da F-1 a partir de 2025 \u2013 Alonso \u00e9 piloto da <strong>Aston Martin<\/strong>.<\/p>\n<p>Bortoleto tem como maior \u00eddolo o tricampe\u00e3o mundial<strong> Ayrton Senna<\/strong>. \u201cSem d\u00favidas, o maior \u00eddolo no esporte foi Ayrton Senna\u201d, disse o jovem piloto, que n\u00e3o chegou a ver o \u00eddolo correndo ao vivo, mas conheceu sua trajet\u00f3ria por v\u00eddeos e document\u00e1rios, sob influ\u00eancia do seu pai, grande f\u00e3 de Senna. \u201cDos pilotos da atualidade, eu admiro e me espelho nos estilos de pilotagem do Alonso e do <strong>Max Verstappen<\/strong>.\u201d<\/p>\n<p>Quando n\u00e3o est\u00e1 na pista ou se preparando para entrar no carro, o brasileiro continua conectado ao automobilismo. \u201cAtualmente, meu maior hobby tem sido praticar a minha pilotagem em meu simulador de casa. Mas curto tamb\u00e9m outros tipos de jogos eletr\u00f4nicos. Temos um grande grupo de amigos, quase todos pilotos, e jogamos outros jogos tamb\u00e9m que n\u00e3o sejam de corrida \u201c<\/p>\n<h4 class=\"wp-block-heading\"><strong>TRAJET\u00d3RIA<\/strong><\/h4>\n<p>Nascido em<strong> S\u00e3o Paulo<\/strong>, Bortoleto vive na<strong> It\u00e1lia<\/strong> desde 2017, quando se mudou com apenas 12 anos para a pequena cidade de<strong> Desenzano Del Garda<\/strong>, perto de <strong>Veneza<\/strong> \u2013 atualmente mora em Mil\u00e3o.<\/p>\n<p>O brasileiro come\u00e7ou no kart aos seis anos, por influ\u00eancia do irm\u00e3o mais velho, Enzo. Ele obteve diversas conquistas na modalidade no Brasil antes de fazer a grande aposta em solo italiano, tradicional destino de aspirantes \u00e0s grandes categorias do automobilismo.<\/p>\n<p>\u201cComecei no automobilismo quando tinha seis anos, nos kart\u00f3dromos da Granja, Aldeia da Serra e Interlagos. Quando comecei, n\u00e3o t\u00ednhamos (fam\u00edlia) uma condi\u00e7\u00e3o financeira muito boa. Meu pai criou uma empresa de telecomunica\u00e7\u00f5es que, na \u00e9poca em que comecei no kart, era muito pequena. N\u00e3o t\u00ednhamos condi\u00e7\u00f5es de pagar tudo\u201d, lembrou o brasileiro, em entrevista ao canal SBT.<\/p>\n<p>Bortoleto revelou que se mudou para a Europa com apenas 11 anos, e sem avisar sua m\u00e3e. \u201cEla n\u00e3o iria me deixar ir. Sempre foi muito apegada. Ent\u00e3o, meu pai disse: \u2018Daqui a um m\u00eas, voc\u00eas v\u00e3o pegar um voo, e eu s\u00f3 vou contar que voc\u00ea n\u00e3o vai voltar quando j\u00e1 estiver l\u00e1\u2019. Quando chegamos, ele disse: \u2018Aluguei uma casa pequena, e eles v\u00e3o ficar direto\u2019. Minha m\u00e3e ficou um m\u00eas sem falar com meu pai. Quase deu t\u00e9rmino de casamento\u201d, contou.<\/p>\n<p>Ele tamb\u00e9m disse que seu irm\u00e3o chegou a sonhar com a carreira de piloto, mas desistiu porque a fam\u00edlia n\u00e3o tinha condi\u00e7\u00f5es de bancar duas carreiras no automobilismo.<\/p>\n<p>\u201cMeu pai adorava (F-1), sempre acompanhou o Senna. Ele vem de uma condi\u00e7\u00e3o bem simples, ent\u00e3o nunca p\u00f4de competir, mas sempre foi uma paix\u00e3o dele. Meu irm\u00e3o, seis anos mais velho do que eu, come\u00e7ou a competir antes e foi at\u00e9 os 16 anos. Mas teve que parar porque ele n\u00e3o tinha condi\u00e7\u00f5es de manter os dois ao mesmo tempo\u201d, declarou.<\/p>\n<p>\u201cAcho que ele (irm\u00e3o) entendeu que n\u00e3o conseguiria chegar \u00e0 F\u00f3rmula 1, at\u00e9 por ter come\u00e7ado mais tarde do que eu, com 12 anos. Eu j\u00e1 estava ganhando nas categorias de base do automobilismo europeu e ele disse: \u2018Deixa o meu irm\u00e3o\u2019. Ele decidiu parar para que eu pudesse continuar\u201d, afirmou.<\/p>\n<p>Longe do Brasil, Bortoleto se destacou em palcos maiores, como o Campeonato Europeu e o Mundial, entre 2017 e 2019. O ano de 2020 marcou sua transi\u00e7\u00e3o para as primeiras competi\u00e7\u00f5es de monoposto.<\/p>\n<p>Ele terminou a F\u00f3rmula 4 italiana no quinto lugar. Em 2021, deu novo salto: entrou na F\u00f3rmula 3 Europeia, a antessala da F-3, na qual entrou e foi campe\u00e3o logo em sua primeira temporada.<\/p>\n<p>Agora na F-2, ele \u00e9 o grande favorito a levantar o trof\u00e9u. Antes de iniciar a prepara\u00e7\u00e3o para a estreia na F-1 em 2025, Bortoleto tem pela frente ainda duas etapas para a conclus\u00e3o da temporada: no Catar e nos Emirados \u00c1rabes Unidos, nos dois primeiros fins de semana de dezembro (com informa\u00e7\u00f5es Felipe Rosa Mendes e Rodrigo Sampaio\/Estad\u00e3o Conte\u00fado).<\/p>\n<p>SAIBA MAIS<br \/>Com gol nos acr\u00e9scimos, Botafogo vence o Brusque pela S\u00e9rie B<\/p>\n<h4 class=\"wp-block-heading\"><strong>FIQUE ON<\/strong><\/h4>\n<p>Fique ligado em tudo que acontece em Ribeir\u00e3o Preto e regi\u00e3o. Siga os perfis do<strong> acidade on<\/strong> no <a href=\"https:\/\/www.instagram.com\/acidadeonribeirao\" target=\"_blank\" rel=\"noreferrer noopener nofollow\">Instagram <\/a>e no <a href=\"https:\/\/www.facebook.com\/acidadeonribeirao\/\" target=\"_blank\" rel=\"noreferrer noopener nofollow\">Facebook<\/a>.<\/p>\n<p>Receba not\u00edcias do<strong> acidade on <\/strong>no WhatsApp.<a href=\"https:\/\/chat.whatsapp.com\/Fg4ok3aAVyB59DP63pRapr\" target=\"_blank\" rel=\"noreferrer noopener nofollow\"> Para entrar no grupo, basta clicar aqui.<\/a><\/p>\n<p>Fa\u00e7a uma den\u00fancia ou sugira uma reportagem sobre Ribeir\u00e3o Preto e regi\u00e3o pelo WhatsApp: 16 99117 7802.<\/p>\n<p>VEJA TAMB\u00c9M<br \/>Como \u00e9 acompanhar um treino da F\u00f3rmula 1?<\/p>\n<p><!-- CONTENT END 1 -->\n<\/div>\n<p><script async src=\"\/\/www.instagram.com\/embed.js\"><\/script><br \/>\n<br \/><br \/>\n<br \/><a href=\"https:\/\/www.acidadeon.com\/ribeiraopreto\/esportes\/saiba-quem-e-gabriel-bortoleto-novo-piloto-brasileiro-da-formula-1\/\">Source link <\/a><\/p>\n","protected":false},"excerpt":{"rendered":"<p>A equipe Sauber-Audi anunciou no in\u00edcio desta quarta-feira (6) o piloto brasileiro Gabriel Bortoleto para a temporada 2025 da F\u00f3rmula 1. Ele far\u00e1 dupla com&#8230;<\/p>\n","protected":false},"author":1,"featured_media":60108,"comment_status":"open","ping_status":"open","sticky":false,"template":"","format":"standard","meta":{"advanced_seo_description":"","jetpack_seo_html_title":"","jetpack_seo_noindex":false,"jetpack_post_was_ever_published":false,"_jetpack_newsletter_access":"","_jetpack_dont_email_post_to_subs":false,"_jetpack_newsletter_tier_id":0,"_jetpack_memberships_contains_paywalled_content":false,"_jetpack_memberships_contains_paid_content":false,"footnotes":"","jetpack_publicize_message":"","jetpack_publicize_feature_enabled":true,"jetpack_social_post_already_shared":true,"jetpack_social_options":{"image_generator_settings":{"template":"highway","default_image_id":0,"font":"","enabled":false},"version":2}},"categories":[11],"tags":[],"class_list":["post-60107","post","type-post","status-publish","format-standard","has-post-thumbnail","hentry","category-noticias-de-ribeirao-preto-sp-e-regiao-ismael-colosi"],"jetpack_publicize_connections":[],"jetpack_featured_media_url":"https:\/\/i0.wp.com\/noticiasribeiraopreto.com.br\/wp-content\/uploads\/2024\/11\/bortoleto_2024-11-06_12-50-34_jpg_2024-11-06_12-50-34.webp.webp?fit=975%2C764&ssl=1","jetpack-related-posts":[{"id":75095,"url":"https:\/\/noticiasribeiraopreto.com.br\/index.php\/2025\/08\/03\/saiba-quem-e-rafael-camara-piloto-brasileiro-campeao-da-formula-3\/","url_meta":{"origin":60107,"position":0},"title":"Saiba quem \u00e9 Rafael C\u00e2mara, piloto brasileiro campe\u00e3o da F\u00f3rmula 3","author":"noticiasribeiraopreto.com.br","date":"3 de August de 2025","format":false,"excerpt":"O brasileiro Rafael C\u00e2mara \u00e9 o campe\u00e3o da F\u00f3rmula 3 de 2025. O pernambucano de 20 anos conquistou o t\u00edtulo de maneira antecipada, na madrugada deste domingo (3), ao vencer a pen\u00faltima etapa da temporada da competi\u00e7\u00e3o, no circuito de Hungaroring, em Budapeste, na Hungria. A dupla da Campos Racing,\u2026","rel":"","context":"In &quot;Not\u00edcias de Ribeir\u00e3o Preto-SP e Regi\u00e3o&quot;","block_context":{"text":"Not\u00edcias de Ribeir\u00e3o Preto-SP e Regi\u00e3o","link":"https:\/\/noticiasribeiraopreto.com.br\/index.php\/category\/noticias-de-ribeirao-preto-sp-e-regiao-ismael-colosi\/"},"img":{"alt_text":"","src":"https:\/\/i0.wp.com\/noticiasribeiraopreto.com.br\/wp-content\/uploads\/2025\/08\/rafael-camara_2025-08-03_12-57-29.webp.webp?fit=995%2C556&ssl=1&resize=350%2C200","width":350,"height":200,"srcset":"https:\/\/i0.wp.com\/noticiasribeiraopreto.com.br\/wp-content\/uploads\/2025\/08\/rafael-camara_2025-08-03_12-57-29.webp.webp?fit=995%2C556&ssl=1&resize=350%2C200 1x, https:\/\/i0.wp.com\/noticiasribeiraopreto.com.br\/wp-content\/uploads\/2025\/08\/rafael-camara_2025-08-03_12-57-29.webp.webp?fit=995%2C556&ssl=1&resize=525%2C300 1.5x, https:\/\/i0.wp.com\/noticiasribeiraopreto.com.br\/wp-content\/uploads\/2025\/08\/rafael-camara_2025-08-03_12-57-29.webp.webp?fit=995%2C556&ssl=1&resize=700%2C400 2x"},"classes":[]},{"id":83069,"url":"https:\/\/noticiasribeiraopreto.com.br\/index.php\/2026\/03\/08\/gp-da-australia-saiba-como-acompanhar-a-abertura-da-temporada-2026-da-formula-1\/","url_meta":{"origin":60107,"position":1},"title":"GP da Austr\u00e1lia: saiba como acompanhar a abertura da temporada 2026 da F\u00f3rmula 1","author":"noticiasribeiraopreto.com.br","date":"8 de March de 2026","format":false,"excerpt":"A primeira corrida de F\u00f3rmula 1 de 2026 acontece na madrugada deste domingo (8), ap\u00f3s o programa Altas Horas, na tela da EPTV\/Globo, com o piloto brit\u00e2nico George Russell, da Mercedes, largando do primeiro lugar do grid. A corrida est\u00e1 marcada para come\u00e7ar \u00e0 1h. O piloto brasileiro Gabriel Bortoleto,\u2026","rel":"","context":"In &quot;Not\u00edcias de Ribeir\u00e3o Preto-SP e Regi\u00e3o&quot;","block_context":{"text":"Not\u00edcias de Ribeir\u00e3o Preto-SP e Regi\u00e3o","link":"https:\/\/noticiasribeiraopreto.com.br\/index.php\/category\/noticias-de-ribeirao-preto-sp-e-regiao-ismael-colosi\/"},"img":{"alt_text":"","src":"https:\/\/i0.wp.com\/noticiasribeiraopreto.com.br\/wp-content\/uploads\/2026\/03\/WhatsApp-Image-2026-03-07-at-13.43.01_2026-03-07_16-44-05.webp.webp?fit=1200%2C800&ssl=1&resize=350%2C200","width":350,"height":200,"srcset":"https:\/\/i0.wp.com\/noticiasribeiraopreto.com.br\/wp-content\/uploads\/2026\/03\/WhatsApp-Image-2026-03-07-at-13.43.01_2026-03-07_16-44-05.webp.webp?fit=1200%2C800&ssl=1&resize=350%2C200 1x, https:\/\/i0.wp.com\/noticiasribeiraopreto.com.br\/wp-content\/uploads\/2026\/03\/WhatsApp-Image-2026-03-07-at-13.43.01_2026-03-07_16-44-05.webp.webp?fit=1200%2C800&ssl=1&resize=525%2C300 1.5x, https:\/\/i0.wp.com\/noticiasribeiraopreto.com.br\/wp-content\/uploads\/2026\/03\/WhatsApp-Image-2026-03-07-at-13.43.01_2026-03-07_16-44-05.webp.webp?fit=1200%2C800&ssl=1&resize=700%2C400 2x, https:\/\/i0.wp.com\/noticiasribeiraopreto.com.br\/wp-content\/uploads\/2026\/03\/WhatsApp-Image-2026-03-07-at-13.43.01_2026-03-07_16-44-05.webp.webp?fit=1200%2C800&ssl=1&resize=1050%2C600 3x"},"classes":[]},{"id":39207,"url":"https:\/\/noticiasribeiraopreto.com.br\/index.php\/2024\/02\/23\/ex-piloto-de-formula-1-wilson-fittipaldi-jr-morreu-nesta-sexta-em-sp\/","url_meta":{"origin":60107,"position":2},"title":"Ex-piloto de F\u00f3rmula 1, Wilson Fittipaldi Jr morreu nesta sexta em SP","author":"noticiasribeiraopreto.com.br","date":"23 de February de 2024","format":false,"excerpt":"23 de fevereiro de 2024 | 14:03 0O ex-piloto de F\u00f3rmula 1, Wilson Fittipaldi Jr morreu nesta sexta-feira (23\/2), em S\u00e3o Paulo, aos 80 anos. Ele estava internado desde dezembro, ap\u00f3s sofrer parada card\u00edaca.Wilsinho, como era conhecido, sofreu parada card\u00edaca em decorr\u00eancia de um engasgo com um peda\u00e7o de carne\u2026","rel":"","context":"In &quot;Not\u00edcias de Ribeir\u00e3o Preto-SP e Regi\u00e3o&quot;","block_context":{"text":"Not\u00edcias de Ribeir\u00e3o Preto-SP e Regi\u00e3o","link":"https:\/\/noticiasribeiraopreto.com.br\/index.php\/category\/noticias-de-ribeirao-preto-sp-e-regiao-ismael-colosi\/"},"img":{"alt_text":"","src":"https:\/\/i0.wp.com\/noticiasribeiraopreto.com.br\/wp-content\/uploads\/2024\/02\/20240104103736_gdabwwgwmaaipfv-1-2-.jpeg?fit=766%2C514&ssl=1&resize=350%2C200","width":350,"height":200,"srcset":"https:\/\/i0.wp.com\/noticiasribeiraopreto.com.br\/wp-content\/uploads\/2024\/02\/20240104103736_gdabwwgwmaaipfv-1-2-.jpeg?fit=766%2C514&ssl=1&resize=350%2C200 1x, https:\/\/i0.wp.com\/noticiasribeiraopreto.com.br\/wp-content\/uploads\/2024\/02\/20240104103736_gdabwwgwmaaipfv-1-2-.jpeg?fit=766%2C514&ssl=1&resize=525%2C300 1.5x, https:\/\/i0.wp.com\/noticiasribeiraopreto.com.br\/wp-content\/uploads\/2024\/02\/20240104103736_gdabwwgwmaaipfv-1-2-.jpeg?fit=766%2C514&ssl=1&resize=700%2C400 2x"},"classes":[]},{"id":48162,"url":"https:\/\/noticiasribeiraopreto.com.br\/index.php\/2024\/05\/01\/legado-dentro-e-fora-da-pista-mantem-senna-eterno-30-anos-apos-morte\/","url_meta":{"origin":60107,"position":3},"title":"Legado dentro e fora da pista mant\u00e9m Senna eterno 30 anos ap\u00f3s morte","author":"noticiasribeiraopreto.com.br","date":"1 de May de 2024","format":false,"excerpt":"Domingo, 1\u00ba de maio de 1994. Grande Pr\u00eamio de San Marino de F\u00f3rmula 1. Aut\u00f3dromo Internacional Enzo e Dino Ferrari, em \u00cdmola (It\u00e1lia). Na s\u00e9tima volta, precisamente \u00e0s 9h13, pelo hor\u00e1rio de Bras\u00edlia, Ayrton Senna perde o controle da Williams que pilotava e bate violentamente no muro da curva Tamburello.\u2026","rel":"","context":"In &quot;Not\u00edcias de Ribeir\u00e3o Preto-SP e Regi\u00e3o&quot;","block_context":{"text":"Not\u00edcias de Ribeir\u00e3o Preto-SP e Regi\u00e3o","link":"https:\/\/noticiasribeiraopreto.com.br\/index.php\/category\/noticias-de-ribeirao-preto-sp-e-regiao-ismael-colosi\/"},"img":{"alt_text":"","src":"https:\/\/i0.wp.com\/noticiasribeiraopreto.com.br\/wp-content\/uploads\/2024\/05\/AnyConv.com__senna.webp.webp?fit=1171%2C709&ssl=1&resize=350%2C200","width":350,"height":200,"srcset":"https:\/\/i0.wp.com\/noticiasribeiraopreto.com.br\/wp-content\/uploads\/2024\/05\/AnyConv.com__senna.webp.webp?fit=1171%2C709&ssl=1&resize=350%2C200 1x, https:\/\/i0.wp.com\/noticiasribeiraopreto.com.br\/wp-content\/uploads\/2024\/05\/AnyConv.com__senna.webp.webp?fit=1171%2C709&ssl=1&resize=525%2C300 1.5x, https:\/\/i0.wp.com\/noticiasribeiraopreto.com.br\/wp-content\/uploads\/2024\/05\/AnyConv.com__senna.webp.webp?fit=1171%2C709&ssl=1&resize=700%2C400 2x, https:\/\/i0.wp.com\/noticiasribeiraopreto.com.br\/wp-content\/uploads\/2024\/05\/AnyConv.com__senna.webp.webp?fit=1171%2C709&ssl=1&resize=1050%2C600 3x"},"classes":[]},{"id":48165,"url":"https:\/\/noticiasribeiraopreto.com.br\/index.php\/2024\/05\/01\/legado-dentro-e-fora-da-pista-mantem-senna-eterno-30-anos-apos-morte-2\/","url_meta":{"origin":60107,"position":4},"title":"Legado dentro e fora da pista mant\u00e9m Senna eterno 30 anos ap\u00f3s morte","author":"noticiasribeiraopreto.com.br","date":"1 de May de 2024","format":false,"excerpt":"Domingo, 1\u00ba de maio de 1994. Grande Pr\u00eamio de San Marino de F\u00f3rmula 1. Aut\u00f3dromo Internacional Enzo e Dino Ferrari, em \u00cdmola (It\u00e1lia). Na s\u00e9tima volta, precisamente \u00e0s 9h13, pelo hor\u00e1rio de Bras\u00edlia, Ayrton Senna perde o controle da Williams que pilotava e bate violentamente no muro da curva Tamburello.\u2026","rel":"","context":"In &quot;Not\u00edcias de Ribeir\u00e3o Preto-SP e Regi\u00e3o&quot;","block_context":{"text":"Not\u00edcias de Ribeir\u00e3o Preto-SP e Regi\u00e3o","link":"https:\/\/noticiasribeiraopreto.com.br\/index.php\/category\/noticias-de-ribeirao-preto-sp-e-regiao-ismael-colosi\/"},"img":{"alt_text":"","src":"https:\/\/i0.wp.com\/noticiasribeiraopreto.com.br\/wp-content\/uploads\/2024\/05\/AnyConv.com__senna.webp.webp?fit=1171%2C709&ssl=1&resize=350%2C200","width":350,"height":200,"srcset":"https:\/\/i0.wp.com\/noticiasribeiraopreto.com.br\/wp-content\/uploads\/2024\/05\/AnyConv.com__senna.webp.webp?fit=1171%2C709&ssl=1&resize=350%2C200 1x, https:\/\/i0.wp.com\/noticiasribeiraopreto.com.br\/wp-content\/uploads\/2024\/05\/AnyConv.com__senna.webp.webp?fit=1171%2C709&ssl=1&resize=525%2C300 1.5x, https:\/\/i0.wp.com\/noticiasribeiraopreto.com.br\/wp-content\/uploads\/2024\/05\/AnyConv.com__senna.webp.webp?fit=1171%2C709&ssl=1&resize=700%2C400 2x, https:\/\/i0.wp.com\/noticiasribeiraopreto.com.br\/wp-content\/uploads\/2024\/05\/AnyConv.com__senna.webp.webp?fit=1171%2C709&ssl=1&resize=1050%2C600 3x"},"classes":[]},{"id":65684,"url":"https:\/\/noticiasribeiraopreto.com.br\/index.php\/2025\/03\/23\/oscar-piastri-conquista-pole-position-no-gp-da-china-de-formula-1\/","url_meta":{"origin":60107,"position":5},"title":"Oscar Piastri conquista pole position no GP da China de F\u00f3rmula 1","author":"noticiasribeiraopreto.com.br","date":"23 de March de 2025","format":false,"excerpt":"O australiano Oscar Piastri, da McLaren, obteve sua primeira pole position na F\u00f3rmula 1 ao registrar um tempo de 1min30s641 no treino classificat\u00f3rio do Grande Pr\u00eamio da China, realizado no Circuito Internacional de Xangai. Piastri superou George Russell, da Mercedes, que marcou 1min30s723, garantindo a primeira fila ao lado do\u2026","rel":"","context":"In &quot;Not\u00edcias de Ribeir\u00e3o Preto-SP e Regi\u00e3o&quot;","block_context":{"text":"Not\u00edcias de Ribeir\u00e3o Preto-SP e Regi\u00e3o","link":"https:\/\/noticiasribeiraopreto.com.br\/index.php\/category\/noticias-de-ribeirao-preto-sp-e-regiao-ismael-colosi\/"},"img":{"alt_text":"","src":"https:\/\/i0.wp.com\/noticiasribeiraopreto.com.br\/wp-content\/uploads\/2025\/03\/2025-03-22t084242z_1817144330_up1el3m0o7529_rtrmadp_3_motor-f1-china.webp.webp?fit=1170%2C700&ssl=1&resize=350%2C200","width":350,"height":200,"srcset":"https:\/\/i0.wp.com\/noticiasribeiraopreto.com.br\/wp-content\/uploads\/2025\/03\/2025-03-22t084242z_1817144330_up1el3m0o7529_rtrmadp_3_motor-f1-china.webp.webp?fit=1170%2C700&ssl=1&resize=350%2C200 1x, https:\/\/i0.wp.com\/noticiasribeiraopreto.com.br\/wp-content\/uploads\/2025\/03\/2025-03-22t084242z_1817144330_up1el3m0o7529_rtrmadp_3_motor-f1-china.webp.webp?fit=1170%2C700&ssl=1&resize=525%2C300 1.5x, https:\/\/i0.wp.com\/noticiasribeiraopreto.com.br\/wp-content\/uploads\/2025\/03\/2025-03-22t084242z_1817144330_up1el3m0o7529_rtrmadp_3_motor-f1-china.webp.webp?fit=1170%2C700&ssl=1&resize=700%2C400 2x, https:\/\/i0.wp.com\/noticiasribeiraopreto.com.br\/wp-content\/uploads\/2025\/03\/2025-03-22t084242z_1817144330_up1el3m0o7529_rtrmadp_3_motor-f1-china.webp.webp?fit=1170%2C700&ssl=1&resize=1050%2C600 3x"},"classes":[]}],"jetpack_sharing_enabled":true,"jetpack_shortlink":"https:\/\/wp.me\/peQAOb-fDt","_links":{"self":[{"href":"https:\/\/noticiasribeiraopreto.com.br\/index.php\/wp-json\/wp\/v2\/posts\/60107","targetHints":{"allow":["GET"]}}],"collection":[{"href":"https:\/\/noticiasribeiraopreto.com.br\/index.php\/wp-json\/wp\/v2\/posts"}],"about":[{"href":"https:\/\/noticiasribeiraopreto.com.br\/index.php\/wp-json\/wp\/v2\/types\/post"}],"author":[{"embeddable":true,"href":"https:\/\/noticiasribeiraopreto.com.br\/index.php\/wp-json\/wp\/v2\/users\/1"}],"replies":[{"embeddable":true,"href":"https:\/\/noticiasribeiraopreto.com.br\/index.php\/wp-json\/wp\/v2\/comments?post=60107"}],"version-history":[{"count":0,"href":"https:\/\/noticiasribeiraopreto.com.br\/index.php\/wp-json\/wp\/v2\/posts\/60107\/revisions"}],"wp:featuredmedia":[{"embeddable":true,"href":"https:\/\/noticiasribeiraopreto.com.br\/index.php\/wp-json\/wp\/v2\/media\/60108"}],"wp:attachment":[{"href":"https:\/\/noticiasribeiraopreto.com.br\/index.php\/wp-json\/wp\/v2\/media?parent=60107"}],"wp:term":[{"taxonomy":"category","embeddable":true,"href":"https:\/\/noticiasribeiraopreto.com.br\/index.php\/wp-json\/wp\/v2\/categories?post=60107"},{"taxonomy":"post_tag","embeddable":true,"href":"https:\/\/noticiasribeiraopreto.com.br\/index.php\/wp-json\/wp\/v2\/tags?post=60107"}],"curies":[{"name":"wp","href":"https:\/\/api.w.org\/{rel}","templated":true}]}}