{"id":60111,"date":"2024-11-06T11:33:16","date_gmt":"2024-11-06T14:33:16","guid":{"rendered":"https:\/\/noticiasribeiraopreto.com.br\/index.php\/2024\/11\/06\/inmet-publica-novos-alertas-para-o-estado-de-sp-veja-cidades-afetadas\/"},"modified":"2024-11-06T11:33:16","modified_gmt":"2024-11-06T14:33:16","slug":"inmet-publica-novos-alertas-para-o-estado-de-sp-veja-cidades-afetadas","status":"publish","type":"post","link":"https:\/\/noticiasribeiraopreto.com.br\/index.php\/2024\/11\/06\/inmet-publica-novos-alertas-para-o-estado-de-sp-veja-cidades-afetadas\/","title":{"rendered":"Inmet publica novos alertas para o estado de SP; Veja cidades afetadas"},"content":{"rendered":"<p> <br \/>\n<\/p>\n<div data-td-block-uid=\"tdi_106\">\n<div class=\"tdb-block-inner td-fix-index\">\n<p><strong>O\u00a0<\/strong><a href=\"https:\/\/portal.inmet.gov.br\/\" target=\"_blank\" rel=\"noreferrer noopener\"><strong>Inmet (Instituto Nacional de Meteorologia)<\/strong><\/a><strong>\u00a0emitiu tr\u00eas novos alertas para chuvas intensas no estado de S\u00e3o Paulo.<\/strong><\/p>\n<p>Os\u00a0<strong>avisos\u00a0<\/strong>s\u00e3o divididos em\u00a0<strong>graus\u00a0<\/strong>de\u00a0<strong>severidade<\/strong>.\u00a0<mark><mark style=\"background-color:#fcb900\" class=\"has-inline-color has-black-color\"> Ribeir\u00e3o Preto est\u00e1 na faixa amarela definida como \u201cperigo potencial\u201d.<\/mark><\/mark>\u00a0A validade \u00e9 entre \u00e0s<strong>\u00a010h<\/strong>\u00a0desta\u00a0<strong>quarta-feira (6)<\/strong>\u00a0e \u00e0s\u00a0<strong>10h\u00a0<\/strong>desta\u00a0<strong>quinta-feira (7)<\/strong>.\u00a0<a href=\"https:\/\/alertas2.inmet.gov.br\/48950\" target=\"_blank\" rel=\"noreferrer noopener\">Clique aqui<\/a>\u00a0e veja todos os munic\u00edpios. H\u00e1, tamb\u00e9m, localidades no <strong>extremo Sul paulista <\/strong>nesta condi\u00e7\u00e3o. <a href=\"https:\/\/alertas2.inmet.gov.br\/48948\" target=\"_blank\" rel=\"noreferrer noopener\">Clique aqui<\/a> e confira.<\/p>\n<p>A outra \u00e1rea, que \u00e9 na <mark style=\"background-color:#fcb900\" class=\"has-inline-color has-black-color\">cor laranja e classificada como \u201cperigo\u201d<\/mark>, abrange munic\u00edpios da <strong>regi\u00e3o <\/strong>de <strong>Ribeir\u00e3o<\/strong>.\u00a0Este aviso vai das\u00a0<strong>14h<\/strong>\u00a0desta\u00a0<strong>quarta-feira (6)<\/strong>\u00a0\u00e0s\u00a0<strong>10h<\/strong>\u00a0desta\u00a0<strong>quinta-feira (7)<\/strong>.\u00a0<a href=\"https:\/\/alertas2.inmet.gov.br\/48952\" target=\"_blank\" rel=\"noreferrer noopener\">Clique aqui<\/a>\u00a0e veja todos as cidades.<\/p>\n<h4 class=\"wp-block-heading\"><strong>Intensidades<\/strong><\/h4>\n<ul>\n<li>No caso da faixa\u00a0<strong>amarela<\/strong>, a chuva \u00e9 previsa entre 20 mm\/h e 30 mm\/h ou at\u00e9 50 mm\/dia, ventos intensos entre 40 km\/h e 60 km\/h. \u00c9 considerado baixo risco de corte de energia el\u00e9trica, queda de galhos de \u00e1rvores, alagamentos e de descargas el\u00e9tricas<\/li>\n<\/ul>\n<ul>\n<li>J\u00e1 a faixa\u00a0<strong>laranja\u00a0<\/strong>tem chuva prevista entre 30 mm\/h e 60 mm\/h ou 50 mm\/dia e 100 mm\/dia, com ventos intensos entre 60 km\/h e 100 km\/h. H\u00e1 risco de corte de energia el\u00e9trica, queda de galhos de \u00e1rvores, alagamentos e de descargas el\u00e9tricas<\/li>\n<\/ul>\n<h4 class=\"wp-block-heading\"><strong>Orienta\u00e7\u00f5es:<\/strong><\/h4>\n<ul>\n<li>Em caso de rajadas de vento, n\u00e3o se abrigue debaixo de \u00e1rvores, pois, h\u00e1 risco de queda e descargas el\u00e9tricas, e n\u00e3o estacione ve\u00edculos pr\u00f3ximos a torres de transmiss\u00e3o e placas de propaganda<\/li>\n<\/ul>\n<ul>\n<li>Evite usar aparelhos eletr\u00f4nicos ligados \u00e0 tomada<\/li>\n<\/ul>\n<ul>\n<li>Se poss\u00edvel, desligue aparelhos el\u00e9tricos e quadro geral de energia<\/li>\n<\/ul>\n<p>Fonte: Inmet<\/p>\n<p>SAIBA MAIS<\/p>\n<p>Apostadores do interior de SP s\u00e3o premiados na Mega-Sena; Veja n\u00fameros<\/p>\n<h4 class=\"wp-block-heading\"><strong>FIQUE ON<\/strong><\/h4>\n<p>Fique ligado em tudo que acontece em Ribeir\u00e3o Preto e regi\u00e3o. Siga os perfis do\u00a0<strong>acidade on\u00a0<\/strong>no\u00a0<a href=\"https:\/\/www.instagram.com\/acidadeonribeirao\" target=\"_blank\" rel=\"noreferrer noopener\">Instagram<\/a>\u00a0e no\u00a0<a href=\"https:\/\/www.facebook.com\/acidadeonribeirao\/\" target=\"_blank\" rel=\"noreferrer noopener\">Facebook.<\/a><\/p>\n<p>Receba not\u00edcias do\u00a0<strong>acidade on<\/strong>\u00a0no WhatsApp.\u00a0<a href=\"https:\/\/chat.whatsapp.com\/Fg4ok3aAVyB59DP63pRapr\" target=\"_blank\" rel=\"noreferrer noopener\">Para entrar no grupo, basta clicar aqui.<\/a><\/p>\n<p>Fa\u00e7a uma den\u00fancia ou sugira uma reportagem sobre Ribeir\u00e3o Preto e regi\u00e3o pelo WhatsApp: 16 99117 7802.<\/p>\n<p>VEJA TAMB\u00c9M<\/p>\n<p>Qual \u00e9 a cota\u00e7\u00e3o do d\u00f3lar hoje?<\/p>\n<p><!-- CONTENT END 1 -->\n<\/div>\n<\/div>\n<p><script async src=\"\/\/www.instagram.com\/embed.js\"><\/script><br \/>\n<br \/><br \/>\n<br \/><a href=\"https:\/\/www.acidadeon.com\/ribeiraopreto\/cotidiano\/inmet-publica-novos-alertas-para-o-estado-de-sp-veja-cidades-afetadas\/\">Source link <\/a><\/p>\n","protected":false},"excerpt":{"rendered":"<p>O\u00a0Inmet (Instituto Nacional de Meteorologia)\u00a0emitiu tr\u00eas novos alertas para chuvas intensas no estado de S\u00e3o Paulo. Os\u00a0avisos\u00a0s\u00e3o divididos em\u00a0graus\u00a0de\u00a0severidade.\u00a0 Ribeir\u00e3o Preto est\u00e1 na faixa amarela&#8230;<\/p>\n","protected":false},"author":1,"featured_media":57056,"comment_status":"open","ping_status":"open","sticky":false,"template":"","format":"standard","meta":{"advanced_seo_description":"","jetpack_seo_html_title":"","jetpack_seo_noindex":false,"jetpack_post_was_ever_published":false,"_jetpack_newsletter_access":"","_jetpack_dont_email_post_to_subs":false,"_jetpack_newsletter_tier_id":0,"_jetpack_memberships_contains_paywalled_content":false,"_jetpack_memberships_contains_paid_content":false,"footnotes":"","jetpack_publicize_message":"","jetpack_publicize_feature_enabled":true,"jetpack_social_post_already_shared":true,"jetpack_social_options":{"image_generator_settings":{"template":"highway","default_image_id":0,"font":"","enabled":false},"version":2}},"categories":[11],"tags":[],"class_list":["post-60111","post","type-post","status-publish","format-standard","has-post-thumbnail","hentry","category-noticias-de-ribeirao-preto-sp-e-regiao-ismael-colosi"],"jetpack_publicize_connections":[],"jetpack_featured_media_url":"https:\/\/i0.wp.com\/noticiasribeiraopreto.com.br\/wp-content\/uploads\/2024\/08\/WhatsApp-Image-2024-07-13-at-19.42.17_2024-07-13_22-42-51_jpeg_2024-07-13_22-42-51.webp.webp?fit=1600%2C737&ssl=1","jetpack-related-posts":[{"id":65299,"url":"https:\/\/noticiasribeiraopreto.com.br\/index.php\/2025\/03\/18\/inmet-emite-alerta-de-temporais-com-ventos-fortes-e-ate-granizo-no-estado-de-sp\/","url_meta":{"origin":60111,"position":0},"title":"Inmet emite alerta de temporais com ventos fortes e at\u00e9 granizo no estado de SP","author":"noticiasribeiraopreto.com.br","date":"18 de March de 2025","format":false,"excerpt":"O Inmet (Instituto Nacional de Meteorologia) emitiu alertas de \u201cperigo potencial\u201d para o risco de temporais no estado de S\u00e3o Paulo. O estado est\u00e1 dividido entre os avisos de tempestade e chuvas intensas. A cor \u00e9 amarela, a primeira em uma escala at\u00e9 tr\u00eas n\u00edveis de severidade. Ribeir\u00e3o Preto e\u2026","rel":"","context":"In &quot;Not\u00edcias de Ribeir\u00e3o Preto-SP e Regi\u00e3o&quot;","block_context":{"text":"Not\u00edcias de Ribeir\u00e3o Preto-SP e Regi\u00e3o","link":"https:\/\/noticiasribeiraopreto.com.br\/index.php\/category\/noticias-de-ribeirao-preto-sp-e-regiao-ismael-colosi\/"},"img":{"alt_text":"","src":"https:\/\/i0.wp.com\/noticiasribeiraopreto.com.br\/wp-content\/uploads\/2025\/03\/chuva.jpeg?fit=1200%2C903&ssl=1&resize=350%2C200","width":350,"height":200,"srcset":"https:\/\/i0.wp.com\/noticiasribeiraopreto.com.br\/wp-content\/uploads\/2025\/03\/chuva.jpeg?fit=1200%2C903&ssl=1&resize=350%2C200 1x, https:\/\/i0.wp.com\/noticiasribeiraopreto.com.br\/wp-content\/uploads\/2025\/03\/chuva.jpeg?fit=1200%2C903&ssl=1&resize=525%2C300 1.5x, https:\/\/i0.wp.com\/noticiasribeiraopreto.com.br\/wp-content\/uploads\/2025\/03\/chuva.jpeg?fit=1200%2C903&ssl=1&resize=700%2C400 2x, https:\/\/i0.wp.com\/noticiasribeiraopreto.com.br\/wp-content\/uploads\/2025\/03\/chuva.jpeg?fit=1200%2C903&ssl=1&resize=1050%2C600 3x"},"classes":[]},{"id":82557,"url":"https:\/\/noticiasribeiraopreto.com.br\/index.php\/2026\/02\/19\/inmet-prorroga-alerta-de-perigo-para-chuvas-intensas-no-estado-de-sp-veja-cidades\/","url_meta":{"origin":60111,"position":1},"title":"Inmet prorroga alerta de perigo para chuvas intensas no estado de SP; Veja cidades","author":"noticiasribeiraopreto.com.br","date":"19 de February de 2026","format":false,"excerpt":"O\u00a0Inmet (Instituto Nacional de Meteorologia)\u00a0prorrogou o alerta de \u201cperigo\u201d para chuvas intensas no estado de S\u00e3o Paulo.\u00a0Agora, o\u00a0aviso vai das\u00a010h\u00a0desta\u00a0quinta-feira (19) at\u00e9 as\u00a010h\u00a0desta\u00a0sexta-feira (20). O alerta \u00e9 na cor laranja, a segunda em uma escala at\u00e9 tr\u00eas n\u00edveis de severidade, e abrange as regi\u00f5es nordeste, leste, central e sul do\u2026","rel":"","context":"In &quot;Not\u00edcias de Ribeir\u00e3o Preto-SP e Regi\u00e3o&quot;","block_context":{"text":"Not\u00edcias de Ribeir\u00e3o Preto-SP e Regi\u00e3o","link":"https:\/\/noticiasribeiraopreto.com.br\/index.php\/category\/noticias-de-ribeirao-preto-sp-e-regiao-ismael-colosi\/"},"img":{"alt_text":"","src":"https:\/\/i0.wp.com\/noticiasribeiraopreto.com.br\/wp-content\/uploads\/2026\/02\/MAPA_2026-02-19_09-44-27.webp.webp?fit=1200%2C910&ssl=1&resize=350%2C200","width":350,"height":200,"srcset":"https:\/\/i0.wp.com\/noticiasribeiraopreto.com.br\/wp-content\/uploads\/2026\/02\/MAPA_2026-02-19_09-44-27.webp.webp?fit=1200%2C910&ssl=1&resize=350%2C200 1x, https:\/\/i0.wp.com\/noticiasribeiraopreto.com.br\/wp-content\/uploads\/2026\/02\/MAPA_2026-02-19_09-44-27.webp.webp?fit=1200%2C910&ssl=1&resize=525%2C300 1.5x, https:\/\/i0.wp.com\/noticiasribeiraopreto.com.br\/wp-content\/uploads\/2026\/02\/MAPA_2026-02-19_09-44-27.webp.webp?fit=1200%2C910&ssl=1&resize=700%2C400 2x, https:\/\/i0.wp.com\/noticiasribeiraopreto.com.br\/wp-content\/uploads\/2026\/02\/MAPA_2026-02-19_09-44-27.webp.webp?fit=1200%2C910&ssl=1&resize=1050%2C600 3x"},"classes":[]},{"id":78516,"url":"https:\/\/noticiasribeiraopreto.com.br\/index.php\/2025\/10\/12\/inmet-emite-alertas-de-tempestade-e-chuvas-intensas-para-o-interior-de-sp-veja-regioes-afetadas\/","url_meta":{"origin":60111,"position":2},"title":"Inmet emite alertas de tempestade e chuvas intensas para o interior de SP; Veja regi\u00f5es afetadas","author":"noticiasribeiraopreto.com.br","date":"12 de October de 2025","format":false,"excerpt":"O Inmet (Instituto Nacional de Meteorologia) emitiu dois novos alertas para o interior de S\u00e3o Paulo neste domingo (12). Os avisos s\u00e3o de \u201cperigo\u201d para tempestade e \u201cperigo potencial\u201d para chuvas intensas em diferentes regi\u00f5es. Ambos s\u00e3o v\u00e1lidos at\u00e9 \u00e0s 10h desta segunda-feira (13). Confira: Alerta de perigo O comunicado\u2026","rel":"","context":"In &quot;Not\u00edcias de Ribeir\u00e3o Preto-SP e Regi\u00e3o&quot;","block_context":{"text":"Not\u00edcias de Ribeir\u00e3o Preto-SP e Regi\u00e3o","link":"https:\/\/noticiasribeiraopreto.com.br\/index.php\/category\/noticias-de-ribeirao-preto-sp-e-regiao-ismael-colosi\/"},"img":{"alt_text":"","src":"https:\/\/i0.wp.com\/noticiasribeiraopreto.com.br\/wp-content\/uploads\/2025\/10\/WhatsApp-Image-2024-12-03-at-09.16.43_2024-12-03_12-22-10_jpeg_2024-12-03_12-22-10.webp.webp?fit=1200%2C540&ssl=1&resize=350%2C200","width":350,"height":200,"srcset":"https:\/\/i0.wp.com\/noticiasribeiraopreto.com.br\/wp-content\/uploads\/2025\/10\/WhatsApp-Image-2024-12-03-at-09.16.43_2024-12-03_12-22-10_jpeg_2024-12-03_12-22-10.webp.webp?fit=1200%2C540&ssl=1&resize=350%2C200 1x, https:\/\/i0.wp.com\/noticiasribeiraopreto.com.br\/wp-content\/uploads\/2025\/10\/WhatsApp-Image-2024-12-03-at-09.16.43_2024-12-03_12-22-10_jpeg_2024-12-03_12-22-10.webp.webp?fit=1200%2C540&ssl=1&resize=525%2C300 1.5x, https:\/\/i0.wp.com\/noticiasribeiraopreto.com.br\/wp-content\/uploads\/2025\/10\/WhatsApp-Image-2024-12-03-at-09.16.43_2024-12-03_12-22-10_jpeg_2024-12-03_12-22-10.webp.webp?fit=1200%2C540&ssl=1&resize=700%2C400 2x, https:\/\/i0.wp.com\/noticiasribeiraopreto.com.br\/wp-content\/uploads\/2025\/10\/WhatsApp-Image-2024-12-03-at-09.16.43_2024-12-03_12-22-10_jpeg_2024-12-03_12-22-10.webp.webp?fit=1200%2C540&ssl=1&resize=1050%2C600 3x"},"classes":[]},{"id":57979,"url":"https:\/\/noticiasribeiraopreto.com.br\/index.php\/2024\/09\/16\/inmet-emite-novo-alerta-de-tempestade-para-o-estado-de-sp-veja-regioes\/","url_meta":{"origin":60111,"position":3},"title":"Inmet emite novo alerta de tempestade para o estado de SP; Veja regi\u00f5es","author":"noticiasribeiraopreto.com.br","date":"16 de September de 2024","format":false,"excerpt":"O Inmet (Instituto Nacional de Meteorologia) emitou novo alerta de tempestade no estado de S\u00e3o Paulo. O aviso, que inclui a regi\u00e3o de Ribeir\u00e3o Preto, teve in\u00edcio \u00e0 0h01 e segue at\u00e9 as 10h desta segunda-feira (16). Grande parte do estado est\u00e1 em alerta amarelo de \u201cperigo pontencial\u201d \u2013 o\u2026","rel":"","context":"In &quot;Not\u00edcias de Ribeir\u00e3o Preto-SP e Regi\u00e3o&quot;","block_context":{"text":"Not\u00edcias de Ribeir\u00e3o Preto-SP e Regi\u00e3o","link":"https:\/\/noticiasribeiraopreto.com.br\/index.php\/category\/noticias-de-ribeirao-preto-sp-e-regiao-ismael-colosi\/"},"img":{"alt_text":"","src":"https:\/\/i0.wp.com\/noticiasribeiraopreto.com.br\/wp-content\/uploads\/2024\/08\/WhatsApp-Image-2024-07-13-at-19.42.17_2024-07-13_22-42-51_jpeg_2024-07-13_22-42-51.webp.webp?fit=1200%2C553&ssl=1&resize=350%2C200","width":350,"height":200,"srcset":"https:\/\/i0.wp.com\/noticiasribeiraopreto.com.br\/wp-content\/uploads\/2024\/08\/WhatsApp-Image-2024-07-13-at-19.42.17_2024-07-13_22-42-51_jpeg_2024-07-13_22-42-51.webp.webp?fit=1200%2C553&ssl=1&resize=350%2C200 1x, https:\/\/i0.wp.com\/noticiasribeiraopreto.com.br\/wp-content\/uploads\/2024\/08\/WhatsApp-Image-2024-07-13-at-19.42.17_2024-07-13_22-42-51_jpeg_2024-07-13_22-42-51.webp.webp?fit=1200%2C553&ssl=1&resize=525%2C300 1.5x, https:\/\/i0.wp.com\/noticiasribeiraopreto.com.br\/wp-content\/uploads\/2024\/08\/WhatsApp-Image-2024-07-13-at-19.42.17_2024-07-13_22-42-51_jpeg_2024-07-13_22-42-51.webp.webp?fit=1200%2C553&ssl=1&resize=700%2C400 2x, https:\/\/i0.wp.com\/noticiasribeiraopreto.com.br\/wp-content\/uploads\/2024\/08\/WhatsApp-Image-2024-07-13-at-19.42.17_2024-07-13_22-42-51_jpeg_2024-07-13_22-42-51.webp.webp?fit=1200%2C553&ssl=1&resize=1050%2C600 3x"},"classes":[]},{"id":63742,"url":"https:\/\/noticiasribeiraopreto.com.br\/index.php\/2025\/02\/20\/inmet-alerta-para-chuva-de-50-mm-e-ventos-intensos-no-estado-de-sp-veja-cidades\/","url_meta":{"origin":60111,"position":4},"title":"Inmet alerta para chuva de 50 mm e ventos intensos no estado de SP; Veja cidades","author":"noticiasribeiraopreto.com.br","date":"20 de February de 2025","format":false,"excerpt":"O Inmet (Instituto Nacional de Meteorologia) emitiu um alerta de \u201cperigo potencial\u201d para o risco de chuvas intensas no estado de S\u00e3o Paulo. Cidades da regi\u00e3o de Ribeir\u00e3o Preto est\u00e3o inclu\u00eddas na faixa amarela, a primeira em uma escala at\u00e9 tr\u00eas n\u00edveis de severidade, que abrange praticamente todo o estado.\u2026","rel":"","context":"In &quot;Not\u00edcias de Ribeir\u00e3o Preto-SP e Regi\u00e3o&quot;","block_context":{"text":"Not\u00edcias de Ribeir\u00e3o Preto-SP e Regi\u00e3o","link":"https:\/\/noticiasribeiraopreto.com.br\/index.php\/category\/noticias-de-ribeirao-preto-sp-e-regiao-ismael-colosi\/"},"img":{"alt_text":"","src":"https:\/\/i0.wp.com\/noticiasribeiraopreto.com.br\/wp-content\/uploads\/2024\/11\/WhatsApp-Image-2024-11-29-at-06.13.27_2024-11-29_09-28-46_jpeg_2024-11-29_09-28-46.webp.webp?fit=1200%2C553&ssl=1&resize=350%2C200","width":350,"height":200,"srcset":"https:\/\/i0.wp.com\/noticiasribeiraopreto.com.br\/wp-content\/uploads\/2024\/11\/WhatsApp-Image-2024-11-29-at-06.13.27_2024-11-29_09-28-46_jpeg_2024-11-29_09-28-46.webp.webp?fit=1200%2C553&ssl=1&resize=350%2C200 1x, https:\/\/i0.wp.com\/noticiasribeiraopreto.com.br\/wp-content\/uploads\/2024\/11\/WhatsApp-Image-2024-11-29-at-06.13.27_2024-11-29_09-28-46_jpeg_2024-11-29_09-28-46.webp.webp?fit=1200%2C553&ssl=1&resize=525%2C300 1.5x, https:\/\/i0.wp.com\/noticiasribeiraopreto.com.br\/wp-content\/uploads\/2024\/11\/WhatsApp-Image-2024-11-29-at-06.13.27_2024-11-29_09-28-46_jpeg_2024-11-29_09-28-46.webp.webp?fit=1200%2C553&ssl=1&resize=700%2C400 2x, https:\/\/i0.wp.com\/noticiasribeiraopreto.com.br\/wp-content\/uploads\/2024\/11\/WhatsApp-Image-2024-11-29-at-06.13.27_2024-11-29_09-28-46_jpeg_2024-11-29_09-28-46.webp.webp?fit=1200%2C553&ssl=1&resize=1050%2C600 3x"},"classes":[]},{"id":82532,"url":"https:\/\/noticiasribeiraopreto.com.br\/index.php\/2026\/02\/18\/inmet-emite-alerta-laranja-para-chuvas-intensas-no-estado-de-sp-veja-cidades\/","url_meta":{"origin":60111,"position":5},"title":"Inmet emite alerta laranja para chuvas intensas no estado de SP; Veja cidades","author":"noticiasribeiraopreto.com.br","date":"18 de February de 2026","format":false,"excerpt":"O\u00a0Inmet (Instituto Nacional de Meteorologia)\u00a0publicou\u00a0um alerta de \u201cperigo\u201d para chuvas intensas no estado de S\u00e3o Paulo. O aviso tem in\u00edcio \u00e0s 10h desta quarta-feira (18) e vai at\u00e9 as 10h desta quinta-feira (19). O alerta \u00e9 na cor laranja, a segunda em uma escala at\u00e9 tr\u00eas n\u00edveis de severidade, e\u2026","rel":"","context":"In &quot;Not\u00edcias de Ribeir\u00e3o Preto-SP e Regi\u00e3o&quot;","block_context":{"text":"Not\u00edcias de Ribeir\u00e3o Preto-SP e Regi\u00e3o","link":"https:\/\/noticiasribeiraopreto.com.br\/index.php\/category\/noticias-de-ribeirao-preto-sp-e-regiao-ismael-colosi\/"},"img":{"alt_text":"","src":"https:\/\/i0.wp.com\/noticiasribeiraopreto.com.br\/wp-content\/uploads\/2026\/02\/MAPA_2026-02-18_09-25-42.webp.webp?fit=1200%2C853&ssl=1&resize=350%2C200","width":350,"height":200,"srcset":"https:\/\/i0.wp.com\/noticiasribeiraopreto.com.br\/wp-content\/uploads\/2026\/02\/MAPA_2026-02-18_09-25-42.webp.webp?fit=1200%2C853&ssl=1&resize=350%2C200 1x, https:\/\/i0.wp.com\/noticiasribeiraopreto.com.br\/wp-content\/uploads\/2026\/02\/MAPA_2026-02-18_09-25-42.webp.webp?fit=1200%2C853&ssl=1&resize=525%2C300 1.5x, https:\/\/i0.wp.com\/noticiasribeiraopreto.com.br\/wp-content\/uploads\/2026\/02\/MAPA_2026-02-18_09-25-42.webp.webp?fit=1200%2C853&ssl=1&resize=700%2C400 2x, https:\/\/i0.wp.com\/noticiasribeiraopreto.com.br\/wp-content\/uploads\/2026\/02\/MAPA_2026-02-18_09-25-42.webp.webp?fit=1200%2C853&ssl=1&resize=1050%2C600 3x"},"classes":[]}],"jetpack_sharing_enabled":true,"jetpack_shortlink":"https:\/\/wp.me\/peQAOb-fDx","_links":{"self":[{"href":"https:\/\/noticiasribeiraopreto.com.br\/index.php\/wp-json\/wp\/v2\/posts\/60111","targetHints":{"allow":["GET"]}}],"collection":[{"href":"https:\/\/noticiasribeiraopreto.com.br\/index.php\/wp-json\/wp\/v2\/posts"}],"about":[{"href":"https:\/\/noticiasribeiraopreto.com.br\/index.php\/wp-json\/wp\/v2\/types\/post"}],"author":[{"embeddable":true,"href":"https:\/\/noticiasribeiraopreto.com.br\/index.php\/wp-json\/wp\/v2\/users\/1"}],"replies":[{"embeddable":true,"href":"https:\/\/noticiasribeiraopreto.com.br\/index.php\/wp-json\/wp\/v2\/comments?post=60111"}],"version-history":[{"count":0,"href":"https:\/\/noticiasribeiraopreto.com.br\/index.php\/wp-json\/wp\/v2\/posts\/60111\/revisions"}],"wp:featuredmedia":[{"embeddable":true,"href":"https:\/\/noticiasribeiraopreto.com.br\/index.php\/wp-json\/wp\/v2\/media\/57056"}],"wp:attachment":[{"href":"https:\/\/noticiasribeiraopreto.com.br\/index.php\/wp-json\/wp\/v2\/media?parent=60111"}],"wp:term":[{"taxonomy":"category","embeddable":true,"href":"https:\/\/noticiasribeiraopreto.com.br\/index.php\/wp-json\/wp\/v2\/categories?post=60111"},{"taxonomy":"post_tag","embeddable":true,"href":"https:\/\/noticiasribeiraopreto.com.br\/index.php\/wp-json\/wp\/v2\/tags?post=60111"}],"curies":[{"name":"wp","href":"https:\/\/api.w.org\/{rel}","templated":true}]}}