{"id":60112,"date":"2024-11-06T11:41:14","date_gmt":"2024-11-06T14:41:14","guid":{"rendered":"https:\/\/noticiasribeiraopreto.com.br\/index.php\/2024\/11\/06\/almir-sater-apresenta-show-de-musica-caipira-em-ribeirao-preto\/"},"modified":"2024-11-06T11:41:14","modified_gmt":"2024-11-06T14:41:14","slug":"almir-sater-apresenta-show-de-musica-caipira-em-ribeirao-preto","status":"publish","type":"post","link":"https:\/\/noticiasribeiraopreto.com.br\/index.php\/2024\/11\/06\/almir-sater-apresenta-show-de-musica-caipira-em-ribeirao-preto\/","title":{"rendered":"Almir Sater apresenta show de m\u00fasica caipira em Ribeir\u00e3o Preto"},"content":{"rendered":"<p> <br \/>\n<\/p>\n<div data-td-block-uid=\"tdi_106\">\n<div class=\"tdb-block-inner td-fix-index\">\n<p>O cantor e compositor <strong>Almir Sater<\/strong> chega a<strong> Ribeir\u00e3o Preto<\/strong> no pr\u00f3ximo final de semana e promete um show memor\u00e1vel para os amantes da <strong>m\u00fasica caipira<\/strong>. A apresenta\u00e7\u00e3o do artista acontece neste <strong>s\u00e1bado (9)<\/strong>, no <strong>Multiplan Hall<\/strong>, no <strong>Ribeir\u00e3o Shopping<\/strong>, \u00e0s <strong>21h<\/strong>. <mark style=\"background-color:#fcb900\" class=\"has-inline-color has-black-color\">Ainda h\u00e1 ingressos dispon\u00edveis.<\/mark><\/p>\n<p>O repert\u00f3rio escolhido por <strong>Sater<\/strong> mesclar\u00e1 cl\u00e1ssicos como \u201c<strong>Trem do Pantanal<\/strong>\u201d, \u201c<strong>Cuitelinho<\/strong>\u201d e \u201c<strong>Tocando em Frente<\/strong>\u201d, al\u00e9m de can\u00e7\u00f5es mais recentes que demonstram sua evolu\u00e7\u00e3o art\u00edstica.<\/p>\n<h4 class=\"wp-block-heading\"><strong>Ingressos<\/strong><\/h4>\n<p>O evento ainda conta com <strong>ingressos dispon\u00edveis<\/strong>, podendo ser adquiridos<strong> on-line (<a href=\"https:\/\/www.ticketmaster.com.br\/event\/almirsater-ribeirao-preto\" target=\"_blank\" rel=\"noreferrer noopener\">clique aqui<\/a>)<\/strong> ou presencialmente na bilheteria oficial do <strong>Multiplan Hall<\/strong>. Confira os valores:<\/p>\n<ul>\n<li><strong>Premium: <\/strong>R$ 184 (meia-entrada) | R$ 320 (inteira)<\/li>\n<li><strong>Premium extra:<\/strong> R$ 277 (meia-entrada) | R$ 420 (inteira)<\/li>\n<li><strong>Mesa VIP:<\/strong> R$ 363,69 (meia-entrada) | R$ 632,50 (inteira)<\/li>\n<li><strong>Mesa VIP extra:<\/strong> R$ 713 (inteira)<\/li>\n<li><strong>Mesa VIP especial:<\/strong> R$ 805 (inteira)<\/li>\n<\/ul>\n<p>A bilheteria do centro de eventos funciona de<strong> segunda-feira a s\u00e1bado<\/strong>, das <strong>14h \u00e0s 22h<\/strong>, e no <strong>domingo<\/strong> das <strong>13h \u00e0s 20h<\/strong>. Os port\u00f5es da casa, no dia do evento abrem \u00e0s <strong>19h<\/strong>.<\/p>\n<h4 class=\"wp-block-heading\"><strong>Servi\u00e7o<\/strong><\/h4>\n<p><strong>Almir Sater<\/strong><\/p>\n<p><strong>Quando:<\/strong> 9 de novembro, s\u00e1bado <br \/><strong>Hor\u00e1rio:<\/strong> Port\u00f5es abrem \u00e0s 19h | Show \u00e0s 21h <br \/><strong>Local:<\/strong> Multiplan Hall \u2013 Avenida Coronel Fernando Ferreira Leite, 1540 \u2013 Jardim Calif\u00f3rnia <br \/><strong>Ingressos: <\/strong>A partir de R$  184 (meia-entrada), <strong><a href=\"https:\/\/www.ticketmaster.com.br\/event\/almirsater-ribeirao-preto\" target=\"_blank\" rel=\"noreferrer noopener\">clique aqui<\/a><\/strong><\/p>\n<figure class=\"wp-block-embed is-type-video is-provider-youtube wp-block-embed-youtube wp-embed-aspect-16-9 wp-has-aspect-ratio\">\n<div class=\"wp-block-embed__wrapper\">\n<p><iframe loading=\"lazy\" title=\"Tocando em Frente, por Almir Sater\" width=\"500\" height=\"281\" src=\"https:\/\/www.youtube.com\/embed\/SWtjTkixv5M?feature=oembed\" frameborder=\"0\" allow=\"accelerometer; autoplay; clipboard-write; encrypted-media; gyroscope; picture-in-picture; web-share\" referrerpolicy=\"strict-origin-when-cross-origin\" allowfullscreen><\/iframe><\/p>\n<\/div>\n<\/figure>\n<p>SAIBA MAIS<br \/>Homem \u00e9 preso com mais de 4 mil c\u00e1psulas com coca\u00edna em Ribeir\u00e3o<\/p>\n<h4 class=\"wp-block-heading\"><strong>FIQUE ON<\/strong><\/h4>\n<p>Fique ligado em tudo que acontece em Ribeir\u00e3o Preto e regi\u00e3o. Siga os perfis do <strong>acidade on <\/strong>no <a href=\"https:\/\/www.instagram.com\/acidadeonribeirao\" target=\"_blank\" rel=\"noreferrer noopener\">Instagram<\/a> e no <a href=\"https:\/\/www.facebook.com\/acidadeonribeirao\" target=\"_blank\" rel=\"noreferrer noopener\">Facebook<\/a>.<\/p>\n<p>Receba not\u00edcias do<strong> acidade on<\/strong> no WhatsApp. Para entrar no grupo, basta <a href=\"https:\/\/chat.whatsapp.com\/Dtv9mxhy6V5BJBotM2OQ5k\" target=\"_blank\" rel=\"noreferrer noopener\">clicar aqui<\/a>.<\/p>\n<p>Fa\u00e7a uma den\u00fancia ou sugira uma reportagem sobre Ribeir\u00e3o Preto e regi\u00e3o pelo WhatsApp: 16 99117 7802.<\/p>\n<p>VEJA TAMB\u00c9M<br \/>Qual \u00e9 a doen\u00e7a de Bia em \u201cGarota do Momento\u201d?<\/p>\n<p><!-- CONTENT END 1 -->\n<\/div>\n<\/div>\n<p><script async src=\"\/\/www.instagram.com\/embed.js\"><\/script><br \/>\n<br \/><br \/>\n<br \/><a href=\"https:\/\/www.acidadeon.com\/ribeiraopreto\/cotidiano\/almir-sater-apresenta-show-de-musica-caipira-em-ribeirao-preto\/\">Source link <\/a><\/p>\n","protected":false},"excerpt":{"rendered":"<p>O cantor e compositor Almir Sater chega a Ribeir\u00e3o Preto no pr\u00f3ximo final de semana e promete um show memor\u00e1vel para os amantes da m\u00fasica&#8230;<\/p>\n","protected":false},"author":1,"featured_media":60113,"comment_status":"open","ping_status":"open","sticky":false,"template":"","format":"standard","meta":{"advanced_seo_description":"","jetpack_seo_html_title":"","jetpack_seo_noindex":false,"jetpack_post_was_ever_published":false,"_jetpack_newsletter_access":"","_jetpack_dont_email_post_to_subs":false,"_jetpack_newsletter_tier_id":0,"_jetpack_memberships_contains_paywalled_content":false,"_jetpack_memberships_contains_paid_content":false,"footnotes":"","jetpack_publicize_message":"","jetpack_publicize_feature_enabled":true,"jetpack_social_post_already_shared":true,"jetpack_social_options":{"image_generator_settings":{"template":"highway","default_image_id":0,"font":"","enabled":false},"version":2}},"categories":[11],"tags":[],"class_list":["post-60112","post","type-post","status-publish","format-standard","has-post-thumbnail","hentry","category-noticias-de-ribeirao-preto-sp-e-regiao-ismael-colosi"],"jetpack_publicize_connections":[],"jetpack_featured_media_url":"https:\/\/i0.wp.com\/noticiasribeiraopreto.com.br\/wp-content\/uploads\/2024\/11\/Design-sem-nome-1_2024-11-06_12-47-47_jpg_2024-11-06_12-47-47.webp.webp?fit=1068%2C601&ssl=1","jetpack-related-posts":[{"id":60116,"url":"https:\/\/noticiasribeiraopreto.com.br\/index.php\/2024\/11\/06\/almir-sater-apresenta-show-de-musica-caipira-em-ribeirao-preto-2\/","url_meta":{"origin":60112,"position":0},"title":"Almir Sater apresenta show de m\u00fasica caipira em Ribeir\u00e3o Preto","author":"noticiasribeiraopreto.com.br","date":"6 de November de 2024","format":false,"excerpt":"O cantor e compositor Almir Sater chega a Ribeir\u00e3o Preto no pr\u00f3ximo final de semana e promete um show memor\u00e1vel para os amantes da m\u00fasica caipira. A apresenta\u00e7\u00e3o do artista acontece neste s\u00e1bado (9), no Multiplan Hall, no Ribeir\u00e3o Shopping, \u00e0s 21h. Ainda h\u00e1 ingressos dispon\u00edveis. O repert\u00f3rio escolhido por\u2026","rel":"","context":"In &quot;Not\u00edcias de Ribeir\u00e3o Preto-SP e Regi\u00e3o&quot;","block_context":{"text":"Not\u00edcias de Ribeir\u00e3o Preto-SP e Regi\u00e3o","link":"https:\/\/noticiasribeiraopreto.com.br\/index.php\/category\/noticias-de-ribeirao-preto-sp-e-regiao-ismael-colosi\/"},"img":{"alt_text":"","src":"https:\/\/i0.wp.com\/noticiasribeiraopreto.com.br\/wp-content\/uploads\/2024\/11\/Design-sem-nome-1_2024-11-06_12-47-47_jpg_2024-11-06_12-47-47.webp.webp?fit=1068%2C601&ssl=1&resize=350%2C200","width":350,"height":200,"srcset":"https:\/\/i0.wp.com\/noticiasribeiraopreto.com.br\/wp-content\/uploads\/2024\/11\/Design-sem-nome-1_2024-11-06_12-47-47_jpg_2024-11-06_12-47-47.webp.webp?fit=1068%2C601&ssl=1&resize=350%2C200 1x, https:\/\/i0.wp.com\/noticiasribeiraopreto.com.br\/wp-content\/uploads\/2024\/11\/Design-sem-nome-1_2024-11-06_12-47-47_jpg_2024-11-06_12-47-47.webp.webp?fit=1068%2C601&ssl=1&resize=525%2C300 1.5x, https:\/\/i0.wp.com\/noticiasribeiraopreto.com.br\/wp-content\/uploads\/2024\/11\/Design-sem-nome-1_2024-11-06_12-47-47_jpg_2024-11-06_12-47-47.webp.webp?fit=1068%2C601&ssl=1&resize=700%2C400 2x, https:\/\/i0.wp.com\/noticiasribeiraopreto.com.br\/wp-content\/uploads\/2024\/11\/Design-sem-nome-1_2024-11-06_12-47-47_jpg_2024-11-06_12-47-47.webp.webp?fit=1068%2C601&ssl=1&resize=1050%2C600 3x"},"classes":[]},{"id":78700,"url":"https:\/\/noticiasribeiraopreto.com.br\/index.php\/2025\/10\/16\/almir-e-gabriel-sater-se-apresentam-em-ribeirao-preto-no-proximo-sabado\/","url_meta":{"origin":60112,"position":1},"title":"Almir e Gabriel Sater se apresentam em Ribeir\u00e3o Preto no pr\u00f3ximo s\u00e1bado","author":"noticiasribeiraopreto.com.br","date":"16 de October de 2025","format":false,"excerpt":"Ribeir\u00e3o Preto recebe no pr\u00f3ximo s\u00e1bado (18) a apresenta\u00e7\u00e3o de Almir Sater com o filho Gabriel. O show acontece no palco do Multiplan Hall, no Ribeir\u00e3o Shopping. Os ingressos ainda est\u00e3o dispon\u00edveis e h\u00e1 entradas com at\u00e9 45% de desconto \u2013 veja abaixo. O encontro entre pai e filho \u00e9\u2026","rel":"","context":"In &quot;Not\u00edcias de Ribeir\u00e3o Preto-SP e Regi\u00e3o&quot;","block_context":{"text":"Not\u00edcias de Ribeir\u00e3o Preto-SP e Regi\u00e3o","link":"https:\/\/noticiasribeiraopreto.com.br\/index.php\/category\/noticias-de-ribeirao-preto-sp-e-regiao-ismael-colosi\/"},"img":{"alt_text":"","src":"https:\/\/i0.wp.com\/noticiasribeiraopreto.com.br\/wp-content\/uploads\/2025\/10\/almir-e-gabriel-sater_2025-10-16_16-12-06.webp.webp?fit=888%2C589&ssl=1&resize=350%2C200","width":350,"height":200,"srcset":"https:\/\/i0.wp.com\/noticiasribeiraopreto.com.br\/wp-content\/uploads\/2025\/10\/almir-e-gabriel-sater_2025-10-16_16-12-06.webp.webp?fit=888%2C589&ssl=1&resize=350%2C200 1x, https:\/\/i0.wp.com\/noticiasribeiraopreto.com.br\/wp-content\/uploads\/2025\/10\/almir-e-gabriel-sater_2025-10-16_16-12-06.webp.webp?fit=888%2C589&ssl=1&resize=525%2C300 1.5x, https:\/\/i0.wp.com\/noticiasribeiraopreto.com.br\/wp-content\/uploads\/2025\/10\/almir-e-gabriel-sater_2025-10-16_16-12-06.webp.webp?fit=888%2C589&ssl=1&resize=700%2C400 2x"},"classes":[]},{"id":78798,"url":"https:\/\/noticiasribeiraopreto.com.br\/index.php\/2025\/10\/18\/almir-e-gabriel-sater-apresentam-turne-pai-e-filho-neste-sabado-em-rp\/","url_meta":{"origin":60112,"position":2},"title":"Almir e Gabriel Sater apresentam turn\u00ea \u201cPai e Filho\u201d neste s\u00e1bado em RP","author":"noticiasribeiraopreto.com.br","date":"18 de October de 2025","format":false,"excerpt":"No palco, os dois celebram a uni\u00e3o entre gera\u00e7\u00f5es, mesclando a experi\u00eancia e a tradi\u00e7\u00e3o de Almir com a inova\u00e7\u00e3o e o talento de Gabriel Sater O p\u00fablico de Ribeir\u00e3o Preto ter\u00e1 a oportunidade de assistir, neste s\u00e1bado (18), \u00e0s 21 horas, no palco do Multiplan Hall, no Ribeir\u00e3oShopping, ao\u2026","rel":"","context":"In &quot;Not\u00edcias de Ribeir\u00e3o Preto-SP e Regi\u00e3o&quot;","block_context":{"text":"Not\u00edcias de Ribeir\u00e3o Preto-SP e Regi\u00e3o","link":"https:\/\/noticiasribeiraopreto.com.br\/index.php\/category\/noticias-de-ribeirao-preto-sp-e-regiao-ismael-colosi\/"},"img":{"alt_text":"","src":"https:\/\/i0.wp.com\/noticiasribeiraopreto.com.br\/wp-content\/uploads\/2025\/10\/Sater-Dul-Reproducao.jpg?fit=866%2C780&ssl=1&resize=350%2C200","width":350,"height":200,"srcset":"https:\/\/i0.wp.com\/noticiasribeiraopreto.com.br\/wp-content\/uploads\/2025\/10\/Sater-Dul-Reproducao.jpg?fit=866%2C780&ssl=1&resize=350%2C200 1x, https:\/\/i0.wp.com\/noticiasribeiraopreto.com.br\/wp-content\/uploads\/2025\/10\/Sater-Dul-Reproducao.jpg?fit=866%2C780&ssl=1&resize=525%2C300 1.5x, https:\/\/i0.wp.com\/noticiasribeiraopreto.com.br\/wp-content\/uploads\/2025\/10\/Sater-Dul-Reproducao.jpg?fit=866%2C780&ssl=1&resize=700%2C400 2x"},"classes":[]},{"id":60225,"url":"https:\/\/noticiasribeiraopreto.com.br\/index.php\/2024\/11\/08\/muita-musica-e-stand-up-confira-a-agenda-cultural-do-fim-de-semana-em-ribeirao-preto\/","url_meta":{"origin":60112,"position":3},"title":"Muita m\u00fasica e stand-up: Confira a agenda cultural do fim de semana em Ribeir\u00e3o Preto","author":"noticiasribeiraopreto.com.br","date":"8 de November de 2024","format":false,"excerpt":"O fim de semana chegou e Ribeir\u00e3o Preto conta com uma programa\u00e7\u00e3o diversificada para quem quer se divertir fora de casa. A agenda cultural conta com muita m\u00fasica e shows de stand-up. Os destaques s\u00e3o o sertanejo Almir Sater, o grupo \u201c4 Amigos \u2013 Fila de Piadas\u201d e o Jam\u2026","rel":"","context":"In &quot;Not\u00edcias de Ribeir\u00e3o Preto-SP e Regi\u00e3o&quot;","block_context":{"text":"Not\u00edcias de Ribeir\u00e3o Preto-SP e Regi\u00e3o","link":"https:\/\/noticiasribeiraopreto.com.br\/index.php\/category\/noticias-de-ribeirao-preto-sp-e-regiao-ismael-colosi\/"},"img":{"alt_text":"","src":"https:\/\/i0.wp.com\/noticiasribeiraopreto.com.br\/wp-content\/uploads\/2024\/11\/Copia-de-Copia-de-Copia-de-TAMANHO-EXATO-PARA-FOTOS-NO-SISTEMA-NOVO-25_2024-11-08_15-09-47_jpg_2024-11-08_15-09-47.webp.webp?fit=1200%2C675&ssl=1&resize=350%2C200","width":350,"height":200,"srcset":"https:\/\/i0.wp.com\/noticiasribeiraopreto.com.br\/wp-content\/uploads\/2024\/11\/Copia-de-Copia-de-Copia-de-TAMANHO-EXATO-PARA-FOTOS-NO-SISTEMA-NOVO-25_2024-11-08_15-09-47_jpg_2024-11-08_15-09-47.webp.webp?fit=1200%2C675&ssl=1&resize=350%2C200 1x, https:\/\/i0.wp.com\/noticiasribeiraopreto.com.br\/wp-content\/uploads\/2024\/11\/Copia-de-Copia-de-Copia-de-TAMANHO-EXATO-PARA-FOTOS-NO-SISTEMA-NOVO-25_2024-11-08_15-09-47_jpg_2024-11-08_15-09-47.webp.webp?fit=1200%2C675&ssl=1&resize=525%2C300 1.5x, https:\/\/i0.wp.com\/noticiasribeiraopreto.com.br\/wp-content\/uploads\/2024\/11\/Copia-de-Copia-de-Copia-de-TAMANHO-EXATO-PARA-FOTOS-NO-SISTEMA-NOVO-25_2024-11-08_15-09-47_jpg_2024-11-08_15-09-47.webp.webp?fit=1200%2C675&ssl=1&resize=700%2C400 2x, https:\/\/i0.wp.com\/noticiasribeiraopreto.com.br\/wp-content\/uploads\/2024\/11\/Copia-de-Copia-de-Copia-de-TAMANHO-EXATO-PARA-FOTOS-NO-SISTEMA-NOVO-25_2024-11-08_15-09-47_jpg_2024-11-08_15-09-47.webp.webp?fit=1200%2C675&ssl=1&resize=1050%2C600 3x"},"classes":[]},{"id":60232,"url":"https:\/\/noticiasribeiraopreto.com.br\/index.php\/2024\/11\/08\/muita-musica-e-stand-up-confira-a-agenda-cultural-do-fim-de-semana-em-ribeirao-preto-2\/","url_meta":{"origin":60112,"position":4},"title":"Muita m\u00fasica e stand-up: Confira a agenda cultural do fim de semana em Ribeir\u00e3o Preto","author":"noticiasribeiraopreto.com.br","date":"8 de November de 2024","format":false,"excerpt":"O fim de semana chegou e Ribeir\u00e3o Preto conta com uma programa\u00e7\u00e3o diversificada para quem quer se divertir fora de casa. A agenda cultural conta com muita m\u00fasica e shows de stand-up. Os destaques s\u00e3o o sertanejo Almir Sater, o grupo \u201c4 Amigos \u2013 Fila de Piadas\u201d e o Jam\u2026","rel":"","context":"In &quot;Not\u00edcias de Ribeir\u00e3o Preto-SP e Regi\u00e3o&quot;","block_context":{"text":"Not\u00edcias de Ribeir\u00e3o Preto-SP e Regi\u00e3o","link":"https:\/\/noticiasribeiraopreto.com.br\/index.php\/category\/noticias-de-ribeirao-preto-sp-e-regiao-ismael-colosi\/"},"img":{"alt_text":"","src":"https:\/\/i0.wp.com\/noticiasribeiraopreto.com.br\/wp-content\/uploads\/2024\/11\/Copia-de-Copia-de-Copia-de-TAMANHO-EXATO-PARA-FOTOS-NO-SISTEMA-NOVO-25_2024-11-08_15-09-47_jpg_2024-11-08_15-09-47.webp.webp?fit=1200%2C675&ssl=1&resize=350%2C200","width":350,"height":200,"srcset":"https:\/\/i0.wp.com\/noticiasribeiraopreto.com.br\/wp-content\/uploads\/2024\/11\/Copia-de-Copia-de-Copia-de-TAMANHO-EXATO-PARA-FOTOS-NO-SISTEMA-NOVO-25_2024-11-08_15-09-47_jpg_2024-11-08_15-09-47.webp.webp?fit=1200%2C675&ssl=1&resize=350%2C200 1x, https:\/\/i0.wp.com\/noticiasribeiraopreto.com.br\/wp-content\/uploads\/2024\/11\/Copia-de-Copia-de-Copia-de-TAMANHO-EXATO-PARA-FOTOS-NO-SISTEMA-NOVO-25_2024-11-08_15-09-47_jpg_2024-11-08_15-09-47.webp.webp?fit=1200%2C675&ssl=1&resize=525%2C300 1.5x, https:\/\/i0.wp.com\/noticiasribeiraopreto.com.br\/wp-content\/uploads\/2024\/11\/Copia-de-Copia-de-Copia-de-TAMANHO-EXATO-PARA-FOTOS-NO-SISTEMA-NOVO-25_2024-11-08_15-09-47_jpg_2024-11-08_15-09-47.webp.webp?fit=1200%2C675&ssl=1&resize=700%2C400 2x, https:\/\/i0.wp.com\/noticiasribeiraopreto.com.br\/wp-content\/uploads\/2024\/11\/Copia-de-Copia-de-Copia-de-TAMANHO-EXATO-PARA-FOTOS-NO-SISTEMA-NOVO-25_2024-11-08_15-09-47_jpg_2024-11-08_15-09-47.webp.webp?fit=1200%2C675&ssl=1&resize=1050%2C600 3x"},"classes":[]},{"id":60114,"url":"https:\/\/noticiasribeiraopreto.com.br\/index.php\/2024\/11\/06\/belo-traz-nova-turne-para-ribeirao-preto-veja-quando\/","url_meta":{"origin":60112,"position":5},"title":"Belo traz nova turn\u00ea para Ribeir\u00e3o Preto; Veja quando","author":"noticiasribeiraopreto.com.br","date":"6 de November de 2024","format":false,"excerpt":"O cantor Belo se apresenta em Ribeir\u00e3o Preto, no dia 14 de dezembro, no restaurante Fazendinha, zona Norte do munic\u00edpio. Os ingressos para o show come\u00e7am a ser vendidos nesta quarta-feira (6), de forma on-line (clique aqui), com valores a partir de R$ 70 \u2013 saiba mais abaixo. A apresenta\u00e7\u00e3o\u2026","rel":"","context":"In &quot;Not\u00edcias de Ribeir\u00e3o Preto-SP e Regi\u00e3o&quot;","block_context":{"text":"Not\u00edcias de Ribeir\u00e3o Preto-SP e Regi\u00e3o","link":"https:\/\/noticiasribeiraopreto.com.br\/index.php\/category\/noticias-de-ribeirao-preto-sp-e-regiao-ismael-colosi\/"},"img":{"alt_text":"","src":"https:\/\/i0.wp.com\/noticiasribeiraopreto.com.br\/wp-content\/uploads\/2024\/11\/Design-sem-nome-1_2024-11-06_14-52-40_png_2024-11-06_14-52-40.webp.webp?fit=1068%2C601&ssl=1&resize=350%2C200","width":350,"height":200,"srcset":"https:\/\/i0.wp.com\/noticiasribeiraopreto.com.br\/wp-content\/uploads\/2024\/11\/Design-sem-nome-1_2024-11-06_14-52-40_png_2024-11-06_14-52-40.webp.webp?fit=1068%2C601&ssl=1&resize=350%2C200 1x, https:\/\/i0.wp.com\/noticiasribeiraopreto.com.br\/wp-content\/uploads\/2024\/11\/Design-sem-nome-1_2024-11-06_14-52-40_png_2024-11-06_14-52-40.webp.webp?fit=1068%2C601&ssl=1&resize=525%2C300 1.5x, https:\/\/i0.wp.com\/noticiasribeiraopreto.com.br\/wp-content\/uploads\/2024\/11\/Design-sem-nome-1_2024-11-06_14-52-40_png_2024-11-06_14-52-40.webp.webp?fit=1068%2C601&ssl=1&resize=700%2C400 2x, https:\/\/i0.wp.com\/noticiasribeiraopreto.com.br\/wp-content\/uploads\/2024\/11\/Design-sem-nome-1_2024-11-06_14-52-40_png_2024-11-06_14-52-40.webp.webp?fit=1068%2C601&ssl=1&resize=1050%2C600 3x"},"classes":[]}],"jetpack_sharing_enabled":true,"jetpack_shortlink":"https:\/\/wp.me\/peQAOb-fDy","_links":{"self":[{"href":"https:\/\/noticiasribeiraopreto.com.br\/index.php\/wp-json\/wp\/v2\/posts\/60112","targetHints":{"allow":["GET"]}}],"collection":[{"href":"https:\/\/noticiasribeiraopreto.com.br\/index.php\/wp-json\/wp\/v2\/posts"}],"about":[{"href":"https:\/\/noticiasribeiraopreto.com.br\/index.php\/wp-json\/wp\/v2\/types\/post"}],"author":[{"embeddable":true,"href":"https:\/\/noticiasribeiraopreto.com.br\/index.php\/wp-json\/wp\/v2\/users\/1"}],"replies":[{"embeddable":true,"href":"https:\/\/noticiasribeiraopreto.com.br\/index.php\/wp-json\/wp\/v2\/comments?post=60112"}],"version-history":[{"count":0,"href":"https:\/\/noticiasribeiraopreto.com.br\/index.php\/wp-json\/wp\/v2\/posts\/60112\/revisions"}],"wp:featuredmedia":[{"embeddable":true,"href":"https:\/\/noticiasribeiraopreto.com.br\/index.php\/wp-json\/wp\/v2\/media\/60113"}],"wp:attachment":[{"href":"https:\/\/noticiasribeiraopreto.com.br\/index.php\/wp-json\/wp\/v2\/media?parent=60112"}],"wp:term":[{"taxonomy":"category","embeddable":true,"href":"https:\/\/noticiasribeiraopreto.com.br\/index.php\/wp-json\/wp\/v2\/categories?post=60112"},{"taxonomy":"post_tag","embeddable":true,"href":"https:\/\/noticiasribeiraopreto.com.br\/index.php\/wp-json\/wp\/v2\/tags?post=60112"}],"curies":[{"name":"wp","href":"https:\/\/api.w.org\/{rel}","templated":true}]}}