{"id":60114,"date":"2024-11-06T12:09:41","date_gmt":"2024-11-06T15:09:41","guid":{"rendered":"https:\/\/noticiasribeiraopreto.com.br\/index.php\/2024\/11\/06\/belo-traz-nova-turne-para-ribeirao-preto-veja-quando\/"},"modified":"2024-11-06T12:09:41","modified_gmt":"2024-11-06T15:09:41","slug":"belo-traz-nova-turne-para-ribeirao-preto-veja-quando","status":"publish","type":"post","link":"https:\/\/noticiasribeiraopreto.com.br\/index.php\/2024\/11\/06\/belo-traz-nova-turne-para-ribeirao-preto-veja-quando\/","title":{"rendered":"Belo traz nova turn\u00ea para Ribeir\u00e3o Preto; Veja quando"},"content":{"rendered":"<p> <br \/>\n<\/p>\n<div data-td-block-uid=\"tdi_106\">\n<div class=\"tdb-block-inner td-fix-index\">\n<p>O cantor <strong>Belo <\/strong>se apresenta em <strong>Ribeir\u00e3o Preto<\/strong>, no dia <strong>14 de dezembro<\/strong>, no restaurante Fazendinha, zona Norte do munic\u00edpio.<\/p>\n<p>Os <strong>ingressos <\/strong>para o <strong>show <\/strong>come\u00e7am a ser vendidos nesta quarta-feira (6), de <strong>forma on-line (<a href=\"https:\/\/www.guicheweb.com.br\/belo-ribeirao-preto_36596\" target=\"_blank\" rel=\"noreferrer noopener\">clique aqui<\/a>)<\/strong>, com valores a partir de <strong>R$ 70<\/strong> \u2013 saiba mais abaixo.<\/p>\n<p>A apresenta\u00e7\u00e3o da turn\u00ea \u201c<strong>Belo In Concert<\/strong>\u201d, uma das atra\u00e7\u00f5es do <strong>Rock In Rio 2024<\/strong>, <mark style=\"background-color:#fcb900\" class=\"has-inline-color\">marca o retorno do artista \u00e0 Ribeir\u00e3o Preto<\/mark>, ap\u00f3s dois anos desde a sua \u00faltima visita.<\/p>\n<p>No repert\u00f3rio estar\u00e3o sucessos como \u201c<strong>Eternamente<\/strong>\u201c, \u201c<strong>Tua Boca<\/strong>\u201c, \u201c<strong>Quero Te Amar<\/strong>\u201d e \u201c<strong>Desafio<\/strong>\u201c, al\u00e9m de novas can\u00e7\u00f5es, como a releitura de \u201c<strong>Sonho por Sonho<\/strong>\u201d, composi\u00e7\u00e3o de Jos\u00e9 August e que foi sucesso na voz da dupla <strong>Leandro e Leonardo<\/strong>.<\/p>\n<h3 class=\"wp-block-heading\"><strong>Ingressos e setores<\/strong><\/h3>\n<ul>\n<li><strong>\u00c1rea Vip Open Bar (Cerveja, Vodka, Refrigerante, Suco e \u00c1gua)<\/strong> \u2013 R$ 200<\/li>\n<\/ul>\n<h4 class=\"wp-block-heading\"><strong>Servi\u00e7o<\/strong><\/h4>\n<p><em>Belo In Concert<\/em><\/p>\n<p>Quando: 14 de dezembro (s\u00e1bado)<\/p>\n<p>Local: Restaurante Fazendinha \u2013 rodovia Anhanguera (SP-330), Km 316,5 \u2013 Jardim Salgado Filho\u00a0\u00a0\u00a0\u00a0\u00a0\u00a0<\/p>\n<p>Informa\u00e7\u00f5es: (16) 4141-3138<\/p>\n<p>Classifica\u00e7\u00e3o: 18 anos<\/p>\n<p>Ingressos: a partir de R$ 70 \u2013 <a href=\"https:\/\/www.guicheweb.com.br\/belo-ribeirao-preto_36596\" target=\"_blank\" rel=\"noreferrer noopener\">clique aqui para adquirir<\/a><\/p>\n<p><iframe loading=\"lazy\" title=\"Belo - Sonho Por Sonho - [In Concert]\" width=\"500\" height=\"281\" src=\"https:\/\/www.youtube.com\/embed\/DD_HEwr68hQ?feature=oembed\" frameborder=\"0\" allow=\"accelerometer; autoplay; clipboard-write; encrypted-media; gyroscope; picture-in-picture; web-share\" referrerpolicy=\"strict-origin-when-cross-origin\" allowfullscreen><\/iframe><\/p>\n<hr class=\"wp-block-separator has-alpha-channel-opacity\"\/>\n<p>SAIBA MAIS<\/p>\n<p>Almir Sater apresenta show de m\u00fasica caipira em Ribeir\u00e3o Preto<\/p>\n<h4 class=\"wp-block-heading\"><strong>FIQUE ON<\/strong><\/h4>\n<p>Fique ligado em tudo que acontece em Ribeir\u00e3o Preto e regi\u00e3o. Siga os perfis do\u00a0<strong>acidade on\u00a0<\/strong>no\u00a0<a href=\"https:\/\/www.instagram.com\/acidadeonribeirao\" target=\"_blank\" rel=\"noreferrer noopener\">Instagram<\/a>\u00a0e no\u00a0<a href=\"https:\/\/www.facebook.com\/acidadeonribeirao\" target=\"_blank\" rel=\"noreferrer noopener\">Facebook<\/a>.<\/p>\n<p>Receba not\u00edcias do<strong>\u00a0acidade on<\/strong>\u00a0no WhatsApp. Para entrar no grupo, basta\u00a0<a href=\"https:\/\/chat.whatsapp.com\/Dtv9mxhy6V5BJBotM2OQ5k\" target=\"_blank\" rel=\"noreferrer noopener\">clicar aqui<\/a>.<\/p>\n<p>Fa\u00e7a uma den\u00fancia ou sugira uma reportagem sobre Ribeir\u00e3o Preto e regi\u00e3o pelo WhatsApp: 16 99117 7802.<\/p>\n<p>VEJA TAMB\u00c9M<\/p>\n<p>Quais s\u00e3o os tr\u00eas finais de \u201cAlma G\u00eamea\u201d?<\/p>\n<p><!-- CONTENT END 1 -->\n<\/div>\n<\/div>\n<p><script async src=\"\/\/www.instagram.com\/embed.js\"><\/script><br \/>\n<br \/><br \/>\n<br \/><a href=\"https:\/\/www.acidadeon.com\/ribeiraopreto\/lazer-e-cultura\/belo-traz-nova-turne-para-ribeirao-preto-veja-quando\/\">Source link <\/a><\/p>\n","protected":false},"excerpt":{"rendered":"<p>O cantor Belo se apresenta em Ribeir\u00e3o Preto, no dia 14 de dezembro, no restaurante Fazendinha, zona Norte do munic\u00edpio. Os ingressos para o show&#8230;<\/p>\n","protected":false},"author":1,"featured_media":60115,"comment_status":"open","ping_status":"open","sticky":false,"template":"","format":"standard","meta":{"advanced_seo_description":"","jetpack_seo_html_title":"","jetpack_seo_noindex":false,"jetpack_post_was_ever_published":false,"_jetpack_newsletter_access":"","_jetpack_dont_email_post_to_subs":false,"_jetpack_newsletter_tier_id":0,"_jetpack_memberships_contains_paywalled_content":false,"_jetpack_memberships_contains_paid_content":false,"footnotes":"","jetpack_publicize_message":"","jetpack_publicize_feature_enabled":true,"jetpack_social_post_already_shared":true,"jetpack_social_options":{"image_generator_settings":{"template":"highway","default_image_id":0,"font":"","enabled":false},"version":2}},"categories":[11],"tags":[],"class_list":["post-60114","post","type-post","status-publish","format-standard","has-post-thumbnail","hentry","category-noticias-de-ribeirao-preto-sp-e-regiao-ismael-colosi"],"jetpack_publicize_connections":[],"jetpack_featured_media_url":"https:\/\/i0.wp.com\/noticiasribeiraopreto.com.br\/wp-content\/uploads\/2024\/11\/Design-sem-nome-1_2024-11-06_14-52-40_png_2024-11-06_14-52-40.webp.webp?fit=1068%2C601&ssl=1","jetpack-related-posts":[{"id":54431,"url":"https:\/\/noticiasribeiraopreto.com.br\/index.php\/2024\/07\/11\/aeroporto-de-ribeirao-preto-comeca-operar-voo-direto-para-belo-horizonte\/","url_meta":{"origin":60114,"position":0},"title":"Aeroporto de Ribeir\u00e3o Preto come\u00e7a operar voo direto para Belo Horizonte","author":"noticiasribeiraopreto.com.br","date":"11 de July de 2024","format":false,"excerpt":"O Aeroporto Estadual Doutor Leite Lopes, em Ribeir\u00e3o Preto, iniciou a opera\u00e7\u00e3o de voos diretos ao Aeroporto Internacional Confins, em Belo Horizonte, desde a \u00faltima sexta-feira (5). A companhia a\u00e9rea Voepass fez o an\u00fancio das novas opera\u00e7\u00f5es em maio deste ano. Segundo a empresa, os voos s\u00e3o operados pela\u00a0aeronave ATR-72,\u2026","rel":"","context":"In &quot;Not\u00edcias de Ribeir\u00e3o Preto-SP e Regi\u00e3o&quot;","block_context":{"text":"Not\u00edcias de Ribeir\u00e3o Preto-SP e Regi\u00e3o","link":"https:\/\/noticiasribeiraopreto.com.br\/index.php\/category\/noticias-de-ribeirao-preto-sp-e-regiao-ismael-colosi\/"},"img":{"alt_text":"","src":"https:\/\/i0.wp.com\/noticiasribeiraopreto.com.br\/wp-content\/uploads\/2024\/07\/WhatsApp-Image-2023-09-18-at-14.49.44-1068x601-1_2024-07-10_18-40-53_jpeg_2024-07-10_18-40-53.webp.webp?fit=1068%2C601&ssl=1&resize=350%2C200","width":350,"height":200,"srcset":"https:\/\/i0.wp.com\/noticiasribeiraopreto.com.br\/wp-content\/uploads\/2024\/07\/WhatsApp-Image-2023-09-18-at-14.49.44-1068x601-1_2024-07-10_18-40-53_jpeg_2024-07-10_18-40-53.webp.webp?fit=1068%2C601&ssl=1&resize=350%2C200 1x, https:\/\/i0.wp.com\/noticiasribeiraopreto.com.br\/wp-content\/uploads\/2024\/07\/WhatsApp-Image-2023-09-18-at-14.49.44-1068x601-1_2024-07-10_18-40-53_jpeg_2024-07-10_18-40-53.webp.webp?fit=1068%2C601&ssl=1&resize=525%2C300 1.5x, https:\/\/i0.wp.com\/noticiasribeiraopreto.com.br\/wp-content\/uploads\/2024\/07\/WhatsApp-Image-2023-09-18-at-14.49.44-1068x601-1_2024-07-10_18-40-53_jpeg_2024-07-10_18-40-53.webp.webp?fit=1068%2C601&ssl=1&resize=700%2C400 2x, https:\/\/i0.wp.com\/noticiasribeiraopreto.com.br\/wp-content\/uploads\/2024\/07\/WhatsApp-Image-2023-09-18-at-14.49.44-1068x601-1_2024-07-10_18-40-53_jpeg_2024-07-10_18-40-53.webp.webp?fit=1068%2C601&ssl=1&resize=1050%2C600 3x"},"classes":[]},{"id":50317,"url":"https:\/\/noticiasribeiraopreto.com.br\/index.php\/2024\/05\/15\/companhias-aereas-anunciam-novos-voos-para-o-aeroporto-de-ribeirao-preto\/","url_meta":{"origin":60114,"position":1},"title":"Companhias a\u00e9reas anunciam novos voos para o aeroporto de Ribeir\u00e3o Preto","author":"noticiasribeiraopreto.com.br","date":"15 de May de 2024","format":false,"excerpt":"O Aeroporto Estadual Leite Lopes, em Ribeir\u00e3o Preto, vai oferecer voos para o Aeroporto Internacional de Belo Horizonte, em Confins, na Grande BH, a partir do segundo semestre deste ano. O anuncio da opera\u00e7\u00e3o foi realizado nesta semana, por duas companhias a\u00e9reas: Azul e Voepass. De acordo com as empresas,\u2026","rel":"","context":"In &quot;Not\u00edcias de Ribeir\u00e3o Preto-SP e Regi\u00e3o&quot;","block_context":{"text":"Not\u00edcias de Ribeir\u00e3o Preto-SP e Regi\u00e3o","link":"https:\/\/noticiasribeiraopreto.com.br\/index.php\/category\/noticias-de-ribeirao-preto-sp-e-regiao-ismael-colosi\/"},"img":{"alt_text":"","src":"https:\/\/i0.wp.com\/noticiasribeiraopreto.com.br\/wp-content\/uploads\/2024\/05\/EntendaasmudanasnoaeroportodeRibeiroPretonosvoosparaSoPaulo_Tamanho_2_image.jpg?fit=1200%2C900&ssl=1&resize=350%2C200","width":350,"height":200,"srcset":"https:\/\/i0.wp.com\/noticiasribeiraopreto.com.br\/wp-content\/uploads\/2024\/05\/EntendaasmudanasnoaeroportodeRibeiroPretonosvoosparaSoPaulo_Tamanho_2_image.jpg?fit=1200%2C900&ssl=1&resize=350%2C200 1x, https:\/\/i0.wp.com\/noticiasribeiraopreto.com.br\/wp-content\/uploads\/2024\/05\/EntendaasmudanasnoaeroportodeRibeiroPretonosvoosparaSoPaulo_Tamanho_2_image.jpg?fit=1200%2C900&ssl=1&resize=525%2C300 1.5x, https:\/\/i0.wp.com\/noticiasribeiraopreto.com.br\/wp-content\/uploads\/2024\/05\/EntendaasmudanasnoaeroportodeRibeiroPretonosvoosparaSoPaulo_Tamanho_2_image.jpg?fit=1200%2C900&ssl=1&resize=700%2C400 2x, https:\/\/i0.wp.com\/noticiasribeiraopreto.com.br\/wp-content\/uploads\/2024\/05\/EntendaasmudanasnoaeroportodeRibeiroPretonosvoosparaSoPaulo_Tamanho_2_image.jpg?fit=1200%2C900&ssl=1&resize=1050%2C600 3x"},"classes":[]},{"id":75630,"url":"https:\/\/noticiasribeiraopreto.com.br\/index.php\/2025\/08\/12\/clayton-e-romario-trazem-novo-projeto-a-ribeirao-preto-junto-com-belo\/","url_meta":{"origin":60114,"position":2},"title":"Clayton e Rom\u00e1rio trazem novo projeto a Ribeir\u00e3o Preto junto com Belo","author":"noticiasribeiraopreto.com.br","date":"12 de August de 2025","format":false,"excerpt":"A dupla Clayton e Rom\u00e1rio apresenta o projeto \u201cCom Vida\u201d em Ribeir\u00e3o Preto, no dia 18 de outubro, na i9 Academy. O evento contar\u00e1 tamb\u00e9m com a participa\u00e7\u00e3o especial do cantor Belo. O show vai reunir grandes sucessos do sertanejo e do pagode em uma noite com mais de tr\u00eas\u2026","rel":"","context":"In &quot;Not\u00edcias de Ribeir\u00e3o Preto-SP e Regi\u00e3o&quot;","block_context":{"text":"Not\u00edcias de Ribeir\u00e3o Preto-SP e Regi\u00e3o","link":"https:\/\/noticiasribeiraopreto.com.br\/index.php\/category\/noticias-de-ribeirao-preto-sp-e-regiao-ismael-colosi\/"},"img":{"alt_text":"","src":"https:\/\/i0.wp.com\/noticiasribeiraopreto.com.br\/wp-content\/uploads\/2025\/08\/Copia-de-Copia-de-Copia-de-TAMANHO-EXATO-PARA-FOTOS-NO-SISTEMA-NOVO-2025-08-12T154103.663_2025-08-12_18-41-14.webp.webp?fit=1200%2C675&ssl=1&resize=350%2C200","width":350,"height":200,"srcset":"https:\/\/i0.wp.com\/noticiasribeiraopreto.com.br\/wp-content\/uploads\/2025\/08\/Copia-de-Copia-de-Copia-de-TAMANHO-EXATO-PARA-FOTOS-NO-SISTEMA-NOVO-2025-08-12T154103.663_2025-08-12_18-41-14.webp.webp?fit=1200%2C675&ssl=1&resize=350%2C200 1x, https:\/\/i0.wp.com\/noticiasribeiraopreto.com.br\/wp-content\/uploads\/2025\/08\/Copia-de-Copia-de-Copia-de-TAMANHO-EXATO-PARA-FOTOS-NO-SISTEMA-NOVO-2025-08-12T154103.663_2025-08-12_18-41-14.webp.webp?fit=1200%2C675&ssl=1&resize=525%2C300 1.5x, https:\/\/i0.wp.com\/noticiasribeiraopreto.com.br\/wp-content\/uploads\/2025\/08\/Copia-de-Copia-de-Copia-de-TAMANHO-EXATO-PARA-FOTOS-NO-SISTEMA-NOVO-2025-08-12T154103.663_2025-08-12_18-41-14.webp.webp?fit=1200%2C675&ssl=1&resize=700%2C400 2x, https:\/\/i0.wp.com\/noticiasribeiraopreto.com.br\/wp-content\/uploads\/2025\/08\/Copia-de-Copia-de-Copia-de-TAMANHO-EXATO-PARA-FOTOS-NO-SISTEMA-NOVO-2025-08-12T154103.663_2025-08-12_18-41-14.webp.webp?fit=1200%2C675&ssl=1&resize=1050%2C600 3x"},"classes":[]},{"id":4392,"url":"https:\/\/noticiasribeiraopreto.com.br\/index.php\/2023\/11\/21\/utm_sourcerssutm_mediumrssutm_campaignpolicia-civil-desarticula-organizacao-que-furtava-caminhonetes-de-luxo\/","url_meta":{"origin":60114,"position":3},"title":"Pol\u00edcia Civil desarticula organiza\u00e7\u00e3o que furtava caminhonetes de luxo \u2013 X Tudo Ribeir\u00e3o","author":"noticiasribeiraopreto.com.br","date":"21 de November de 2023","format":false,"excerpt":"O Setor de Intelig\u00eancia Policial da delegacia Seccional de Ribeir\u00e3o Preto deflagrou, no in\u00edcio da manh\u00e3 desta ter\u00e7a-feira (21), a Opera\u00e7\u00e3o Al\u00e9m da Fronteira, contra uma organiza\u00e7\u00e3o criminosa especializada em furto de caminhonetes de luxo em Ribeir\u00e3o Preto e regi\u00e3o. Segundo o delegado respons\u00e1vel pela opera\u00e7\u00e3o, Gustavo Andr\u00e9 Alves, o\u2026","rel":"","context":"In &quot;Not\u00edcias de Ribeir\u00e3o Preto-SP e Regi\u00e3o&quot;","block_context":{"text":"Not\u00edcias de Ribeir\u00e3o Preto-SP e Regi\u00e3o","link":"https:\/\/noticiasribeiraopreto.com.br\/index.php\/category\/noticias-de-ribeirao-preto-sp-e-regiao-ismael-colosi\/"},"img":{"alt_text":"","src":"https:\/\/i0.wp.com\/noticiasribeiraopreto.com.br\/wp-content\/uploads\/2023\/11\/IMG_1422.png?fit=430%2C314&ssl=1&resize=350%2C200","width":350,"height":200},"classes":[]},{"id":25038,"url":"https:\/\/noticiasribeiraopreto.com.br\/index.php\/2024\/01\/05\/vaga-para-vendedor-externo-em-regiao-de-marilia-sp-e-belo-horizonte-mgha-1-hora\/","url_meta":{"origin":60114,"position":4},"title":"Vaga para Vendedor Externo em Regi\u00e3o de Mar\u00edlia\/SP e Belo Horizonte\/MGh\u00e1 1 hora","author":"noticiasribeiraopreto.com.br","date":"5 de January de 2024","format":false,"excerpt":"Vaga para Vendedor Externo em Regi\u00e3o de Mar\u00edlia\/SP e Belo Horizonte\/MGh\u00e1 1 hora Vaga para Estagi\u00e1rio Comercial - Home Office Vaga para Analista de PCP em Ribeir\u00e3o Preto ou Bauru - SPh\u00e1 1 dia Vaga para Motorista Entregador em Ribeir\u00e3o Preto Vaga para Operador de Empilhadeira em Ribeir\u00e3o Preto Vaga\u2026","rel":"","context":"In &quot;Vagas de Emprego em Ribeir\u00e3o Preto-SP&quot;","block_context":{"text":"Vagas de Emprego em Ribeir\u00e3o Preto-SP","link":"https:\/\/noticiasribeiraopreto.com.br\/index.php\/category\/empregos-classificados-vagas-trabalho\/vagas-de-empregos-em-ribeirao-preto-regiao-brasil\/"},"img":{"alt_text":"","src":"","width":0,"height":0},"classes":[]},{"id":25549,"url":"https:\/\/noticiasribeiraopreto.com.br\/index.php\/2024\/01\/07\/vaga-para-vendedor-externo-em-regiao-de-marilia-sp-e-belo-horizonte-mgha-2-dias\/","url_meta":{"origin":60114,"position":5},"title":"Vaga para Vendedor Externo em Regi\u00e3o de Mar\u00edlia\/SP e Belo Horizonte\/MGh\u00e1 2 dias","author":"noticiasribeiraopreto.com.br","date":"7 de January de 2024","format":false,"excerpt":"Vaga para Vendedor Externo em Regi\u00e3o de Mar\u00edlia\/SP e Belo Horizonte\/MGh\u00e1 2 dias Vaga para Estagi\u00e1rio Comercial - Home Office Vaga para Analista de PCP em Ribeir\u00e3o Preto ou Bauru - SPh\u00e1 3 dias Vaga para Motorista Entregador em Ribeir\u00e3o Preto Vaga para Operador de Empilhadeira em Ribeir\u00e3o Preto Vaga\u2026","rel":"","context":"In &quot;Vagas de Emprego em Ribeir\u00e3o Preto-SP&quot;","block_context":{"text":"Vagas de Emprego em Ribeir\u00e3o Preto-SP","link":"https:\/\/noticiasribeiraopreto.com.br\/index.php\/category\/empregos-classificados-vagas-trabalho\/vagas-de-empregos-em-ribeirao-preto-regiao-brasil\/"},"img":{"alt_text":"","src":"","width":0,"height":0},"classes":[]}],"jetpack_sharing_enabled":true,"jetpack_shortlink":"https:\/\/wp.me\/peQAOb-fDA","_links":{"self":[{"href":"https:\/\/noticiasribeiraopreto.com.br\/index.php\/wp-json\/wp\/v2\/posts\/60114","targetHints":{"allow":["GET"]}}],"collection":[{"href":"https:\/\/noticiasribeiraopreto.com.br\/index.php\/wp-json\/wp\/v2\/posts"}],"about":[{"href":"https:\/\/noticiasribeiraopreto.com.br\/index.php\/wp-json\/wp\/v2\/types\/post"}],"author":[{"embeddable":true,"href":"https:\/\/noticiasribeiraopreto.com.br\/index.php\/wp-json\/wp\/v2\/users\/1"}],"replies":[{"embeddable":true,"href":"https:\/\/noticiasribeiraopreto.com.br\/index.php\/wp-json\/wp\/v2\/comments?post=60114"}],"version-history":[{"count":0,"href":"https:\/\/noticiasribeiraopreto.com.br\/index.php\/wp-json\/wp\/v2\/posts\/60114\/revisions"}],"wp:featuredmedia":[{"embeddable":true,"href":"https:\/\/noticiasribeiraopreto.com.br\/index.php\/wp-json\/wp\/v2\/media\/60115"}],"wp:attachment":[{"href":"https:\/\/noticiasribeiraopreto.com.br\/index.php\/wp-json\/wp\/v2\/media?parent=60114"}],"wp:term":[{"taxonomy":"category","embeddable":true,"href":"https:\/\/noticiasribeiraopreto.com.br\/index.php\/wp-json\/wp\/v2\/categories?post=60114"},{"taxonomy":"post_tag","embeddable":true,"href":"https:\/\/noticiasribeiraopreto.com.br\/index.php\/wp-json\/wp\/v2\/tags?post=60114"}],"curies":[{"name":"wp","href":"https:\/\/api.w.org\/{rel}","templated":true}]}}