{"id":60117,"date":"2024-11-06T12:41:02","date_gmt":"2024-11-06T15:41:02","guid":{"rendered":"https:\/\/noticiasribeiraopreto.com.br\/index.php\/2024\/11\/06\/politicos-de-ribeirao-preto-parabenizam-trump-pela-vitoria-nos-eua\/"},"modified":"2024-11-06T12:41:02","modified_gmt":"2024-11-06T15:41:02","slug":"politicos-de-ribeirao-preto-parabenizam-trump-pela-vitoria-nos-eua","status":"publish","type":"post","link":"https:\/\/noticiasribeiraopreto.com.br\/index.php\/2024\/11\/06\/politicos-de-ribeirao-preto-parabenizam-trump-pela-vitoria-nos-eua\/","title":{"rendered":"Pol\u00edticos de Ribeir\u00e3o Preto parabenizam Trump pela vit\u00f3ria nos EUA"},"content":{"rendered":"<p> <br \/>\n<\/p>\n<div>\n<p>O deputado <strong>Baleia Rossi (MDB) <\/strong>e o deputado e prefeito eleito de <strong>Ribeir\u00e3o Preto<\/strong>,<strong> Ricardo Silva (PSD)<\/strong>, usaram as redes sociais, nesta quarta-feira (6), para comentar a vit\u00f3ria de<strong> Donald Trump <\/strong>sobre <strong>Kamala Harris <\/strong>nas elei\u00e7\u00f5es presidenciais dos <strong>Estados Unidos<\/strong>. O prefeito <strong>Duarte Nogueira (PSDB)<\/strong> afirma que torce pela manuten\u00e7\u00e3o das rela\u00e7\u00f5es comerciais e diplom\u00e1ticas entre os Estados Unidos e o <strong>Brasil<\/strong>.<\/p>\n<p>Os dois representantes de Ribeir\u00e3o Preto na C\u00e2mara Federal parabenizaram o futuro presidente norte-americano. \u201cSua campanha refor\u00e7a valores de soberania nacional, seguran\u00e7a p\u00fablica e compromisso com economia forte voltada ao desenvolvimento\u201d, escreveu Ricardo Silva.<\/p>\n<p>\u201cComo prefeito eleito de Ribeir\u00e3o Preto, desejo um mandato incr\u00edvel para os americanos e para o mundo!\u201d, completou Ricardo em publica\u00e7\u00e3o no <strong>X<\/strong>, o antigo <strong>Twitter<\/strong>.<\/p>\n<h4 class=\"wp-block-heading\"><strong>Aliado e parceiro comercial<\/strong><\/h4>\n<p>J\u00e1 o deputado Baleia Rossi, integrante da <em>Comiss\u00e3o de Rela\u00e7\u00f5es Exteriores da C\u00e2mara dos Deputados<\/em>, tamb\u00e9m parabenizou o retorno de Trump \u00e0 <strong>Casa Branca<\/strong> ap\u00f3s vencer a elei\u00e7\u00e3o no col\u00e9gio eleitoral e no voto popular.<\/p>\n<p>\u201cIsso s\u00f3 aumenta sua enorme responsabilidade. Que ele cumpra a promessa de governar para todos, e \u2013 verdadeiramente \u2013 trabalhe pela paz no mundo\u201d, escreveu Baleia.<\/p>\n<p>O parlamentar lembrou que o Brasil \u00e9 um aliado e parceiro comercial dos Estados Unidos. \u201cQue isso seja mantido em benef\u00edcio das duas na\u00e7\u00f5es e em favor do continente americano com um todo\u201d, completa.<\/p>\n<h4 class=\"wp-block-heading\"><strong>Equil\u00edbrio<\/strong><\/h4>\n<p>Em nota, o prefeito de Ribeir\u00e3o Preto, Duarte Nogueira, afirmou que torce para que o presidente dos Estados Unidos mantenha rela\u00e7\u00e3o diplom\u00e1tica e comercial com o Brasil, \u201cbuscando o melhor equil\u00edbrio poss\u00edvel entre ambas as partes\u201d.<\/p>\n<p>\u201cA vit\u00f3ria de Donald Trump nas elei\u00e7\u00f5es presidenciais dos Estados Unidos \u00e9 mais um exemplo de uma democracia que segue em dire\u00e7\u00e3o a um processo que valoriza mais a a\u00e7\u00e3o do que a apresenta\u00e7\u00e3o de um programa ou de uma ret\u00f3rica\u201d, afirma o prefeito.<\/p>\n<p>SAIBA MAIS<br \/>Servidora, representantes da USP e promotor s\u00e3o anunciados para transi\u00e7\u00e3o em Ribeir\u00e3o Preto<\/p>\n<h4 class=\"wp-block-heading\"><strong>FIQUE ON<\/strong><\/h4>\n<p>Fique ligado em tudo que acontece em Ribeir\u00e3o Preto e regi\u00e3o. Siga os perfis do <strong>acidade on<\/strong> no <a href=\"https:\/\/www.instagram.com\/acidadeonribeirao\" target=\"_blank\" rel=\"noreferrer noopener nofollow\">Instagram<\/a> e no Facebook.<\/p>\n<p>Receba not\u00edcias do <strong>acidade on<\/strong> no WhatsApp. <a href=\"https:\/\/chat.whatsapp.com\/Fg4ok3aAVyB59DP63pRapr\" target=\"_blank\" rel=\"noreferrer noopener nofollow\">Para entrar no grupo, basta clicar aqui.<\/a><\/p>\n<p>Fa\u00e7a uma den\u00fancia ou sugira uma reportagem sobre Ribeir\u00e3o Preto e regi\u00e3o pelo WhatsApp: 16 99117 7802.<\/p>\n<p>VEJA TAMB\u00c9M<br \/>O que Lula disse sobre Trump?\u00a0<\/p>\n<p><!-- CONTENT END 1 -->\n<\/div>\n<p><script async src=\"\/\/www.instagram.com\/embed.js\"><\/script><br \/>\n<br \/><br \/>\n<br \/><a href=\"https:\/\/www.acidadeon.com\/ribeiraopreto\/politica\/politicos-de-ribeirao-preto-parabenizam-trump-pela-vitoria-nos-eua\/\">Source link <\/a><\/p>\n","protected":false},"excerpt":{"rendered":"<p>O deputado Baleia Rossi (MDB) e o deputado e prefeito eleito de Ribeir\u00e3o Preto, Ricardo Silva (PSD), usaram as redes sociais, nesta quarta-feira (6), para&#8230;<\/p>\n","protected":false},"author":1,"featured_media":60118,"comment_status":"open","ping_status":"open","sticky":false,"template":"","format":"standard","meta":{"advanced_seo_description":"","jetpack_seo_html_title":"","jetpack_seo_noindex":false,"jetpack_post_was_ever_published":false,"_jetpack_newsletter_access":"","_jetpack_dont_email_post_to_subs":false,"_jetpack_newsletter_tier_id":0,"_jetpack_memberships_contains_paywalled_content":false,"_jetpack_memberships_contains_paid_content":false,"footnotes":"","jetpack_publicize_message":"","jetpack_publicize_feature_enabled":true,"jetpack_social_post_already_shared":true,"jetpack_social_options":{"image_generator_settings":{"template":"highway","default_image_id":0,"font":"","enabled":false},"version":2}},"categories":[11],"tags":[],"class_list":["post-60117","post","type-post","status-publish","format-standard","has-post-thumbnail","hentry","category-noticias-de-ribeirao-preto-sp-e-regiao-ismael-colosi"],"jetpack_publicize_connections":[],"jetpack_featured_media_url":"https:\/\/i0.wp.com\/noticiasribeiraopreto.com.br\/wp-content\/uploads\/2024\/11\/politico-trump_2024-11-06_15-32-02_jpeg_2024-11-06_15-32-03.webp.webp?fit=1600%2C899&ssl=1","jetpack-related-posts":[{"id":59664,"url":"https:\/\/noticiasribeiraopreto.com.br\/index.php\/2024\/10\/27\/essa-vitoria-meu-pai-eu-devo-ao-senhor-diz-ricardo-silva-apos-ser-eleito-prefeito-de-ribeirao\/","url_meta":{"origin":60117,"position":0},"title":"&#8216;Essa vit\u00f3ria, meu pai, eu devo ao senhor&#8217;, diz Ricardo Silva, ap\u00f3s ser eleito prefeito de Ribeir\u00e3o","author":"noticiasribeiraopreto.com.br","date":"27 de October de 2024","format":false,"excerpt":"Ap\u00f3s ser eleito o novo prefeito de Ribeir\u00e3o Preto, na noite deste domingo (27), Ricardo Silva (PSD) agradeceu todo o apoio da fam\u00edlia, em especial, de seu pai, o deputado estadual Rafael Silva (PSD). Durante discurso realizado no comit\u00ea de campanha, localizado na avenida Saudade, zona Norte do munic\u00edpio, o\u2026","rel":"","context":"In &quot;Not\u00edcias de Ribeir\u00e3o Preto-SP e Regi\u00e3o&quot;","block_context":{"text":"Not\u00edcias de Ribeir\u00e3o Preto-SP e Regi\u00e3o","link":"https:\/\/noticiasribeiraopreto.com.br\/index.php\/category\/noticias-de-ribeirao-preto-sp-e-regiao-ismael-colosi\/"},"img":{"alt_text":"","src":"https:\/\/i0.wp.com\/noticiasribeiraopreto.com.br\/wp-content\/uploads\/2024\/10\/Copia-de-Copia-de-Copia-de-TAMANHO-EXATO-PARA-FOTOS-NO-SISTEMA-NOVO-2024-10-27T214412.260_2024-10-28_00-44-18_png_2024-10-28_00-44-18.webp.webp?fit=1200%2C675&ssl=1&resize=350%2C200","width":350,"height":200,"srcset":"https:\/\/i0.wp.com\/noticiasribeiraopreto.com.br\/wp-content\/uploads\/2024\/10\/Copia-de-Copia-de-Copia-de-TAMANHO-EXATO-PARA-FOTOS-NO-SISTEMA-NOVO-2024-10-27T214412.260_2024-10-28_00-44-18_png_2024-10-28_00-44-18.webp.webp?fit=1200%2C675&ssl=1&resize=350%2C200 1x, https:\/\/i0.wp.com\/noticiasribeiraopreto.com.br\/wp-content\/uploads\/2024\/10\/Copia-de-Copia-de-Copia-de-TAMANHO-EXATO-PARA-FOTOS-NO-SISTEMA-NOVO-2024-10-27T214412.260_2024-10-28_00-44-18_png_2024-10-28_00-44-18.webp.webp?fit=1200%2C675&ssl=1&resize=525%2C300 1.5x, https:\/\/i0.wp.com\/noticiasribeiraopreto.com.br\/wp-content\/uploads\/2024\/10\/Copia-de-Copia-de-Copia-de-TAMANHO-EXATO-PARA-FOTOS-NO-SISTEMA-NOVO-2024-10-27T214412.260_2024-10-28_00-44-18_png_2024-10-28_00-44-18.webp.webp?fit=1200%2C675&ssl=1&resize=700%2C400 2x, https:\/\/i0.wp.com\/noticiasribeiraopreto.com.br\/wp-content\/uploads\/2024\/10\/Copia-de-Copia-de-Copia-de-TAMANHO-EXATO-PARA-FOTOS-NO-SISTEMA-NOVO-2024-10-27T214412.260_2024-10-28_00-44-18_png_2024-10-28_00-44-18.webp.webp?fit=1200%2C675&ssl=1&resize=1050%2C600 3x"},"classes":[]},{"id":59662,"url":"https:\/\/noticiasribeiraopreto.com.br\/index.php\/2024\/10\/27\/obrigacao-de-fazer-o-melhor-governo-da-historia-diz-ricardo-silva-novo-prefeito-de-ribeirao-preto\/","url_meta":{"origin":60117,"position":1},"title":"\u2018Obriga\u00e7\u00e3o de fazer o melhor governo da hist\u00f3ria\u2019, diz Ricardo Silva, novo prefeito de Ribeir\u00e3o Preto","author":"noticiasribeiraopreto.com.br","date":"27 de October de 2024","format":false,"excerpt":"Ricardo Silva (PSD), eleito o novo prefeito de Ribeir\u00e3o Preto, disse que a vit\u00f3ria nas elei\u00e7\u00f5es municipais na noite deste domingo (27), \u00e9 um recado para que ele fa\u00e7a \u201co melhor governo da hist\u00f3ria de Ribeir\u00e3o Preto\u201d. \u201cEssa vit\u00f3ria, ela d\u00e1 um recado que \u00e9 da cidade de Ribeir\u00e3o Preto.\u2026","rel":"","context":"In &quot;Not\u00edcias de Ribeir\u00e3o Preto-SP e Regi\u00e3o&quot;","block_context":{"text":"Not\u00edcias de Ribeir\u00e3o Preto-SP e Regi\u00e3o","link":"https:\/\/noticiasribeiraopreto.com.br\/index.php\/category\/noticias-de-ribeirao-preto-sp-e-regiao-ismael-colosi\/"},"img":{"alt_text":"","src":"https:\/\/i0.wp.com\/noticiasribeiraopreto.com.br\/wp-content\/uploads\/2024\/10\/ricardo-silva-3_2024-10-27_23-19-58_jpeg_2024-10-27_23-19-58.webp.webp?fit=1200%2C900&ssl=1&resize=350%2C200","width":350,"height":200,"srcset":"https:\/\/i0.wp.com\/noticiasribeiraopreto.com.br\/wp-content\/uploads\/2024\/10\/ricardo-silva-3_2024-10-27_23-19-58_jpeg_2024-10-27_23-19-58.webp.webp?fit=1200%2C900&ssl=1&resize=350%2C200 1x, https:\/\/i0.wp.com\/noticiasribeiraopreto.com.br\/wp-content\/uploads\/2024\/10\/ricardo-silva-3_2024-10-27_23-19-58_jpeg_2024-10-27_23-19-58.webp.webp?fit=1200%2C900&ssl=1&resize=525%2C300 1.5x, https:\/\/i0.wp.com\/noticiasribeiraopreto.com.br\/wp-content\/uploads\/2024\/10\/ricardo-silva-3_2024-10-27_23-19-58_jpeg_2024-10-27_23-19-58.webp.webp?fit=1200%2C900&ssl=1&resize=700%2C400 2x, https:\/\/i0.wp.com\/noticiasribeiraopreto.com.br\/wp-content\/uploads\/2024\/10\/ricardo-silva-3_2024-10-27_23-19-58_jpeg_2024-10-27_23-19-58.webp.webp?fit=1200%2C900&ssl=1&resize=1050%2C600 3x"},"classes":[]},{"id":59656,"url":"https:\/\/noticiasribeiraopreto.com.br\/index.php\/2024\/10\/27\/ricardo-silva-e-eleito-o-novo-prefeito-de-ribeirao-preto\/","url_meta":{"origin":60117,"position":2},"title":"Ricardo Silva \u00e9 eleito o novo prefeito de Ribeir\u00e3o Preto","author":"noticiasribeiraopreto.com.br","date":"27 de October de 2024","format":false,"excerpt":"O candidato Ricardo Silva (PSD) foi eleito o novo prefeito de Ribeir\u00e3o Preto, no come\u00e7o da noite deste domingo (27). Alessandro Maraca \u00e9 o vice-prefeito. Conforme os dados do Tribunal Superior Eleitoral (TSE), ao final da apura\u00e7\u00e3o, \u00e0s 19h, o deputado federal recebeu 131.421 votos (50,13%). O empres\u00e1rio Marco Aur\u00e9lio\u2026","rel":"","context":"In &quot;Not\u00edcias de Ribeir\u00e3o Preto-SP e Regi\u00e3o&quot;","block_context":{"text":"Not\u00edcias de Ribeir\u00e3o Preto-SP e Regi\u00e3o","link":"https:\/\/noticiasribeiraopreto.com.br\/index.php\/category\/noticias-de-ribeirao-preto-sp-e-regiao-ismael-colosi\/"},"img":{"alt_text":"","src":"https:\/\/i0.wp.com\/noticiasribeiraopreto.com.br\/wp-content\/uploads\/2024\/10\/WhatsApp-Image-2024-10-27-at-17.10.11_2024-10-27_20-10-40_jpeg_2024-10-27_20-10-40.webp.webp?fit=1200%2C800&ssl=1&resize=350%2C200","width":350,"height":200,"srcset":"https:\/\/i0.wp.com\/noticiasribeiraopreto.com.br\/wp-content\/uploads\/2024\/10\/WhatsApp-Image-2024-10-27-at-17.10.11_2024-10-27_20-10-40_jpeg_2024-10-27_20-10-40.webp.webp?fit=1200%2C800&ssl=1&resize=350%2C200 1x, https:\/\/i0.wp.com\/noticiasribeiraopreto.com.br\/wp-content\/uploads\/2024\/10\/WhatsApp-Image-2024-10-27-at-17.10.11_2024-10-27_20-10-40_jpeg_2024-10-27_20-10-40.webp.webp?fit=1200%2C800&ssl=1&resize=525%2C300 1.5x, https:\/\/i0.wp.com\/noticiasribeiraopreto.com.br\/wp-content\/uploads\/2024\/10\/WhatsApp-Image-2024-10-27-at-17.10.11_2024-10-27_20-10-40_jpeg_2024-10-27_20-10-40.webp.webp?fit=1200%2C800&ssl=1&resize=700%2C400 2x, https:\/\/i0.wp.com\/noticiasribeiraopreto.com.br\/wp-content\/uploads\/2024\/10\/WhatsApp-Image-2024-10-27-at-17.10.11_2024-10-27_20-10-40_jpeg_2024-10-27_20-10-40.webp.webp?fit=1200%2C800&ssl=1&resize=1050%2C600 3x"},"classes":[]},{"id":58151,"url":"https:\/\/noticiasribeiraopreto.com.br\/index.php\/2024\/09\/19\/saiba-quem-e-ricardo-silva-candidato-a-prefeito-de-ribeirao-preto\/","url_meta":{"origin":60117,"position":3},"title":"Saiba quem \u00e9 Ricardo Silva, candidato a prefeito de Ribeir\u00e3o Preto","author":"noticiasribeiraopreto.com.br","date":"19 de September de 2024","format":false,"excerpt":"A pesquisa Quaest\/EPTV, divulgada na \u00faltima quarta-feira (19), apontou que o deputado federal Ricardo Silva (PSD), lidera as inten\u00e7\u00f5es de votos dos eleitores na disputa pela Prefeitura de Ribeir\u00e3o Preto, com 54%. A Quaest consultou 852 eleitores presencialmente entre os dias 15 e 17 de setembro. A margem de erro\u2026","rel":"","context":"In &quot;Not\u00edcias de Ribeir\u00e3o Preto-SP e Regi\u00e3o&quot;","block_context":{"text":"Not\u00edcias de Ribeir\u00e3o Preto-SP e Regi\u00e3o","link":"https:\/\/noticiasribeiraopreto.com.br\/index.php\/category\/noticias-de-ribeirao-preto-sp-e-regiao-ismael-colosi\/"},"img":{"alt_text":"","src":"https:\/\/i0.wp.com\/noticiasribeiraopreto.com.br\/wp-content\/uploads\/2024\/09\/ricardo-silva-1_2024-09-19_21-15-11_jpg_2024-09-19_21-15-11.webp.webp?fit=1200%2C739&ssl=1&resize=350%2C200","width":350,"height":200,"srcset":"https:\/\/i0.wp.com\/noticiasribeiraopreto.com.br\/wp-content\/uploads\/2024\/09\/ricardo-silva-1_2024-09-19_21-15-11_jpg_2024-09-19_21-15-11.webp.webp?fit=1200%2C739&ssl=1&resize=350%2C200 1x, https:\/\/i0.wp.com\/noticiasribeiraopreto.com.br\/wp-content\/uploads\/2024\/09\/ricardo-silva-1_2024-09-19_21-15-11_jpg_2024-09-19_21-15-11.webp.webp?fit=1200%2C739&ssl=1&resize=525%2C300 1.5x, https:\/\/i0.wp.com\/noticiasribeiraopreto.com.br\/wp-content\/uploads\/2024\/09\/ricardo-silva-1_2024-09-19_21-15-11_jpg_2024-09-19_21-15-11.webp.webp?fit=1200%2C739&ssl=1&resize=700%2C400 2x, https:\/\/i0.wp.com\/noticiasribeiraopreto.com.br\/wp-content\/uploads\/2024\/09\/ricardo-silva-1_2024-09-19_21-15-11_jpg_2024-09-19_21-15-11.webp.webp?fit=1200%2C739&ssl=1&resize=1050%2C600 3x"},"classes":[]},{"id":59658,"url":"https:\/\/noticiasribeiraopreto.com.br\/index.php\/2024\/10\/27\/perfil-saiba-quem-e-ricardo-silva-o-novo-prefeito-de-ribeirao-preto\/","url_meta":{"origin":60117,"position":4},"title":"Perfil: Saiba quem \u00e9 Ricardo Silva, o novo prefeito de Ribeir\u00e3o Preto","author":"noticiasribeiraopreto.com.br","date":"27 de October de 2024","format":false,"excerpt":"Ricardo Silva (PSD)\u00a0recebeu 50,13% dos votos e foi eleito no novo prefeito de Ribeir\u00e3o Preto na noite deste domingo (27). Ele venceu Marco Aur\u00e9lio (Novo) no segundo turno. Quem \u00e9 Ricardo Silva? Ricardo Silva tem 39 anos, \u00e9 casado, pai da Helena, graduado em Direito, advogado, e tamb\u00e9m formado em\u2026","rel":"","context":"In &quot;Not\u00edcias de Ribeir\u00e3o Preto-SP e Regi\u00e3o&quot;","block_context":{"text":"Not\u00edcias de Ribeir\u00e3o Preto-SP e Regi\u00e3o","link":"https:\/\/noticiasribeiraopreto.com.br\/index.php\/category\/noticias-de-ribeirao-preto-sp-e-regiao-ismael-colosi\/"},"img":{"alt_text":"","src":"https:\/\/i0.wp.com\/noticiasribeiraopreto.com.br\/wp-content\/uploads\/2024\/09\/ricardo-silva-1_2024-09-19_21-15-11_jpg_2024-09-19_21-15-11.webp.webp?fit=1200%2C739&ssl=1&resize=350%2C200","width":350,"height":200,"srcset":"https:\/\/i0.wp.com\/noticiasribeiraopreto.com.br\/wp-content\/uploads\/2024\/09\/ricardo-silva-1_2024-09-19_21-15-11_jpg_2024-09-19_21-15-11.webp.webp?fit=1200%2C739&ssl=1&resize=350%2C200 1x, https:\/\/i0.wp.com\/noticiasribeiraopreto.com.br\/wp-content\/uploads\/2024\/09\/ricardo-silva-1_2024-09-19_21-15-11_jpg_2024-09-19_21-15-11.webp.webp?fit=1200%2C739&ssl=1&resize=525%2C300 1.5x, https:\/\/i0.wp.com\/noticiasribeiraopreto.com.br\/wp-content\/uploads\/2024\/09\/ricardo-silva-1_2024-09-19_21-15-11_jpg_2024-09-19_21-15-11.webp.webp?fit=1200%2C739&ssl=1&resize=700%2C400 2x, https:\/\/i0.wp.com\/noticiasribeiraopreto.com.br\/wp-content\/uploads\/2024\/09\/ricardo-silva-1_2024-09-19_21-15-11_jpg_2024-09-19_21-15-11.webp.webp?fit=1200%2C739&ssl=1&resize=1050%2C600 3x"},"classes":[]},{"id":59651,"url":"https:\/\/noticiasribeiraopreto.com.br\/index.php\/2024\/10\/27\/ricardo-silva-do-psd-e-eleito-prefeito-de-ribeirao-preto-com-foco-em-mudancas-estruturais\/","url_meta":{"origin":60117,"position":5},"title":"Ricardo Silva, do PSD, \u00e9 Eleito Prefeito de Ribeir\u00e3o Preto com Foco em Mudan\u00e7as Estruturais","author":"noticiasribeiraopreto.com.br","date":"27 de October de 2024","format":false,"excerpt":"Ricardo Silva, candidato pelo Partido Social Democr\u00e1tico (PSD), foi eleito prefeito de Ribeir\u00e3o Preto, consolidando sua lideran\u00e7a com propostas de inova\u00e7\u00e3o e crescimento econ\u00f4mico. Com uma campanha voltada para a moderniza\u00e7\u00e3o das pol\u00edticas p\u00fablicas e o desenvolvimento urbano, Ricardo venceu o pleito com uma ampla margem de votos, recebendo apoio\u2026","rel":"","context":"In &quot;Not\u00edcias de Ribeir\u00e3o Preto-SP e Regi\u00e3o&quot;","block_context":{"text":"Not\u00edcias de Ribeir\u00e3o Preto-SP e Regi\u00e3o","link":"https:\/\/noticiasribeiraopreto.com.br\/index.php\/category\/noticias-de-ribeirao-preto-sp-e-regiao-ismael-colosi\/"},"img":{"alt_text":"","src":"https:\/\/i0.wp.com\/noticiasribeiraopreto.com.br\/wp-content\/uploads\/2024\/10\/ricardo-silva_2024-09-27_14-05-41_jpg_2024-09-27_14-05-41.webp.webp?fit=1200%2C863&ssl=1&resize=350%2C200","width":350,"height":200,"srcset":"https:\/\/i0.wp.com\/noticiasribeiraopreto.com.br\/wp-content\/uploads\/2024\/10\/ricardo-silva_2024-09-27_14-05-41_jpg_2024-09-27_14-05-41.webp.webp?fit=1200%2C863&ssl=1&resize=350%2C200 1x, https:\/\/i0.wp.com\/noticiasribeiraopreto.com.br\/wp-content\/uploads\/2024\/10\/ricardo-silva_2024-09-27_14-05-41_jpg_2024-09-27_14-05-41.webp.webp?fit=1200%2C863&ssl=1&resize=525%2C300 1.5x, https:\/\/i0.wp.com\/noticiasribeiraopreto.com.br\/wp-content\/uploads\/2024\/10\/ricardo-silva_2024-09-27_14-05-41_jpg_2024-09-27_14-05-41.webp.webp?fit=1200%2C863&ssl=1&resize=700%2C400 2x, https:\/\/i0.wp.com\/noticiasribeiraopreto.com.br\/wp-content\/uploads\/2024\/10\/ricardo-silva_2024-09-27_14-05-41_jpg_2024-09-27_14-05-41.webp.webp?fit=1200%2C863&ssl=1&resize=1050%2C600 3x"},"classes":[]}],"jetpack_sharing_enabled":true,"jetpack_shortlink":"https:\/\/wp.me\/peQAOb-fDD","_links":{"self":[{"href":"https:\/\/noticiasribeiraopreto.com.br\/index.php\/wp-json\/wp\/v2\/posts\/60117","targetHints":{"allow":["GET"]}}],"collection":[{"href":"https:\/\/noticiasribeiraopreto.com.br\/index.php\/wp-json\/wp\/v2\/posts"}],"about":[{"href":"https:\/\/noticiasribeiraopreto.com.br\/index.php\/wp-json\/wp\/v2\/types\/post"}],"author":[{"embeddable":true,"href":"https:\/\/noticiasribeiraopreto.com.br\/index.php\/wp-json\/wp\/v2\/users\/1"}],"replies":[{"embeddable":true,"href":"https:\/\/noticiasribeiraopreto.com.br\/index.php\/wp-json\/wp\/v2\/comments?post=60117"}],"version-history":[{"count":0,"href":"https:\/\/noticiasribeiraopreto.com.br\/index.php\/wp-json\/wp\/v2\/posts\/60117\/revisions"}],"wp:featuredmedia":[{"embeddable":true,"href":"https:\/\/noticiasribeiraopreto.com.br\/index.php\/wp-json\/wp\/v2\/media\/60118"}],"wp:attachment":[{"href":"https:\/\/noticiasribeiraopreto.com.br\/index.php\/wp-json\/wp\/v2\/media?parent=60117"}],"wp:term":[{"taxonomy":"category","embeddable":true,"href":"https:\/\/noticiasribeiraopreto.com.br\/index.php\/wp-json\/wp\/v2\/categories?post=60117"},{"taxonomy":"post_tag","embeddable":true,"href":"https:\/\/noticiasribeiraopreto.com.br\/index.php\/wp-json\/wp\/v2\/tags?post=60117"}],"curies":[{"name":"wp","href":"https:\/\/api.w.org\/{rel}","templated":true}]}}