{"id":60119,"date":"2024-11-06T14:20:30","date_gmt":"2024-11-06T17:20:30","guid":{"rendered":"https:\/\/noticiasribeiraopreto.com.br\/index.php\/2024\/11\/06\/shoppings-de-ribeirao-anunciam-chegada-do-papai-noel-veja-programacao\/"},"modified":"2024-11-06T14:20:30","modified_gmt":"2024-11-06T17:20:30","slug":"shoppings-de-ribeirao-anunciam-chegada-do-papai-noel-veja-programacao","status":"publish","type":"post","link":"https:\/\/noticiasribeiraopreto.com.br\/index.php\/2024\/11\/06\/shoppings-de-ribeirao-anunciam-chegada-do-papai-noel-veja-programacao\/","title":{"rendered":"Shoppings de Ribeir\u00e3o anunciam chegada do Papai Noel; Veja programa\u00e7\u00e3o"},"content":{"rendered":"<p> <br \/>\n<\/p>\n<div>\n<p>O clima natalino come\u00e7a a tomar conta dos quatro shoppings de Ribeir\u00e3o Preto, neste final de semana, com a chegada do Papai Noel.<\/p>\n<p>A programa\u00e7\u00e3o nos empreendimentos ainda conta com inaugura\u00e7\u00e3o da decora\u00e7\u00e3o de Natal, apresenta\u00e7\u00e3o musical, brinquedos, passeio virtual no tren\u00f3 do bom velhinho, cen\u00e1rios natalinos instagram\u00e1veis e mais. Confira:<\/p>\n<h3 class=\"wp-block-heading\"><strong>Ribeir\u00e3o Shopping<\/strong><\/h3>\n<p>Com o tema \u201c<strong>F\u00e1brica de Biscoitos<\/strong>\u201c, o <strong>Ribeir\u00e3o Shopping<\/strong> inaugura sua <strong>decora\u00e7\u00e3o de Natal<\/strong> nesta <strong>sexta-feira (8)<\/strong>, \u00e0s 19h, com um show teatral e interativo sobre a import\u00e2ncia da uni\u00e3o. <mark style=\"background-color:#fcb900\" class=\"has-inline-color\">A <strong>chegada do Papai Noel<\/strong> acontece na sequ\u00eancia, junto com a<strong> Parada de Natal<\/strong> com personagens e <strong>show de neve artificial<\/strong>.<\/mark><\/p>\n<p>Entre as atra\u00e7\u00f5es est\u00e3o<strong> \u00e1rvores de Natal de 43, 10 e 7,5 metros de altura<\/strong>, <strong>espa\u00e7os instagram\u00e1veis<\/strong>, <strong>pres\u00e9pio <\/strong>e <strong>pequenos cen\u00e1rios e enfeites<\/strong> em todo o shopping.<\/p>\n<p>As crian\u00e7as ter\u00e3o brinquedos como <strong>escorregador<\/strong>, <strong>balan\u00e7o rema rema<\/strong>, <strong>carrinhos sobre trilhos<\/strong>,<strong> samba balloon<\/strong> e <strong>gangorra adaptada para pessoas com defici\u00eancia (PcD)<\/strong> para divers\u00e3o \u2013 <mark style=\"background-color:#fcb900\" class=\"has-inline-color\">entre eles, o carrinho sob trilhos e o samba balloon s\u00e3o pagos, com ingresso no valor de <strong>R$ 25,00<\/strong> cada um.<\/mark><\/p>\n<p>O <strong>Ribeir\u00e3o Shopping<\/strong> tamb\u00e9m oferece <strong>oficinas tem\u00e1ticas gratuitas<\/strong> de <strong>cartinha para o Papai Noel<\/strong> e de <strong>biscoitos natalinos (gingerbread)<\/strong> a partir do dia 9 de novembro, de quinta a domingo. As vagas s\u00e3o limitadas e devem ser realizadas pelo App Multi.<\/p>\n<h4 class=\"wp-block-heading\"><strong>Servi\u00e7o<\/strong><\/h4>\n<p><em>Abertura da decora\u00e7\u00e3o \u201cF\u00e1brica de Biscoitos do Ribeir\u00e3o Shopping\u201d<\/em><\/p>\n<ul>\n<li>Quando: 8 de novembro de 2024, sexta-feira<\/li>\n<\/ul>\n<ul>\n<li>Hor\u00e1rio: 19h com show teatral e interativo, seguido das tradicionais chegada do Papai Noel, Parada de Natal com personagens e show de neve artificial.<\/li>\n<\/ul>\n<ul>\n<li>Hor\u00e1rios de visita ao Papai Noel: Novembro e dezembro \u2013 das 14h \u00e0s 22h (de segunda a s\u00e1bado) e das 14h \u00e0s 20h (aos domingos e feriados) | Dia 24 de dezembro \u2013 das 10h \u00e0s 18h.<\/li>\n<\/ul>\n<p><em>Hor\u00e1rios das Oficinas<\/em><\/p>\n<ul>\n<li>Cartinhas ao Papai Noel: De 09 \u00e0 21\/12, sendo \u00e0s quintas feiras \u00e0s 17h, e aos s\u00e1bados \u00e0s 15h00. Inscri\u00e7\u00f5es limitadas, via App Multi.<\/li>\n<\/ul>\n<ul>\n<li>Gingerbread: De 10\/11 \u00e0 05\/01, sendo \u00e0s sextas \u00e0s 17h, e aos domingos \u00e0s 15h00 at\u00e9 21\/12. Ap\u00f3s 22\/12, \u00e0s Quintas e Sextas feiras, das 17h00, e aos S\u00e1bados e Domingos \u00e0s 15h00. Inscri\u00e7\u00f5es limitadas, Via App Multi.<\/li>\n<\/ul>\n<hr class=\"wp-block-separator has-alpha-channel-opacity\"\/>\n<h4 class=\"wp-block-heading\"><strong>Novo Shopping<\/strong><\/h4>\n<p>O <strong>Novo Shopping de Ribeir\u00e3o Preto<\/strong> celebra 25 de hist\u00f3ria e preparou uma <strong>programa\u00e7\u00e3o especial de Natal<\/strong>. Com o tema \u201c<strong>Natal de Norte a Sul<\/strong>\u201c, a decora\u00e7\u00e3o natalina ser\u00e1 inaugurada no <strong>s\u00e1bado (9)<\/strong>, \u00e0s 10h.<\/p>\n<p>A programa\u00e7\u00e3o inclui a<strong> <\/strong><mark style=\"background-color:#fcb900\" class=\"has-inline-color\"><strong>chegada do papai Noel<\/strong>, <strong>foca e letreiro gigante<\/strong>, e uma <strong>apresenta\u00e7\u00e3o musical<\/strong><\/mark>, que ser\u00e1 um <strong>espet\u00e1culo de Natal<\/strong> com luz, som e personagens natalinos. O show vai acontecer todos os finais de semana, na pra\u00e7a de eventos.<\/p>\n<p>Outra atra\u00e7\u00e3o do <strong>Novo Shopping<\/strong> \u00e9 o \u2018<strong><em>\u00c1rtico Pocket<\/em><\/strong>\u2019, um ambiente que proporciona uma <strong>experi\u00eancia polar com neve<\/strong>, bonecos, escorregador de gelo e iglu. O espa\u00e7o tamb\u00e9m oferece uma nevasca aut\u00eantica, \u00e1reas para brincar de anjinhos de neve e batalhas com bolas de neve.<\/p>\n<p>A<strong> atra\u00e7\u00e3o \u00e9 paga<\/strong> e os ingressos podem ser adquiridos de <strong>forma on-line (<a href=\"https:\/\/bileto.sympla.com.br\/event\/97315\/d\/272989\" target=\"_blank\" rel=\"noreferrer noopener\">clique aqui<\/a>)<\/strong>. Para garantir a seguran\u00e7a, os visitantes devem usar sapatos fechados, al\u00e9m de luvas e casacos t\u00e9rmicos, dispon\u00edveis para aluguel no local.<\/p>\n<h4 class=\"wp-block-heading\"><strong>Servi\u00e7o<\/strong><\/h4>\n<p><em>Abertura da decora\u00e7\u00e3o \u201cNatal de Norte a Sul no Novo Shopping\u201d<\/em><\/p>\n<ul>\n<li>Quando: 9 de novembro de 2024, s\u00e1bado<\/li>\n<\/ul>\n<ul>\n<li>Hor\u00e1rio: 10h com a chegada do Papai Noel<\/li>\n<\/ul>\n<ul>\n<li>Espet\u00e1culo de Natal: todos os s\u00e1bados e domingos de novembro e dezembro, em dois hor\u00e1rios, \u00e0s 10h e \u00e0s 16h.<\/li>\n<li><em>\u00c1rtico Pocket<\/em> \u2013 <a href=\"https:\/\/bileto.sympla.com.br\/event\/97315\/d\/272989\" target=\"_blank\" rel=\"noreferrer noopener\">clique aqui<\/a> para adquirir os ingressos<\/li>\n<\/ul>\n<hr class=\"wp-block-separator has-alpha-channel-opacity\"\/>\n<h3 class=\"wp-block-heading\"><strong>Shopping Santa \u00darsula<\/strong><\/h3>\n<p>Com o tema \u201c<strong>Do\u00e7uras de Natal do Santa<\/strong>\u201d, o <strong>shopping Santa \u00darsula<\/strong> dar\u00e1 in\u00edcio a sua <strong>programa\u00e7\u00e3o de natal<\/strong> neste <strong>domingo (10)<\/strong>, a partir das 16h, <mark style=\"background-color:#fcb900\" class=\"has-inline-color\"><strong>com a chegada do Papai Noel e parada de Natal.<\/strong><\/mark><\/p>\n<p>Entre as atra\u00e7\u00f5es est\u00e3o uma <strong>\u00e1rvore de Natal de quatro metros<\/strong>, <strong>pres\u00e9pio <\/strong>e <strong>letreiro gigante<\/strong>. Ao longo dos corredores do shopping, todos poder\u00e3o apreciar <strong>colunas ornamentadas<\/strong>, mais de <strong>13 metros de cascatas de luzes<\/strong>, <strong>guirlandas <\/strong>e<strong> fest\u00f5es suspensos<\/strong>.<\/p>\n<p>A fachada e as palmeiras receberam mais de <strong>450 metros de mangueiras de LED neon<\/strong>, mais de mil cord\u00f5es de pisca-pisca, al\u00e9m de cascatas luminosas e arabescos que trazem ainda mais brilho a este per\u00edodo t\u00e3o especial.<\/p>\n<p>O <strong>Papai Noel <\/strong>receber\u00e1 crian\u00e7as e fam\u00edlias na Pra\u00e7a de Alimenta\u00e7\u00e3o, todos os dias. Ao lado do bom velhinho, haver\u00e1 um <strong>espa\u00e7o para que os animais de estima\u00e7\u00e3o tamb\u00e9m possam participar da foto oficial de Natal.<\/strong><\/p>\n<h4 class=\"wp-block-heading\"><strong>Servi\u00e7o<\/strong><\/h4>\n<p><em>Abertura da decora\u00e7\u00e3o \u201cDo\u00e7uras de Natal do Santa \u00darsula\u201d<\/em><\/p>\n<ul>\n<li>Quando: a partir de 10 de novembro de 2024<\/li>\n<\/ul>\n<ul>\n<li>Chegada do Papai Noel: 10 de novembro de 2024, \u00e0s 16h, com parada de Natal.\u00a0<\/li>\n<li>Programa\u00e7\u00e3o gratuita<\/li>\n<\/ul>\n<hr class=\"wp-block-separator has-alpha-channel-opacity\"\/>\n<h3 class=\"wp-block-heading\"><strong>Shopping Iguatemi<\/strong><\/h3>\n<p><mark style=\"background-color:#fcb900\" class=\"has-inline-color\">A <strong>chegada do Papai Noel<\/strong> ao <strong>shopping Iguatemi de Ribeir\u00e3o Preto<\/strong> acontece no <strong>domingo (10)<\/strong><\/mark>, a partir das 18h, com um <strong>desfile de personagens interativos<\/strong>, <strong>m\u00fasica <\/strong>e <strong>cortejo <\/strong>do bom velhinho at\u00e9 o seu trono. <strong>A decora\u00e7\u00e3o, no entanto, pode ser conferida a partir desta sexta-feira (8).<\/strong><\/p>\n<p>Entre as atra\u00e7\u00f5es do shopping est\u00e3o o famoso <strong>urs\u00e3o<\/strong>, que trocar\u00e1 de figurino ao longo do per\u00edodo, <strong>trono pet<\/strong>, <strong>cen\u00e1rios com muitas luzes<\/strong> e riqueza em detalhes, al\u00e9m de <strong>mini cenas <\/strong>espalhadas pelo empreendimento.<\/p>\n<p>Al\u00e9m disso, o destaque vai para o<strong> elevador simulador<\/strong>, uma atra\u00e7\u00e3o localizada na pra\u00e7a de eventos, que proporcionar\u00e1 uma <strong><mark style=\"background-color:#fcb900\" class=\"has-inline-color\">experi\u00eancia imersiva ao levar os clientes para um passeio virtual junto ao tren\u00f3 do Noel.<\/mark><\/strong> A visita \u00e9 <strong>gratuita <\/strong>e funcionar\u00e1 durante o hor\u00e1rio comercial do shopping \u2013 para participar os interessados devem resgatar o acesso pelo app Iguatemi One.<\/p>\n<p>A programa\u00e7\u00e3o ainda conta com <strong>oficina de massinhas tem\u00e1tica de Natal<\/strong>, <strong>cria\u00e7\u00e3o de pulseira<\/strong>, com o apoio de uma monitoria recreativa, <strong>oficina de artes<\/strong> e <strong>oficina pintura de esculturas de gesso natalinas<\/strong>. As atividades s\u00e3o gratuitas e acontecem das 12h \u00e0s 20h, a partir do dia 15 de novembro.<\/p>\n<h4 class=\"wp-block-heading\"><strong>Servi\u00e7o<\/strong><\/h4>\n<p><em>Programa\u00e7\u00e3o | Chegada do Papai Noel Iguatemi Ribeir\u00e3o Preto<\/em><\/p>\n<ul>\n<li>Quando: 10 de novembro de 2024, domingo<\/li>\n<\/ul>\n<ul>\n<li>Local: In\u00edcio no Estacionamento em frente \u00e0 Tok&amp;Stok<\/li>\n<\/ul>\n<ul>\n<li>\u00c0s 18h: Abertura do evento<\/li>\n<\/ul>\n<ul>\n<li>\u00c0s 18h30: Show de Natal e cortejo do Papai Noel at\u00e9 seu trono, no Piso Superior<\/li>\n<\/ul>\n<ul>\n<li>Hor\u00e1rios de visita ao Papai Noel: entre os meses de novembro e dezembro, de segunda a domingo (inclusive feriados), das 14h \u00e0s 20h. Aos s\u00e1bados, das 10h \u00e0s 22h | Dia 24\/12, das 10h \u00e0s 18h<\/li>\n<\/ul>\n<p><em>Oficinas tem\u00e1ticas de Natal<\/em><\/p>\n<p>Hor\u00e1rio: das 12h \u00e0s 20h<\/p>\n<ul>\n<li>15 a 17\/11 \u2013 Oficina de massinhas<\/li>\n<\/ul>\n<ul>\n<li>20\/11 \u2013 Oficina de pulseiras<\/li>\n<\/ul>\n<ul>\n<li>22 a 24\/11 \u2013 Oficina de artes<\/li>\n<\/ul>\n<ul>\n<li>29 a 01\/12 \u2013 Oficina de pintura de gesso natalinas<\/li>\n<\/ul>\n<hr class=\"wp-block-separator has-alpha-channel-opacity\"\/>\n<p>SAIBA MAIS<\/p>\n<p>Belo traz nova turn\u00ea para Ribeir\u00e3o Preto; Veja quando<\/p>\n<h4 class=\"wp-block-heading\"><strong>FIQUE ON<\/strong><\/h4>\n<p>Fique ligado em tudo que acontece em Ribeir\u00e3o Preto e regi\u00e3o. Siga os perfis do\u00a0<strong>acidade on\u00a0<\/strong>no\u00a0<a href=\"https:\/\/www.instagram.com\/acidadeonribeirao\" target=\"_blank\" rel=\"noreferrer noopener\">Instagram<\/a>\u00a0e no\u00a0<a href=\"https:\/\/www.facebook.com\/acidadeonribeirao\" target=\"_blank\" rel=\"noreferrer noopener\">Facebook<\/a>.<\/p>\n<p>Receba not\u00edcias do<strong>\u00a0acidade on<\/strong>\u00a0no WhatsApp. Para entrar no grupo, basta\u00a0<a href=\"https:\/\/chat.whatsapp.com\/Dtv9mxhy6V5BJBotM2OQ5k\" target=\"_blank\" rel=\"noreferrer noopener\">clicar aqui<\/a>.<\/p>\n<p>Fa\u00e7a uma den\u00fancia ou sugira uma reportagem sobre Ribeir\u00e3o Preto e regi\u00e3o pelo WhatsApp: 16 99117 7802.<\/p>\n<p>VEJA TAMB\u00c9M<\/p>\n<p>Quem \u00e9 a atriz mirim que Diddy convidou para festa?<\/p>\n<p><!-- CONTENT END 1 -->\n<\/div>\n<p><script async src=\"\/\/www.instagram.com\/embed.js\"><\/script><br \/>\n<br \/><br \/>\n<br \/><a href=\"https:\/\/www.acidadeon.com\/ribeiraopreto\/lazer-e-cultura\/shoppings-de-ribeirao-anunciam-chegada-do-papai-noel-veja-programacao\/\">Source link <\/a><\/p>\n","protected":false},"excerpt":{"rendered":"<p>O clima natalino come\u00e7a a tomar conta dos quatro shoppings de Ribeir\u00e3o Preto, neste final de semana, com a chegada do Papai Noel. A programa\u00e7\u00e3o&#8230;<\/p>\n","protected":false},"author":1,"featured_media":60120,"comment_status":"open","ping_status":"open","sticky":false,"template":"","format":"standard","meta":{"advanced_seo_description":"","jetpack_seo_html_title":"","jetpack_seo_noindex":false,"jetpack_post_was_ever_published":false,"_jetpack_newsletter_access":"","_jetpack_dont_email_post_to_subs":false,"_jetpack_newsletter_tier_id":0,"_jetpack_memberships_contains_paywalled_content":false,"_jetpack_memberships_contains_paid_content":false,"footnotes":"","jetpack_publicize_message":"","jetpack_publicize_feature_enabled":true,"jetpack_social_post_already_shared":true,"jetpack_social_options":{"image_generator_settings":{"template":"highway","default_image_id":0,"font":"","enabled":false},"version":2}},"categories":[11],"tags":[],"class_list":["post-60119","post","type-post","status-publish","format-standard","has-post-thumbnail","hentry","category-noticias-de-ribeirao-preto-sp-e-regiao-ismael-colosi"],"jetpack_publicize_connections":[],"jetpack_featured_media_url":"https:\/\/i0.wp.com\/noticiasribeiraopreto.com.br\/wp-content\/uploads\/2024\/11\/WhatsApp-Image-2024-11-05-at-19.19.04_2024-11-06_16-48-07_jpeg_2024-11-06_16-48-08-scaled.webp.webp?fit=2560%2C1439&ssl=1","jetpack-related-posts":[{"id":79643,"url":"https:\/\/noticiasribeiraopreto.com.br\/index.php\/2025\/11\/05\/natal-2025-confira-quando-os-shoppings-de-ribeirao-recebem-o-papai-noel\/","url_meta":{"origin":60119,"position":0},"title":"Natal 2025: confira quando os shoppings de Ribeir\u00e3o recebem o Papai Noel","author":"noticiasribeiraopreto.com.br","date":"5 de November de 2025","format":false,"excerpt":"Os shoppings de Ribeir\u00e3o Preto v\u00e3o entrar em clima de Natal a partir do dia 7 de novembro, com a chegada do Papai Noel e decora\u00e7\u00f5es natalinas. Confira abaixo todos os detalhes da passagem do velhinho pela cidade e regi\u00e3o. Ribeir\u00e3o Shopping O Ribeir\u00e3o Shopping inaugura oficialmente sua decora\u00e7\u00e3o natalina\u2026","rel":"","context":"In &quot;Not\u00edcias de Ribeir\u00e3o Preto-SP e Regi\u00e3o&quot;","block_context":{"text":"Not\u00edcias de Ribeir\u00e3o Preto-SP e Regi\u00e3o","link":"https:\/\/noticiasribeiraopreto.com.br\/index.php\/category\/noticias-de-ribeirao-preto-sp-e-regiao-ismael-colosi\/"},"img":{"alt_text":"","src":"https:\/\/i0.wp.com\/noticiasribeiraopreto.com.br\/wp-content\/uploads\/2025\/11\/WhatsApp-Image-2025-11-04-at-09.42.14_2025-11-04_15-10-13.webp.webp?fit=1200%2C799&ssl=1&resize=350%2C200","width":350,"height":200,"srcset":"https:\/\/i0.wp.com\/noticiasribeiraopreto.com.br\/wp-content\/uploads\/2025\/11\/WhatsApp-Image-2025-11-04-at-09.42.14_2025-11-04_15-10-13.webp.webp?fit=1200%2C799&ssl=1&resize=350%2C200 1x, https:\/\/i0.wp.com\/noticiasribeiraopreto.com.br\/wp-content\/uploads\/2025\/11\/WhatsApp-Image-2025-11-04-at-09.42.14_2025-11-04_15-10-13.webp.webp?fit=1200%2C799&ssl=1&resize=525%2C300 1.5x, https:\/\/i0.wp.com\/noticiasribeiraopreto.com.br\/wp-content\/uploads\/2025\/11\/WhatsApp-Image-2025-11-04-at-09.42.14_2025-11-04_15-10-13.webp.webp?fit=1200%2C799&ssl=1&resize=700%2C400 2x, https:\/\/i0.wp.com\/noticiasribeiraopreto.com.br\/wp-content\/uploads\/2025\/11\/WhatsApp-Image-2025-11-04-at-09.42.14_2025-11-04_15-10-13.webp.webp?fit=1200%2C799&ssl=1&resize=1050%2C600 3x"},"classes":[]},{"id":9333,"url":"https:\/\/noticiasribeiraopreto.com.br\/index.php\/2023\/12\/01\/tudo-sobre-a-chegada-do-papai-noel-no-centro-de-ribeirao-preto\/","url_meta":{"origin":60119,"position":1},"title":"Tudo sobre a chegada do Papai Noel no Centro de Ribeir\u00e3o Preto\u00a0","author":"noticiasribeiraopreto.com.br","date":"1 de December de 2023","format":false,"excerpt":"A chegada do Papai Noel em dezembro marca o fim de ano em Ribeir\u00e3o Preto, junto das decora\u00e7\u00f5es de Natal. A programa\u00e7\u00e3o faz parte da 21\u00aa edi\u00e7\u00e3o da campanha Natal Luz da Associa\u00e7\u00e3o Comercial e Industrial da cidade (Acirp).\u00a0 Confira tudo o que voc\u00ea precisa saber sobre a chegada do\u2026","rel":"","context":"In &quot;Not\u00edcias de Ribeir\u00e3o Preto-SP e Regi\u00e3o&quot;","block_context":{"text":"Not\u00edcias de Ribeir\u00e3o Preto-SP e Regi\u00e3o","link":"https:\/\/noticiasribeiraopreto.com.br\/index.php\/category\/noticias-de-ribeirao-preto-sp-e-regiao-ismael-colosi\/"},"img":{"alt_text":"","src":"https:\/\/i0.wp.com\/noticiasribeiraopreto.com.br\/wp-content\/uploads\/2023\/12\/papai-noel-foto-fabrica-de-retratos-acirp-scaled.jpg?fit=1200%2C800&ssl=1&resize=350%2C200","width":350,"height":200,"srcset":"https:\/\/i0.wp.com\/noticiasribeiraopreto.com.br\/wp-content\/uploads\/2023\/12\/papai-noel-foto-fabrica-de-retratos-acirp-scaled.jpg?fit=1200%2C800&ssl=1&resize=350%2C200 1x, https:\/\/i0.wp.com\/noticiasribeiraopreto.com.br\/wp-content\/uploads\/2023\/12\/papai-noel-foto-fabrica-de-retratos-acirp-scaled.jpg?fit=1200%2C800&ssl=1&resize=525%2C300 1.5x, https:\/\/i0.wp.com\/noticiasribeiraopreto.com.br\/wp-content\/uploads\/2023\/12\/papai-noel-foto-fabrica-de-retratos-acirp-scaled.jpg?fit=1200%2C800&ssl=1&resize=700%2C400 2x, https:\/\/i0.wp.com\/noticiasribeiraopreto.com.br\/wp-content\/uploads\/2023\/12\/papai-noel-foto-fabrica-de-retratos-acirp-scaled.jpg?fit=1200%2C800&ssl=1&resize=1050%2C600 3x"},"classes":[]},{"id":60604,"url":"https:\/\/noticiasribeiraopreto.com.br\/index.php\/2024\/11\/19\/papai-noel-ja-tem-data-para-chegar-ao-centro-de-ribeirao-veja-programacao\/","url_meta":{"origin":60119,"position":2},"title":"Papai Noel j\u00e1 tem data para chegar ao Centro de Ribeir\u00e3o; Veja programa\u00e7\u00e3o","author":"noticiasribeiraopreto.com.br","date":"19 de November de 2024","format":false,"excerpt":"O clima natalino come\u00e7a a tomar conta de Ribeir\u00e3o Preto a partir do dia 30 de novembro, com a chegada do Papai Noel e inaugura\u00e7\u00e3o da decora\u00e7\u00e3o de Natal no Centro do munic\u00edpio. Neste ano, a ilumina\u00e7\u00e3o especial ser\u00e1 ampliada, com instala\u00e7\u00f5es nas pra\u00e7as XV de Novembro, das Bandeiras e\u2026","rel":"","context":"In &quot;Not\u00edcias de Ribeir\u00e3o Preto-SP e Regi\u00e3o&quot;","block_context":{"text":"Not\u00edcias de Ribeir\u00e3o Preto-SP e Regi\u00e3o","link":"https:\/\/noticiasribeiraopreto.com.br\/index.php\/category\/noticias-de-ribeirao-preto-sp-e-regiao-ismael-colosi\/"},"img":{"alt_text":"","src":"https:\/\/i0.wp.com\/noticiasribeiraopreto.com.br\/wp-content\/uploads\/2024\/11\/IGOR6650_2024-11-19_18-22-30_jpg_2024-11-19_18-22-34-scaled.webp.webp?fit=1200%2C800&ssl=1&resize=350%2C200","width":350,"height":200,"srcset":"https:\/\/i0.wp.com\/noticiasribeiraopreto.com.br\/wp-content\/uploads\/2024\/11\/IGOR6650_2024-11-19_18-22-30_jpg_2024-11-19_18-22-34-scaled.webp.webp?fit=1200%2C800&ssl=1&resize=350%2C200 1x, https:\/\/i0.wp.com\/noticiasribeiraopreto.com.br\/wp-content\/uploads\/2024\/11\/IGOR6650_2024-11-19_18-22-30_jpg_2024-11-19_18-22-34-scaled.webp.webp?fit=1200%2C800&ssl=1&resize=525%2C300 1.5x, https:\/\/i0.wp.com\/noticiasribeiraopreto.com.br\/wp-content\/uploads\/2024\/11\/IGOR6650_2024-11-19_18-22-30_jpg_2024-11-19_18-22-34-scaled.webp.webp?fit=1200%2C800&ssl=1&resize=700%2C400 2x, https:\/\/i0.wp.com\/noticiasribeiraopreto.com.br\/wp-content\/uploads\/2024\/11\/IGOR6650_2024-11-19_18-22-30_jpg_2024-11-19_18-22-34-scaled.webp.webp?fit=1200%2C800&ssl=1&resize=1050%2C600 3x"},"classes":[]},{"id":60954,"url":"https:\/\/noticiasribeiraopreto.com.br\/index.php\/2024\/11\/29\/saiba-tudo-sobre-a-chegada-do-papai-noel-no-centro-de-ribeirao-preto\/","url_meta":{"origin":60119,"position":3},"title":"Saiba tudo sobre a chegada do Papai Noel no Centro de Ribeir\u00e3o Preto","author":"noticiasribeiraopreto.com.br","date":"29 de November de 2024","format":false,"excerpt":"A magia do Natal come\u00e7a em Ribeir\u00e3o Preto neste s\u00e1bado (30), \u00e0s 10h, com a inaugura\u00e7\u00e3o da decora\u00e7\u00e3o natalina no Centro da cidade e, claro, a chegada do Papai Noel. O Bom Velhinho desfilar\u00e1 pelas ruas do Centro junto com um grupo musical, elfos e outros seres m\u00e1gicos.\u00a0A caminhada termina\u2026","rel":"","context":"In &quot;Not\u00edcias de Ribeir\u00e3o Preto-SP e Regi\u00e3o&quot;","block_context":{"text":"Not\u00edcias de Ribeir\u00e3o Preto-SP e Regi\u00e3o","link":"https:\/\/noticiasribeiraopreto.com.br\/index.php\/category\/noticias-de-ribeirao-preto-sp-e-regiao-ismael-colosi\/"},"img":{"alt_text":"","src":"https:\/\/i0.wp.com\/noticiasribeiraopreto.com.br\/wp-content\/uploads\/2024\/11\/IGOR6650_2024-11-19_18-22-30_jpg_2024-11-19_18-22-34-scaled.webp.webp?fit=1200%2C800&ssl=1&resize=350%2C200","width":350,"height":200,"srcset":"https:\/\/i0.wp.com\/noticiasribeiraopreto.com.br\/wp-content\/uploads\/2024\/11\/IGOR6650_2024-11-19_18-22-30_jpg_2024-11-19_18-22-34-scaled.webp.webp?fit=1200%2C800&ssl=1&resize=350%2C200 1x, https:\/\/i0.wp.com\/noticiasribeiraopreto.com.br\/wp-content\/uploads\/2024\/11\/IGOR6650_2024-11-19_18-22-30_jpg_2024-11-19_18-22-34-scaled.webp.webp?fit=1200%2C800&ssl=1&resize=525%2C300 1.5x, https:\/\/i0.wp.com\/noticiasribeiraopreto.com.br\/wp-content\/uploads\/2024\/11\/IGOR6650_2024-11-19_18-22-30_jpg_2024-11-19_18-22-34-scaled.webp.webp?fit=1200%2C800&ssl=1&resize=700%2C400 2x, https:\/\/i0.wp.com\/noticiasribeiraopreto.com.br\/wp-content\/uploads\/2024\/11\/IGOR6650_2024-11-19_18-22-30_jpg_2024-11-19_18-22-34-scaled.webp.webp?fit=1200%2C800&ssl=1&resize=1050%2C600 3x"},"classes":[]},{"id":80996,"url":"https:\/\/noticiasribeiraopreto.com.br\/index.php\/2025\/12\/20\/natal-em-cravinhos-tem-papai-noel-de-helicoptero-distribuicao-de-presentes-e-atracoes-culturais\/","url_meta":{"origin":60119,"position":4},"title":"Natal em Cravinhos tem Papai Noel de helic\u00f3ptero, distribui\u00e7\u00e3o de presentes e atra\u00e7\u00f5es culturais","author":"noticiasribeiraopreto.com.br","date":"20 de December de 2025","format":false,"excerpt":"O Papai Noel chega em grande estilo neste domingo (21) em Cravinhos, cidade a cerca de 23 quil\u00f4metros de Ribeir\u00e3o Preto. A chegada do Bom Velhinho est\u00e1 prevista a partir das 8h, no Est\u00e1dio J.D. Martins. Segundo a Administra\u00e7\u00e3o Municipal, a expectativa \u00e9 reunir cerca de quatro mil pessoas ao\u2026","rel":"","context":"In &quot;Not\u00edcias de Ribeir\u00e3o Preto-SP e Regi\u00e3o&quot;","block_context":{"text":"Not\u00edcias de Ribeir\u00e3o Preto-SP e Regi\u00e3o","link":"https:\/\/noticiasribeiraopreto.com.br\/index.php\/category\/noticias-de-ribeirao-preto-sp-e-regiao-ismael-colosi\/"},"img":{"alt_text":"","src":"https:\/\/i0.wp.com\/noticiasribeiraopreto.com.br\/wp-content\/uploads\/2025\/12\/600362987_1171242328544243_8418887030421037245_n-1_2025-12-19_19-29-20.webp.webp?fit=1181%2C834&ssl=1&resize=350%2C200","width":350,"height":200,"srcset":"https:\/\/i0.wp.com\/noticiasribeiraopreto.com.br\/wp-content\/uploads\/2025\/12\/600362987_1171242328544243_8418887030421037245_n-1_2025-12-19_19-29-20.webp.webp?fit=1181%2C834&ssl=1&resize=350%2C200 1x, https:\/\/i0.wp.com\/noticiasribeiraopreto.com.br\/wp-content\/uploads\/2025\/12\/600362987_1171242328544243_8418887030421037245_n-1_2025-12-19_19-29-20.webp.webp?fit=1181%2C834&ssl=1&resize=525%2C300 1.5x, https:\/\/i0.wp.com\/noticiasribeiraopreto.com.br\/wp-content\/uploads\/2025\/12\/600362987_1171242328544243_8418887030421037245_n-1_2025-12-19_19-29-20.webp.webp?fit=1181%2C834&ssl=1&resize=700%2C400 2x, https:\/\/i0.wp.com\/noticiasribeiraopreto.com.br\/wp-content\/uploads\/2025\/12\/600362987_1171242328544243_8418887030421037245_n-1_2025-12-19_19-29-20.webp.webp?fit=1181%2C834&ssl=1&resize=1050%2C600 3x"},"classes":[]},{"id":60968,"url":"https:\/\/noticiasribeiraopreto.com.br\/index.php\/2024\/11\/30\/veja-como-foi-a-chegada-do-papai-noel-ao-centro-de-ribeirao-preto-video\/","url_meta":{"origin":60119,"position":5},"title":"Veja como foi a chegada do Papai Noel ao Centro de Ribeir\u00e3o Preto; V\u00eddeo","author":"noticiasribeiraopreto.com.br","date":"30 de November de 2024","format":false,"excerpt":"O Papai Noel chegou ao Centro de Ribeir\u00e3o Preto na manh\u00e3 deste s\u00e1bado (30) com a inaugura\u00e7\u00e3o da decora\u00e7\u00e3o natalina \u2013 veja o v\u00eddeo abaixo. O Bom Velhinho poder\u00e1 ser visitado no Centro Cultural Palace, de segunda a sexta-feira, das 15h \u00e0s 21h (com entrada at\u00e9 20h), e aos s\u00e1bados\u2026","rel":"","context":"In &quot;Not\u00edcias de Ribeir\u00e3o Preto-SP e Regi\u00e3o&quot;","block_context":{"text":"Not\u00edcias de Ribeir\u00e3o Preto-SP e Regi\u00e3o","link":"https:\/\/noticiasribeiraopreto.com.br\/index.php\/category\/noticias-de-ribeirao-preto-sp-e-regiao-ismael-colosi\/"},"img":{"alt_text":"","src":"https:\/\/i0.wp.com\/noticiasribeiraopreto.com.br\/wp-content\/uploads\/2024\/11\/papai-noel_2024-11-30_14-26-03_jpg_2024-11-30_14-26-03.webp.webp?fit=1195%2C858&ssl=1&resize=350%2C200","width":350,"height":200,"srcset":"https:\/\/i0.wp.com\/noticiasribeiraopreto.com.br\/wp-content\/uploads\/2024\/11\/papai-noel_2024-11-30_14-26-03_jpg_2024-11-30_14-26-03.webp.webp?fit=1195%2C858&ssl=1&resize=350%2C200 1x, https:\/\/i0.wp.com\/noticiasribeiraopreto.com.br\/wp-content\/uploads\/2024\/11\/papai-noel_2024-11-30_14-26-03_jpg_2024-11-30_14-26-03.webp.webp?fit=1195%2C858&ssl=1&resize=525%2C300 1.5x, https:\/\/i0.wp.com\/noticiasribeiraopreto.com.br\/wp-content\/uploads\/2024\/11\/papai-noel_2024-11-30_14-26-03_jpg_2024-11-30_14-26-03.webp.webp?fit=1195%2C858&ssl=1&resize=700%2C400 2x, https:\/\/i0.wp.com\/noticiasribeiraopreto.com.br\/wp-content\/uploads\/2024\/11\/papai-noel_2024-11-30_14-26-03_jpg_2024-11-30_14-26-03.webp.webp?fit=1195%2C858&ssl=1&resize=1050%2C600 3x"},"classes":[]}],"jetpack_sharing_enabled":true,"jetpack_shortlink":"https:\/\/wp.me\/peQAOb-fDF","_links":{"self":[{"href":"https:\/\/noticiasribeiraopreto.com.br\/index.php\/wp-json\/wp\/v2\/posts\/60119","targetHints":{"allow":["GET"]}}],"collection":[{"href":"https:\/\/noticiasribeiraopreto.com.br\/index.php\/wp-json\/wp\/v2\/posts"}],"about":[{"href":"https:\/\/noticiasribeiraopreto.com.br\/index.php\/wp-json\/wp\/v2\/types\/post"}],"author":[{"embeddable":true,"href":"https:\/\/noticiasribeiraopreto.com.br\/index.php\/wp-json\/wp\/v2\/users\/1"}],"replies":[{"embeddable":true,"href":"https:\/\/noticiasribeiraopreto.com.br\/index.php\/wp-json\/wp\/v2\/comments?post=60119"}],"version-history":[{"count":0,"href":"https:\/\/noticiasribeiraopreto.com.br\/index.php\/wp-json\/wp\/v2\/posts\/60119\/revisions"}],"wp:featuredmedia":[{"embeddable":true,"href":"https:\/\/noticiasribeiraopreto.com.br\/index.php\/wp-json\/wp\/v2\/media\/60120"}],"wp:attachment":[{"href":"https:\/\/noticiasribeiraopreto.com.br\/index.php\/wp-json\/wp\/v2\/media?parent=60119"}],"wp:term":[{"taxonomy":"category","embeddable":true,"href":"https:\/\/noticiasribeiraopreto.com.br\/index.php\/wp-json\/wp\/v2\/categories?post=60119"},{"taxonomy":"post_tag","embeddable":true,"href":"https:\/\/noticiasribeiraopreto.com.br\/index.php\/wp-json\/wp\/v2\/tags?post=60119"}],"curies":[{"name":"wp","href":"https:\/\/api.w.org\/{rel}","templated":true}]}}