{"id":60121,"date":"2024-11-06T14:27:40","date_gmt":"2024-11-06T17:27:40","guid":{"rendered":"https:\/\/noticiasribeiraopreto.com.br\/index.php\/2024\/11\/06\/assaltantes-roubam-moto-de-porteiro-em-condominio-de-luxo-na-zona-sul-de-ribeirao\/"},"modified":"2024-11-06T14:27:40","modified_gmt":"2024-11-06T17:27:40","slug":"assaltantes-roubam-moto-de-porteiro-em-condominio-de-luxo-na-zona-sul-de-ribeirao","status":"publish","type":"post","link":"https:\/\/noticiasribeiraopreto.com.br\/index.php\/2024\/11\/06\/assaltantes-roubam-moto-de-porteiro-em-condominio-de-luxo-na-zona-sul-de-ribeirao\/","title":{"rendered":"Assaltantes roubam moto de porteiro em condom\u00ednio de luxo na zona Sul de Ribeir\u00e3o"},"content":{"rendered":"<p> <br \/>\n<\/p>\n<div data-td-block-uid=\"tdi_106\">\n<div class=\"tdb-block-inner td-fix-index\">\n<p><strong>Um porteiro teve a moto roubada na madrugada desta quarta-feira (6), ap\u00f3s criminosos invadirem a garagem de um pr\u00e9dio residencial onde a v\u00edtima trabalha, na zona Sul de Ribeir\u00e3o Preto.<\/strong><\/p>\n<p>Segundo relato da v\u00edtima \u00e0 <strong>PM (Pol\u00edcia Militar)<\/strong>, por volta das 2h30, <mark style=\"background-color:#fcb900\" class=\"has-inline-color has-black-color\">quatro ou cinco criminosos for\u00e7aram o port\u00e3o do edif\u00edcio de alto padr\u00e3o e conseguiram entrar na garagem do condom\u00ednio, localizado na rua Dr. Rubem Aloysio Monteiro Moreira, no Residencial Morro do Ip\u00ea, nas proximidades da avenida Professor Jo\u00e3o Fi\u00fasa.<\/mark><\/p>\n<p>Ainda conforme o relato, os <strong>assaltantes <\/strong>tentaram levar duas <strong>bicicletas<\/strong>. O <strong>porteiro <\/strong>disse que chegou a <strong>fechar <\/strong>o <strong>port\u00e3o <\/strong>na tentativa de <strong>impedir <\/strong>a <strong>fuga <\/strong>do grupo.<\/p>\n<p>Contudo, a <strong>v\u00edtima <\/strong>afirmou que foi <strong>amea\u00e7ada <\/strong>por um dos <strong>criminosos <\/strong>com uma <strong>faca <\/strong>e que <strong>liberou <\/strong>o <strong>port\u00e3o<\/strong>, quando o grupo deixou o local com a moto. <mark style=\"background-color:#fcb900\" class=\"has-inline-color has-black-color\">Nenhum suspeito foi preso. <\/mark><\/p>\n<p>Dois port\u00f5es e dois motores foram danificados no pr\u00e9dio. <\/p>\n<p>O ve\u00edculo do porteiro \u00e9 uma <strong>Honda Biz cinza <\/strong>com placa de <strong>Serrana<\/strong>, na regi\u00e3o de <strong>Ribeir\u00e3o<\/strong>.<\/p>\n<p>A v\u00edtima disse \u00e0 <strong>PM <\/strong>que iria registrar o <strong>roubo <\/strong>na <strong>Pol\u00edcia Civil <\/strong>por meio da <strong>internet<\/strong>.<\/p>\n<p>SAIBA MAIS<\/p>\n<p>Pol\u00edticos de Ribeir\u00e3o Preto parabenizam Trump pela vit\u00f3ria nos EUA<\/p>\n<h4 class=\"wp-block-heading\"><strong>FIQUE ON<\/strong><\/h4>\n<p>Fique ligado em tudo que acontece em Ribeir\u00e3o Preto e regi\u00e3o. Siga os perfis do\u00a0<strong>acidade on\u00a0<\/strong>no\u00a0<a href=\"https:\/\/www.instagram.com\/acidadeonribeirao\" target=\"_blank\" rel=\"noreferrer noopener\">Instagram<\/a>\u00a0e no\u00a0<a href=\"https:\/\/www.facebook.com\/acidadeonribeirao\/\" target=\"_blank\" rel=\"noreferrer noopener\">Facebook.<\/a><\/p>\n<p>Receba not\u00edcias do\u00a0<strong>acidade on<\/strong>\u00a0no WhatsApp.\u00a0<a href=\"https:\/\/chat.whatsapp.com\/Fg4ok3aAVyB59DP63pRapr\" target=\"_blank\" rel=\"noreferrer noopener\">Para entrar no grupo, basta clicar aqui.<\/a><\/p>\n<p>Fa\u00e7a uma den\u00fancia ou sugira uma reportagem sobre Ribeir\u00e3o Preto e regi\u00e3o pelo WhatsApp: 16 99117 7802.<\/p>\n<p>VEJA TAMB\u00c9M<\/p>\n<p>Qual \u00e9 a cota\u00e7\u00e3o do d\u00f3lar hoje?<\/p>\n<p><!-- CONTENT END 1 -->\n<\/div>\n<\/div>\n<p><script async src=\"\/\/www.instagram.com\/embed.js\"><\/script><br \/>\n<br \/><br \/>\n<br \/><a href=\"https:\/\/www.acidadeon.com\/ribeiraopreto\/cotidiano\/assaltantes-roubam-moto-de-porteiro-em-condominio-de-luxo-na-zona-sul-de-ribeirao\/\">Source link <\/a><\/p>\n","protected":false},"excerpt":{"rendered":"<p>Um porteiro teve a moto roubada na madrugada desta quarta-feira (6), ap\u00f3s criminosos invadirem a garagem de um pr\u00e9dio residencial onde a v\u00edtima trabalha, na&#8230;<\/p>\n","protected":false},"author":1,"featured_media":60122,"comment_status":"open","ping_status":"open","sticky":false,"template":"","format":"standard","meta":{"advanced_seo_description":"","jetpack_seo_html_title":"","jetpack_seo_noindex":false,"jetpack_post_was_ever_published":false,"_jetpack_newsletter_access":"","_jetpack_dont_email_post_to_subs":false,"_jetpack_newsletter_tier_id":0,"_jetpack_memberships_contains_paywalled_content":false,"_jetpack_memberships_contains_paid_content":false,"footnotes":"","jetpack_publicize_message":"","jetpack_publicize_feature_enabled":true,"jetpack_social_post_already_shared":true,"jetpack_social_options":{"image_generator_settings":{"template":"highway","default_image_id":0,"font":"","enabled":false},"version":2}},"categories":[11],"tags":[],"class_list":["post-60121","post","type-post","status-publish","format-standard","has-post-thumbnail","hentry","category-noticias-de-ribeirao-preto-sp-e-regiao-ismael-colosi"],"jetpack_publicize_connections":[],"jetpack_featured_media_url":"https:\/\/i0.wp.com\/noticiasribeiraopreto.com.br\/wp-content\/uploads\/2024\/11\/20220620_114539075_policia_qru_1024x576_25052021184749_jpg_715985292.jpg?fit=1425%2C720&ssl=1","jetpack-related-posts":[{"id":76625,"url":"https:\/\/noticiasribeiraopreto.com.br\/index.php\/2025\/09\/02\/video-preso-homem-que-furtou-predio-na-zona-sul\/","url_meta":{"origin":60121,"position":0},"title":"V\u00cdDEO &#8211; Preso homem que furtou pr\u00e9dio na zona Sul","author":"noticiasribeiraopreto.com.br","date":"2 de September de 2025","format":false,"excerpt":"Suspeito invadia condom\u00ednios e arrombava carros, causando preju\u00edzos superiores a R$ 100 mil \u00e0s v\u00edtimas 2 de setembro de 2025 11:352 de setembro de 2025 11:351 Compartilhar0 Por: Adalberto Luque A Pol\u00edcia Civil prendeu, na tarde desta segunda-feira (1\u00ba), um homem suspeito de praticar v\u00e1rios furtos. Entre eles, em um\u2026","rel":"","context":"In &quot;Not\u00edcias de Ribeir\u00e3o Preto-SP e Regi\u00e3o&quot;","block_context":{"text":"Not\u00edcias de Ribeir\u00e3o Preto-SP e Regi\u00e3o","link":"https:\/\/noticiasribeiraopreto.com.br\/index.php\/category\/noticias-de-ribeirao-preto-sp-e-regiao-ismael-colosi\/"},"img":{"alt_text":"","src":"https:\/\/i0.wp.com\/noticiasribeiraopreto.com.br\/wp-content\/uploads\/2025\/09\/02-set-2025-furtoiraja1.jpg?fit=822%2C621&ssl=1&resize=350%2C200","width":350,"height":200,"srcset":"https:\/\/i0.wp.com\/noticiasribeiraopreto.com.br\/wp-content\/uploads\/2025\/09\/02-set-2025-furtoiraja1.jpg?fit=822%2C621&ssl=1&resize=350%2C200 1x, https:\/\/i0.wp.com\/noticiasribeiraopreto.com.br\/wp-content\/uploads\/2025\/09\/02-set-2025-furtoiraja1.jpg?fit=822%2C621&ssl=1&resize=525%2C300 1.5x, https:\/\/i0.wp.com\/noticiasribeiraopreto.com.br\/wp-content\/uploads\/2025\/09\/02-set-2025-furtoiraja1.jpg?fit=822%2C621&ssl=1&resize=700%2C400 2x"},"classes":[]},{"id":78028,"url":"https:\/\/noticiasribeiraopreto.com.br\/index.php\/2025\/10\/01\/assaltante-preso-em-sp-e-trazido-a-rp\/","url_meta":{"origin":60121,"position":1},"title":"Assaltante preso em SP \u00e9 trazido a RP","author":"noticiasribeiraopreto.com.br","date":"1 de October de 2025","format":false,"excerpt":"Por: Adalberto Luque Lu\u00eds Rinaldo da Silva, preso na Vila Mariana, zona Sul da Capital, na noite de segunda-feira (29), chegou a Ribeir\u00e3o Preto na noite desta ter\u00e7a-feira (30). Ele passou por audi\u00eancia de cust\u00f3dia na Capital e a Justi\u00e7a confirmou sua pris\u00e3o tempor\u00e1ria. O homem chegou na Central de\u2026","rel":"","context":"In &quot;Not\u00edcias de Ribeir\u00e3o Preto-SP e Regi\u00e3o&quot;","block_context":{"text":"Not\u00edcias de Ribeir\u00e3o Preto-SP e Regi\u00e3o","link":"https:\/\/noticiasribeiraopreto.com.br\/index.php\/category\/noticias-de-ribeirao-preto-sp-e-regiao-ismael-colosi\/"},"img":{"alt_text":"","src":"https:\/\/i0.wp.com\/noticiasribeiraopreto.com.br\/wp-content\/uploads\/2025\/10\/30-set-2025-assaltopredio2.jpg?fit=602%2C756&ssl=1&resize=350%2C200","width":350,"height":200,"srcset":"https:\/\/i0.wp.com\/noticiasribeiraopreto.com.br\/wp-content\/uploads\/2025\/10\/30-set-2025-assaltopredio2.jpg?fit=602%2C756&ssl=1&resize=350%2C200 1x, https:\/\/i0.wp.com\/noticiasribeiraopreto.com.br\/wp-content\/uploads\/2025\/10\/30-set-2025-assaltopredio2.jpg?fit=602%2C756&ssl=1&resize=525%2C300 1.5x"},"classes":[]},{"id":48757,"url":"https:\/\/noticiasribeiraopreto.com.br\/index.php\/2024\/05\/06\/assaltantes-invadem-festa-amarram-familia-e-fazem-limpa-em-casa-de-ribeirao\/","url_meta":{"origin":60121,"position":2},"title":"Assaltantes invadem festa, amarram fam\u00edlia e fazem &#8216;limpa&#8217; em casa de Ribeir\u00e3o","author":"noticiasribeiraopreto.com.br","date":"6 de May de 2024","format":false,"excerpt":"Um casal e dois cunhados foram amarrados durante um roubo a resid\u00eancia na noite deste domingo (5), no Monte Alegre, zona Oeste de Ribeir\u00e3o Preto. As v\u00edtimas participavam de uma confraterniza\u00e7\u00e3o em uma \u00e1rea de churrasco nos fundos do im\u00f3vel, na rua Maracaj\u00fa. Segundo o boletim de ocorr\u00eancia (BO), tr\u00eas\u2026","rel":"","context":"In &quot;Not\u00edcias de Ribeir\u00e3o Preto-SP e Regi\u00e3o&quot;","block_context":{"text":"Not\u00edcias de Ribeir\u00e3o Preto-SP e Regi\u00e3o","link":"https:\/\/noticiasribeiraopreto.com.br\/index.php\/category\/noticias-de-ribeirao-preto-sp-e-regiao-ismael-colosi\/"},"img":{"alt_text":"","src":"https:\/\/i0.wp.com\/noticiasribeiraopreto.com.br\/wp-content\/uploads\/2024\/05\/cpj_policia_1200x675_30012022162443.jpg?fit=1200%2C675&ssl=1&resize=350%2C200","width":350,"height":200,"srcset":"https:\/\/i0.wp.com\/noticiasribeiraopreto.com.br\/wp-content\/uploads\/2024\/05\/cpj_policia_1200x675_30012022162443.jpg?fit=1200%2C675&ssl=1&resize=350%2C200 1x, https:\/\/i0.wp.com\/noticiasribeiraopreto.com.br\/wp-content\/uploads\/2024\/05\/cpj_policia_1200x675_30012022162443.jpg?fit=1200%2C675&ssl=1&resize=525%2C300 1.5x, https:\/\/i0.wp.com\/noticiasribeiraopreto.com.br\/wp-content\/uploads\/2024\/05\/cpj_policia_1200x675_30012022162443.jpg?fit=1200%2C675&ssl=1&resize=700%2C400 2x, https:\/\/i0.wp.com\/noticiasribeiraopreto.com.br\/wp-content\/uploads\/2024\/05\/cpj_policia_1200x675_30012022162443.jpg?fit=1200%2C675&ssl=1&resize=1050%2C600 3x"},"classes":[]},{"id":79363,"url":"https:\/\/noticiasribeiraopreto.com.br\/index.php\/2025\/10\/30\/ladrao-rende-casal-de-idosos-e-faz-limpa-em-residencia-na-zona-sul-de-ribeirao-preto\/","url_meta":{"origin":60121,"position":3},"title":"Ladr\u00e3o rende casal de idosos e faz &#8216;limpa&#8217; em resid\u00eancia na zona Sul de Ribeir\u00e3o Preto","author":"noticiasribeiraopreto.com.br","date":"30 de October de 2025","format":false,"excerpt":"Um casal de idosos foi rendido por um assaltante armado durante um roubo a resid\u00eancia na noite desta quarta-feira (29), na City Ribeir\u00e3o, zona Sul de Ribeir\u00e3o Preto. Segundo o boletim de ocorr\u00eancia (BO), foram levados joias, eletr\u00f4nicos \u2013 como notebooks, televisores e celulares \u2013 e um carro Volkswagen T-Cross\u2026","rel":"","context":"In &quot;Not\u00edcias de Ribeir\u00e3o Preto-SP e Regi\u00e3o&quot;","block_context":{"text":"Not\u00edcias de Ribeir\u00e3o Preto-SP e Regi\u00e3o","link":"https:\/\/noticiasribeiraopreto.com.br\/index.php\/category\/noticias-de-ribeirao-preto-sp-e-regiao-ismael-colosi\/"},"img":{"alt_text":"","src":"https:\/\/i0.wp.com\/noticiasribeiraopreto.com.br\/wp-content\/uploads\/2025\/10\/WhatsApp-Image-2025-10-30-at-09.26.44_2025-10-30_12-27-20.webp.webp?fit=852%2C610&ssl=1&resize=350%2C200","width":350,"height":200,"srcset":"https:\/\/i0.wp.com\/noticiasribeiraopreto.com.br\/wp-content\/uploads\/2025\/10\/WhatsApp-Image-2025-10-30-at-09.26.44_2025-10-30_12-27-20.webp.webp?fit=852%2C610&ssl=1&resize=350%2C200 1x, https:\/\/i0.wp.com\/noticiasribeiraopreto.com.br\/wp-content\/uploads\/2025\/10\/WhatsApp-Image-2025-10-30-at-09.26.44_2025-10-30_12-27-20.webp.webp?fit=852%2C610&ssl=1&resize=525%2C300 1.5x, https:\/\/i0.wp.com\/noticiasribeiraopreto.com.br\/wp-content\/uploads\/2025\/10\/WhatsApp-Image-2025-10-30-at-09.26.44_2025-10-30_12-27-20.webp.webp?fit=852%2C610&ssl=1&resize=700%2C400 2x"},"classes":[]},{"id":59730,"url":"https:\/\/noticiasribeiraopreto.com.br\/index.php\/2024\/10\/29\/motociclista-e-rendido-no-transito-de-ribeirao-e-obrigado-a-fazer-pix\/","url_meta":{"origin":60121,"position":4},"title":"Motociclista \u00e9 rendido no tr\u00e2nsito de Ribeir\u00e3o e obrigado a fazer Pix","author":"noticiasribeiraopreto.com.br","date":"29 de October de 2024","format":false,"excerpt":"Um motociclista foi rendido por assaltantes na noite desta segunda-feira (28), no tr\u00e2nsito de Ribeir\u00e3o Preto, e obrigado a fazer um Pix. A v\u00edtima, que tem 27 anos e atua como supervisor de seguran\u00e7a, disse \u00e0 pol\u00edcia que havia parado sua moto no tr\u00e2nsito da avenida Adelmo Perdizza, quando dois\u2026","rel":"","context":"In &quot;Not\u00edcias de Ribeir\u00e3o Preto-SP e Regi\u00e3o&quot;","block_context":{"text":"Not\u00edcias de Ribeir\u00e3o Preto-SP e Regi\u00e3o","link":"https:\/\/noticiasribeiraopreto.com.br\/index.php\/category\/noticias-de-ribeirao-preto-sp-e-regiao-ismael-colosi\/"},"img":{"alt_text":"","src":"https:\/\/i0.wp.com\/noticiasribeiraopreto.com.br\/wp-content\/uploads\/2024\/10\/POLICIA.jpg?fit=1200%2C748&ssl=1&resize=350%2C200","width":350,"height":200,"srcset":"https:\/\/i0.wp.com\/noticiasribeiraopreto.com.br\/wp-content\/uploads\/2024\/10\/POLICIA.jpg?fit=1200%2C748&ssl=1&resize=350%2C200 1x, https:\/\/i0.wp.com\/noticiasribeiraopreto.com.br\/wp-content\/uploads\/2024\/10\/POLICIA.jpg?fit=1200%2C748&ssl=1&resize=525%2C300 1.5x, https:\/\/i0.wp.com\/noticiasribeiraopreto.com.br\/wp-content\/uploads\/2024\/10\/POLICIA.jpg?fit=1200%2C748&ssl=1&resize=700%2C400 2x, https:\/\/i0.wp.com\/noticiasribeiraopreto.com.br\/wp-content\/uploads\/2024\/10\/POLICIA.jpg?fit=1200%2C748&ssl=1&resize=1050%2C600 3x"},"classes":[]},{"id":66045,"url":"https:\/\/noticiasribeiraopreto.com.br\/index.php\/2025\/03\/27\/assaltantes-atropelam-idoso-com-o-carro-da-propria-vitima-durante-roubo-em-ribeirao-preto\/","url_meta":{"origin":60121,"position":5},"title":"Assaltantes atropelam idoso com o carro da pr\u00f3pria v\u00edtima durante roubo em Ribeir\u00e3o Preto","author":"noticiasribeiraopreto.com.br","date":"27 de March de 2025","format":false,"excerpt":"Um homem de 80 anos foi atropelado por assaltantes com o pr\u00f3prio carro da\u00a0v\u00edtima roubado\u00a0na a\u00e7\u00e3o, no bairro Dom\u00a0Mielle, zona Oeste de Ribeir\u00e3o Preto. O crime ocorreu\u00a0na \u00faltima\u00a0segunda-feira (24), na rua Jos\u00e9 Roberto Rodrigues, quando o idoso chegava a sua casa, por volta das 20h. Segundo o boletim de ocorr\u00eancia\u2026","rel":"","context":"In &quot;Not\u00edcias de Ribeir\u00e3o Preto-SP e Regi\u00e3o&quot;","block_context":{"text":"Not\u00edcias de Ribeir\u00e3o Preto-SP e Regi\u00e3o","link":"https:\/\/noticiasribeiraopreto.com.br\/index.php\/category\/noticias-de-ribeirao-preto-sp-e-regiao-ismael-colosi\/"},"img":{"alt_text":"","src":"https:\/\/i0.wp.com\/noticiasribeiraopreto.com.br\/wp-content\/uploads\/2025\/03\/1743085233_cpj_policia_1024x576_21012021082231.jpg?fit=1024%2C576&ssl=1&resize=350%2C200","width":350,"height":200,"srcset":"https:\/\/i0.wp.com\/noticiasribeiraopreto.com.br\/wp-content\/uploads\/2025\/03\/1743085233_cpj_policia_1024x576_21012021082231.jpg?fit=1024%2C576&ssl=1&resize=350%2C200 1x, https:\/\/i0.wp.com\/noticiasribeiraopreto.com.br\/wp-content\/uploads\/2025\/03\/1743085233_cpj_policia_1024x576_21012021082231.jpg?fit=1024%2C576&ssl=1&resize=525%2C300 1.5x, https:\/\/i0.wp.com\/noticiasribeiraopreto.com.br\/wp-content\/uploads\/2025\/03\/1743085233_cpj_policia_1024x576_21012021082231.jpg?fit=1024%2C576&ssl=1&resize=700%2C400 2x"},"classes":[]}],"jetpack_sharing_enabled":true,"jetpack_shortlink":"https:\/\/wp.me\/peQAOb-fDH","_links":{"self":[{"href":"https:\/\/noticiasribeiraopreto.com.br\/index.php\/wp-json\/wp\/v2\/posts\/60121","targetHints":{"allow":["GET"]}}],"collection":[{"href":"https:\/\/noticiasribeiraopreto.com.br\/index.php\/wp-json\/wp\/v2\/posts"}],"about":[{"href":"https:\/\/noticiasribeiraopreto.com.br\/index.php\/wp-json\/wp\/v2\/types\/post"}],"author":[{"embeddable":true,"href":"https:\/\/noticiasribeiraopreto.com.br\/index.php\/wp-json\/wp\/v2\/users\/1"}],"replies":[{"embeddable":true,"href":"https:\/\/noticiasribeiraopreto.com.br\/index.php\/wp-json\/wp\/v2\/comments?post=60121"}],"version-history":[{"count":0,"href":"https:\/\/noticiasribeiraopreto.com.br\/index.php\/wp-json\/wp\/v2\/posts\/60121\/revisions"}],"wp:featuredmedia":[{"embeddable":true,"href":"https:\/\/noticiasribeiraopreto.com.br\/index.php\/wp-json\/wp\/v2\/media\/60122"}],"wp:attachment":[{"href":"https:\/\/noticiasribeiraopreto.com.br\/index.php\/wp-json\/wp\/v2\/media?parent=60121"}],"wp:term":[{"taxonomy":"category","embeddable":true,"href":"https:\/\/noticiasribeiraopreto.com.br\/index.php\/wp-json\/wp\/v2\/categories?post=60121"},{"taxonomy":"post_tag","embeddable":true,"href":"https:\/\/noticiasribeiraopreto.com.br\/index.php\/wp-json\/wp\/v2\/tags?post=60121"}],"curies":[{"name":"wp","href":"https:\/\/api.w.org\/{rel}","templated":true}]}}