{"id":60123,"date":"2024-11-06T14:50:14","date_gmt":"2024-11-06T17:50:14","guid":{"rendered":"https:\/\/noticiasribeiraopreto.com.br\/index.php\/2024\/11\/06\/justica-torna-reus-mae-e-padrasto-acusados-por-morte-de-crianca-em-ribeirao-preto\/"},"modified":"2024-11-06T14:50:14","modified_gmt":"2024-11-06T17:50:14","slug":"justica-torna-reus-mae-e-padrasto-acusados-por-morte-de-crianca-em-ribeirao-preto","status":"publish","type":"post","link":"https:\/\/noticiasribeiraopreto.com.br\/index.php\/2024\/11\/06\/justica-torna-reus-mae-e-padrasto-acusados-por-morte-de-crianca-em-ribeirao-preto\/","title":{"rendered":"Justi\u00e7a torna r\u00e9us m\u00e3e e padrasto acusados por morte de crian\u00e7a em Ribeir\u00e3o Preto"},"content":{"rendered":"<p> <br \/>\n<\/p>\n<div>\n<p>A Justi\u00e7a aceitou a den\u00fancia do <strong>MP-SP (Minist\u00e9rio P\u00fablico de S\u00e3o Paulo) <\/strong>para tornar r\u00e9us a m\u00e3e e o padrasto da menina <strong>Sophia da Silva Fernandes<\/strong>, no \u00faltimo m\u00eas de agosto. Segundo a promotoria, <mark style=\"background-color:#fcb900\" class=\"has-inline-color has-black-color\">Sophia foi v\u00edtima de maus-tratos com resultado em morte.<\/mark><\/p>\n<p>O<strong> MP-SP<\/strong> tamb\u00e9m chegou a pedir a pris\u00e3o preventiva do casal <strong>Let\u00edcia Nunes da Silva<\/strong>, de 20 anos, e<strong> Guilherme Braga Barboza<\/strong>, de 29 anos, mas a solicita\u00e7\u00e3o foi negada pela Justi\u00e7a.<\/p>\n<p>Contudo, foram impostas medidas cautelares ao casal, como manter endere\u00e7o atualizado, n\u00e3o se ausentar da comarca de Ribeir\u00e3o Preto por mais de oito dias sem autoriza\u00e7\u00e3o judicial e comparecer a todos os chamados da Justi\u00e7a.<\/p>\n<h4 class=\"wp-block-heading\"><strong>O que diz a defesa do casal?<\/strong><\/h4>\n<p>Em nota, os advogados Gabriela Rodrigues e Douglas Marques informaram que n\u00e3o desconhecem a gravidade das acusa\u00e7\u00f5es, mas ressaltam que os acusados compareceram a todos os atos processuais, e, por isso, compreendem ser descabida a pris\u00e3o neste momento.<\/p>\n<p>Al\u00e9m disso, disseram que acreditam que o indeferimento do pedido de pris\u00e3o \u00e9 uma decis\u00e3o acertada, uma vez que a medida caracterizaria uma antecipa\u00e7\u00e3o da pena.<\/p>\n<p>\u201cPor fim, \u00e9 necess\u00e1rio que a sociedade compreenda que responder a um processo em liberdade n\u00e3o \u00e9 sin\u00f4nimo de impunidade, mas sim, um direito assegurado pela Constitui\u00e7\u00e3o Federal\u201d, conclui.<\/p>\n<h4 class=\"wp-block-heading\"><strong>O caso<\/strong><\/h4>\n<p>A menina Sophia da Silva Fernandes, tinha 3 anos, quando perdeu a vida no dia 9 de agosto. A menina morreu ap\u00f3s ficar internada por oito dias no <strong>HC-RP (Hospital das Cl\u00ednicas de Ribeir\u00e3o Preto)<\/strong>.<\/p>\n<p>Na ocasi\u00e3o, a m\u00e3e da crian\u00e7a afirmou que Sophia teria sofrido uma queda no banheiro da resid\u00eancia em que vivia. Contudo, laudo do <strong>IML (Instituto M\u00e9dico Legal)<\/strong> aponta que a crian\u00e7a teria sofrido um trauma n\u00e3o acidental.<\/p>\n<p>O laudo mostrou que Sophia apresentava les\u00f5es graves na cabe\u00e7a e que tinha altera\u00e7\u00f5es de fundo de olho e n\u00e3o foi poss\u00edvel excluir a <strong>S\u00edndrome do Beb\u00ea Sacudido<\/strong>. A delegada Patr\u00edcia de Mariane Buldo, respons\u00e1vel pela investiga\u00e7\u00e3o disse que a m\u00e3e e o padrasto s\u00e3o os principais suspeitos do crime.<\/p>\n<p>\u201cEla foi morta de forma violenta, descartada completamente a hip\u00f3tese de acidente dom\u00e9stico. Considerando que essa morte violenta ocorreu dentro do im\u00f3vel, o adulto que estava ali ou os adultos que estavam ali, foram os autores. E quem estava ali? A m\u00e3e e o padrasto. Um dos dois ou os dois foram os autores\u201d, declarou a delegada em entrevista \u00e0 <strong>EPTV<\/strong>.<\/p>\n<p>SAIBA MAIS<br \/>Pol\u00edticos de Ribeir\u00e3o Preto parabenizam Trump pela vit\u00f3ria nos EUA<\/p>\n<p>FIQUE ON<\/p>\n<p>Fique ligado em tudo que acontece em Ribeir\u00e3o Preto e regi\u00e3o. Siga os perfis do<strong> acidade on<\/strong> no <a href=\"https:\/\/www.instagram.com\/acidadeonribeirao\" target=\"_blank\" rel=\"noreferrer noopener nofollow\">Instagram<\/a> e no <a href=\"https:\/\/www.facebook.com\/acidadeonribeirao\/\" target=\"_blank\" rel=\"noreferrer noopener nofollow\">Facebook<\/a>.<\/p>\n<p>Receba not\u00edcias do <strong>acidade on<\/strong> no WhatsApp. <a href=\"https:\/\/chat.whatsapp.com\/Fg4ok3aAVyB59DP63pRapr\" target=\"_blank\" rel=\"noreferrer noopener nofollow\">Para entrar no grupo, basta clicar aqui.<\/a><\/p>\n<p>Fa\u00e7a uma den\u00fancia ou sugira uma reportagem sobre Ribeir\u00e3o Preto e regi\u00e3o pelo WhatsApp: 16 99117 7802.<\/p>\n<p>VEJA TAMB\u00c9M<br \/>At\u00e9 quando vale o alerta para temporal do Inmet para S\u00e3o Paulo?<\/p>\n<p><!-- CONTENT END 1 -->\n<\/div>\n<p><script async src=\"\/\/www.instagram.com\/embed.js\"><\/script><br \/>\n<br \/><br \/>\n<br \/><a href=\"https:\/\/www.acidadeon.com\/ribeiraopreto\/cotidiano\/justica-torna-reus-mae-e-padrasto-acusados-por-morte-de-crianca-em-ribeirao-preto\/\">Source link <\/a><\/p>\n","protected":false},"excerpt":{"rendered":"<p>A Justi\u00e7a aceitou a den\u00fancia do MP-SP (Minist\u00e9rio P\u00fablico de S\u00e3o Paulo) para tornar r\u00e9us a m\u00e3e e o padrasto da menina Sophia da Silva&#8230;<\/p>\n","protected":false},"author":1,"featured_media":56575,"comment_status":"open","ping_status":"open","sticky":false,"template":"","format":"standard","meta":{"advanced_seo_description":"","jetpack_seo_html_title":"","jetpack_seo_noindex":false,"jetpack_post_was_ever_published":false,"_jetpack_newsletter_access":"","_jetpack_dont_email_post_to_subs":false,"_jetpack_newsletter_tier_id":0,"_jetpack_memberships_contains_paywalled_content":false,"_jetpack_memberships_contains_paid_content":false,"footnotes":"","jetpack_publicize_message":"","jetpack_publicize_feature_enabled":true,"jetpack_social_post_already_shared":true,"jetpack_social_options":{"image_generator_settings":{"template":"highway","default_image_id":0,"font":"","enabled":false},"version":2}},"categories":[11],"tags":[],"class_list":["post-60123","post","type-post","status-publish","format-standard","has-post-thumbnail","hentry","category-noticias-de-ribeirao-preto-sp-e-regiao-ismael-colosi"],"jetpack_publicize_connections":[],"jetpack_featured_media_url":"https:\/\/i0.wp.com\/noticiasribeiraopreto.com.br\/wp-content\/uploads\/2024\/08\/Copia-de-Copia-de-Copia-de-TAMANHO-EXATO-PARA-FOTOS-NO-SISTEMA-NOVO-4_2024-08-14_23-57-46_png_2024-08-14_23-57-46.webp.webp?fit=1200%2C675&ssl=1","jetpack-related-posts":[{"id":82574,"url":"https:\/\/noticiasribeiraopreto.com.br\/index.php\/2026\/02\/19\/mae-e-padrasto-sao-denunciados-por-estupro-de-vulneravel\/","url_meta":{"origin":60123,"position":0},"title":"M\u00e3e e padrasto s\u00e3o denunciados por estupro de vulner\u00e1vel","author":"noticiasribeiraopreto.com.br","date":"19 de February de 2026","format":false,"excerpt":"\r MP tamb\u00e9m incluiu produ\u00e7\u00e3o de pornografia infantil, divulga\u00e7\u00e3o de pornografia infantil, posse de pornografia infantil e outros crimes\r \r 19 de fevereiro de 2026 11:40 \r Compartilhar1 Por: Adalberto Luque \u2013 Leilane Vit\u00f3ria Oliva Coelho, de 22 anos, e seu companheiro, Andrey Gabriel Zancarli, de 23 anos, foram denunciados\u2026","rel":"","context":"In &quot;Not\u00edcias de Ribeir\u00e3o Preto-SP e Regi\u00e3o&quot;","block_context":{"text":"Not\u00edcias de Ribeir\u00e3o Preto-SP e Regi\u00e3o","link":"https:\/\/noticiasribeiraopreto.com.br\/index.php\/category\/noticias-de-ribeirao-preto-sp-e-regiao-ismael-colosi\/"},"img":{"alt_text":"","src":"https:\/\/i0.wp.com\/noticiasribeiraopreto.com.br\/wp-content\/uploads\/2026\/02\/19-fev-2026-maeestupro1.jpg?fit=774%2C435&ssl=1&resize=350%2C200","width":350,"height":200,"srcset":"https:\/\/i0.wp.com\/noticiasribeiraopreto.com.br\/wp-content\/uploads\/2026\/02\/19-fev-2026-maeestupro1.jpg?fit=774%2C435&ssl=1&resize=350%2C200 1x, https:\/\/i0.wp.com\/noticiasribeiraopreto.com.br\/wp-content\/uploads\/2026\/02\/19-fev-2026-maeestupro1.jpg?fit=774%2C435&ssl=1&resize=525%2C300 1.5x, https:\/\/i0.wp.com\/noticiasribeiraopreto.com.br\/wp-content\/uploads\/2026\/02\/19-fev-2026-maeestupro1.jpg?fit=774%2C435&ssl=1&resize=700%2C400 2x"},"classes":[]},{"id":58155,"url":"https:\/\/noticiasribeiraopreto.com.br\/index.php\/2024\/09\/19\/policia-diz-que-mae-e-padrasto-sao-os-principais-suspeitos-da-morte-de-menina-em-ribeirao-preto\/","url_meta":{"origin":60123,"position":1},"title":"Pol\u00edcia\u00a0diz que m\u00e3e e padrasto s\u00e3o os principais suspeitos da morte de menina em\u00a0Ribeir\u00e3o\u00a0Preto","author":"noticiasribeiraopreto.com.br","date":"19 de September de 2024","format":false,"excerpt":"A delegada Patr\u00edcia de Mariane Buldo, respons\u00e1vel pela investiga\u00e7\u00e3o da morte de Sophia da Silva Fernandes, de 3 anos, no dia 9 de agosto, em Ribeir\u00e3o Preto, diz que a m\u00e3e e o padrasto s\u00e3o os principais suspeitos do crime e avalia a possibilidade de pedir a pris\u00e3o do casal.\u2026","rel":"","context":"In &quot;Not\u00edcias de Ribeir\u00e3o Preto-SP e Regi\u00e3o&quot;","block_context":{"text":"Not\u00edcias de Ribeir\u00e3o Preto-SP e Regi\u00e3o","link":"https:\/\/noticiasribeiraopreto.com.br\/index.php\/category\/noticias-de-ribeirao-preto-sp-e-regiao-ismael-colosi\/"},"img":{"alt_text":"","src":"https:\/\/i0.wp.com\/noticiasribeiraopreto.com.br\/wp-content\/uploads\/2024\/08\/Copia-de-Copia-de-Copia-de-TAMANHO-EXATO-PARA-FOTOS-NO-SISTEMA-NOVO-4_2024-08-14_23-57-46_png_2024-08-14_23-57-46.webp.webp?fit=1200%2C675&ssl=1&resize=350%2C200","width":350,"height":200,"srcset":"https:\/\/i0.wp.com\/noticiasribeiraopreto.com.br\/wp-content\/uploads\/2024\/08\/Copia-de-Copia-de-Copia-de-TAMANHO-EXATO-PARA-FOTOS-NO-SISTEMA-NOVO-4_2024-08-14_23-57-46_png_2024-08-14_23-57-46.webp.webp?fit=1200%2C675&ssl=1&resize=350%2C200 1x, https:\/\/i0.wp.com\/noticiasribeiraopreto.com.br\/wp-content\/uploads\/2024\/08\/Copia-de-Copia-de-Copia-de-TAMANHO-EXATO-PARA-FOTOS-NO-SISTEMA-NOVO-4_2024-08-14_23-57-46_png_2024-08-14_23-57-46.webp.webp?fit=1200%2C675&ssl=1&resize=525%2C300 1.5x, https:\/\/i0.wp.com\/noticiasribeiraopreto.com.br\/wp-content\/uploads\/2024\/08\/Copia-de-Copia-de-Copia-de-TAMANHO-EXATO-PARA-FOTOS-NO-SISTEMA-NOVO-4_2024-08-14_23-57-46_png_2024-08-14_23-57-46.webp.webp?fit=1200%2C675&ssl=1&resize=700%2C400 2x, https:\/\/i0.wp.com\/noticiasribeiraopreto.com.br\/wp-content\/uploads\/2024\/08\/Copia-de-Copia-de-Copia-de-TAMANHO-EXATO-PARA-FOTOS-NO-SISTEMA-NOVO-4_2024-08-14_23-57-46_png_2024-08-14_23-57-46.webp.webp?fit=1200%2C675&ssl=1&resize=1050%2C600 3x"},"classes":[]},{"id":57968,"url":"https:\/\/noticiasribeiraopreto.com.br\/index.php\/2024\/09\/15\/o-que-se-sabe-sobre-morte-de-menina-de-3-anos-em-ribeirao-preto-2\/","url_meta":{"origin":60123,"position":2},"title":"O que se sabe sobre morte de menina de 3 anos em\u00a0Ribeir\u00e3o\u00a0Preto","author":"noticiasribeiraopreto.com.br","date":"15 de September de 2024","format":false,"excerpt":"A Pol\u00edcia Civil investiga a morte de uma menina de 3 anos, em Ribeir\u00e3o Preto. Sophia da Silva Fernandez completaria 4 anos na \u00faltima sexta-feira (13). A crian\u00e7a ficou internada na Unidade de Eemerg\u00eancia do Hospital das Cl\u00ednicas (HC-UE), durante nove dias, at\u00e9 ser confirmada a morte cerebral. O hospital\u2026","rel":"","context":"In &quot;Not\u00edcias de Ribeir\u00e3o Preto-SP e Regi\u00e3o&quot;","block_context":{"text":"Not\u00edcias de Ribeir\u00e3o Preto-SP e Regi\u00e3o","link":"https:\/\/noticiasribeiraopreto.com.br\/index.php\/category\/noticias-de-ribeirao-preto-sp-e-regiao-ismael-colosi\/"},"img":{"alt_text":"","src":"https:\/\/i0.wp.com\/noticiasribeiraopreto.com.br\/wp-content\/uploads\/2024\/08\/Copia-de-Copia-de-Copia-de-TAMANHO-EXATO-PARA-FOTOS-NO-SISTEMA-NOVO-4_2024-08-14_23-57-46_png_2024-08-14_23-57-46.webp.webp?fit=1200%2C675&ssl=1&resize=350%2C200","width":350,"height":200,"srcset":"https:\/\/i0.wp.com\/noticiasribeiraopreto.com.br\/wp-content\/uploads\/2024\/08\/Copia-de-Copia-de-Copia-de-TAMANHO-EXATO-PARA-FOTOS-NO-SISTEMA-NOVO-4_2024-08-14_23-57-46_png_2024-08-14_23-57-46.webp.webp?fit=1200%2C675&ssl=1&resize=350%2C200 1x, https:\/\/i0.wp.com\/noticiasribeiraopreto.com.br\/wp-content\/uploads\/2024\/08\/Copia-de-Copia-de-Copia-de-TAMANHO-EXATO-PARA-FOTOS-NO-SISTEMA-NOVO-4_2024-08-14_23-57-46_png_2024-08-14_23-57-46.webp.webp?fit=1200%2C675&ssl=1&resize=525%2C300 1.5x, https:\/\/i0.wp.com\/noticiasribeiraopreto.com.br\/wp-content\/uploads\/2024\/08\/Copia-de-Copia-de-Copia-de-TAMANHO-EXATO-PARA-FOTOS-NO-SISTEMA-NOVO-4_2024-08-14_23-57-46_png_2024-08-14_23-57-46.webp.webp?fit=1200%2C675&ssl=1&resize=700%2C400 2x, https:\/\/i0.wp.com\/noticiasribeiraopreto.com.br\/wp-content\/uploads\/2024\/08\/Copia-de-Copia-de-Copia-de-TAMANHO-EXATO-PARA-FOTOS-NO-SISTEMA-NOVO-4_2024-08-14_23-57-46_png_2024-08-14_23-57-46.webp.webp?fit=1200%2C675&ssl=1&resize=1050%2C600 3x"},"classes":[]},{"id":57966,"url":"https:\/\/noticiasribeiraopreto.com.br\/index.php\/2024\/09\/15\/o-que-se-sabe-sobre-morte-de-menina-de-3-anos-em-ribeirao-preto\/","url_meta":{"origin":60123,"position":3},"title":"O que se sabe sobre morte de menina de 3 anos em\u00a0Ribeir\u00e3o\u00a0Preto","author":"noticiasribeiraopreto.com.br","date":"15 de September de 2024","format":false,"excerpt":"A Pol\u00edcia Civil investiga a morte de uma menina de 3 anos, em Ribeir\u00e3o Preto. Sophia da Silva Fernandez completaria 4 anos na \u00faltima sexta-feira (13). A crian\u00e7a ficou internada na Unidade de Eemerg\u00eancia do Hospital das Cl\u00ednicas (HC-UE), durante nove dias, at\u00e9 ser confirmada a morte cerebral. O hospital\u2026","rel":"","context":"In &quot;Not\u00edcias de Ribeir\u00e3o Preto-SP e Regi\u00e3o&quot;","block_context":{"text":"Not\u00edcias de Ribeir\u00e3o Preto-SP e Regi\u00e3o","link":"https:\/\/noticiasribeiraopreto.com.br\/index.php\/category\/noticias-de-ribeirao-preto-sp-e-regiao-ismael-colosi\/"},"img":{"alt_text":"","src":"https:\/\/i0.wp.com\/noticiasribeiraopreto.com.br\/wp-content\/uploads\/2024\/09\/acidadeon_logos_Prancheta-1-copia-12_edited.jpg?fit=1199%2C1200&ssl=1&resize=350%2C200","width":350,"height":200,"srcset":"https:\/\/i0.wp.com\/noticiasribeiraopreto.com.br\/wp-content\/uploads\/2024\/09\/acidadeon_logos_Prancheta-1-copia-12_edited.jpg?fit=1199%2C1200&ssl=1&resize=350%2C200 1x, https:\/\/i0.wp.com\/noticiasribeiraopreto.com.br\/wp-content\/uploads\/2024\/09\/acidadeon_logos_Prancheta-1-copia-12_edited.jpg?fit=1199%2C1200&ssl=1&resize=525%2C300 1.5x, https:\/\/i0.wp.com\/noticiasribeiraopreto.com.br\/wp-content\/uploads\/2024\/09\/acidadeon_logos_Prancheta-1-copia-12_edited.jpg?fit=1199%2C1200&ssl=1&resize=700%2C400 2x, https:\/\/i0.wp.com\/noticiasribeiraopreto.com.br\/wp-content\/uploads\/2024\/09\/acidadeon_logos_Prancheta-1-copia-12_edited.jpg?fit=1199%2C1200&ssl=1&resize=1050%2C600 3x"},"classes":[]},{"id":80809,"url":"https:\/\/noticiasribeiraopreto.com.br\/index.php\/2025\/12\/14\/o-que-se-sabe-sobre-a-prisao-de-mae-e-padrasto-acusados-de-abuso-de-uma-crianca-de-3-anos-em-ribeirao-preto\/","url_meta":{"origin":60123,"position":4},"title":"O que se sabe sobre a pris\u00e3o de m\u00e3e e padrasto acusados de abuso de uma crian\u00e7a de 3 anos em Ribeir\u00e3o Preto","author":"noticiasribeiraopreto.com.br","date":"14 de December de 2025","format":false,"excerpt":"Na \u00faltima quinta-feira (10), Leilane Vit\u00f3ria Coelho, de 22 anos, e o companheiro dela, Andrey Gabriel Zancarli, de 23 anos, tiveram a pris\u00e3o preventiva decretada pela Justi\u00e7a acusados de abuso sexual contra a filha de Leilane, uma crian\u00e7a de tr\u00eas anos. Como o caso veio \u00e0 tona? A investiga\u00e7\u00e3o come\u00e7ou\u2026","rel":"","context":"In &quot;Not\u00edcias de Ribeir\u00e3o Preto-SP e Regi\u00e3o&quot;","block_context":{"text":"Not\u00edcias de Ribeir\u00e3o Preto-SP e Regi\u00e3o","link":"https:\/\/noticiasribeiraopreto.com.br\/index.php\/category\/noticias-de-ribeirao-preto-sp-e-regiao-ismael-colosi\/"},"img":{"alt_text":"","src":"https:\/\/i0.wp.com\/noticiasribeiraopreto.com.br\/wp-content\/uploads\/2025\/12\/domingo_2025-12-13_14-13-39.webp.webp?fit=1200%2C675&ssl=1&resize=350%2C200","width":350,"height":200,"srcset":"https:\/\/i0.wp.com\/noticiasribeiraopreto.com.br\/wp-content\/uploads\/2025\/12\/domingo_2025-12-13_14-13-39.webp.webp?fit=1200%2C675&ssl=1&resize=350%2C200 1x, https:\/\/i0.wp.com\/noticiasribeiraopreto.com.br\/wp-content\/uploads\/2025\/12\/domingo_2025-12-13_14-13-39.webp.webp?fit=1200%2C675&ssl=1&resize=525%2C300 1.5x, https:\/\/i0.wp.com\/noticiasribeiraopreto.com.br\/wp-content\/uploads\/2025\/12\/domingo_2025-12-13_14-13-39.webp.webp?fit=1200%2C675&ssl=1&resize=700%2C400 2x, https:\/\/i0.wp.com\/noticiasribeiraopreto.com.br\/wp-content\/uploads\/2025\/12\/domingo_2025-12-13_14-13-39.webp.webp?fit=1200%2C675&ssl=1&resize=1050%2C600 3x"},"classes":[]},{"id":63598,"url":"https:\/\/noticiasribeiraopreto.com.br\/index.php\/2025\/02\/17\/casal-vira-reu-por-sumico-de-estoque-milionario-de-cafe-na-regiao-de-ribeirao-preto\/","url_meta":{"origin":60123,"position":5},"title":"Casal vira r\u00e9u por sumi\u00e7o de estoque milion\u00e1rio de caf\u00e9 na regi\u00e3o de Ribeir\u00e3o Preto","author":"noticiasribeiraopreto.com.br","date":"17 de February de 2025","format":false,"excerpt":"A Justi\u00e7a tornou r\u00e9us os empres\u00e1rios Guilherme Os\u00f3rio de Oliveira e Marina C\u00e9lia Lopes da Cruz Oliveira por suspeita de sumir com sacas de caf\u00e9 avaliadas em R$ 63 milh\u00f5es, que estavam armazenadas em um galp\u00e3o de Altin\u00f3polis, na regi\u00e3o de Ribeir\u00e3o Preto. O casal foi preso no fim do\u2026","rel":"","context":"In &quot;Not\u00edcias de Ribeir\u00e3o Preto-SP e Regi\u00e3o&quot;","block_context":{"text":"Not\u00edcias de Ribeir\u00e3o Preto-SP e Regi\u00e3o","link":"https:\/\/noticiasribeiraopreto.com.br\/index.php\/category\/noticias-de-ribeirao-preto-sp-e-regiao-ismael-colosi\/"},"img":{"alt_text":"","src":"https:\/\/i0.wp.com\/noticiasribeiraopreto.com.br\/wp-content\/uploads\/2025\/01\/Copia-de-Copia-de-Copia-de-TAMANHO-EXATO-PARA-FOTOS-NO-SISTEMA-NOVO-2025-01-29T110907.693_2025-01-29_14-09-12_png_2025-01-29_14-09-12.webp.webp?fit=1200%2C675&ssl=1&resize=350%2C200","width":350,"height":200,"srcset":"https:\/\/i0.wp.com\/noticiasribeiraopreto.com.br\/wp-content\/uploads\/2025\/01\/Copia-de-Copia-de-Copia-de-TAMANHO-EXATO-PARA-FOTOS-NO-SISTEMA-NOVO-2025-01-29T110907.693_2025-01-29_14-09-12_png_2025-01-29_14-09-12.webp.webp?fit=1200%2C675&ssl=1&resize=350%2C200 1x, https:\/\/i0.wp.com\/noticiasribeiraopreto.com.br\/wp-content\/uploads\/2025\/01\/Copia-de-Copia-de-Copia-de-TAMANHO-EXATO-PARA-FOTOS-NO-SISTEMA-NOVO-2025-01-29T110907.693_2025-01-29_14-09-12_png_2025-01-29_14-09-12.webp.webp?fit=1200%2C675&ssl=1&resize=525%2C300 1.5x, https:\/\/i0.wp.com\/noticiasribeiraopreto.com.br\/wp-content\/uploads\/2025\/01\/Copia-de-Copia-de-Copia-de-TAMANHO-EXATO-PARA-FOTOS-NO-SISTEMA-NOVO-2025-01-29T110907.693_2025-01-29_14-09-12_png_2025-01-29_14-09-12.webp.webp?fit=1200%2C675&ssl=1&resize=700%2C400 2x, https:\/\/i0.wp.com\/noticiasribeiraopreto.com.br\/wp-content\/uploads\/2025\/01\/Copia-de-Copia-de-Copia-de-TAMANHO-EXATO-PARA-FOTOS-NO-SISTEMA-NOVO-2025-01-29T110907.693_2025-01-29_14-09-12_png_2025-01-29_14-09-12.webp.webp?fit=1200%2C675&ssl=1&resize=1050%2C600 3x"},"classes":[]}],"jetpack_sharing_enabled":true,"jetpack_shortlink":"https:\/\/wp.me\/peQAOb-fDJ","_links":{"self":[{"href":"https:\/\/noticiasribeiraopreto.com.br\/index.php\/wp-json\/wp\/v2\/posts\/60123","targetHints":{"allow":["GET"]}}],"collection":[{"href":"https:\/\/noticiasribeiraopreto.com.br\/index.php\/wp-json\/wp\/v2\/posts"}],"about":[{"href":"https:\/\/noticiasribeiraopreto.com.br\/index.php\/wp-json\/wp\/v2\/types\/post"}],"author":[{"embeddable":true,"href":"https:\/\/noticiasribeiraopreto.com.br\/index.php\/wp-json\/wp\/v2\/users\/1"}],"replies":[{"embeddable":true,"href":"https:\/\/noticiasribeiraopreto.com.br\/index.php\/wp-json\/wp\/v2\/comments?post=60123"}],"version-history":[{"count":0,"href":"https:\/\/noticiasribeiraopreto.com.br\/index.php\/wp-json\/wp\/v2\/posts\/60123\/revisions"}],"wp:featuredmedia":[{"embeddable":true,"href":"https:\/\/noticiasribeiraopreto.com.br\/index.php\/wp-json\/wp\/v2\/media\/56575"}],"wp:attachment":[{"href":"https:\/\/noticiasribeiraopreto.com.br\/index.php\/wp-json\/wp\/v2\/media?parent=60123"}],"wp:term":[{"taxonomy":"category","embeddable":true,"href":"https:\/\/noticiasribeiraopreto.com.br\/index.php\/wp-json\/wp\/v2\/categories?post=60123"},{"taxonomy":"post_tag","embeddable":true,"href":"https:\/\/noticiasribeiraopreto.com.br\/index.php\/wp-json\/wp\/v2\/tags?post=60123"}],"curies":[{"name":"wp","href":"https:\/\/api.w.org\/{rel}","templated":true}]}}