{"id":60124,"date":"2024-11-06T15:18:16","date_gmt":"2024-11-06T18:18:16","guid":{"rendered":"https:\/\/noticiasribeiraopreto.com.br\/index.php\/2024\/11\/06\/oficinas-desvendam-a-importancia-da-obra-do-artista-macale-para-ribeirao-preto\/"},"modified":"2024-11-06T15:18:16","modified_gmt":"2024-11-06T18:18:16","slug":"oficinas-desvendam-a-importancia-da-obra-do-artista-macale-para-ribeirao-preto","status":"publish","type":"post","link":"https:\/\/noticiasribeiraopreto.com.br\/index.php\/2024\/11\/06\/oficinas-desvendam-a-importancia-da-obra-do-artista-macale-para-ribeirao-preto\/","title":{"rendered":"Oficinas desvendam a import\u00e2ncia da obra do artista Macal\u00e9 para Ribeir\u00e3o Preto"},"content":{"rendered":"<p> <br \/>\n<\/p>\n<div>\n<p>O <strong>Sesc Ribeir\u00e3o Preto <\/strong>entre <strong>7 e 21 de novembro<\/strong> a s\u00e9rie de oficinas \u201c<strong>Retratos<\/strong>\u201d, que tem o intuito de retratar a obra e a vida do artista pl\u00e1stico <strong>Macal\u00e9<\/strong>. Ele estar\u00e1 presente no encerramento para um bate-papo e, tamb\u00e9m, na exposi\u00e7\u00e3o dos trabalhos realizados durante as aulas.<\/p>\n<p>As atividades t\u00eam como tema o \u201cretrato\u201d e suas diversas formas de representa\u00e7\u00e3o nas artes visuais, convidando artistas e o p\u00fablico geral a realizarem um retrato, abstrato ou n\u00e3o, de <strong>Macal\u00e9<\/strong>, em qualquer t\u00e9cnica e linguagem.<\/p>\n<p>A oficina sobre fotografia \u00e9 ministrada por <strong>Carolina Koff<\/strong> e <strong>Camila Paulucci<\/strong>, a partir desta <strong>quinta-feira (7)<\/strong>. A oficina sobre pintura e desenho \u00e9 feita com <strong>Nattaly Faria<\/strong> e <strong>Maisa Martinez<\/strong> <strong>(Policromia Sentida)<\/strong>, a partir do dia <strong>14 de novembro<\/strong>. Ambas acontecem das <strong>19h30<\/strong> \u00e0s <strong>21h30<\/strong> e contam com <mark style=\"background-color:#fcb900\" class=\"has-inline-color has-black-color\">15 vagas dispon\u00edveis por ordem de chegada.<\/mark><\/p>\n<blockquote class=\"wp-block-quote\">\n<p>\u201cN\u00e3o \u00e9 preciso ser artista, nem mesmo iniciado nas t\u00e9cnicas a serem abordadas nas oficinas. O objetivo \u00e9 ensinar um pouco de cada t\u00e9cnica para pessoas leigas. E a partir disso, elas v\u00e3o criar retratos do artista\u201d<\/p>\n<p><cite>Carolina Koff, cientista social, fot\u00f3grafa e uma das oficineiras<\/cite><\/p><\/blockquote>\n<h4 class=\"wp-block-heading\"><strong>Ano Macal\u00e9<\/strong><\/h4>\n<p>O projeto tem o intuito de celebrar a obra e a vida de <strong>Jaime Domingos Cruz<\/strong>, o <strong>Macal\u00e9<\/strong>, que completa <strong>50 anos de produ\u00e7\u00e3o art\u00edstica em Ribeir\u00e3o Preto<\/strong>. A organiza\u00e7\u00e3o \u00e9 formada por membros da fam\u00edlia do pintor, artistas, curadores, arquitetos, galeristas, historiadores e educadores locais.<\/p>\n<p>No final deste ano, ocorrer\u00e3o duas exposi\u00e7\u00f5es individuais simult\u00e2neas do artista no <strong>Museu Casa de Portinari<\/strong>, em <strong>Brodowski<\/strong>,<strong> <\/strong>e no <strong>MARP- Museu de Arte de Ribeir\u00e3o Preto \u201cPedro Manuel-Gismondi\u201d<\/strong>. <\/p>\n<h4 class=\"wp-block-heading\"><strong>SERVI\u00c7O<\/strong><\/h4>\n<p><strong>Oficinas \u201cRetratos\u201d <\/strong><\/p>\n<p><strong>Quando:<\/strong> De 7 a 21 de novembro, quintas<\/p>\n<p><strong>Local: <\/strong><em> <\/em>Sesc Ribeir\u00e3o Preto \u2013 rua Tibiri\u00e7a, 50 \u2013 Centro<\/p>\n<p><strong>Hor\u00e1rio:<\/strong> das 19h30 \u00e0s 21h30<\/p>\n<p><strong>Exposi\u00e7\u00e3o e bate-papo<\/strong> <strong>com Macal\u00e9<\/strong><\/p>\n<p><strong>Quando:<\/strong> 21 de novembro \u2013 das 19h30 \u00e0s 21h30<\/p>\n<p>SAIBA MAIS<br \/>Pol\u00edticos de Ribeir\u00e3o Preto parabenizam Trump pela vit\u00f3ria nos EUA<\/p>\n<h4 class=\"wp-block-heading\"><strong>FIQUE ON<\/strong><\/h4>\n<p>Fique ligado em tudo que acontece em Ribeir\u00e3o Preto e regi\u00e3o. Siga os perfis do <strong>acidade on <\/strong>no <a href=\"https:\/\/www.instagram.com\/acidadeonribeirao\" target=\"_blank\" rel=\"noreferrer noopener\">Instagram<\/a> e no <a href=\"https:\/\/www.facebook.com\/acidadeonribeirao\" target=\"_blank\" rel=\"noreferrer noopener\">Facebook<\/a>.<\/p>\n<p>Receba not\u00edcias do <strong>acidade on <\/strong>no WhatsApp. Para entrar no grupo, basta <a href=\"https:\/\/chat.whatsapp.com\/Dtv9mxhy6V5BJBotM2OQ5k\" target=\"_blank\" rel=\"noreferrer noopener\">clicar aqui<\/a>.<\/p>\n<p>Fa\u00e7a uma den\u00fancia ou sugira uma reportagem sobre Ribeir\u00e3o Preto e regi\u00e3o pelo WhatsApp: 16 99117 7802.<\/p>\n<p>VEJA TAMB\u00c9M<br \/>Quem \u00e9 a atriz mirim que Diddy convidou para festa?<\/p>\n<p><!-- CONTENT END 1 -->\n<\/div>\n<p><script async src=\"\/\/www.instagram.com\/embed.js\"><\/script><br \/>\n<br \/><br \/>\n<br \/><a href=\"https:\/\/www.acidadeon.com\/ribeiraopreto\/lazer-e-cultura\/oficinas-desvendam-a-importancia-da-obra-do-artista-macale-para-ribeirao-preto\/\">Source link <\/a><\/p>\n","protected":false},"excerpt":{"rendered":"<p>O Sesc Ribeir\u00e3o Preto entre 7 e 21 de novembro a s\u00e9rie de oficinas \u201cRetratos\u201d, que tem o intuito de retratar a obra e a&#8230;<\/p>\n","protected":false},"author":1,"featured_media":60125,"comment_status":"open","ping_status":"open","sticky":false,"template":"","format":"standard","meta":{"advanced_seo_description":"","jetpack_seo_html_title":"","jetpack_seo_noindex":false,"jetpack_post_was_ever_published":false,"_jetpack_newsletter_access":"","_jetpack_dont_email_post_to_subs":false,"_jetpack_newsletter_tier_id":0,"_jetpack_memberships_contains_paywalled_content":false,"_jetpack_memberships_contains_paid_content":false,"footnotes":"","jetpack_publicize_message":"","jetpack_publicize_feature_enabled":true,"jetpack_social_post_already_shared":true,"jetpack_social_options":{"image_generator_settings":{"template":"highway","default_image_id":0,"font":"","enabled":false},"version":2}},"categories":[11],"tags":[],"class_list":["post-60124","post","type-post","status-publish","format-standard","has-post-thumbnail","hentry","category-noticias-de-ribeirao-preto-sp-e-regiao-ismael-colosi"],"jetpack_publicize_connections":[],"jetpack_featured_media_url":"https:\/\/i0.wp.com\/noticiasribeiraopreto.com.br\/wp-content\/uploads\/2024\/11\/11.2024-Artes-Visuais-Retratos-4-664x332-1_2024-11-06_16-18-02_png_2024-11-06_16-18-02.webp.webp?fit=664%2C332&ssl=1","jetpack-related-posts":[{"id":35658,"url":"https:\/\/noticiasribeiraopreto.com.br\/index.php\/2024\/02\/07\/exposicao-auto-retrato-alvo-retrato-processos-presentes-chega-a-rp\/","url_meta":{"origin":60124,"position":0},"title":"Exposi\u00e7\u00e3o &#8220;Auto Retrato, Alvo Retrato: Processos Presentes&#8221; chega a RP","author":"noticiasribeiraopreto.com.br","date":"7 de February de 2024","format":false,"excerpt":"6 de fevereiro de 2024 | 17:25 0\u201cAuto Retrato, Alvo Retrato: Processos Presentes\u201d \u00e9 estruturada em dois eixos metaf\u00f3ricos que d\u00e3o nome \u00e0 exposi\u00e7\u00e3o, refletindo sobre a import\u00e2ncia de olhar para o passado para tra\u00e7ar nosso caminho.Buscando ressaltar a produ\u00e7\u00e3o continua e sempre existe de artistas negros nos interiores paulistas,\u2026","rel":"","context":"In &quot;Not\u00edcias de Ribeir\u00e3o Preto-SP e Regi\u00e3o&quot;","block_context":{"text":"Not\u00edcias de Ribeir\u00e3o Preto-SP e Regi\u00e3o","link":"https:\/\/noticiasribeiraopreto.com.br\/index.php\/category\/noticias-de-ribeirao-preto-sp-e-regiao-ismael-colosi\/"},"img":{"alt_text":"","src":"https:\/\/i0.wp.com\/noticiasribeiraopreto.com.br\/wp-content\/uploads\/2024\/02\/Foto-Divulgacao-scaled.jpg?fit=967%2C645&ssl=1&resize=350%2C200","width":350,"height":200,"srcset":"https:\/\/i0.wp.com\/noticiasribeiraopreto.com.br\/wp-content\/uploads\/2024\/02\/Foto-Divulgacao-scaled.jpg?fit=967%2C645&ssl=1&resize=350%2C200 1x, https:\/\/i0.wp.com\/noticiasribeiraopreto.com.br\/wp-content\/uploads\/2024\/02\/Foto-Divulgacao-scaled.jpg?fit=967%2C645&ssl=1&resize=525%2C300 1.5x, https:\/\/i0.wp.com\/noticiasribeiraopreto.com.br\/wp-content\/uploads\/2024\/02\/Foto-Divulgacao-scaled.jpg?fit=967%2C645&ssl=1&resize=700%2C400 2x"},"classes":[]},{"id":57425,"url":"https:\/\/noticiasribeiraopreto.com.br\/index.php\/2024\/08\/31\/ribeirao-preto-recebe-exposicao-gratuita-do-artista-plastico-macale-veja-onde\/","url_meta":{"origin":60124,"position":1},"title":"Ribeir\u00e3o Preto recebe exposi\u00e7\u00e3o gratuita do artista pl\u00e1stico Macal\u00e9; Veja onde","author":"noticiasribeiraopreto.com.br","date":"31 de August de 2024","format":false,"excerpt":"Ribeir\u00e3o Preto recebe a exposi\u00e7\u00e3o \u201cN\u00f3s na Multid\u00e3o\u201d, do artista pl\u00e1stico Jaime Domingos Cruz, o Macal\u00e9, radicado no munic\u00edpio, at\u00e9 o dia 29 de setembro. A mostra integra a programa\u00e7\u00e3o \u201cANO MACAL\u00c9\u201d e tem entrada gratuita. \u201cN\u00f3s na Multid\u00e3o\u201d celebra a obra e a trajet\u00f3ria de Jaime como artista e\u2026","rel":"","context":"In &quot;Not\u00edcias de Ribeir\u00e3o Preto-SP e Regi\u00e3o&quot;","block_context":{"text":"Not\u00edcias de Ribeir\u00e3o Preto-SP e Regi\u00e3o","link":"https:\/\/noticiasribeiraopreto.com.br\/index.php\/category\/noticias-de-ribeirao-preto-sp-e-regiao-ismael-colosi\/"},"img":{"alt_text":"","src":"https:\/\/i0.wp.com\/noticiasribeiraopreto.com.br\/wp-content\/uploads\/2024\/08\/Copia-de-Copia-de-Copia-de-TAMANHO-EXATO-PARA-FOTOS-NO-SISTEMA-NOVO-1_2024-08-31_16-08-47_jpg_2024-08-31_16-08-48.webp.webp?fit=1200%2C675&ssl=1&resize=350%2C200","width":350,"height":200,"srcset":"https:\/\/i0.wp.com\/noticiasribeiraopreto.com.br\/wp-content\/uploads\/2024\/08\/Copia-de-Copia-de-Copia-de-TAMANHO-EXATO-PARA-FOTOS-NO-SISTEMA-NOVO-1_2024-08-31_16-08-47_jpg_2024-08-31_16-08-48.webp.webp?fit=1200%2C675&ssl=1&resize=350%2C200 1x, https:\/\/i0.wp.com\/noticiasribeiraopreto.com.br\/wp-content\/uploads\/2024\/08\/Copia-de-Copia-de-Copia-de-TAMANHO-EXATO-PARA-FOTOS-NO-SISTEMA-NOVO-1_2024-08-31_16-08-47_jpg_2024-08-31_16-08-48.webp.webp?fit=1200%2C675&ssl=1&resize=525%2C300 1.5x, https:\/\/i0.wp.com\/noticiasribeiraopreto.com.br\/wp-content\/uploads\/2024\/08\/Copia-de-Copia-de-Copia-de-TAMANHO-EXATO-PARA-FOTOS-NO-SISTEMA-NOVO-1_2024-08-31_16-08-47_jpg_2024-08-31_16-08-48.webp.webp?fit=1200%2C675&ssl=1&resize=700%2C400 2x, https:\/\/i0.wp.com\/noticiasribeiraopreto.com.br\/wp-content\/uploads\/2024\/08\/Copia-de-Copia-de-Copia-de-TAMANHO-EXATO-PARA-FOTOS-NO-SISTEMA-NOVO-1_2024-08-31_16-08-47_jpg_2024-08-31_16-08-48.webp.webp?fit=1200%2C675&ssl=1&resize=1050%2C600 3x"},"classes":[]},{"id":37660,"url":"https:\/\/noticiasribeiraopreto.com.br\/index.php\/2024\/02\/17\/exposicao-reune-artes-afro-brasileiras-no-campus-da-usp-ribeirao\/","url_meta":{"origin":60124,"position":2},"title":"Exposi\u00e7\u00e3o re\u00fane artes afro-brasileiras no Campus da USP Ribeir\u00e3o","author":"noticiasribeiraopreto.com.br","date":"17 de February de 2024","format":false,"excerpt":"A mostra de arte afro-brasileira \u201cAuto Retrato, Alvo Retrato: Processos Presentes\u201d est\u00e1 em exposi\u00e7\u00e3o no Instituto de Estudos Avan\u00e7ados da USP Ribeir\u00e3o Preto (Iearp) at\u00e9 o dia 29 de fevereiro. A entrada \u00e9 de gra\u00e7a. As 30 obras j\u00e1 passaram por quatro cidades na regi\u00e3o de Ribeir\u00e3o Preto e ressaltam\u2026","rel":"","context":"In &quot;Not\u00edcias de Ribeir\u00e3o Preto-SP e Regi\u00e3o&quot;","block_context":{"text":"Not\u00edcias de Ribeir\u00e3o Preto-SP e Regi\u00e3o","link":"https:\/\/noticiasribeiraopreto.com.br\/index.php\/category\/noticias-de-ribeirao-preto-sp-e-regiao-ismael-colosi\/"},"img":{"alt_text":"","src":"https:\/\/i0.wp.com\/noticiasribeiraopreto.com.br\/wp-content\/uploads\/2024\/02\/3-4.jpg?fit=1200%2C675&ssl=1&resize=350%2C200","width":350,"height":200,"srcset":"https:\/\/i0.wp.com\/noticiasribeiraopreto.com.br\/wp-content\/uploads\/2024\/02\/3-4.jpg?fit=1200%2C675&ssl=1&resize=350%2C200 1x, https:\/\/i0.wp.com\/noticiasribeiraopreto.com.br\/wp-content\/uploads\/2024\/02\/3-4.jpg?fit=1200%2C675&ssl=1&resize=525%2C300 1.5x, https:\/\/i0.wp.com\/noticiasribeiraopreto.com.br\/wp-content\/uploads\/2024\/02\/3-4.jpg?fit=1200%2C675&ssl=1&resize=700%2C400 2x, https:\/\/i0.wp.com\/noticiasribeiraopreto.com.br\/wp-content\/uploads\/2024\/02\/3-4.jpg?fit=1200%2C675&ssl=1&resize=1050%2C600 3x"},"classes":[]},{"id":39792,"url":"https:\/\/noticiasribeiraopreto.com.br\/index.php\/2024\/02\/28\/ano-macale-sera-lancado-em-rp\/","url_meta":{"origin":60124,"position":3},"title":"Ano Macal\u00e9 ser\u00e1 lan\u00e7ado em RP\u00a0","author":"noticiasribeiraopreto.com.br","date":"28 de February de 2024","format":false,"excerpt":"28 de fevereiro de 2024 | 12:0028 de fevereiro de 2024 | 9:07 0A Biblioteca Sinh\u00e1 Junqueira, com apoio da Secretaria Municipal da Cultura e Turismo, abrir\u00e1 as portas na noite desta quarta-feira, 28 de fevereiro, para dar in\u00edcio ao Ano Macal\u00e9. O projeto prev\u00ea uma s\u00e9rie de iniciativas entre\u2026","rel":"","context":"In &quot;Not\u00edcias de Ribeir\u00e3o Preto-SP e Regi\u00e3o&quot;","block_context":{"text":"Not\u00edcias de Ribeir\u00e3o Preto-SP e Regi\u00e3o","link":"https:\/\/noticiasribeiraopreto.com.br\/index.php\/category\/noticias-de-ribeirao-preto-sp-e-regiao-ismael-colosi\/"},"img":{"alt_text":"","src":"https:\/\/i0.wp.com\/noticiasribeiraopreto.com.br\/wp-content\/uploads\/2024\/02\/Macale-Divulgacao-01-scaled.jpeg?fit=860%2C645&ssl=1&resize=350%2C200","width":350,"height":200,"srcset":"https:\/\/i0.wp.com\/noticiasribeiraopreto.com.br\/wp-content\/uploads\/2024\/02\/Macale-Divulgacao-01-scaled.jpeg?fit=860%2C645&ssl=1&resize=350%2C200 1x, https:\/\/i0.wp.com\/noticiasribeiraopreto.com.br\/wp-content\/uploads\/2024\/02\/Macale-Divulgacao-01-scaled.jpeg?fit=860%2C645&ssl=1&resize=525%2C300 1.5x, https:\/\/i0.wp.com\/noticiasribeiraopreto.com.br\/wp-content\/uploads\/2024\/02\/Macale-Divulgacao-01-scaled.jpeg?fit=860%2C645&ssl=1&resize=700%2C400 2x"},"classes":[]},{"id":80183,"url":"https:\/\/noticiasribeiraopreto.com.br\/index.php\/2025\/11\/17\/museu-casa-de-portinari-oferece-programacao-especial-de-dia-da-consciencia-negra\/","url_meta":{"origin":60124,"position":4},"title":"Museu Casa de Portinari oferece programa\u00e7\u00e3o especial de Dia da Consci\u00eancia Negra","author":"noticiasribeiraopreto.com.br","date":"17 de November de 2025","format":false,"excerpt":"Localizado em Brodowski, na regi\u00e3o de Ribeir\u00e3o Preto, o Museu Casa de Portinari promove uma programa\u00e7\u00e3o especial em celebra\u00e7\u00e3o ao Dia da Consci\u00eancia Negra, com roda de conversa e oficina. Al\u00e9m disso, o Museu tamb\u00e9m oferece aos finais de semana a feira de artesanato, exposi\u00e7\u00f5es e mostras de trabalhos. Confira\u2026","rel":"","context":"In &quot;Not\u00edcias de Ribeir\u00e3o Preto-SP e Regi\u00e3o&quot;","block_context":{"text":"Not\u00edcias de Ribeir\u00e3o Preto-SP e Regi\u00e3o","link":"https:\/\/noticiasribeiraopreto.com.br\/index.php\/category\/noticias-de-ribeirao-preto-sp-e-regiao-ismael-colosi\/"},"img":{"alt_text":"","src":"https:\/\/i0.wp.com\/noticiasribeiraopreto.com.br\/wp-content\/uploads\/2025\/08\/f39de422-408e-4e01-885d-e6f6ebd33ced_2025-08-01_15-24-13.webp.webp?fit=1200%2C800&ssl=1&resize=350%2C200","width":350,"height":200,"srcset":"https:\/\/i0.wp.com\/noticiasribeiraopreto.com.br\/wp-content\/uploads\/2025\/08\/f39de422-408e-4e01-885d-e6f6ebd33ced_2025-08-01_15-24-13.webp.webp?fit=1200%2C800&ssl=1&resize=350%2C200 1x, https:\/\/i0.wp.com\/noticiasribeiraopreto.com.br\/wp-content\/uploads\/2025\/08\/f39de422-408e-4e01-885d-e6f6ebd33ced_2025-08-01_15-24-13.webp.webp?fit=1200%2C800&ssl=1&resize=525%2C300 1.5x, https:\/\/i0.wp.com\/noticiasribeiraopreto.com.br\/wp-content\/uploads\/2025\/08\/f39de422-408e-4e01-885d-e6f6ebd33ced_2025-08-01_15-24-13.webp.webp?fit=1200%2C800&ssl=1&resize=700%2C400 2x, https:\/\/i0.wp.com\/noticiasribeiraopreto.com.br\/wp-content\/uploads\/2025\/08\/f39de422-408e-4e01-885d-e6f6ebd33ced_2025-08-01_15-24-13.webp.webp?fit=1200%2C800&ssl=1&resize=1050%2C600 3x"},"classes":[]},{"id":60127,"url":"https:\/\/noticiasribeiraopreto.com.br\/index.php\/2024\/11\/06\/hc-de-ribeirao-preto-anuncia-novos-concursos-publicos-confira-as-vagas\/","url_meta":{"origin":60124,"position":5},"title":"HC de Ribeir\u00e3o Preto anuncia novos concursos p\u00fablicos; confira as vagas","author":"noticiasribeiraopreto.com.br","date":"6 de November de 2024","format":false,"excerpt":"O\u00a0Hospital das\u00a0Cl\u00ednicas de Ribeir\u00e3o Preto (HC-RP)\u00a0publicou o edital de 14 novos\u00a0concursos p\u00fablicos. As oportunidades s\u00e3o de\u00a0n\u00edvel t\u00e9cnico e superior\u00a0e os sal\u00e1rios variam entre\u00a0R$ 2,5 mil\u00a0e\u00a0R$ 5,7 mil. De acordo com o edital, os contratados v\u00e3o receber tamb\u00e9m um\u00a0aux\u00edlio alimenta\u00e7\u00e3o no valor de R$ 360 e vale-transporte. As vagas s\u00e3o para\u2026","rel":"","context":"In &quot;Not\u00edcias de Ribeir\u00e3o Preto-SP e Regi\u00e3o&quot;","block_context":{"text":"Not\u00edcias de Ribeir\u00e3o Preto-SP e Regi\u00e3o","link":"https:\/\/noticiasribeiraopreto.com.br\/index.php\/category\/noticias-de-ribeirao-preto-sp-e-regiao-ismael-colosi\/"},"img":{"alt_text":"","src":"https:\/\/i0.wp.com\/noticiasribeiraopreto.com.br\/wp-content\/uploads\/2024\/08\/Copia-de-Copia-de-TAMANHO-EXATO-PARA-FOTOS-NO-SISTEMA-NOVO-13_2024-07-14_14-37-47_jpg_2024-07-14_14-37-47.webp.webp?fit=1200%2C675&ssl=1&resize=350%2C200","width":350,"height":200,"srcset":"https:\/\/i0.wp.com\/noticiasribeiraopreto.com.br\/wp-content\/uploads\/2024\/08\/Copia-de-Copia-de-TAMANHO-EXATO-PARA-FOTOS-NO-SISTEMA-NOVO-13_2024-07-14_14-37-47_jpg_2024-07-14_14-37-47.webp.webp?fit=1200%2C675&ssl=1&resize=350%2C200 1x, https:\/\/i0.wp.com\/noticiasribeiraopreto.com.br\/wp-content\/uploads\/2024\/08\/Copia-de-Copia-de-TAMANHO-EXATO-PARA-FOTOS-NO-SISTEMA-NOVO-13_2024-07-14_14-37-47_jpg_2024-07-14_14-37-47.webp.webp?fit=1200%2C675&ssl=1&resize=525%2C300 1.5x, https:\/\/i0.wp.com\/noticiasribeiraopreto.com.br\/wp-content\/uploads\/2024\/08\/Copia-de-Copia-de-TAMANHO-EXATO-PARA-FOTOS-NO-SISTEMA-NOVO-13_2024-07-14_14-37-47_jpg_2024-07-14_14-37-47.webp.webp?fit=1200%2C675&ssl=1&resize=700%2C400 2x, https:\/\/i0.wp.com\/noticiasribeiraopreto.com.br\/wp-content\/uploads\/2024\/08\/Copia-de-Copia-de-TAMANHO-EXATO-PARA-FOTOS-NO-SISTEMA-NOVO-13_2024-07-14_14-37-47_jpg_2024-07-14_14-37-47.webp.webp?fit=1200%2C675&ssl=1&resize=1050%2C600 3x"},"classes":[]}],"jetpack_sharing_enabled":true,"jetpack_shortlink":"https:\/\/wp.me\/peQAOb-fDK","_links":{"self":[{"href":"https:\/\/noticiasribeiraopreto.com.br\/index.php\/wp-json\/wp\/v2\/posts\/60124","targetHints":{"allow":["GET"]}}],"collection":[{"href":"https:\/\/noticiasribeiraopreto.com.br\/index.php\/wp-json\/wp\/v2\/posts"}],"about":[{"href":"https:\/\/noticiasribeiraopreto.com.br\/index.php\/wp-json\/wp\/v2\/types\/post"}],"author":[{"embeddable":true,"href":"https:\/\/noticiasribeiraopreto.com.br\/index.php\/wp-json\/wp\/v2\/users\/1"}],"replies":[{"embeddable":true,"href":"https:\/\/noticiasribeiraopreto.com.br\/index.php\/wp-json\/wp\/v2\/comments?post=60124"}],"version-history":[{"count":0,"href":"https:\/\/noticiasribeiraopreto.com.br\/index.php\/wp-json\/wp\/v2\/posts\/60124\/revisions"}],"wp:featuredmedia":[{"embeddable":true,"href":"https:\/\/noticiasribeiraopreto.com.br\/index.php\/wp-json\/wp\/v2\/media\/60125"}],"wp:attachment":[{"href":"https:\/\/noticiasribeiraopreto.com.br\/index.php\/wp-json\/wp\/v2\/media?parent=60124"}],"wp:term":[{"taxonomy":"category","embeddable":true,"href":"https:\/\/noticiasribeiraopreto.com.br\/index.php\/wp-json\/wp\/v2\/categories?post=60124"},{"taxonomy":"post_tag","embeddable":true,"href":"https:\/\/noticiasribeiraopreto.com.br\/index.php\/wp-json\/wp\/v2\/tags?post=60124"}],"curies":[{"name":"wp","href":"https:\/\/api.w.org\/{rel}","templated":true}]}}