{"id":60126,"date":"2024-11-06T15:50:00","date_gmt":"2024-11-06T18:50:00","guid":{"rendered":"https:\/\/noticiasribeiraopreto.com.br\/index.php\/2024\/11\/06\/nova-frente-fria-deve-provocar-chuva-de-ate-200-milimetros-no-interior-de-sp\/"},"modified":"2024-11-06T15:50:00","modified_gmt":"2024-11-06T18:50:00","slug":"nova-frente-fria-deve-provocar-chuva-de-ate-200-milimetros-no-interior-de-sp","status":"publish","type":"post","link":"https:\/\/noticiasribeiraopreto.com.br\/index.php\/2024\/11\/06\/nova-frente-fria-deve-provocar-chuva-de-ate-200-milimetros-no-interior-de-sp\/","title":{"rendered":"Nova frente fria deve provocar chuva de at\u00e9 200 mil\u00edmetros no interior de SP"},"content":{"rendered":"<p> <br \/>\n<\/p>\n<div>\n<p>O avan\u00e7o de uma <strong>nova frente fria<\/strong>, nesta quinta-feira (7), deve provocar <strong>temporais <\/strong>em diversas regi\u00f5es do <strong>Estado de S\u00e3o Paulo<\/strong>. <mark style=\"background-color:#fcb900\" class=\"has-inline-color\">Em algumas regi\u00f5es do <strong>interior paulista<\/strong> o <strong>acumulado de chuva pode chegar aos 200 mil\u00edmetros<\/strong><\/mark> \u2013 saiba mais abaixo.<\/p>\n<p>De acordo com a <strong><a href=\"https:\/\/www.climatempo.com.br\/\" target=\"_blank\" rel=\"noreferrer noopener\">Climatempo<\/a><\/strong>, a <strong>circula\u00e7\u00e3o de ventos<\/strong> em diversos n\u00edveis da atmosfera est\u00e1 favorecendo a concentra\u00e7\u00e3o de <strong>muito ar \u00famido<\/strong> e <strong>quente<\/strong> sobre o Estado, o que facilita a <strong>forma\u00e7\u00e3o das grandes nuvens <em>Cumulonimbus<\/em><\/strong>, respons\u00e1vel por provocar esses temporais.<\/p>\n<p>Os <strong>n\u00edveis de acumulados de chuva<\/strong>, no entanto, poder\u00e3o variar entre <strong>alto<\/strong> e <strong>muito alto<\/strong>, segundo a <strong><a href=\"https:\/\/www.defesacivil.sp.gov.br\/\" target=\"_blank\" rel=\"noreferrer noopener\">Defesa Civil do Estado<\/a><\/strong>.<\/p>\n<h2 class=\"wp-block-heading\"><strong>Alerta de temporal<\/strong><\/h2>\n<p>Por conta desse cen\u00e1rio, a<strong> Defesa Civil de S\u00e3o Paulo<\/strong> emitiu um <strong>alerta para chuvas de forte intensidade<\/strong> que atingir\u00e3o <strong>todas as regi\u00f5es do territ\u00f3rio paulista<\/strong> entre esta quinta-feira e sexta-feira (8).<\/p>\n<figure class=\"wp-block-pullquote\">\n<blockquote>\n<p>Essas chuvas poder\u00e3o vir acompanhadas de raios, rajadas de vento e possibilidade de granizo. Este alerta \u00e9 devido \u00e0 passagem de uma frente fria pela costa da regi\u00e3o sudeste, a qual criar\u00e1 condi\u00e7\u00f5es para pancadas de chuva forte, al\u00e9m de condi\u00e7\u00f5es para temporais<\/p>\n<p><cite>diz trecho da nota emitida pela Defesa Civil<\/cite><\/p><\/blockquote>\n<\/figure>\n<p>Ainda de acordo com o \u00f3rg\u00e3o, um<strong> gabinete de crise<\/strong> tamb\u00e9m ser\u00e1 instalado a partir das 8h desta quinta-feira, para garantir a pronta resposta \u00e0 popula\u00e7\u00e3o em caso de emerg\u00eancia causada pelas chuvas.<\/p>\n<h3 class=\"wp-block-heading\"><strong>Acumulados de chuva<\/strong><\/h3>\n<p>Entre <strong>quarta (6)<\/strong> e <strong>s\u00e1bado (9)<\/strong>, <mark style=\"background-color:#fcb900\" class=\"has-inline-color\">a <strong>Climatempo <\/strong>alerta para <strong>volumes altos de chuva<\/strong> na <strong>Capital <\/strong>e no <strong>interior de S\u00e3o Paulo<\/strong>.<\/mark> Confira a previs\u00e3o:<\/p>\n<ul>\n<li><strong>Regi\u00e3o Metropolitana de S\u00e3o Paulo<\/strong> \u2013 150 a 200 mm<\/li>\n<\/ul>\n<ul>\n<li><strong>Vale do Ribeira e regi\u00e3o de Itapeva<\/strong> \u2013 150 a 200 mm<\/li>\n<\/ul>\n<ul>\n<li><strong>Campinas e Sorocaba<\/strong> \u2013 150 a 200 mm<\/li>\n<\/ul>\n<ul>\n<li><strong>Baixada Santista<\/strong> \u2013 150 a 200 mm<\/li>\n<\/ul>\n<ul>\n<li><strong>Vale do Para\u00edba<\/strong> \u2013 150 a 200 mm<\/li>\n<\/ul>\n<ul>\n<li><mark style=\"background-color:#fcb900\" class=\"has-inline-color\"><strong>Barretos, Ribeir\u00e3o Preto, Ara\u00e7atuba e Rio Preto<\/strong> \u2013 50 a 100 mm<\/mark><\/li>\n<\/ul>\n<ul>\n<li><strong>Mar\u00edlia e Presidente Prudente<\/strong> \u2013 50 a 100 mm<\/li>\n<\/ul>\n<ul>\n<li><strong>Litoral Norte<\/strong> \u2013 100 a 150 mm<\/li>\n<\/ul>\n<ul>\n<li><strong>Bauru e Araraquara<\/strong> \u2013 100 a 150 mm<\/li>\n<\/ul>\n<ul>\n<li><strong>Mar\u00edlia e Presidente Prudente<\/strong> \u2013 50 a 100 mm<\/li>\n<\/ul>\n<h4 class=\"wp-block-heading\"><strong>Recomenda\u00e7\u00f5es<\/strong><\/h4>\n<p>Com a <strong>previs\u00e3o de fortes chuvas e temporais<\/strong>, a <strong>Defesa Civil<\/strong> tamb\u00e9m refor\u00e7ou algumas <strong>medidas de seguran\u00e7a<\/strong>, portanto, \u00e9 recomendado <mark style=\"background-color:#fcb900\" class=\"has-inline-color\">evitar lugares abertos, como praias, campos de futebol e estacionamentos.<\/mark><\/p>\n<p>Al\u00e9m disso, \u00e9 necess\u00e1rio <strong>evitar ficar perto de objetos altos e isolados<\/strong>, como \u00e1rvores, postes, caixas d\u2019\u00e1gua e quiosques. No momento da chuva <strong>mantenha dist\u00e2ncia de aparelhos e objetos ligados \u00e0 rede el\u00e9trica<\/strong>, como geladeiras, fog\u00f5es e TVs. Confira outras recomenda\u00e7\u00f5es:<\/p>\n<ul>\n<li>Evite tomar banho durante a tempestade;<\/li>\n<\/ul>\n<ul>\n<li>Em caso de ventos fortes, tenha cuidado com a queda de \u00e1rvores, postes, fios e sem\u00e1foros;<\/li>\n<\/ul>\n<ul>\n<li>N\u00e3o desafie a for\u00e7a das \u00e1guas, n\u00e3o tente transpor uma enxurrada ou andar em \u00e1reas de alagadas;<\/li>\n<\/ul>\n<ul>\n<li>Se estiver em uma \u00e1rea de encosta, observe sinais de movimenta\u00e7\u00e3o do solo, como rachaduras nas paredes, \u00e1rvores e postes inclinados, e \u00e1gua lamacenta;<\/li>\n<\/ul>\n<ul>\n<li>Se um fio energizado cair sobre o ve\u00edculo, permane\u00e7a dentro do carro e ligue para o servi\u00e7o de emerg\u00eancia.<\/li>\n<\/ul>\n<hr class=\"wp-block-separator has-alpha-channel-opacity\"\/>\n<p>SAIBA MAIS<\/p>\n<p>Oficinas desvendam a import\u00e2ncia da obra do artista Macal\u00e9 para Ribeir\u00e3o Preto<\/p>\n<h4 class=\"wp-block-heading\"><strong>FIQUE ON<\/strong><\/h4>\n<p>Fique ligado em tudo que acontece em Ribeir\u00e3o Preto e regi\u00e3o. Siga os perfis do\u00a0<strong>acidade on\u00a0<\/strong>no\u00a0<a href=\"https:\/\/www.instagram.com\/acidadeonribeirao\" target=\"_blank\" rel=\"noreferrer noopener\">Instagram<\/a>\u00a0e no\u00a0<a href=\"https:\/\/www.facebook.com\/acidadeonribeirao\" target=\"_blank\" rel=\"noreferrer noopener\">Facebook<\/a>.<\/p>\n<p>Receba not\u00edcias do\u00a0<strong>acidade on\u00a0<\/strong>no WhatsApp. Para entrar no grupo, basta\u00a0<a href=\"https:\/\/chat.whatsapp.com\/Dtv9mxhy6V5BJBotM2OQ5k\" target=\"_blank\" rel=\"noreferrer noopener\">clicar aqui<\/a>.<\/p>\n<p>Fa\u00e7a uma den\u00fancia ou sugira uma reportagem sobre Ribeir\u00e3o Preto e regi\u00e3o pelo WhatsApp: 16 99117 7802.<\/p>\n<p>VEJA TAMB\u00c9M<\/p>\n<p>Spanakopita; aprenda a fazer pastel de forno com espinafre<\/p>\n<p><!-- CONTENT END 1 -->\n<\/div>\n<p><script async src=\"\/\/www.instagram.com\/embed.js\"><\/script><br \/>\n<br \/><br \/>\n<br \/><a href=\"https:\/\/www.acidadeon.com\/ribeiraopreto\/cotidiano\/nova-frente-fria-deve-provocar-chuva-de-ate-200-milimetros-no-interior-de-sp\/\">Source link <\/a><\/p>\n","protected":false},"excerpt":{"rendered":"<p>O avan\u00e7o de uma nova frente fria, nesta quinta-feira (7), deve provocar temporais em diversas regi\u00f5es do Estado de S\u00e3o Paulo. Em algumas regi\u00f5es do&#8230;<\/p>\n","protected":false},"author":1,"featured_media":59438,"comment_status":"open","ping_status":"open","sticky":false,"template":"","format":"standard","meta":{"advanced_seo_description":"","jetpack_seo_html_title":"","jetpack_seo_noindex":false,"jetpack_post_was_ever_published":false,"_jetpack_newsletter_access":"","_jetpack_dont_email_post_to_subs":false,"_jetpack_newsletter_tier_id":0,"_jetpack_memberships_contains_paywalled_content":false,"_jetpack_memberships_contains_paid_content":false,"footnotes":"","jetpack_publicize_message":"","jetpack_publicize_feature_enabled":true,"jetpack_social_post_already_shared":true,"jetpack_social_options":{"image_generator_settings":{"template":"highway","default_image_id":0,"font":"","enabled":false},"version":2}},"categories":[11],"tags":[],"class_list":["post-60126","post","type-post","status-publish","format-standard","has-post-thumbnail","hentry","category-noticias-de-ribeirao-preto-sp-e-regiao-ismael-colosi"],"jetpack_publicize_connections":[],"jetpack_featured_media_url":"https:\/\/i0.wp.com\/noticiasribeiraopreto.com.br\/wp-content\/uploads\/2024\/10\/WhatsApp-Image-2024-10-23-at-18.14.43_2024-10-23_22-19-38_jpeg_2024-10-23_22-19-39-scaled.webp.webp?fit=2560%2C1440&ssl=1","jetpack-related-posts":[{"id":79543,"url":"https:\/\/noticiasribeiraopreto.com.br\/index.php\/2025\/11\/03\/nova-frente-fria-traz-chuva-ainda-mais-intensa-para-sp-saiba-quando\/","url_meta":{"origin":60126,"position":0},"title":"Nova frente fria traz chuva ainda mais intensa para SP; Saiba quando","author":"noticiasribeiraopreto.com.br","date":"3 de November de 2025","format":false,"excerpt":"Ap\u00f3s um fim de semana de chuva intensa e diversos transtornos, a Defesa Civil de S\u00e3o Paulo emitiu um novo alerta para a chegada de uma frente fria ainda mais forte, com risco de temporais em v\u00e1rias regi\u00f5es do Estado nesta semana. De acordo com \u00f3rg\u00e3o, ao longo desta semana,\u2026","rel":"","context":"In &quot;Not\u00edcias de Ribeir\u00e3o Preto-SP e Regi\u00e3o&quot;","block_context":{"text":"Not\u00edcias de Ribeir\u00e3o Preto-SP e Regi\u00e3o","link":"https:\/\/noticiasribeiraopreto.com.br\/index.php\/category\/noticias-de-ribeirao-preto-sp-e-regiao-ismael-colosi\/"},"img":{"alt_text":"","src":"https:\/\/i0.wp.com\/noticiasribeiraopreto.com.br\/wp-content\/uploads\/2025\/11\/Copia-de-Copia-de-Copia-de-TAMANHO-EXATO-PARA-FOTOS-NO-SISTEMA-NOVO-2025-10-09T140757.106_2025-10-09_17-08-33.webp.webp?fit=1200%2C675&ssl=1&resize=350%2C200","width":350,"height":200,"srcset":"https:\/\/i0.wp.com\/noticiasribeiraopreto.com.br\/wp-content\/uploads\/2025\/11\/Copia-de-Copia-de-Copia-de-TAMANHO-EXATO-PARA-FOTOS-NO-SISTEMA-NOVO-2025-10-09T140757.106_2025-10-09_17-08-33.webp.webp?fit=1200%2C675&ssl=1&resize=350%2C200 1x, https:\/\/i0.wp.com\/noticiasribeiraopreto.com.br\/wp-content\/uploads\/2025\/11\/Copia-de-Copia-de-Copia-de-TAMANHO-EXATO-PARA-FOTOS-NO-SISTEMA-NOVO-2025-10-09T140757.106_2025-10-09_17-08-33.webp.webp?fit=1200%2C675&ssl=1&resize=525%2C300 1.5x, https:\/\/i0.wp.com\/noticiasribeiraopreto.com.br\/wp-content\/uploads\/2025\/11\/Copia-de-Copia-de-Copia-de-TAMANHO-EXATO-PARA-FOTOS-NO-SISTEMA-NOVO-2025-10-09T140757.106_2025-10-09_17-08-33.webp.webp?fit=1200%2C675&ssl=1&resize=700%2C400 2x, https:\/\/i0.wp.com\/noticiasribeiraopreto.com.br\/wp-content\/uploads\/2025\/11\/Copia-de-Copia-de-Copia-de-TAMANHO-EXATO-PARA-FOTOS-NO-SISTEMA-NOVO-2025-10-09T140757.106_2025-10-09_17-08-33.webp.webp?fit=1200%2C675&ssl=1&resize=1050%2C600 3x"},"classes":[]},{"id":61782,"url":"https:\/\/noticiasribeiraopreto.com.br\/index.php\/2024\/12\/21\/verao-comeca-com-alerta-de-perigo-para-chuva-no-interior-de-sp-veja-regioes\/","url_meta":{"origin":60126,"position":1},"title":"Ver\u00e3o come\u00e7a com alerta de perigo para chuva no interior de SP; Veja regi\u00f5es","author":"noticiasribeiraopreto.com.br","date":"21 de December de 2024","format":false,"excerpt":"O ver\u00e3o come\u00e7ou oficialmente neste s\u00e1bado (21), contudo, os meteorologistas alertam para a forma\u00e7\u00e3o de uma ZCAS (Zona de Converg\u00eancia do Atl\u00e2ntico Sul) que deve provocar muita chuva no Sudeste nos pr\u00f3ximos dias. De acordo com a Climatempo, os acumulados de chuva podem ultrapassar 150 mil\u00edmetros em algumas regi\u00f5es. Por\u2026","rel":"","context":"In &quot;Not\u00edcias de Ribeir\u00e3o Preto-SP e Regi\u00e3o&quot;","block_context":{"text":"Not\u00edcias de Ribeir\u00e3o Preto-SP e Regi\u00e3o","link":"https:\/\/noticiasribeiraopreto.com.br\/index.php\/category\/noticias-de-ribeirao-preto-sp-e-regiao-ismael-colosi\/"},"img":{"alt_text":"","src":"https:\/\/i0.wp.com\/noticiasribeiraopreto.com.br\/wp-content\/uploads\/2024\/12\/WhatsApp-Image-2024-12-03-at-09.16.43_2024-12-03_12-22-10_jpeg_2024-12-03_12-22-10.webp.webp?fit=1200%2C540&ssl=1&resize=350%2C200","width":350,"height":200,"srcset":"https:\/\/i0.wp.com\/noticiasribeiraopreto.com.br\/wp-content\/uploads\/2024\/12\/WhatsApp-Image-2024-12-03-at-09.16.43_2024-12-03_12-22-10_jpeg_2024-12-03_12-22-10.webp.webp?fit=1200%2C540&ssl=1&resize=350%2C200 1x, https:\/\/i0.wp.com\/noticiasribeiraopreto.com.br\/wp-content\/uploads\/2024\/12\/WhatsApp-Image-2024-12-03-at-09.16.43_2024-12-03_12-22-10_jpeg_2024-12-03_12-22-10.webp.webp?fit=1200%2C540&ssl=1&resize=525%2C300 1.5x, https:\/\/i0.wp.com\/noticiasribeiraopreto.com.br\/wp-content\/uploads\/2024\/12\/WhatsApp-Image-2024-12-03-at-09.16.43_2024-12-03_12-22-10_jpeg_2024-12-03_12-22-10.webp.webp?fit=1200%2C540&ssl=1&resize=700%2C400 2x, https:\/\/i0.wp.com\/noticiasribeiraopreto.com.br\/wp-content\/uploads\/2024\/12\/WhatsApp-Image-2024-12-03-at-09.16.43_2024-12-03_12-22-10_jpeg_2024-12-03_12-22-10.webp.webp?fit=1200%2C540&ssl=1&resize=1050%2C600 3x"},"classes":[]},{"id":59209,"url":"https:\/\/noticiasribeiraopreto.com.br\/index.php\/2024\/10\/17\/o-que-se-sabe-sobre-o-alerta-de-chuva-de-200-milimetros-no-interior-de-sp\/","url_meta":{"origin":60126,"position":2},"title":"O que se sabe sobre o alerta de chuva de 200 mil\u00edmetros no interior de SP","author":"noticiasribeiraopreto.com.br","date":"17 de October de 2024","format":false,"excerpt":"A Defesa Civil publicou um alerta de chuva e ventos fortes para o interior de S\u00e3o Paulo v\u00e1lido para o per\u00edodo entre sexta-feira (18) e domingo (20). Segundo o alerta, pode chover o acumulado de at\u00e9 200 mil\u00edmetros em algumas regi\u00f5es \u2013 equivalente a m\u00e9dia mensal de um m\u00eas chuvoso.\u2026","rel":"","context":"In &quot;Not\u00edcias de Ribeir\u00e3o Preto-SP e Regi\u00e3o&quot;","block_context":{"text":"Not\u00edcias de Ribeir\u00e3o Preto-SP e Regi\u00e3o","link":"https:\/\/noticiasribeiraopreto.com.br\/index.php\/category\/noticias-de-ribeirao-preto-sp-e-regiao-ismael-colosi\/"},"img":{"alt_text":"","src":"https:\/\/i0.wp.com\/noticiasribeiraopreto.com.br\/wp-content\/uploads\/2024\/10\/morro-sao-bento_2024-10-17_16-41-06_jpg_2024-10-17_16-41-07-scaled.webp.webp?fit=1200%2C675&ssl=1&resize=350%2C200","width":350,"height":200,"srcset":"https:\/\/i0.wp.com\/noticiasribeiraopreto.com.br\/wp-content\/uploads\/2024\/10\/morro-sao-bento_2024-10-17_16-41-06_jpg_2024-10-17_16-41-07-scaled.webp.webp?fit=1200%2C675&ssl=1&resize=350%2C200 1x, https:\/\/i0.wp.com\/noticiasribeiraopreto.com.br\/wp-content\/uploads\/2024\/10\/morro-sao-bento_2024-10-17_16-41-06_jpg_2024-10-17_16-41-07-scaled.webp.webp?fit=1200%2C675&ssl=1&resize=525%2C300 1.5x, https:\/\/i0.wp.com\/noticiasribeiraopreto.com.br\/wp-content\/uploads\/2024\/10\/morro-sao-bento_2024-10-17_16-41-06_jpg_2024-10-17_16-41-07-scaled.webp.webp?fit=1200%2C675&ssl=1&resize=700%2C400 2x, https:\/\/i0.wp.com\/noticiasribeiraopreto.com.br\/wp-content\/uploads\/2024\/10\/morro-sao-bento_2024-10-17_16-41-06_jpg_2024-10-17_16-41-07-scaled.webp.webp?fit=1200%2C675&ssl=1&resize=1050%2C600 3x"},"classes":[]},{"id":80854,"url":"https:\/\/noticiasribeiraopreto.com.br\/index.php\/2025\/12\/16\/nova-frente-fria-coloca-cidades-do-interior-de-sp-em-alerta-para-chuva-confira-a-lista\/","url_meta":{"origin":60126,"position":3},"title":"Nova frente fria coloca cidades do interior de SP em alerta para chuva; confira a lista","author":"noticiasribeiraopreto.com.br","date":"16 de December de 2025","format":false,"excerpt":"Um alerta de perigo para chuvas intensas foi emitido pelo Instituto Nacional de Meteorologia (Inmet) nesta segunda-feira (15). De acordo com a Climatempo, uma nova frente fria deve refor\u00e7ar as instabilidades nesta semana, no interior de S\u00e3o Paulo. O comunicado, identificado com a cor laranja, prev\u00ea chuva entre 30 e\u2026","rel":"","context":"In &quot;Not\u00edcias de Ribeir\u00e3o Preto-SP e Regi\u00e3o&quot;","block_context":{"text":"Not\u00edcias de Ribeir\u00e3o Preto-SP e Regi\u00e3o","link":"https:\/\/noticiasribeiraopreto.com.br\/index.php\/category\/noticias-de-ribeirao-preto-sp-e-regiao-ismael-colosi\/"},"img":{"alt_text":"","src":"https:\/\/i0.wp.com\/noticiasribeiraopreto.com.br\/wp-content\/uploads\/2025\/12\/WhatsApp-Image-2025-11-22-at-09.06.01-1_2025-11-22_12-23-00.webp.webp?fit=1200%2C900&ssl=1&resize=350%2C200","width":350,"height":200,"srcset":"https:\/\/i0.wp.com\/noticiasribeiraopreto.com.br\/wp-content\/uploads\/2025\/12\/WhatsApp-Image-2025-11-22-at-09.06.01-1_2025-11-22_12-23-00.webp.webp?fit=1200%2C900&ssl=1&resize=350%2C200 1x, https:\/\/i0.wp.com\/noticiasribeiraopreto.com.br\/wp-content\/uploads\/2025\/12\/WhatsApp-Image-2025-11-22-at-09.06.01-1_2025-11-22_12-23-00.webp.webp?fit=1200%2C900&ssl=1&resize=525%2C300 1.5x, https:\/\/i0.wp.com\/noticiasribeiraopreto.com.br\/wp-content\/uploads\/2025\/12\/WhatsApp-Image-2025-11-22-at-09.06.01-1_2025-11-22_12-23-00.webp.webp?fit=1200%2C900&ssl=1&resize=700%2C400 2x, https:\/\/i0.wp.com\/noticiasribeiraopreto.com.br\/wp-content\/uploads\/2025\/12\/WhatsApp-Image-2025-11-22-at-09.06.01-1_2025-11-22_12-23-00.webp.webp?fit=1200%2C900&ssl=1&resize=1050%2C600 3x"},"classes":[]},{"id":5043,"url":"https:\/\/noticiasribeiraopreto.com.br\/index.php\/2023\/11\/22\/interior-do-estado-de-sp-tem-alerta-da-defesa-civil-para-temporais-de-ate-170-milimetros\/","url_meta":{"origin":60126,"position":4},"title":"Interior do estado de SP tem alerta da Defesa Civil para temporais de at\u00e9 170 mil\u00edmetros","author":"noticiasribeiraopreto.com.br","date":"22 de November de 2023","format":false,"excerpt":"A Defesa Civil publicou um alerta nesta quarta-feira (22) para temporais que podem ocorrer no interior de S\u00e3o Paulo entre quinta-feira (23) e s\u00e1bado (25).\u00a0 As chuvas podem atingir o acumulado de 170 mil\u00edmetros e s\u00e3o motivadas por uma frente fria que chegou ao estado. De acordo com o \u00f3rg\u00e3o,\u2026","rel":"","context":"In &quot;Not\u00edcias de Ribeir\u00e3o Preto-SP e Regi\u00e3o&quot;","block_context":{"text":"Not\u00edcias de Ribeir\u00e3o Preto-SP e Regi\u00e3o","link":"https:\/\/noticiasribeiraopreto.com.br\/index.php\/category\/noticias-de-ribeirao-preto-sp-e-regiao-ismael-colosi\/"},"img":{"alt_text":"","src":"https:\/\/i0.wp.com\/noticiasribeiraopreto.com.br\/wp-content\/uploads\/2023\/11\/WhatsApp-Image-2023-10-27-at-06.48.27.jpeg?fit=1200%2C540&ssl=1&resize=350%2C200","width":350,"height":200,"srcset":"https:\/\/i0.wp.com\/noticiasribeiraopreto.com.br\/wp-content\/uploads\/2023\/11\/WhatsApp-Image-2023-10-27-at-06.48.27.jpeg?fit=1200%2C540&ssl=1&resize=350%2C200 1x, https:\/\/i0.wp.com\/noticiasribeiraopreto.com.br\/wp-content\/uploads\/2023\/11\/WhatsApp-Image-2023-10-27-at-06.48.27.jpeg?fit=1200%2C540&ssl=1&resize=525%2C300 1.5x, https:\/\/i0.wp.com\/noticiasribeiraopreto.com.br\/wp-content\/uploads\/2023\/11\/WhatsApp-Image-2023-10-27-at-06.48.27.jpeg?fit=1200%2C540&ssl=1&resize=700%2C400 2x, https:\/\/i0.wp.com\/noticiasribeiraopreto.com.br\/wp-content\/uploads\/2023\/11\/WhatsApp-Image-2023-10-27-at-06.48.27.jpeg?fit=1200%2C540&ssl=1&resize=1050%2C600 3x"},"classes":[]},{"id":80020,"url":"https:\/\/noticiasribeiraopreto.com.br\/index.php\/2025\/11\/12\/frente-fria-traz-chuva-e-risco-de-tempestade-ao-estado-de-sp-saiba-quando\/","url_meta":{"origin":60126,"position":5},"title":"Frente fria traz chuva e risco de tempestade ao estado de SP; saiba quando","author":"noticiasribeiraopreto.com.br","date":"12 de November de 2025","format":false,"excerpt":"O tempo deve voltar a mudar no estado de S\u00e3o Paulo nos pr\u00f3ximos dias, com previs\u00e3o de pancadas de chuva e risco de temporais em v\u00e1rias regi\u00f5es \u2013 veja abaixo. As instabilidades est\u00e3o associadas \u00e0 forma\u00e7\u00e3o de uma \u00e1rea de baixa press\u00e3o atmosf\u00e9rica sobre o Paraguai, que, combinada com a\u2026","rel":"","context":"In &quot;Not\u00edcias de Ribeir\u00e3o Preto-SP e Regi\u00e3o&quot;","block_context":{"text":"Not\u00edcias de Ribeir\u00e3o Preto-SP e Regi\u00e3o","link":"https:\/\/noticiasribeiraopreto.com.br\/index.php\/category\/noticias-de-ribeirao-preto-sp-e-regiao-ismael-colosi\/"},"img":{"alt_text":"","src":"https:\/\/i0.wp.com\/noticiasribeiraopreto.com.br\/wp-content\/uploads\/2025\/11\/chuva_sexta_06_2024-11-29_16-33-16.webp.webp?fit=1024%2C768&ssl=1&resize=350%2C200","width":350,"height":200,"srcset":"https:\/\/i0.wp.com\/noticiasribeiraopreto.com.br\/wp-content\/uploads\/2025\/11\/chuva_sexta_06_2024-11-29_16-33-16.webp.webp?fit=1024%2C768&ssl=1&resize=350%2C200 1x, https:\/\/i0.wp.com\/noticiasribeiraopreto.com.br\/wp-content\/uploads\/2025\/11\/chuva_sexta_06_2024-11-29_16-33-16.webp.webp?fit=1024%2C768&ssl=1&resize=525%2C300 1.5x, https:\/\/i0.wp.com\/noticiasribeiraopreto.com.br\/wp-content\/uploads\/2025\/11\/chuva_sexta_06_2024-11-29_16-33-16.webp.webp?fit=1024%2C768&ssl=1&resize=700%2C400 2x"},"classes":[]}],"jetpack_sharing_enabled":true,"jetpack_shortlink":"https:\/\/wp.me\/peQAOb-fDM","_links":{"self":[{"href":"https:\/\/noticiasribeiraopreto.com.br\/index.php\/wp-json\/wp\/v2\/posts\/60126","targetHints":{"allow":["GET"]}}],"collection":[{"href":"https:\/\/noticiasribeiraopreto.com.br\/index.php\/wp-json\/wp\/v2\/posts"}],"about":[{"href":"https:\/\/noticiasribeiraopreto.com.br\/index.php\/wp-json\/wp\/v2\/types\/post"}],"author":[{"embeddable":true,"href":"https:\/\/noticiasribeiraopreto.com.br\/index.php\/wp-json\/wp\/v2\/users\/1"}],"replies":[{"embeddable":true,"href":"https:\/\/noticiasribeiraopreto.com.br\/index.php\/wp-json\/wp\/v2\/comments?post=60126"}],"version-history":[{"count":0,"href":"https:\/\/noticiasribeiraopreto.com.br\/index.php\/wp-json\/wp\/v2\/posts\/60126\/revisions"}],"wp:featuredmedia":[{"embeddable":true,"href":"https:\/\/noticiasribeiraopreto.com.br\/index.php\/wp-json\/wp\/v2\/media\/59438"}],"wp:attachment":[{"href":"https:\/\/noticiasribeiraopreto.com.br\/index.php\/wp-json\/wp\/v2\/media?parent=60126"}],"wp:term":[{"taxonomy":"category","embeddable":true,"href":"https:\/\/noticiasribeiraopreto.com.br\/index.php\/wp-json\/wp\/v2\/categories?post=60126"},{"taxonomy":"post_tag","embeddable":true,"href":"https:\/\/noticiasribeiraopreto.com.br\/index.php\/wp-json\/wp\/v2\/tags?post=60126"}],"curies":[{"name":"wp","href":"https:\/\/api.w.org\/{rel}","templated":true}]}}