{"id":60128,"date":"2024-11-06T16:51:14","date_gmt":"2024-11-06T19:51:14","guid":{"rendered":"https:\/\/noticiasribeiraopreto.com.br\/index.php\/2024\/11\/06\/chuva-provoca-transtornos-em-ribeirao-preto-veja-video\/"},"modified":"2024-11-06T16:51:14","modified_gmt":"2024-11-06T19:51:14","slug":"chuva-provoca-transtornos-em-ribeirao-preto-veja-video","status":"publish","type":"post","link":"https:\/\/noticiasribeiraopreto.com.br\/index.php\/2024\/11\/06\/chuva-provoca-transtornos-em-ribeirao-preto-veja-video\/","title":{"rendered":"Chuva provoca transtornos em Ribeir\u00e3o Preto; Veja v\u00eddeo"},"content":{"rendered":"<p> <br \/>\n<\/p>\n<div data-td-block-uid=\"tdi_106\">\n<div class=\"tdb-block-inner td-fix-index\">\n<p>A <strong>chuva <\/strong>que atingiu <strong>Ribeir\u00e3o Preto<\/strong>, na tarde desta quarta-feira (6), j\u00e1 provoca alguns <strong>transtornos <\/strong>para os moradores do munic\u00edpio.<\/p>\n<p>Um trecho da<strong> avenida Jer\u00f4nimo Gon\u00e7alves<\/strong>, pr\u00f3ximo ao Terminal Rodovi\u00e1rio, por exemplo, <strong>ficou alagado. <\/strong><mark style=\"background-color:#fcb900\" class=\"has-inline-color\">Tamb\u00e9m h\u00e1 relatos de alagamento pr\u00f3ximo a <strong>rua S\u00e3o Francisco<\/strong>, na zona Norte da cidade, no <strong>cruzamento das ruas Am\u00e9rico Brasiliense e Cerqueira C\u00e9sar<\/strong>, no Centro, e na <strong>avenida Portugal<\/strong>, zona Sul.<\/mark><\/p>\n<p>Ao <strong>portal acidade on Ribeir\u00e3o<\/strong>, a <strong>Defesa Civil de Ribeir\u00e3o Preto<\/strong> informou que ainda n\u00e3o h\u00e1 registro de ocorr\u00eancias.<\/p>\n<p>De acordo com a <strong>Climatempo<\/strong>, entre est\u00e1 <strong>quarta-feira<\/strong> e <strong>s\u00e1bado (9)<\/strong>, o <strong>acumulado de chuva em Ribeir\u00e3o Preto pode atingir os 100 mil\u00edmetros<\/strong>. Por conta deste cen\u00e1rio, a <strong>Defesa Civil do Estado <\/strong>emitiu um <strong>alerta para chuvas de forte intensidade<\/strong>.<\/p>\n<blockquote class=\"instagram-media\" data-instgrm-permalink=\"https:\/\/www.instagram.com\/reel\/DCCrODUyNo_\/?utm_source=ig_embed&amp;utm_campaign=loading\" data-instgrm-version=\"14\" style=\" background:#FFF; border:0; border-radius:3px; box-shadow:0 0 1px 0 rgba(0,0,0,0.5),0 1px 10px 0 rgba(0,0,0,0.15); margin: 1px; max-width:540px; min-width:326px; padding:0; width:99.375%; width:-webkit-calc(100% - 2px); width:calc(100% - 2px);\"\/>\n<hr class=\"wp-block-separator has-alpha-channel-opacity\"\/>\n<p>SAIBA MAIS<\/p>\n<p>Nova frente fria deve provocar chuva de at\u00e9 200 mil\u00edmetros no interior de SP<\/p>\n<h4 class=\"wp-block-heading\"><strong>FIQUE ON<\/strong><\/h4>\n<p>Fique ligado em tudo que acontece em Ribeir\u00e3o Preto e regi\u00e3o. Siga os perfis do\u00a0<strong>acidade on\u00a0<\/strong>no\u00a0<a href=\"https:\/\/www.instagram.com\/acidadeonribeirao\" target=\"_blank\" rel=\"noreferrer noopener\">Instagram<\/a>\u00a0e no\u00a0<a href=\"https:\/\/www.facebook.com\/acidadeonribeirao\" target=\"_blank\" rel=\"noreferrer noopener\">Facebook<\/a>.<\/p>\n<p>Receba not\u00edcias do\u00a0<strong>acidade on\u00a0<\/strong>no WhatsApp. Para entrar no grupo, basta\u00a0<a href=\"https:\/\/chat.whatsapp.com\/Dtv9mxhy6V5BJBotM2OQ5k\" target=\"_blank\" rel=\"noreferrer noopener\">clicar aqui<\/a>.<\/p>\n<p>Fa\u00e7a uma den\u00fancia ou sugira uma reportagem sobre Ribeir\u00e3o Preto e regi\u00e3o pelo WhatsApp: 16 99117 7802.<\/p>\n<p>VEJA TAMB\u00c9M<\/p>\n<p>Quantos anos valia o acordo de sigilo de Diddy?<\/p>\n<p><!-- CONTENT END 1 -->\n<\/div>\n<\/div>\n<p><script async src=\"\/\/www.instagram.com\/embed.js\"><\/script><br \/>\n<br \/><br \/>\n<br \/><a href=\"https:\/\/www.acidadeon.com\/ribeiraopreto\/cotidiano\/chuva-provoca-transtornos-em-ribeirao-preto-veja-video\/\">Source link <\/a><\/p>\n","protected":false},"excerpt":{"rendered":"<p>A chuva que atingiu Ribeir\u00e3o Preto, na tarde desta quarta-feira (6), j\u00e1 provoca alguns transtornos para os moradores do munic\u00edpio. Um trecho da avenida Jer\u00f4nimo&#8230;<\/p>\n","protected":false},"author":1,"featured_media":60129,"comment_status":"open","ping_status":"open","sticky":false,"template":"","format":"standard","meta":{"advanced_seo_description":"","jetpack_seo_html_title":"","jetpack_seo_noindex":false,"jetpack_post_was_ever_published":false,"_jetpack_newsletter_access":"","_jetpack_dont_email_post_to_subs":false,"_jetpack_newsletter_tier_id":0,"_jetpack_memberships_contains_paywalled_content":false,"_jetpack_memberships_contains_paid_content":false,"footnotes":"","jetpack_publicize_message":"","jetpack_publicize_feature_enabled":true,"jetpack_social_post_already_shared":true,"jetpack_social_options":{"image_generator_settings":{"template":"highway","default_image_id":0,"font":"","enabled":false},"version":2}},"categories":[11],"tags":[],"class_list":["post-60128","post","type-post","status-publish","format-standard","has-post-thumbnail","hentry","category-noticias-de-ribeirao-preto-sp-e-regiao-ismael-colosi"],"jetpack_publicize_connections":[],"jetpack_featured_media_url":"https:\/\/i0.wp.com\/noticiasribeiraopreto.com.br\/wp-content\/uploads\/2024\/11\/Copia-de-Copia-de-Copia-de-TAMANHO-EXATO-PARA-FOTOS-NO-SISTEMA-NOVO-2024-11-06T164017.521_2024-11-06_19-40-22_png_2024-11-06_19-40-22.webp.webp?fit=1200%2C675&ssl=1","jetpack-related-posts":[{"id":41187,"url":"https:\/\/noticiasribeiraopreto.com.br\/index.php\/2024\/03\/06\/chuva-provoca-alagamentos-e-causa-transtornos-em-ribeirao-preto-veja-videos\/","url_meta":{"origin":60128,"position":0},"title":"Chuva provoca alagamentos e causa transtornos em Ribeir\u00e3o Preto; Veja v\u00eddeos","author":"noticiasribeiraopreto.com.br","date":"6 de March de 2024","format":false,"excerpt":"A chuva que atingiu Ribeir\u00e3o Preto, no final da tarde desta quarta-feira (6), causou diversos transtornos pela cidade. Vale ressaltar que o Inmet (Instituto Nacional de Meteorologia) publicou um alerta de chuvas intensas para o interior de S\u00e3o Paulo v\u00e1lido at\u00e9 o final desta semana. Internautas registraram pontos de alagamentos\u2026","rel":"","context":"In &quot;Not\u00edcias de Ribeir\u00e3o Preto-SP e Regi\u00e3o&quot;","block_context":{"text":"Not\u00edcias de Ribeir\u00e3o Preto-SP e Regi\u00e3o","link":"https:\/\/noticiasribeiraopreto.com.br\/index.php\/category\/noticias-de-ribeirao-preto-sp-e-regiao-ismael-colosi\/"},"img":{"alt_text":"","src":"https:\/\/i0.wp.com\/noticiasribeiraopreto.com.br\/wp-content\/uploads\/2024\/03\/AnyConv.com__Copia-de-Copia-de-TAMANHO-EXATO-PARA-FOTOS-NO-SISTEMA-NOVO-65.webp.webp?fit=1200%2C675&ssl=1&resize=350%2C200","width":350,"height":200,"srcset":"https:\/\/i0.wp.com\/noticiasribeiraopreto.com.br\/wp-content\/uploads\/2024\/03\/AnyConv.com__Copia-de-Copia-de-TAMANHO-EXATO-PARA-FOTOS-NO-SISTEMA-NOVO-65.webp.webp?fit=1200%2C675&ssl=1&resize=350%2C200 1x, https:\/\/i0.wp.com\/noticiasribeiraopreto.com.br\/wp-content\/uploads\/2024\/03\/AnyConv.com__Copia-de-Copia-de-TAMANHO-EXATO-PARA-FOTOS-NO-SISTEMA-NOVO-65.webp.webp?fit=1200%2C675&ssl=1&resize=525%2C300 1.5x, https:\/\/i0.wp.com\/noticiasribeiraopreto.com.br\/wp-content\/uploads\/2024\/03\/AnyConv.com__Copia-de-Copia-de-TAMANHO-EXATO-PARA-FOTOS-NO-SISTEMA-NOVO-65.webp.webp?fit=1200%2C675&ssl=1&resize=700%2C400 2x, https:\/\/i0.wp.com\/noticiasribeiraopreto.com.br\/wp-content\/uploads\/2024\/03\/AnyConv.com__Copia-de-Copia-de-TAMANHO-EXATO-PARA-FOTOS-NO-SISTEMA-NOVO-65.webp.webp?fit=1200%2C675&ssl=1&resize=1050%2C600 3x"},"classes":[]},{"id":61039,"url":"https:\/\/noticiasribeiraopreto.com.br\/index.php\/2024\/12\/02\/chuva-atinge-ribeirao-e-provoca-transtornos-na-cidade-video\/","url_meta":{"origin":60128,"position":1},"title":"Chuva atinge Ribeir\u00e3o e provoca transtornos na cidade; V\u00eddeo","author":"noticiasribeiraopreto.com.br","date":"2 de December de 2024","format":false,"excerpt":"Uma forte chuva atingiu Ribeir\u00e3o Preto na tarde desta segunda-feira (2) e provocou transtornos no munic\u00edpio. H\u00e1 relatos de alagamento no cruzamento das ruas Cerqueira C\u00e9sar e Am\u00e9rico brasiliense, e S\u00e3o Jos\u00e9 com Rui Barbosa. Al\u00e9m destes, tamb\u00e9m h\u00e1 registros de enchente no cruzamento da avenida Saudade com a rua\u2026","rel":"","context":"In &quot;Not\u00edcias de Ribeir\u00e3o Preto-SP e Regi\u00e3o&quot;","block_context":{"text":"Not\u00edcias de Ribeir\u00e3o Preto-SP e Regi\u00e3o","link":"https:\/\/noticiasribeiraopreto.com.br\/index.php\/category\/noticias-de-ribeirao-preto-sp-e-regiao-ismael-colosi\/"},"img":{"alt_text":"","src":"https:\/\/i0.wp.com\/noticiasribeiraopreto.com.br\/wp-content\/uploads\/2024\/12\/Copia-de-Copia-de-Copia-de-TAMANHO-EXATO-PARA-FOTOS-NO-SISTEMA-NOVO-2024-12-02T163757.098_2024-12-02_19-38-24_png_2024-12-02_19-38-24.webp.webp?fit=1200%2C675&ssl=1&resize=350%2C200","width":350,"height":200,"srcset":"https:\/\/i0.wp.com\/noticiasribeiraopreto.com.br\/wp-content\/uploads\/2024\/12\/Copia-de-Copia-de-Copia-de-TAMANHO-EXATO-PARA-FOTOS-NO-SISTEMA-NOVO-2024-12-02T163757.098_2024-12-02_19-38-24_png_2024-12-02_19-38-24.webp.webp?fit=1200%2C675&ssl=1&resize=350%2C200 1x, https:\/\/i0.wp.com\/noticiasribeiraopreto.com.br\/wp-content\/uploads\/2024\/12\/Copia-de-Copia-de-Copia-de-TAMANHO-EXATO-PARA-FOTOS-NO-SISTEMA-NOVO-2024-12-02T163757.098_2024-12-02_19-38-24_png_2024-12-02_19-38-24.webp.webp?fit=1200%2C675&ssl=1&resize=525%2C300 1.5x, https:\/\/i0.wp.com\/noticiasribeiraopreto.com.br\/wp-content\/uploads\/2024\/12\/Copia-de-Copia-de-Copia-de-TAMANHO-EXATO-PARA-FOTOS-NO-SISTEMA-NOVO-2024-12-02T163757.098_2024-12-02_19-38-24_png_2024-12-02_19-38-24.webp.webp?fit=1200%2C675&ssl=1&resize=700%2C400 2x, https:\/\/i0.wp.com\/noticiasribeiraopreto.com.br\/wp-content\/uploads\/2024\/12\/Copia-de-Copia-de-Copia-de-TAMANHO-EXATO-PARA-FOTOS-NO-SISTEMA-NOVO-2024-12-02T163757.098_2024-12-02_19-38-24_png_2024-12-02_19-38-24.webp.webp?fit=1200%2C675&ssl=1&resize=1050%2C600 3x"},"classes":[]},{"id":82298,"url":"https:\/\/noticiasribeiraopreto.com.br\/index.php\/2026\/02\/10\/saiba-quais-ruas-e-avenidas-estao-interditadas-em-ribeirao-preto-por-causa-da-chuva\/","url_meta":{"origin":60128,"position":2},"title":"Saiba quais ruas e avenidas est\u00e3o interditadas em Ribeir\u00e3o Preto por causa da chuva","author":"noticiasribeiraopreto.com.br","date":"10 de February de 2026","format":false,"excerpt":"Dois trechos da zona Norte de Ribeir\u00e3o Preto precisaram ser interditados na manh\u00e3 desta ter\u00e7a-feira (10), ap\u00f3s o registro de um alagamento na avenida Cavalheiro Paschoal Innecchi, pr\u00f3ximo ao n\u00famero 1.633, no bairro Jardim Independ\u00eancia. De acordo com a RP Mobi, devido a quantidade de \u00e1gua no local, o acesso\u2026","rel":"","context":"In &quot;Not\u00edcias de Ribeir\u00e3o Preto-SP e Regi\u00e3o&quot;","block_context":{"text":"Not\u00edcias de Ribeir\u00e3o Preto-SP e Regi\u00e3o","link":"https:\/\/noticiasribeiraopreto.com.br\/index.php\/category\/noticias-de-ribeirao-preto-sp-e-regiao-ismael-colosi\/"},"img":{"alt_text":"","src":"https:\/\/i0.wp.com\/noticiasribeiraopreto.com.br\/wp-content\/uploads\/2026\/02\/domingo_2026-02-10_11-51-32.webp.webp?fit=1200%2C675&ssl=1&resize=350%2C200","width":350,"height":200,"srcset":"https:\/\/i0.wp.com\/noticiasribeiraopreto.com.br\/wp-content\/uploads\/2026\/02\/domingo_2026-02-10_11-51-32.webp.webp?fit=1200%2C675&ssl=1&resize=350%2C200 1x, https:\/\/i0.wp.com\/noticiasribeiraopreto.com.br\/wp-content\/uploads\/2026\/02\/domingo_2026-02-10_11-51-32.webp.webp?fit=1200%2C675&ssl=1&resize=525%2C300 1.5x, https:\/\/i0.wp.com\/noticiasribeiraopreto.com.br\/wp-content\/uploads\/2026\/02\/domingo_2026-02-10_11-51-32.webp.webp?fit=1200%2C675&ssl=1&resize=700%2C400 2x, https:\/\/i0.wp.com\/noticiasribeiraopreto.com.br\/wp-content\/uploads\/2026\/02\/domingo_2026-02-10_11-51-32.webp.webp?fit=1200%2C675&ssl=1&resize=1050%2C600 3x"},"classes":[]},{"id":81364,"url":"https:\/\/noticiasribeiraopreto.com.br\/index.php\/2026\/01\/03\/chuva-causa-transtornos-em-ruas-e-avenidas-de-ribeirao-preto-veja-video\/","url_meta":{"origin":60128,"position":3},"title":"Chuva causa transtornos em ruas e avenidas de Ribeir\u00e3o Preto; Veja v\u00eddeo","author":"noticiasribeiraopreto.com.br","date":"3 de January de 2026","format":false,"excerpt":"A chuva registrada na tarde desta sexta-feira (2) provocou transtornos em ruas e avenidas de Ribeir\u00e3o Preto. Motoristas enfrentaram dificuldades em pontos da cidade por causa do ac\u00famulo de \u00e1gua na pista. Na avenida Maur\u00edlio Biagi, antes da rua Chile, o tr\u00e2nsito ficou lento e ve\u00edculos precisaram reduzir a velocidade\u2026","rel":"","context":"In &quot;Not\u00edcias de Ribeir\u00e3o Preto-SP e Regi\u00e3o&quot;","block_context":{"text":"Not\u00edcias de Ribeir\u00e3o Preto-SP e Regi\u00e3o","link":"https:\/\/noticiasribeiraopreto.com.br\/index.php\/category\/noticias-de-ribeirao-preto-sp-e-regiao-ismael-colosi\/"},"img":{"alt_text":"","src":"https:\/\/i0.wp.com\/noticiasribeiraopreto.com.br\/wp-content\/uploads\/2026\/01\/WhatsApp-Image-2026-01-02-at-14.42.25_2026-01-02_17-46-37-e1767376037306.webp.webp?fit=898%2C626&ssl=1&resize=350%2C200","width":350,"height":200,"srcset":"https:\/\/i0.wp.com\/noticiasribeiraopreto.com.br\/wp-content\/uploads\/2026\/01\/WhatsApp-Image-2026-01-02-at-14.42.25_2026-01-02_17-46-37-e1767376037306.webp.webp?fit=898%2C626&ssl=1&resize=350%2C200 1x, https:\/\/i0.wp.com\/noticiasribeiraopreto.com.br\/wp-content\/uploads\/2026\/01\/WhatsApp-Image-2026-01-02-at-14.42.25_2026-01-02_17-46-37-e1767376037306.webp.webp?fit=898%2C626&ssl=1&resize=525%2C300 1.5x, https:\/\/i0.wp.com\/noticiasribeiraopreto.com.br\/wp-content\/uploads\/2026\/01\/WhatsApp-Image-2026-01-02-at-14.42.25_2026-01-02_17-46-37-e1767376037306.webp.webp?fit=898%2C626&ssl=1&resize=700%2C400 2x"},"classes":[]},{"id":61044,"url":"https:\/\/noticiasribeiraopreto.com.br\/index.php\/2024\/12\/02\/chuva-atinge-ribeirao-preto-e-provoca-transtornos-na-cidade-video\/","url_meta":{"origin":60128,"position":4},"title":"Chuva atinge Ribeir\u00e3o Preto e provoca transtornos na cidade; V\u00eddeo","author":"noticiasribeiraopreto.com.br","date":"2 de December de 2024","format":false,"excerpt":"Uma forte chuva atingiu Ribeir\u00e3o Preto na tarde desta segunda-feira (2) e provocou transtornos no munic\u00edpio \u2013 veja o v\u00eddeo abaixo. H\u00e1 relatos de alagamento no cruzamento das ruas Cerqueira C\u00e9sar e Am\u00e9rico brasiliense, e S\u00e3o Jos\u00e9 com Rui Barbosa. Al\u00e9m destes, tamb\u00e9m h\u00e1 registros de enchente no cruzamento da\u2026","rel":"","context":"In &quot;Not\u00edcias de Ribeir\u00e3o Preto-SP e Regi\u00e3o&quot;","block_context":{"text":"Not\u00edcias de Ribeir\u00e3o Preto-SP e Regi\u00e3o","link":"https:\/\/noticiasribeiraopreto.com.br\/index.php\/category\/noticias-de-ribeirao-preto-sp-e-regiao-ismael-colosi\/"},"img":{"alt_text":"","src":"https:\/\/i0.wp.com\/noticiasribeiraopreto.com.br\/wp-content\/uploads\/2024\/12\/Copia-de-Copia-de-Copia-de-TAMANHO-EXATO-PARA-FOTOS-NO-SISTEMA-NOVO-2024-12-02T163757.098_2024-12-02_19-38-24_png_2024-12-02_19-38-24.webp.webp?fit=1200%2C675&ssl=1&resize=350%2C200","width":350,"height":200,"srcset":"https:\/\/i0.wp.com\/noticiasribeiraopreto.com.br\/wp-content\/uploads\/2024\/12\/Copia-de-Copia-de-Copia-de-TAMANHO-EXATO-PARA-FOTOS-NO-SISTEMA-NOVO-2024-12-02T163757.098_2024-12-02_19-38-24_png_2024-12-02_19-38-24.webp.webp?fit=1200%2C675&ssl=1&resize=350%2C200 1x, https:\/\/i0.wp.com\/noticiasribeiraopreto.com.br\/wp-content\/uploads\/2024\/12\/Copia-de-Copia-de-Copia-de-TAMANHO-EXATO-PARA-FOTOS-NO-SISTEMA-NOVO-2024-12-02T163757.098_2024-12-02_19-38-24_png_2024-12-02_19-38-24.webp.webp?fit=1200%2C675&ssl=1&resize=525%2C300 1.5x, https:\/\/i0.wp.com\/noticiasribeiraopreto.com.br\/wp-content\/uploads\/2024\/12\/Copia-de-Copia-de-Copia-de-TAMANHO-EXATO-PARA-FOTOS-NO-SISTEMA-NOVO-2024-12-02T163757.098_2024-12-02_19-38-24_png_2024-12-02_19-38-24.webp.webp?fit=1200%2C675&ssl=1&resize=700%2C400 2x, https:\/\/i0.wp.com\/noticiasribeiraopreto.com.br\/wp-content\/uploads\/2024\/12\/Copia-de-Copia-de-Copia-de-TAMANHO-EXATO-PARA-FOTOS-NO-SISTEMA-NOVO-2024-12-02T163757.098_2024-12-02_19-38-24_png_2024-12-02_19-38-24.webp.webp?fit=1200%2C675&ssl=1&resize=1050%2C600 3x"},"classes":[]},{"id":82239,"url":"https:\/\/noticiasribeiraopreto.com.br\/index.php\/2026\/02\/08\/chuva-provoca-transtornos-em-ruas-e-avenidas-de-ribeirao-preto-veja-os-locais\/","url_meta":{"origin":60128,"position":5},"title":"Chuva provoca transtornos em ruas e avenidas de Ribeir\u00e3o Preto; Veja os locais","author":"noticiasribeiraopreto.com.br","date":"8 de February de 2026","format":false,"excerpt":"Moradores registraram transtornos em diversas ruas e avenidas de Ribeir\u00e3o Preto no final da tarde deste s\u00e1bado (7). A cidade est\u00e1 em alerta para chuvas intensas at\u00e9 o final de domingo (8), segundo o Inmet (Instituto Nacional de Meteorologia). Entre os locais com pontos de alagamento e enxurradas est\u00e3o as\u2026","rel":"","context":"In &quot;Not\u00edcias de Ribeir\u00e3o Preto-SP e Regi\u00e3o&quot;","block_context":{"text":"Not\u00edcias de Ribeir\u00e3o Preto-SP e Regi\u00e3o","link":"https:\/\/noticiasribeiraopreto.com.br\/index.php\/category\/noticias-de-ribeirao-preto-sp-e-regiao-ismael-colosi\/"},"img":{"alt_text":"","src":"https:\/\/i0.wp.com\/noticiasribeiraopreto.com.br\/wp-content\/uploads\/2026\/02\/francisco-junqueira_2026-02-07_21-46-12.webp.webp?fit=1179%2C884&ssl=1&resize=350%2C200","width":350,"height":200,"srcset":"https:\/\/i0.wp.com\/noticiasribeiraopreto.com.br\/wp-content\/uploads\/2026\/02\/francisco-junqueira_2026-02-07_21-46-12.webp.webp?fit=1179%2C884&ssl=1&resize=350%2C200 1x, https:\/\/i0.wp.com\/noticiasribeiraopreto.com.br\/wp-content\/uploads\/2026\/02\/francisco-junqueira_2026-02-07_21-46-12.webp.webp?fit=1179%2C884&ssl=1&resize=525%2C300 1.5x, https:\/\/i0.wp.com\/noticiasribeiraopreto.com.br\/wp-content\/uploads\/2026\/02\/francisco-junqueira_2026-02-07_21-46-12.webp.webp?fit=1179%2C884&ssl=1&resize=700%2C400 2x, https:\/\/i0.wp.com\/noticiasribeiraopreto.com.br\/wp-content\/uploads\/2026\/02\/francisco-junqueira_2026-02-07_21-46-12.webp.webp?fit=1179%2C884&ssl=1&resize=1050%2C600 3x"},"classes":[]}],"jetpack_sharing_enabled":true,"jetpack_shortlink":"https:\/\/wp.me\/peQAOb-fDO","_links":{"self":[{"href":"https:\/\/noticiasribeiraopreto.com.br\/index.php\/wp-json\/wp\/v2\/posts\/60128","targetHints":{"allow":["GET"]}}],"collection":[{"href":"https:\/\/noticiasribeiraopreto.com.br\/index.php\/wp-json\/wp\/v2\/posts"}],"about":[{"href":"https:\/\/noticiasribeiraopreto.com.br\/index.php\/wp-json\/wp\/v2\/types\/post"}],"author":[{"embeddable":true,"href":"https:\/\/noticiasribeiraopreto.com.br\/index.php\/wp-json\/wp\/v2\/users\/1"}],"replies":[{"embeddable":true,"href":"https:\/\/noticiasribeiraopreto.com.br\/index.php\/wp-json\/wp\/v2\/comments?post=60128"}],"version-history":[{"count":0,"href":"https:\/\/noticiasribeiraopreto.com.br\/index.php\/wp-json\/wp\/v2\/posts\/60128\/revisions"}],"wp:featuredmedia":[{"embeddable":true,"href":"https:\/\/noticiasribeiraopreto.com.br\/index.php\/wp-json\/wp\/v2\/media\/60129"}],"wp:attachment":[{"href":"https:\/\/noticiasribeiraopreto.com.br\/index.php\/wp-json\/wp\/v2\/media?parent=60128"}],"wp:term":[{"taxonomy":"category","embeddable":true,"href":"https:\/\/noticiasribeiraopreto.com.br\/index.php\/wp-json\/wp\/v2\/categories?post=60128"},{"taxonomy":"post_tag","embeddable":true,"href":"https:\/\/noticiasribeiraopreto.com.br\/index.php\/wp-json\/wp\/v2\/tags?post=60128"}],"curies":[{"name":"wp","href":"https:\/\/api.w.org\/{rel}","templated":true}]}}