{"id":60130,"date":"2024-11-06T16:56:04","date_gmt":"2024-11-06T19:56:04","guid":{"rendered":"https:\/\/noticiasribeiraopreto.com.br\/index.php\/2024\/11\/06\/rael-realiza-show-com-entrada-gratuita-em-ribeirao-preto\/"},"modified":"2024-11-06T16:56:04","modified_gmt":"2024-11-06T19:56:04","slug":"rael-realiza-show-com-entrada-gratuita-em-ribeirao-preto","status":"publish","type":"post","link":"https:\/\/noticiasribeiraopreto.com.br\/index.php\/2024\/11\/06\/rael-realiza-show-com-entrada-gratuita-em-ribeirao-preto\/","title":{"rendered":"Rael realiza show com entrada gratuita em Ribeir\u00e3o Preto"},"content":{"rendered":"<p> <br \/>\n<\/p>\n<div>\n<p>O rapper <strong>Rael <\/strong>vai se apresentar no <strong>Sesi Ribeir\u00e3o Preto<\/strong> no pr\u00f3ximo<mark style=\"background-color:#fcb900\" class=\"has-inline-color has-black-color\"> dia 24 de novembro, a partir das 18h, com entrada gratuita<\/mark>. O artista vem de uma performance elogiada no <strong>Lollapalooza 2024<\/strong>.<\/p>\n<p>O cantor e compositor paulistano foi reconhecido como \u201cMelhor Cantor de Pop \/ Rock \/ Reggae \/ Hip Hop \/ Funk\u201d pelo Pr\u00eamio da M\u00fasica Brasileira em 2017 e levou duas indica\u00e7\u00f5es ao Grammy Latino.<\/p>\n<p>O artista traz em seu repert\u00f3rio can\u00e7\u00f5es como \u201cAurora Boreal\u201d, \u201cEla Me Faz\u201d e \u201cEnvolvid\u00e3o\u201d, al\u00e9m de m\u00fasicas lan\u00e7adas em parceria com outros artistas, como o single \u201cVem com Tudo\u201d, com participa\u00e7\u00e3o de Gloria Groove, e a m\u00fasica \u201cRei do Luau\u201d, em conjunto com a cantora IZA.<\/p>\n<h4 class=\"wp-block-heading\"><strong>Como retirar os ingressos?<\/strong><\/h4>\n<p>Para clientes Sesi, a retirada de ingresso ser\u00e1 de forma presencial no Centro Cultural nos dias 9 e 10 de novembro, mediante apresenta\u00e7\u00e3o da carteirinha com plano ativo. J\u00e1 para o p\u00fablico geral, a reserva de ingressos deve ser feita de forma on-line pelo sistema <a href=\"https:\/\/www.sesisp.org.br\/evento\/d107e1d1-129c-4d56-b63f-7e115fd6c036\/rael\" target=\"_blank\" rel=\"noreferrer noopener nofollow\"><strong>Meu Sesi<\/strong> (clique aqui)<\/a>, a partir das 8h do dia 15.<\/p>\n<p>Os port\u00f5es para o show ser\u00e3o abertos \u00e0s 16h, e das 16h30 \u00e0s 17h45 o Sesi Ribeir\u00e3o Preto promove um \u201cmicrofone aberto\u201d para grupos de Slam e Rap se apresentarem.<\/p>\n<h4 class=\"wp-block-heading\"><strong>Servi\u00e7o<\/strong><\/h4>\n<p><strong>Show do cantor Rael<\/strong><\/p>\n<p>Local: Sesi Ribeir\u00e3o Preto<\/p>\n<p>Data e hor\u00e1rio: 24 de novembro, \u00e0s 18h<\/p>\n<p>Classifica\u00e7\u00e3o indicativa: Livre<\/p>\n<p>Entrada gratuita \u2013 Ingressos pelo<a href=\"https:\/\/www.sesisp.org.br\/evento\/d107e1d1-129c-4d56-b63f-7e115fd6c036\/rael\" target=\"_blank\" rel=\"noreferrer noopener nofollow\"> Meu Sesi<\/a> para p\u00fablico geral. Retirada no Centro Cultural para Clientes Sesi.<\/p>\n<p>SAIBA MAIS<br \/>Shoppings de Ribeir\u00e3o anunciam chegada do Papai Noel; Veja programa\u00e7\u00e3o<\/p>\n<h4 class=\"wp-block-heading\"><strong>FIQUE ON<\/strong><\/h4>\n<p>Fique ligado em tudo que acontece em Ribeir\u00e3o Preto e regi\u00e3o. Siga os perfis do<strong> acidade on<\/strong> no <a href=\"https:\/\/www.instagram.com\/acidadeonribeirao\" target=\"_blank\" rel=\"noreferrer noopener nofollow\">Instagram <\/a>e no <a href=\"https:\/\/www.facebook.com\/acidadeonribeirao\/\" target=\"_blank\" rel=\"noreferrer noopener nofollow\">Facebook<\/a>.<\/p>\n<p>Receba not\u00edcias do <strong>acidade on <\/strong>no WhatsApp. <a href=\"https:\/\/chat.whatsapp.com\/Fg4ok3aAVyB59DP63pRapr\" target=\"_blank\" rel=\"noreferrer noopener nofollow\">Para entrar no grupo, basta clicar aqui.<\/a><\/p>\n<p>Fa\u00e7a uma den\u00fancia ou sugira uma reportagem sobre Ribeir\u00e3o Preto e regi\u00e3o pelo WhatsApp: 16 99117 7802.<\/p>\n<p>VEJA TAMB\u00c9M<br \/>At\u00e9 quando vale o alerta para temporal do Inmet para S\u00e3o Paulo?<\/p>\n<p><!-- CONTENT END 1 -->\n<\/div>\n<p><script async src=\"\/\/www.instagram.com\/embed.js\"><\/script><br \/>\n<br \/><br \/>\n<br \/><a href=\"https:\/\/www.acidadeon.com\/ribeiraopreto\/lazer-e-cultura\/rael-realiza-show-com-entrada-gratuita-em-ribeirao-preto\/\">Source link <\/a><\/p>\n","protected":false},"excerpt":{"rendered":"<p>O rapper Rael vai se apresentar no Sesi Ribeir\u00e3o Preto no pr\u00f3ximo dia 24 de novembro, a partir das 18h, com entrada gratuita. O artista&#8230;<\/p>\n","protected":false},"author":1,"featured_media":60131,"comment_status":"open","ping_status":"open","sticky":false,"template":"","format":"standard","meta":{"advanced_seo_description":"","jetpack_seo_html_title":"","jetpack_seo_noindex":false,"jetpack_post_was_ever_published":false,"_jetpack_newsletter_access":"","_jetpack_dont_email_post_to_subs":false,"_jetpack_newsletter_tier_id":0,"_jetpack_memberships_contains_paywalled_content":false,"_jetpack_memberships_contains_paid_content":false,"footnotes":"","jetpack_publicize_message":"","jetpack_publicize_feature_enabled":true,"jetpack_social_post_already_shared":true,"jetpack_social_options":{"image_generator_settings":{"template":"highway","default_image_id":0,"font":"","enabled":false},"version":2}},"categories":[11],"tags":[],"class_list":["post-60130","post","type-post","status-publish","format-standard","has-post-thumbnail","hentry","category-noticias-de-ribeirao-preto-sp-e-regiao-ismael-colosi"],"jetpack_publicize_connections":[],"jetpack_featured_media_url":"https:\/\/i0.wp.com\/noticiasribeiraopreto.com.br\/wp-content\/uploads\/2024\/11\/rael_2024-11-06_19-40-34_jpg_2024-11-06_19-40-34.webp.webp?fit=970%2C612&ssl=1","jetpack-related-posts":[{"id":9657,"url":"https:\/\/noticiasribeiraopreto.com.br\/index.php\/2023\/12\/02\/ivan-lins-faz-apresentacao-gratuita-em-ribeirao-preto-veja-quando\/","url_meta":{"origin":60130,"position":0},"title":"Ivan Lins faz apresenta\u00e7\u00e3o gratuita\u00a0em Ribeir\u00e3o Preto; Veja quando","author":"noticiasribeiraopreto.com.br","date":"2 de December de 2023","format":false,"excerpt":"O cantor Ivan Lins vem a Ribeir\u00e3o Preto, no dia 9 de dezembro, \u00e0s 20h, no Teatro Sesi, localizado no Jardim Castelo Branco, na zona Leste. A entrada \u00e9 gratuita, mas \u00e9 necess\u00e1rio reservar os ingressos. \u00a0 O cantor que d\u00e1 voz a m\u00fasicas como \u201cLembre de mim\u201d, \u201cBilhete\u201d e\u2026","rel":"","context":"In &quot;Not\u00edcias de Ribeir\u00e3o Preto-SP e Regi\u00e3o&quot;","block_context":{"text":"Not\u00edcias de Ribeir\u00e3o Preto-SP e Regi\u00e3o","link":"https:\/\/noticiasribeiraopreto.com.br\/index.php\/category\/noticias-de-ribeirao-preto-sp-e-regiao-ismael-colosi\/"},"img":{"alt_text":"","src":"https:\/\/i0.wp.com\/noticiasribeiraopreto.com.br\/wp-content\/uploads\/2023\/12\/f1562c33-fa23-446e-9943-d6819319c59a.png?fit=1066%2C600&ssl=1&resize=350%2C200","width":350,"height":200,"srcset":"https:\/\/i0.wp.com\/noticiasribeiraopreto.com.br\/wp-content\/uploads\/2023\/12\/f1562c33-fa23-446e-9943-d6819319c59a.png?fit=1066%2C600&ssl=1&resize=350%2C200 1x, https:\/\/i0.wp.com\/noticiasribeiraopreto.com.br\/wp-content\/uploads\/2023\/12\/f1562c33-fa23-446e-9943-d6819319c59a.png?fit=1066%2C600&ssl=1&resize=525%2C300 1.5x, https:\/\/i0.wp.com\/noticiasribeiraopreto.com.br\/wp-content\/uploads\/2023\/12\/f1562c33-fa23-446e-9943-d6819319c59a.png?fit=1066%2C600&ssl=1&resize=700%2C400 2x, https:\/\/i0.wp.com\/noticiasribeiraopreto.com.br\/wp-content\/uploads\/2023\/12\/f1562c33-fa23-446e-9943-d6819319c59a.png?fit=1066%2C600&ssl=1&resize=1050%2C600 3x"},"classes":[]},{"id":76981,"url":"https:\/\/noticiasribeiraopreto.com.br\/index.php\/2025\/09\/09\/sidney-magal-apresenta-show-com-entrada-gratuita-no-sesi-ribeirao-preto\/","url_meta":{"origin":60130,"position":1},"title":"Sidney Magal apresenta show com entrada gratuita no Sesi Ribeir\u00e3o Preto","author":"noticiasribeiraopreto.com.br","date":"9 de September de 2025","format":false,"excerpt":"O cantor Sidney Magal se apresenta no Sesi Ribeir\u00e3o Preto no pr\u00f3ximo dia 21 de setembro, a partir das 18h, em show com entrada gratuita. No in\u00e9dito show \u201cR\u00e1dio do Magal\u201d, Sidney Magal traz um espet\u00e1culo que memora sua carreira e de artistas que dominavam as paradas sucesso, com um\u2026","rel":"","context":"In &quot;Not\u00edcias de Ribeir\u00e3o Preto-SP e Regi\u00e3o&quot;","block_context":{"text":"Not\u00edcias de Ribeir\u00e3o Preto-SP e Regi\u00e3o","link":"https:\/\/noticiasribeiraopreto.com.br\/index.php\/category\/noticias-de-ribeirao-preto-sp-e-regiao-ismael-colosi\/"},"img":{"alt_text":"","src":"https:\/\/i0.wp.com\/noticiasribeiraopreto.com.br\/wp-content\/uploads\/2025\/09\/sidney-magal_2025-09-09_18-07-03.webp.webp?fit=1200%2C675&ssl=1&resize=350%2C200","width":350,"height":200,"srcset":"https:\/\/i0.wp.com\/noticiasribeiraopreto.com.br\/wp-content\/uploads\/2025\/09\/sidney-magal_2025-09-09_18-07-03.webp.webp?fit=1200%2C675&ssl=1&resize=350%2C200 1x, https:\/\/i0.wp.com\/noticiasribeiraopreto.com.br\/wp-content\/uploads\/2025\/09\/sidney-magal_2025-09-09_18-07-03.webp.webp?fit=1200%2C675&ssl=1&resize=525%2C300 1.5x, https:\/\/i0.wp.com\/noticiasribeiraopreto.com.br\/wp-content\/uploads\/2025\/09\/sidney-magal_2025-09-09_18-07-03.webp.webp?fit=1200%2C675&ssl=1&resize=700%2C400 2x, https:\/\/i0.wp.com\/noticiasribeiraopreto.com.br\/wp-content\/uploads\/2025\/09\/sidney-magal_2025-09-09_18-07-03.webp.webp?fit=1200%2C675&ssl=1&resize=1050%2C600 3x"},"classes":[]},{"id":79415,"url":"https:\/\/noticiasribeiraopreto.com.br\/index.php\/2025\/10\/31\/shows-comedia-e-halloween-confira-o-que-acontece-neste-fim-de-semana-em-ribeirao-preto\/","url_meta":{"origin":60130,"position":2},"title":"Shows, com\u00e9dia e halloween: confira o que acontece neste fim de semana em Ribeir\u00e3o Preto","author":"noticiasribeiraopreto.com.br","date":"31 de October de 2025","format":false,"excerpt":"O fim de semana chegou e Ribeir\u00e3o Preto conta com diversas op\u00e7\u00f5es para aproveitar. Entre as atra\u00e7\u00f5es est\u00e3o o show da dupla sertaneja Edson & Hudson, o novo stand-up de Igor Guimar\u00e3es e a edi\u00e7\u00e3o do \u201cC\u00e3olloween\u201d. Confira a programa\u00e7\u00e3o completa abaixo. Edson & Hudson A dupla sertaneja se apresenta\u2026","rel":"","context":"In &quot;Not\u00edcias de Ribeir\u00e3o Preto-SP e Regi\u00e3o&quot;","block_context":{"text":"Not\u00edcias de Ribeir\u00e3o Preto-SP e Regi\u00e3o","link":"https:\/\/noticiasribeiraopreto.com.br\/index.php\/category\/noticias-de-ribeirao-preto-sp-e-regiao-ismael-colosi\/"},"img":{"alt_text":"","src":"https:\/\/i0.wp.com\/noticiasribeiraopreto.com.br\/wp-content\/uploads\/2025\/08\/edson-hudson_2025-08-30_19-01-55.webp.webp?fit=800%2C533&ssl=1&resize=350%2C200","width":350,"height":200,"srcset":"https:\/\/i0.wp.com\/noticiasribeiraopreto.com.br\/wp-content\/uploads\/2025\/08\/edson-hudson_2025-08-30_19-01-55.webp.webp?fit=800%2C533&ssl=1&resize=350%2C200 1x, https:\/\/i0.wp.com\/noticiasribeiraopreto.com.br\/wp-content\/uploads\/2025\/08\/edson-hudson_2025-08-30_19-01-55.webp.webp?fit=800%2C533&ssl=1&resize=525%2C300 1.5x, https:\/\/i0.wp.com\/noticiasribeiraopreto.com.br\/wp-content\/uploads\/2025\/08\/edson-hudson_2025-08-30_19-01-55.webp.webp?fit=800%2C533&ssl=1&resize=700%2C400 2x"},"classes":[]},{"id":13791,"url":"https:\/\/noticiasribeiraopreto.com.br\/index.php\/2023\/12\/11\/alaide-costa-vem-a-ribeirao-com-show-gratuito-saiba-como-retirar-o-ingresso\/","url_meta":{"origin":60130,"position":3},"title":"Ala\u00edde Costa vem a Ribeir\u00e3o com show gratuito; Saiba como retirar o ingresso","author":"noticiasribeiraopreto.com.br","date":"11 de December de 2023","format":false,"excerpt":"O Teatro Municipal de Ribeir\u00e3o Preto, localizado no Morro do S\u00e3o Bento, recebe, no dia 13 de dezembro, a cantora Ala\u00edde Costa, \u00e0s 20h. A entrada \u00e9 gratuita e aberta ao p\u00fablico. \u00a0 A cantora \u00e9 dona das m\u00fasicas \u2018Turmalina Negra\u2019, \u2018Catavento\u2019, \u2018Me deixa em paz\u2019, entre outras. A apresenta\u00e7\u00e3o\u2026","rel":"","context":"In &quot;Not\u00edcias de Ribeir\u00e3o Preto-SP e Regi\u00e3o&quot;","block_context":{"text":"Not\u00edcias de Ribeir\u00e3o Preto-SP e Regi\u00e3o","link":"https:\/\/noticiasribeiraopreto.com.br\/index.php\/category\/noticias-de-ribeirao-preto-sp-e-regiao-ismael-colosi\/"},"img":{"alt_text":"","src":"https:\/\/i0.wp.com\/noticiasribeiraopreto.com.br\/wp-content\/uploads\/2023\/12\/398976081_876288624498799_2874436034006896190_n.jpg?fit=699%2C471&ssl=1&resize=350%2C200","width":350,"height":200,"srcset":"https:\/\/i0.wp.com\/noticiasribeiraopreto.com.br\/wp-content\/uploads\/2023\/12\/398976081_876288624498799_2874436034006896190_n.jpg?fit=699%2C471&ssl=1&resize=350%2C200 1x, https:\/\/i0.wp.com\/noticiasribeiraopreto.com.br\/wp-content\/uploads\/2023\/12\/398976081_876288624498799_2874436034006896190_n.jpg?fit=699%2C471&ssl=1&resize=525%2C300 1.5x"},"classes":[]},{"id":55535,"url":"https:\/\/noticiasribeiraopreto.com.br\/index.php\/2024\/08\/02\/tiago-iorc-faz-show-gratuito-em-ribeirao-preto\/","url_meta":{"origin":60130,"position":4},"title":"Tiago Iorc faz show gratuito em Ribeir\u00e3o Preto","author":"noticiasribeiraopreto.com.br","date":"2 de August de 2024","format":false,"excerpt":"O cantor Tiago Iorc se apresenta no dia 11 de agosto, \u00e0s 18, no teatro do Sesi de Ribeir\u00e3o Preto. O espet\u00e1culo \u00e9 gratuito, mas \u00e9 necess\u00e1rio retirar os ingressos com anteced\u00eancia \u2013 veja abaixo. Com 16 anos de carreira, o artista possui oito \u00e1lbuns musicais, sete indica\u00e7\u00f5es ao Grammy\u2026","rel":"","context":"In &quot;Not\u00edcias de Ribeir\u00e3o Preto-SP e Regi\u00e3o&quot;","block_context":{"text":"Not\u00edcias de Ribeir\u00e3o Preto-SP e Regi\u00e3o","link":"https:\/\/noticiasribeiraopreto.com.br\/index.php\/category\/noticias-de-ribeirao-preto-sp-e-regiao-ismael-colosi\/"},"img":{"alt_text":"","src":"https:\/\/i0.wp.com\/noticiasribeiraopreto.com.br\/wp-content\/uploads\/2024\/08\/tiago_iorc.jpg?fit=1200%2C800&ssl=1&resize=350%2C200","width":350,"height":200,"srcset":"https:\/\/i0.wp.com\/noticiasribeiraopreto.com.br\/wp-content\/uploads\/2024\/08\/tiago_iorc.jpg?fit=1200%2C800&ssl=1&resize=350%2C200 1x, https:\/\/i0.wp.com\/noticiasribeiraopreto.com.br\/wp-content\/uploads\/2024\/08\/tiago_iorc.jpg?fit=1200%2C800&ssl=1&resize=525%2C300 1.5x, https:\/\/i0.wp.com\/noticiasribeiraopreto.com.br\/wp-content\/uploads\/2024\/08\/tiago_iorc.jpg?fit=1200%2C800&ssl=1&resize=700%2C400 2x, https:\/\/i0.wp.com\/noticiasribeiraopreto.com.br\/wp-content\/uploads\/2024\/08\/tiago_iorc.jpg?fit=1200%2C800&ssl=1&resize=1050%2C600 3x"},"classes":[]},{"id":58516,"url":"https:\/\/noticiasribeiraopreto.com.br\/index.php\/2024\/09\/29\/gabriel-o-pensador-faz-show-gratuito-em-ribeirao-preto-veja-quando\/","url_meta":{"origin":60130,"position":5},"title":"Gabriel o Pensador faz show gratuito em Ribeir\u00e3o Preto; Veja quando","author":"noticiasribeiraopreto.com.br","date":"29 de September de 2024","format":false,"excerpt":"O rapper e compositor Gabriel o Pensador se apresenta em Ribeir\u00e3o Preto no dia 20 de outubro, \u00e0s 16h, de forma gratuita \u2013 veja como retirar o ingresso abaixo. \u00a0A apresenta\u00e7\u00e3o do artista faz parte da 2\u00aa edi\u00e7\u00e3o do Pow Festival. Gabriel apresentar\u00e1 seu novo \u00e1lbum \u201cAnt\u00eddoto para todo tipo\u2026","rel":"","context":"In &quot;Not\u00edcias de Ribeir\u00e3o Preto-SP e Regi\u00e3o&quot;","block_context":{"text":"Not\u00edcias de Ribeir\u00e3o Preto-SP e Regi\u00e3o","link":"https:\/\/noticiasribeiraopreto.com.br\/index.php\/category\/noticias-de-ribeirao-preto-sp-e-regiao-ismael-colosi\/"},"img":{"alt_text":"","src":"https:\/\/i0.wp.com\/noticiasribeiraopreto.com.br\/wp-content\/uploads\/2024\/09\/captura-de-tela-2023-10-28-020206_2024-09-28_17-25-13.webp.webp?fit=1200%2C682&ssl=1&resize=350%2C200","width":350,"height":200,"srcset":"https:\/\/i0.wp.com\/noticiasribeiraopreto.com.br\/wp-content\/uploads\/2024\/09\/captura-de-tela-2023-10-28-020206_2024-09-28_17-25-13.webp.webp?fit=1200%2C682&ssl=1&resize=350%2C200 1x, https:\/\/i0.wp.com\/noticiasribeiraopreto.com.br\/wp-content\/uploads\/2024\/09\/captura-de-tela-2023-10-28-020206_2024-09-28_17-25-13.webp.webp?fit=1200%2C682&ssl=1&resize=525%2C300 1.5x, https:\/\/i0.wp.com\/noticiasribeiraopreto.com.br\/wp-content\/uploads\/2024\/09\/captura-de-tela-2023-10-28-020206_2024-09-28_17-25-13.webp.webp?fit=1200%2C682&ssl=1&resize=700%2C400 2x, https:\/\/i0.wp.com\/noticiasribeiraopreto.com.br\/wp-content\/uploads\/2024\/09\/captura-de-tela-2023-10-28-020206_2024-09-28_17-25-13.webp.webp?fit=1200%2C682&ssl=1&resize=1050%2C600 3x"},"classes":[]}],"jetpack_sharing_enabled":true,"jetpack_shortlink":"https:\/\/wp.me\/peQAOb-fDQ","_links":{"self":[{"href":"https:\/\/noticiasribeiraopreto.com.br\/index.php\/wp-json\/wp\/v2\/posts\/60130","targetHints":{"allow":["GET"]}}],"collection":[{"href":"https:\/\/noticiasribeiraopreto.com.br\/index.php\/wp-json\/wp\/v2\/posts"}],"about":[{"href":"https:\/\/noticiasribeiraopreto.com.br\/index.php\/wp-json\/wp\/v2\/types\/post"}],"author":[{"embeddable":true,"href":"https:\/\/noticiasribeiraopreto.com.br\/index.php\/wp-json\/wp\/v2\/users\/1"}],"replies":[{"embeddable":true,"href":"https:\/\/noticiasribeiraopreto.com.br\/index.php\/wp-json\/wp\/v2\/comments?post=60130"}],"version-history":[{"count":0,"href":"https:\/\/noticiasribeiraopreto.com.br\/index.php\/wp-json\/wp\/v2\/posts\/60130\/revisions"}],"wp:featuredmedia":[{"embeddable":true,"href":"https:\/\/noticiasribeiraopreto.com.br\/index.php\/wp-json\/wp\/v2\/media\/60131"}],"wp:attachment":[{"href":"https:\/\/noticiasribeiraopreto.com.br\/index.php\/wp-json\/wp\/v2\/media?parent=60130"}],"wp:term":[{"taxonomy":"category","embeddable":true,"href":"https:\/\/noticiasribeiraopreto.com.br\/index.php\/wp-json\/wp\/v2\/categories?post=60130"},{"taxonomy":"post_tag","embeddable":true,"href":"https:\/\/noticiasribeiraopreto.com.br\/index.php\/wp-json\/wp\/v2\/tags?post=60130"}],"curies":[{"name":"wp","href":"https:\/\/api.w.org\/{rel}","templated":true}]}}