{"id":60133,"date":"2024-11-06T18:02:52","date_gmt":"2024-11-06T21:02:52","guid":{"rendered":"https:\/\/noticiasribeiraopreto.com.br\/index.php\/2024\/11\/06\/sp-lanca-programa-de-turismo-ferroviario-com-estacao-historica-de-ribeirao-preto\/"},"modified":"2024-11-06T18:02:52","modified_gmt":"2024-11-06T21:02:52","slug":"sp-lanca-programa-de-turismo-ferroviario-com-estacao-historica-de-ribeirao-preto","status":"publish","type":"post","link":"https:\/\/noticiasribeiraopreto.com.br\/index.php\/2024\/11\/06\/sp-lanca-programa-de-turismo-ferroviario-com-estacao-historica-de-ribeirao-preto\/","title":{"rendered":"SP lan\u00e7a programa de turismo ferrovi\u00e1rio com esta\u00e7\u00e3o hist\u00f3rica de Ribeir\u00e3o Preto"},"content":{"rendered":"<p> <br \/>\n<\/p>\n<div>\n<p>O<strong><a href=\"https:\/\/www.agenciasp.sp.gov.br\/governo-de-sp-impulsiona-turismo-com-credito-adicional-de-r-2-bi-e-novas-acoes-com-foco-no-emprego-e-setores-nautico-e-ferroviario\/\" target=\"_blank\" rel=\"noreferrer noopener nofollow\"> Governo de S\u00e3o Paulo<\/a><\/strong> lan\u00e7ou nesta quarta-feira (6) um novo programa de incentivo ao turismo ferrovi\u00e1rio que inclui o projeto de implanta\u00e7\u00e3o de uma malha ferrovi\u00e1ria tur\u00edstica em <strong>Ribeir\u00e3o Preto<\/strong> ligando a hist\u00f3rica esta\u00e7\u00e3o<strong> Barrac\u00e3o<\/strong>, no Ipiranga, a esta\u00e7\u00e3o <strong>Mogiana<\/strong>, em <strong>Franca<\/strong>.<\/p>\n<p>De acordo com a Secretaria de Turismo e Viagens de S\u00e3o Paulo, <mark style=\"background-color:#fcb900\" class=\"has-inline-color has-black-color\">o trecho est\u00e1 inicialmente em estudo para opera\u00e7\u00e3o tur\u00edstica.<\/mark> Al\u00e9m deste circuito, existe a possibilidade de inclus\u00e3o de outros projetos que ainda n\u00e3o est\u00e3o inseridos no programa, como o trem tur\u00edstico entre Ribeir\u00e3o Preto e Tamba\u00fa.<\/p>\n<h4 class=\"wp-block-heading\"><strong>Trem Intercidades<\/strong><\/h4>\n<p>Segundo o governo paulista, o programa de turismo ferrovi\u00e1rio se integra com o programa<strong> SP Nos Trilhos<\/strong>, que engloba mais de 40 projetos de transporte ferrovi\u00e1rio, com investimentos de R$ 194 bilh\u00f5es.<\/p>\n<p>Em documento divulgado pela pasta, os projetos de trens tur\u00edsticos ser\u00e3o inclu\u00eddos na via f\u00e9rrea. Al\u00e9m disso, informa que a secretaria realizar\u00e1 estudos de impacto e potencial tur\u00edstico na expans\u00e3o da infraestrutura ferrovi\u00e1ria em um<mark style=\"background-color:#fcb900\" class=\"has-inline-color has-black-color\"> trecho do<strong> TIC (Trem Intercidades) <\/strong>entre Ribeir\u00e3o Preto e Franca.<\/mark><\/p>\n<p>No \u00faltimo dia 23 de outubro, o governador <strong>Tarc\u00edsio de Freitas (REP) <\/strong>voltou a falar sobre a possibilidade de estender o TIC at\u00e9 Ribeir\u00e3o Preto.<\/p>\n<p>Por\u00e9m, essa ideia s\u00f3 ser\u00e1 estudada ap\u00f3s a conclus\u00e3o do trajeto de S\u00e3o Paulo a Campinas, que teve o projeto de concess\u00e3o assinado em maio e est\u00e1 or\u00e7ado em R$ 14,2 bilh\u00f5es. O trecho entre a capital e Campinas tem previs\u00e3o de in\u00edcio das obras em 2026 e deve ser conclu\u00eddo em 2029.<\/p>\n<p>SAIBA MAIS<br \/>Rael realiza show com entrada gratuita em Ribeir\u00e3o Preto<\/p>\n<h4 class=\"wp-block-heading\"><strong>FIQUE ON<\/strong><\/h4>\n<p>Fique ligado em tudo que acontece em Ribeir\u00e3o Preto e regi\u00e3o. Siga os perfis do <strong>acidade on<\/strong> no <a href=\"https:\/\/www.instagram.com\/acidadeonribeirao\" target=\"_blank\" rel=\"noreferrer noopener nofollow\">Instagram <\/a>e no <a href=\"https:\/\/www.facebook.com\/acidadeonribeirao\/\" target=\"_blank\" rel=\"noreferrer noopener nofollow\">Facebook<\/a>.<\/p>\n<p>Receba not\u00edcias do <strong>acidade on<\/strong> no WhatsApp. <a href=\"https:\/\/chat.whatsapp.com\/Fg4ok3aAVyB59DP63pRapr\" target=\"_blank\" rel=\"noreferrer noopener nofollow\">Para entrar no grupo, basta clicar aqui.<\/a><\/p>\n<p>Fa\u00e7a uma den\u00fancia ou sugira uma reportagem sobre Ribeir\u00e3o Preto e regi\u00e3o pelo WhatsApp: 16 99117 7802.<\/p>\n<p>VEJA TAMB\u00c9M<br \/>Rocambole com massa de arroz; veja receita<\/p>\n<p><!-- CONTENT END 1 -->\n<\/div>\n<p><script async src=\"\/\/www.instagram.com\/embed.js\"><\/script><br \/>\n<br \/><br \/>\n<br \/><a href=\"https:\/\/www.acidadeon.com\/ribeiraopreto\/politica\/sp-lanca-programa-de-turismo-ferroviario-com-estacao-historica-de-ribeirao-preto\/\">Source link <\/a><\/p>\n","protected":false},"excerpt":{"rendered":"<p>O Governo de S\u00e3o Paulo lan\u00e7ou nesta quarta-feira (6) um novo programa de incentivo ao turismo ferrovi\u00e1rio que inclui o projeto de implanta\u00e7\u00e3o de uma&#8230;<\/p>\n","protected":false},"author":1,"featured_media":60134,"comment_status":"open","ping_status":"open","sticky":false,"template":"","format":"standard","meta":{"advanced_seo_description":"","jetpack_seo_html_title":"","jetpack_seo_noindex":false,"jetpack_post_was_ever_published":false,"_jetpack_newsletter_access":"","_jetpack_dont_email_post_to_subs":false,"_jetpack_newsletter_tier_id":0,"_jetpack_memberships_contains_paywalled_content":false,"_jetpack_memberships_contains_paid_content":false,"footnotes":"","jetpack_publicize_message":"","jetpack_publicize_feature_enabled":true,"jetpack_social_post_already_shared":true,"jetpack_social_options":{"image_generator_settings":{"template":"highway","default_image_id":0,"font":"","enabled":false},"version":2}},"categories":[11],"tags":[],"class_list":["post-60133","post","type-post","status-publish","format-standard","has-post-thumbnail","hentry","category-noticias-de-ribeirao-preto-sp-e-regiao-ismael-colosi"],"jetpack_publicize_connections":[],"jetpack_featured_media_url":"https:\/\/i0.wp.com\/noticiasribeiraopreto.com.br\/wp-content\/uploads\/2024\/11\/estacao-barracao_2024-11-06_20-56-37_jpg_2024-11-06_20-56-37.webp.webp?fit=982%2C555&ssl=1","jetpack-related-posts":[{"id":11003,"url":"https:\/\/noticiasribeiraopreto.com.br\/index.php\/2023\/12\/05\/sp-vai-ouvir-a-populacao-sobre-trem-turistico-em-ribeirao-preto\/","url_meta":{"origin":60133,"position":0},"title":"SP vai ouvir a popula\u00e7\u00e3o sobre trem tur\u00edstico em Ribeir\u00e3o Preto","author":"noticiasribeiraopreto.com.br","date":"5 de December de 2023","format":false,"excerpt":"A Secretaria de Turismo e Viagens de S\u00e3o Paulo abriu uma audi\u00eancia p\u00fablica virtual para ouvir a popula\u00e7\u00e3o sobre o projeto do trem tur\u00edstico entre Ribeir\u00e3o Preto e Tamba\u00fa. Os interessados podem participar da consulta pela internet (clique aqui). De acordo com a pasta, a consulta tem o objetivo de\u2026","rel":"","context":"In &quot;Not\u00edcias de Ribeir\u00e3o Preto-SP e Regi\u00e3o&quot;","block_context":{"text":"Not\u00edcias de Ribeir\u00e3o Preto-SP e Regi\u00e3o","link":"https:\/\/noticiasribeiraopreto.com.br\/index.php\/category\/noticias-de-ribeirao-preto-sp-e-regiao-ismael-colosi\/"},"img":{"alt_text":"","src":"https:\/\/i0.wp.com\/noticiasribeiraopreto.com.br\/wp-content\/uploads\/2023\/12\/locomotiva-amalia.jpg?fit=1200%2C800&ssl=1&resize=350%2C200","width":350,"height":200,"srcset":"https:\/\/i0.wp.com\/noticiasribeiraopreto.com.br\/wp-content\/uploads\/2023\/12\/locomotiva-amalia.jpg?fit=1200%2C800&ssl=1&resize=350%2C200 1x, https:\/\/i0.wp.com\/noticiasribeiraopreto.com.br\/wp-content\/uploads\/2023\/12\/locomotiva-amalia.jpg?fit=1200%2C800&ssl=1&resize=525%2C300 1.5x, https:\/\/i0.wp.com\/noticiasribeiraopreto.com.br\/wp-content\/uploads\/2023\/12\/locomotiva-amalia.jpg?fit=1200%2C800&ssl=1&resize=700%2C400 2x, https:\/\/i0.wp.com\/noticiasribeiraopreto.com.br\/wp-content\/uploads\/2023\/12\/locomotiva-amalia.jpg?fit=1200%2C800&ssl=1&resize=1050%2C600 3x"},"classes":[]},{"id":12590,"url":"https:\/\/noticiasribeiraopreto.com.br\/index.php\/2023\/12\/08\/estado-abre-consulta-sobre-trem-turistico\/","url_meta":{"origin":60133,"position":1},"title":"Estado abre consulta sobre trem tur\u00edstico \u00a0","author":"noticiasribeiraopreto.com.br","date":"8 de December de 2023","format":false,"excerpt":"A Secretaria de Turismo e Viagens de S\u00e3o Paulo abriu audi\u00eancia p\u00fablica virtual para ouvir a popula\u00e7\u00e3o sobre a cria\u00e7\u00e3o de dez trens tur\u00edsticos na malha ferrovi\u00e1ria estadual, em trechos como Cruzeiro-Passa Quatro (MG) e Boituva \u2013 Laranjal Paulista, al\u00e9m de Ribeir\u00e3o Preto-Tamba\u00fa. A pesquisa ser\u00e1 realizada at\u00e9 o dia\u2026","rel":"","context":"In &quot;Not\u00edcias de Ribeir\u00e3o Preto-SP e Regi\u00e3o&quot;","block_context":{"text":"Not\u00edcias de Ribeir\u00e3o Preto-SP e Regi\u00e3o","link":"https:\/\/noticiasribeiraopreto.com.br\/index.php\/category\/noticias-de-ribeirao-preto-sp-e-regiao-ismael-colosi\/"},"img":{"alt_text":"","src":"https:\/\/i0.wp.com\/noticiasribeiraopreto.com.br\/wp-content\/uploads\/2023\/12\/trem-scaled.jpg?fit=967%2C645&ssl=1&resize=350%2C200","width":350,"height":200,"srcset":"https:\/\/i0.wp.com\/noticiasribeiraopreto.com.br\/wp-content\/uploads\/2023\/12\/trem-scaled.jpg?fit=967%2C645&ssl=1&resize=350%2C200 1x, https:\/\/i0.wp.com\/noticiasribeiraopreto.com.br\/wp-content\/uploads\/2023\/12\/trem-scaled.jpg?fit=967%2C645&ssl=1&resize=525%2C300 1.5x, https:\/\/i0.wp.com\/noticiasribeiraopreto.com.br\/wp-content\/uploads\/2023\/12\/trem-scaled.jpg?fit=967%2C645&ssl=1&resize=700%2C400 2x"},"classes":[]},{"id":61769,"url":"https:\/\/noticiasribeiraopreto.com.br\/index.php\/2024\/12\/21\/museu-ferroviario-sera-inaugurado-na-regiao-de-ribeirao-saiba-quando\/","url_meta":{"origin":60133,"position":2},"title":"Museu Ferrovi\u00e1rio ser\u00e1 inaugurado na regi\u00e3o de Ribeir\u00e3o; Saiba quando","author":"noticiasribeiraopreto.com.br","date":"21 de December de 2024","format":false,"excerpt":"O munic\u00edpio de Sert\u00e3ozinho, cidade na regi\u00e3o de Ribeir\u00e3o Preto, inaugura na segunda-feira (23), o seu novo Museu Ferrovi\u00e1rio, localizado rua Cresc\u00eancia Carolo Balbo, 762, no Centro da cidade. A cerim\u00f4nia de inaugura\u00e7\u00e3o acontece a partir das 18h30 e \u00e9 aberta ao p\u00fablico. O local \u00e9 fruto de um conv\u00eanio\u2026","rel":"","context":"In &quot;Not\u00edcias de Ribeir\u00e3o Preto-SP e Regi\u00e3o&quot;","block_context":{"text":"Not\u00edcias de Ribeir\u00e3o Preto-SP e Regi\u00e3o","link":"https:\/\/noticiasribeiraopreto.com.br\/index.php\/category\/noticias-de-ribeirao-preto-sp-e-regiao-ismael-colosi\/"},"img":{"alt_text":"","src":"https:\/\/i0.wp.com\/noticiasribeiraopreto.com.br\/wp-content\/uploads\/2024\/12\/9463_2024-12-21_13-57-49_jpeg_2024-12-21_13-57-50.webp.webp?fit=1200%2C800&ssl=1&resize=350%2C200","width":350,"height":200,"srcset":"https:\/\/i0.wp.com\/noticiasribeiraopreto.com.br\/wp-content\/uploads\/2024\/12\/9463_2024-12-21_13-57-49_jpeg_2024-12-21_13-57-50.webp.webp?fit=1200%2C800&ssl=1&resize=350%2C200 1x, https:\/\/i0.wp.com\/noticiasribeiraopreto.com.br\/wp-content\/uploads\/2024\/12\/9463_2024-12-21_13-57-49_jpeg_2024-12-21_13-57-50.webp.webp?fit=1200%2C800&ssl=1&resize=525%2C300 1.5x, https:\/\/i0.wp.com\/noticiasribeiraopreto.com.br\/wp-content\/uploads\/2024\/12\/9463_2024-12-21_13-57-49_jpeg_2024-12-21_13-57-50.webp.webp?fit=1200%2C800&ssl=1&resize=700%2C400 2x, https:\/\/i0.wp.com\/noticiasribeiraopreto.com.br\/wp-content\/uploads\/2024\/12\/9463_2024-12-21_13-57-49_jpeg_2024-12-21_13-57-50.webp.webp?fit=1200%2C800&ssl=1&resize=1050%2C600 3x"},"classes":[]},{"id":39365,"url":"https:\/\/noticiasribeiraopreto.com.br\/index.php\/2024\/02\/25\/governo-paulista-vai-fazer-13-leiloes-este-ano\/","url_meta":{"origin":60133,"position":3},"title":"Governo paulista vai fazer 13 leil\u00f5es este ano","author":"noticiasribeiraopreto.com.br","date":"25 de February de 2024","format":false,"excerpt":"A partir do dia 29 de fevereiro o Governo do Estado de S\u00e3o Paulo inicia uma s\u00e9rie de leil\u00f5es que at\u00e9 o final do ano devem atingir 13 certames. O Trem Intercidades Eixo Norte, que ligar\u00e1 S\u00e3o Paulo a Campinas, ser\u00e1 o primeiro projeto a ser leiloado pelo Estado este\u2026","rel":"","context":"In &quot;Not\u00edcias de Ribeir\u00e3o Preto-SP e Regi\u00e3o&quot;","block_context":{"text":"Not\u00edcias de Ribeir\u00e3o Preto-SP e Regi\u00e3o","link":"https:\/\/noticiasribeiraopreto.com.br\/index.php\/category\/noticias-de-ribeirao-preto-sp-e-regiao-ismael-colosi\/"},"img":{"alt_text":"","src":"https:\/\/i0.wp.com\/noticiasribeiraopreto.com.br\/wp-content\/uploads\/2024\/02\/1-LEILOES-trem-intercidades-creditoreproducao.jpg?fit=696%2C392&ssl=1&resize=350%2C200","width":350,"height":200,"srcset":"https:\/\/i0.wp.com\/noticiasribeiraopreto.com.br\/wp-content\/uploads\/2024\/02\/1-LEILOES-trem-intercidades-creditoreproducao.jpg?fit=696%2C392&ssl=1&resize=350%2C200 1x, https:\/\/i0.wp.com\/noticiasribeiraopreto.com.br\/wp-content\/uploads\/2024\/02\/1-LEILOES-trem-intercidades-creditoreproducao.jpg?fit=696%2C392&ssl=1&resize=525%2C300 1.5x"},"classes":[]},{"id":61848,"url":"https:\/\/noticiasribeiraopreto.com.br\/index.php\/2024\/12\/24\/museu-ferroviario-e-inaugurado-na-regiao-de-ribeirao-preto\/","url_meta":{"origin":60133,"position":4},"title":"Museu Ferrovi\u00e1rio \u00e9 inaugurado na regi\u00e3o de Ribeir\u00e3o Preto","author":"noticiasribeiraopreto.com.br","date":"24 de December de 2024","format":false,"excerpt":"O munic\u00edpio de Sert\u00e3ozinho, cidade na regi\u00e3o de Ribeir\u00e3o Preto, inaugurou na segunda-feira (23), o seu novo Museu Ferrovi\u00e1rio. O local, que \u00e9 fruto de um conv\u00eanio entre o munic\u00edpio de Sert\u00e3ozinho e o Governo do Estado de S\u00e3o Paulo, por meio da Secretaria de Turismo e Viagens, estar\u00e1 fechado\u2026","rel":"","context":"In &quot;Not\u00edcias de Ribeir\u00e3o Preto-SP e Regi\u00e3o&quot;","block_context":{"text":"Not\u00edcias de Ribeir\u00e3o Preto-SP e Regi\u00e3o","link":"https:\/\/noticiasribeiraopreto.com.br\/index.php\/category\/noticias-de-ribeirao-preto-sp-e-regiao-ismael-colosi\/"},"img":{"alt_text":"","src":"https:\/\/i0.wp.com\/noticiasribeiraopreto.com.br\/wp-content\/uploads\/2024\/12\/Imagem-do-WhatsApp-de-2024-12-24-as-11.35.38_7b1d7e71_2024-12-24_20-32-16_jpg_2024-12-24_20-32-16.webp.webp?fit=1200%2C800&ssl=1&resize=350%2C200","width":350,"height":200,"srcset":"https:\/\/i0.wp.com\/noticiasribeiraopreto.com.br\/wp-content\/uploads\/2024\/12\/Imagem-do-WhatsApp-de-2024-12-24-as-11.35.38_7b1d7e71_2024-12-24_20-32-16_jpg_2024-12-24_20-32-16.webp.webp?fit=1200%2C800&ssl=1&resize=350%2C200 1x, https:\/\/i0.wp.com\/noticiasribeiraopreto.com.br\/wp-content\/uploads\/2024\/12\/Imagem-do-WhatsApp-de-2024-12-24-as-11.35.38_7b1d7e71_2024-12-24_20-32-16_jpg_2024-12-24_20-32-16.webp.webp?fit=1200%2C800&ssl=1&resize=525%2C300 1.5x, https:\/\/i0.wp.com\/noticiasribeiraopreto.com.br\/wp-content\/uploads\/2024\/12\/Imagem-do-WhatsApp-de-2024-12-24-as-11.35.38_7b1d7e71_2024-12-24_20-32-16_jpg_2024-12-24_20-32-16.webp.webp?fit=1200%2C800&ssl=1&resize=700%2C400 2x, https:\/\/i0.wp.com\/noticiasribeiraopreto.com.br\/wp-content\/uploads\/2024\/12\/Imagem-do-WhatsApp-de-2024-12-24-as-11.35.38_7b1d7e71_2024-12-24_20-32-16_jpg_2024-12-24_20-32-16.webp.webp?fit=1200%2C800&ssl=1&resize=1050%2C600 3x"},"classes":[]},{"id":19935,"url":"https:\/\/noticiasribeiraopreto.com.br\/index.php\/2023\/12\/23\/rp-ainda-aguarda-para-se-tornar-municipio-de-interesse-turistico\/","url_meta":{"origin":60133,"position":5},"title":"RP ainda aguarda para se tornar Munic\u00edpio de Interesse Tur\u00edstico\u00a0","author":"noticiasribeiraopreto.com.br","date":"23 de December de 2023","format":false,"excerpt":"Projeto de lei que classifica a cidade como MIT j\u00e1 tramitou em todas as comiss\u00f5es permanentes necess\u00e1rias na Alesp e est\u00e1 pronto para ser votado\u00a0 23 de dezembro de 2023 | 17:0023 de dezembro de 2023 | 11:52 0A transforma\u00e7\u00e3o de Ribeir\u00e3o Preto em Munic\u00edpio de Interesse Tur\u00edstico (MIT) e\u2026","rel":"","context":"In &quot;Not\u00edcias de Ribeir\u00e3o Preto-SP e Regi\u00e3o&quot;","block_context":{"text":"Not\u00edcias de Ribeir\u00e3o Preto-SP e Regi\u00e3o","link":"https:\/\/noticiasribeiraopreto.com.br\/index.php\/category\/noticias-de-ribeirao-preto-sp-e-regiao-ismael-colosi\/"},"img":{"alt_text":"","src":"https:\/\/i0.wp.com\/noticiasribeiraopreto.com.br\/wp-content\/uploads\/2023\/12\/1-mit-dia_mundial_do_turismo_2-scaled.jpg?fit=968%2C645&ssl=1&resize=350%2C200","width":350,"height":200,"srcset":"https:\/\/i0.wp.com\/noticiasribeiraopreto.com.br\/wp-content\/uploads\/2023\/12\/1-mit-dia_mundial_do_turismo_2-scaled.jpg?fit=968%2C645&ssl=1&resize=350%2C200 1x, https:\/\/i0.wp.com\/noticiasribeiraopreto.com.br\/wp-content\/uploads\/2023\/12\/1-mit-dia_mundial_do_turismo_2-scaled.jpg?fit=968%2C645&ssl=1&resize=525%2C300 1.5x, https:\/\/i0.wp.com\/noticiasribeiraopreto.com.br\/wp-content\/uploads\/2023\/12\/1-mit-dia_mundial_do_turismo_2-scaled.jpg?fit=968%2C645&ssl=1&resize=700%2C400 2x"},"classes":[]}],"jetpack_sharing_enabled":true,"jetpack_shortlink":"https:\/\/wp.me\/peQAOb-fDT","_links":{"self":[{"href":"https:\/\/noticiasribeiraopreto.com.br\/index.php\/wp-json\/wp\/v2\/posts\/60133","targetHints":{"allow":["GET"]}}],"collection":[{"href":"https:\/\/noticiasribeiraopreto.com.br\/index.php\/wp-json\/wp\/v2\/posts"}],"about":[{"href":"https:\/\/noticiasribeiraopreto.com.br\/index.php\/wp-json\/wp\/v2\/types\/post"}],"author":[{"embeddable":true,"href":"https:\/\/noticiasribeiraopreto.com.br\/index.php\/wp-json\/wp\/v2\/users\/1"}],"replies":[{"embeddable":true,"href":"https:\/\/noticiasribeiraopreto.com.br\/index.php\/wp-json\/wp\/v2\/comments?post=60133"}],"version-history":[{"count":0,"href":"https:\/\/noticiasribeiraopreto.com.br\/index.php\/wp-json\/wp\/v2\/posts\/60133\/revisions"}],"wp:featuredmedia":[{"embeddable":true,"href":"https:\/\/noticiasribeiraopreto.com.br\/index.php\/wp-json\/wp\/v2\/media\/60134"}],"wp:attachment":[{"href":"https:\/\/noticiasribeiraopreto.com.br\/index.php\/wp-json\/wp\/v2\/media?parent=60133"}],"wp:term":[{"taxonomy":"category","embeddable":true,"href":"https:\/\/noticiasribeiraopreto.com.br\/index.php\/wp-json\/wp\/v2\/categories?post=60133"},{"taxonomy":"post_tag","embeddable":true,"href":"https:\/\/noticiasribeiraopreto.com.br\/index.php\/wp-json\/wp\/v2\/tags?post=60133"}],"curies":[{"name":"wp","href":"https:\/\/api.w.org\/{rel}","templated":true}]}}