{"id":60135,"date":"2024-11-06T19:00:03","date_gmt":"2024-11-06T22:00:03","guid":{"rendered":"https:\/\/noticiasribeiraopreto.com.br\/index.php\/2024\/11\/06\/stf-decide-que-novos-servidores-publicos-podem-ser-contratados-pela-clt\/"},"modified":"2024-11-06T19:00:03","modified_gmt":"2024-11-06T22:00:03","slug":"stf-decide-que-novos-servidores-publicos-podem-ser-contratados-pela-clt","status":"publish","type":"post","link":"https:\/\/noticiasribeiraopreto.com.br\/index.php\/2024\/11\/06\/stf-decide-que-novos-servidores-publicos-podem-ser-contratados-pela-clt\/","title":{"rendered":"STF decide que novos servidores p\u00fablicos podem ser contratados pela CLT"},"content":{"rendered":"<p> <br \/>\n<\/p>\n<div data-td-block-uid=\"tdi_106\">\n<div class=\"tdb-block-inner td-fix-index\">\n<p>Nesta quarta-feira (6), <strong>os ministros do Supremo Tribunal Federal (STF) julgaram constitucional trecho da Reforma Administrativa de 1998 que flexibiliza o regime jur\u00eddico \u00fanico (RJU) dos servidores p\u00fablicos<\/strong>, e possibilita a <mark style=\"background-color:#fcb900\" class=\"has-inline-color\">contrata\u00e7\u00e3o por outras formas, como a CLT. <\/mark><\/p>\n<p>O trecho, agora constitucional, <strong>estava suspenso por decis\u00e3o liminar do STF desde agosto de 2007.<\/strong><\/p>\n<p>A a\u00e7\u00e3o foi ajuizada no ano 2000 pelo PT, PDT, PCdoB e PSB. <strong>Os partidos alegaram que a emenda \u00e9 inconstitucional porque o texto passou por altera\u00e7\u00e3o<\/strong> e n\u00e3o teria sido aprovado em dois turnos <strong>na C\u00e2mara e no Senado.<\/strong><\/p>\n<p>A maioria dos ministros decidiu que n\u00e3o existiu v\u00edcio na tramita\u00e7\u00e3o do texto, o que torna a Emenda Constitucional v\u00e1lida. <strong>Dessa forma, servidores p\u00fablicos podem ser contratados por CLT, sem necessariamente ter a mesma estabilidade de cargo dos servidores que t\u00eam RJU.<\/strong><\/p>\n<p><strong>A medida passa a valer a partir da data de hoje.<\/strong><\/p>\n<p>________________________________________________________________________________<\/p>\n<p>SAIBA MAIS<br \/>Rael realiza show com entrada gratuita em Ribeir\u00e3o Preto<\/p>\n<h4 class=\"wp-block-heading\"><strong>FIQUE ON<\/strong><\/h4>\n<p>Fique ligado em tudo que acontece em Ribeir\u00e3o Preto e regi\u00e3o. Siga os perfis do <strong>acidade on<\/strong> no <a href=\"https:\/\/www.instagram.com\/acidadeonribeirao\" target=\"_blank\" rel=\"noreferrer noopener nofollow\">Instagram <\/a>e no <a href=\"https:\/\/www.facebook.com\/acidadeonribeirao\/\" target=\"_blank\" rel=\"noreferrer noopener nofollow\">Facebook<\/a>.<\/p>\n<p>Receba not\u00edcias do <strong>acidade on<\/strong> no WhatsApp. <a href=\"https:\/\/chat.whatsapp.com\/Fg4ok3aAVyB59DP63pRapr\" target=\"_blank\" rel=\"noreferrer noopener nofollow\">Para entrar no grupo, basta clicar aqui.<\/a><\/p>\n<p>Fa\u00e7a uma den\u00fancia ou sugira uma reportagem sobre Ribeir\u00e3o Preto e regi\u00e3o pelo WhatsApp: 16 99117 7802.<\/p>\n<p>VEJA TAMB\u00c9M<br \/>Rocambole com massa de arroz; veja receita<\/p>\n<p><!-- CONTENT END 1 -->\n<\/div>\n<\/div>\n<p><script async src=\"\/\/www.instagram.com\/embed.js\"><\/script><br \/>\n<br \/><br \/>\n<br \/><a href=\"https:\/\/www.acidadeon.com\/ribeiraopreto\/economia\/stf-decide-que-novos-servidores-publicos-podem-ser-contratados-pela-clt\/\">Source link <\/a><\/p>\n","protected":false},"excerpt":{"rendered":"<p>Nesta quarta-feira (6), os ministros do Supremo Tribunal Federal (STF) julgaram constitucional trecho da Reforma Administrativa de 1998 que flexibiliza o regime jur\u00eddico \u00fanico (RJU)&#8230;<\/p>\n","protected":false},"author":1,"featured_media":60136,"comment_status":"open","ping_status":"open","sticky":false,"template":"","format":"standard","meta":{"advanced_seo_description":"","jetpack_seo_html_title":"","jetpack_seo_noindex":false,"jetpack_post_was_ever_published":false,"_jetpack_newsletter_access":"","_jetpack_dont_email_post_to_subs":false,"_jetpack_newsletter_tier_id":0,"_jetpack_memberships_contains_paywalled_content":false,"_jetpack_memberships_contains_paid_content":false,"footnotes":"","jetpack_publicize_message":"","jetpack_publicize_feature_enabled":true,"jetpack_social_post_already_shared":true,"jetpack_social_options":{"image_generator_settings":{"template":"highway","default_image_id":0,"font":"","enabled":false},"version":2}},"categories":[11],"tags":[],"class_list":["post-60135","post","type-post","status-publish","format-standard","has-post-thumbnail","hentry","category-noticias-de-ribeirao-preto-sp-e-regiao-ismael-colosi"],"jetpack_publicize_connections":[],"jetpack_featured_media_url":"https:\/\/i0.wp.com\/noticiasribeiraopreto.com.br\/wp-content\/uploads\/2024\/11\/Copia-de-Copia-de-Copia-de-TAMANHO-EXATO-PARA-FOTOS-NO-SISTEMA-NOVO-73_2024-11-06_21-45-21_png_2024-11-06_21-45-21.webp.webp?fit=1200%2C675&ssl=1","jetpack-related-posts":[{"id":60221,"url":"https:\/\/noticiasribeiraopreto.com.br\/index.php\/2024\/11\/08\/stf-permite-contratacao-de-servidores-publicos-pela-clt-sem-estabilidade-entenda-a-decisao-e-suas-implicacoes\/","url_meta":{"origin":60135,"position":0},"title":"STF Permite Contrata\u00e7\u00e3o de Servidores P\u00fablicos pela CLT Sem Estabilidade: Entenda a Decis\u00e3o e Suas Implica\u00e7\u00f5es","author":"noticiasribeiraopreto.com.br","date":"8 de November de 2024","format":false,"excerpt":"Nesta semana, o Supremo Tribunal Federal (STF) tomou uma decis\u00e3o hist\u00f3rica ao permitir a contrata\u00e7\u00e3o de servidores p\u00fablicos sob o regime da Consolida\u00e7\u00e3o das Leis do Trabalho (CLT), sem a tradicional estabilidade garantida aos servidores estatut\u00e1rios. A medida, aprovada por maioria de votos, altera a configura\u00e7\u00e3o dos v\u00ednculos empregat\u00edcios no\u2026","rel":"","context":"In &quot;Not\u00edcias de Ribeir\u00e3o Preto-SP e Regi\u00e3o&quot;","block_context":{"text":"Not\u00edcias de Ribeir\u00e3o Preto-SP e Regi\u00e3o","link":"https:\/\/noticiasribeiraopreto.com.br\/index.php\/category\/noticias-de-ribeirao-preto-sp-e-regiao-ismael-colosi\/"},"img":{"alt_text":"","src":"https:\/\/i0.wp.com\/noticiasribeiraopreto.com.br\/wp-content\/uploads\/2024\/11\/IMG_9383.jpeg?fit=716%2C428&ssl=1&resize=350%2C200","width":350,"height":200,"srcset":"https:\/\/i0.wp.com\/noticiasribeiraopreto.com.br\/wp-content\/uploads\/2024\/11\/IMG_9383.jpeg?fit=716%2C428&ssl=1&resize=350%2C200 1x, https:\/\/i0.wp.com\/noticiasribeiraopreto.com.br\/wp-content\/uploads\/2024\/11\/IMG_9383.jpeg?fit=716%2C428&ssl=1&resize=525%2C300 1.5x, https:\/\/i0.wp.com\/noticiasribeiraopreto.com.br\/wp-content\/uploads\/2024\/11\/IMG_9383.jpeg?fit=716%2C428&ssl=1&resize=700%2C400 2x"},"classes":[]},{"id":84792,"url":"https:\/\/noticiasribeiraopreto.com.br\/index.php\/2026\/04\/16\/stf-veta-mudanca-em-guardas-municipais\/","url_meta":{"origin":60135,"position":1},"title":"STF veta mudan\u00e7a em guardas municipais","author":"noticiasribeiraopreto.com.br","date":"16 de April de 2026","format":false,"excerpt":"Supremo Tribunal Federal barra mudan\u00e7a de nome para Pol\u00edcia Municipal e afirma que altera\u00e7\u00e3o afeta o atual modelo constitucional de seguran\u00e7a p\u00fablica O Supremo Tribunal Federal (STF) decidiu que os munic\u00edpios n\u00e3o podem substituir o nome \u201cGuarda Municipal\u201d por \u201cPol\u00edcia Municipal\u201d ou denomina\u00e7\u00f5es similares. A decis\u00e3o, que vale para todas\u2026","rel":"","context":"In &quot;Not\u00edcias de Ribeir\u00e3o Preto-SP e Regi\u00e3o&quot;","block_context":{"text":"Not\u00edcias de Ribeir\u00e3o Preto-SP e Regi\u00e3o","link":"https:\/\/noticiasribeiraopreto.com.br\/index.php\/category\/noticias-de-ribeirao-preto-sp-e-regiao-ismael-colosi\/"},"img":{"alt_text":"","src":"https:\/\/i0.wp.com\/noticiasribeiraopreto.com.br\/wp-content\/uploads\/2026\/04\/GuardaGCM-Fernando-Gonzaga-scaled.jpg?fit=1170%2C780&ssl=1&resize=350%2C200","width":350,"height":200,"srcset":"https:\/\/i0.wp.com\/noticiasribeiraopreto.com.br\/wp-content\/uploads\/2026\/04\/GuardaGCM-Fernando-Gonzaga-scaled.jpg?fit=1170%2C780&ssl=1&resize=350%2C200 1x, https:\/\/i0.wp.com\/noticiasribeiraopreto.com.br\/wp-content\/uploads\/2026\/04\/GuardaGCM-Fernando-Gonzaga-scaled.jpg?fit=1170%2C780&ssl=1&resize=525%2C300 1.5x, https:\/\/i0.wp.com\/noticiasribeiraopreto.com.br\/wp-content\/uploads\/2026\/04\/GuardaGCM-Fernando-Gonzaga-scaled.jpg?fit=1170%2C780&ssl=1&resize=700%2C400 2x, https:\/\/i0.wp.com\/noticiasribeiraopreto.com.br\/wp-content\/uploads\/2026\/04\/GuardaGCM-Fernando-Gonzaga-scaled.jpg?fit=1170%2C780&ssl=1&resize=1050%2C600 3x"},"classes":[]},{"id":83350,"url":"https:\/\/noticiasribeiraopreto.com.br\/index.php\/2026\/03\/16\/ministro-do-stf-proibe-aposentadoria-compulsoria-como-punicao-para-juizes\/","url_meta":{"origin":60135,"position":2},"title":"Ministro do STF pro\u00edbe aposentadoria compuls\u00f3ria como puni\u00e7\u00e3o para ju\u00edzes","author":"noticiasribeiraopreto.com.br","date":"16 de March de 2026","format":false,"excerpt":"00:00 A+ A- O ministro Fl\u00e1vio Dino, do STF (Supremo Tribunal Federal), proibiu que ju\u00edzes sejam punidos com aposentadoria compuls\u00f3ria. A decis\u00e3o liminar (pode ser revertida em plen\u00e1rio) foi assinada nesta segunda-feira (16). A medida acaba com a aposentadoria compuls\u00f3ria como puni\u00e7\u00e3o a magistrados condenados administrativamente por irregularidades no exerc\u00edcio\u2026","rel":"","context":"In &quot;Not\u00edcias de Ribeir\u00e3o Preto-SP e Regi\u00e3o&quot;","block_context":{"text":"Not\u00edcias de Ribeir\u00e3o Preto-SP e Regi\u00e3o","link":"https:\/\/noticiasribeiraopreto.com.br\/index.php\/category\/noticias-de-ribeirao-preto-sp-e-regiao-ismael-colosi\/"},"img":{"alt_text":"","src":"https:\/\/i0.wp.com\/noticiasribeiraopreto.com.br\/wp-content\/uploads\/2026\/03\/flavio-dino_2026-03-16_17-39-17.webp.webp?fit=1200%2C799&ssl=1&resize=350%2C200","width":350,"height":200,"srcset":"https:\/\/i0.wp.com\/noticiasribeiraopreto.com.br\/wp-content\/uploads\/2026\/03\/flavio-dino_2026-03-16_17-39-17.webp.webp?fit=1200%2C799&ssl=1&resize=350%2C200 1x, https:\/\/i0.wp.com\/noticiasribeiraopreto.com.br\/wp-content\/uploads\/2026\/03\/flavio-dino_2026-03-16_17-39-17.webp.webp?fit=1200%2C799&ssl=1&resize=525%2C300 1.5x, https:\/\/i0.wp.com\/noticiasribeiraopreto.com.br\/wp-content\/uploads\/2026\/03\/flavio-dino_2026-03-16_17-39-17.webp.webp?fit=1200%2C799&ssl=1&resize=700%2C400 2x, https:\/\/i0.wp.com\/noticiasribeiraopreto.com.br\/wp-content\/uploads\/2026\/03\/flavio-dino_2026-03-16_17-39-17.webp.webp?fit=1200%2C799&ssl=1&resize=1050%2C600 3x"},"classes":[]},{"id":61070,"url":"https:\/\/noticiasribeiraopreto.com.br\/index.php\/2024\/12\/03\/stf-confirma-decisao-de-flavio-dino-que-liberou-emendas-parlamentares\/","url_meta":{"origin":60135,"position":3},"title":"STF Confirma Decis\u00e3o de Fl\u00e1vio Dino que Liberou Emendas Parlamentares","author":"noticiasribeiraopreto.com.br","date":"3 de December de 2024","format":false,"excerpt":"Em sess\u00e3o realizada nesta semana, a maioria dos ministros do Supremo Tribunal Federal (STF) decidiu manter a decis\u00e3o do ministro da Justi\u00e7a e Seguran\u00e7a P\u00fablica, Fl\u00e1vio Dino, que liberou a execu\u00e7\u00e3o de emendas parlamentares bloqueadas anteriormente. A medida, considerada pol\u00eamica, havia sido questionada por opositores, que argumentavam sobre a legalidade\u2026","rel":"","context":"In &quot;Not\u00edcias de Ribeir\u00e3o Preto-SP e Regi\u00e3o&quot;","block_context":{"text":"Not\u00edcias de Ribeir\u00e3o Preto-SP e Regi\u00e3o","link":"https:\/\/noticiasribeiraopreto.com.br\/index.php\/category\/noticias-de-ribeirao-preto-sp-e-regiao-ismael-colosi\/"},"img":{"alt_text":"","src":"https:\/\/i0.wp.com\/noticiasribeiraopreto.com.br\/wp-content\/uploads\/2024\/12\/pzzb0243.webp.webp?fit=1170%2C700&ssl=1&resize=350%2C200","width":350,"height":200,"srcset":"https:\/\/i0.wp.com\/noticiasribeiraopreto.com.br\/wp-content\/uploads\/2024\/12\/pzzb0243.webp.webp?fit=1170%2C700&ssl=1&resize=350%2C200 1x, https:\/\/i0.wp.com\/noticiasribeiraopreto.com.br\/wp-content\/uploads\/2024\/12\/pzzb0243.webp.webp?fit=1170%2C700&ssl=1&resize=525%2C300 1.5x, https:\/\/i0.wp.com\/noticiasribeiraopreto.com.br\/wp-content\/uploads\/2024\/12\/pzzb0243.webp.webp?fit=1170%2C700&ssl=1&resize=700%2C400 2x, https:\/\/i0.wp.com\/noticiasribeiraopreto.com.br\/wp-content\/uploads\/2024\/12\/pzzb0243.webp.webp?fit=1170%2C700&ssl=1&resize=1050%2C600 3x"},"classes":[]},{"id":17770,"url":"https:\/\/noticiasribeiraopreto.com.br\/index.php\/2023\/12\/19\/piso-salarial-da-enfermagem-do-setor-privado-stf-permite-salario-menor-2\/","url_meta":{"origin":60135,"position":4},"title":"Piso salarial da enfermagem do setor privado: STF permite sal\u00e1rio menor","author":"noticiasribeiraopreto.com.br","date":"19 de December de 2023","format":false,"excerpt":"Na noite desta segunda-feira (18), estava previsto o fim do julgamento de recursos apresentados por diversas entidades sobre a validade do pagamento do piso salarial da enfermagem nacional aos profissionais do setor privado. A an\u00e1lise ocorreria pelo Supremo Tribunal Federal (STF) na modalidade virtual e tinha como prazo de encerramento\u2026","rel":"","context":"In &quot;Vagas de Emprego em Ribeir\u00e3o Preto-SP&quot;","block_context":{"text":"Vagas de Emprego em Ribeir\u00e3o Preto-SP","link":"https:\/\/noticiasribeiraopreto.com.br\/index.php\/category\/empregos-classificados-vagas-trabalho\/vagas-de-empregos-em-ribeirao-preto-regiao-brasil\/"},"img":{"alt_text":"","src":"https:\/\/i0.wp.com\/noticiasribeiraopreto.com.br\/wp-content\/uploads\/2023\/12\/enfermeira-observando-assustada-freepik_1.jpg?fit=1200%2C675&ssl=1&resize=350%2C200","width":350,"height":200,"srcset":"https:\/\/i0.wp.com\/noticiasribeiraopreto.com.br\/wp-content\/uploads\/2023\/12\/enfermeira-observando-assustada-freepik_1.jpg?fit=1200%2C675&ssl=1&resize=350%2C200 1x, https:\/\/i0.wp.com\/noticiasribeiraopreto.com.br\/wp-content\/uploads\/2023\/12\/enfermeira-observando-assustada-freepik_1.jpg?fit=1200%2C675&ssl=1&resize=525%2C300 1.5x, https:\/\/i0.wp.com\/noticiasribeiraopreto.com.br\/wp-content\/uploads\/2023\/12\/enfermeira-observando-assustada-freepik_1.jpg?fit=1200%2C675&ssl=1&resize=700%2C400 2x, https:\/\/i0.wp.com\/noticiasribeiraopreto.com.br\/wp-content\/uploads\/2023\/12\/enfermeira-observando-assustada-freepik_1.jpg?fit=1200%2C675&ssl=1&resize=1050%2C600 3x"},"classes":[]},{"id":63802,"url":"https:\/\/noticiasribeiraopreto.com.br\/index.php\/2025\/02\/22\/stf-decide-que-guardas-municipais-podem-fazer-policiamento-urbano\/","url_meta":{"origin":60135,"position":5},"title":"STF decide que guardas municipais podem fazer policiamento urbano","author":"noticiasribeiraopreto.com.br","date":"22 de February de 2025","format":false,"excerpt":"O STF (Supremo Tribunal Federal) que \u00e9 constitucional a cria\u00e7\u00e3o de leis pelos munic\u00edpios para que guardas municipais atuem em a\u00e7\u00f5es de seguran\u00e7a urbana. No entanto, os agentes devem respeitar limites para que possam cooperar com as atribui\u00e7\u00f5es das pol\u00edcias Civil e Militar, cujas fun\u00e7\u00f5es s\u00e3o reguladas pela Constitui\u00e7\u00e3o e\u2026","rel":"","context":"In &quot;Not\u00edcias de Ribeir\u00e3o Preto-SP e Regi\u00e3o&quot;","block_context":{"text":"Not\u00edcias de Ribeir\u00e3o Preto-SP e Regi\u00e3o","link":"https:\/\/noticiasribeiraopreto.com.br\/index.php\/category\/noticias-de-ribeirao-preto-sp-e-regiao-ismael-colosi\/"},"img":{"alt_text":"","src":"https:\/\/i0.wp.com\/noticiasribeiraopreto.com.br\/wp-content\/uploads\/2025\/02\/AnyConv.com__guarda-civil-metropolitana_2024-07-03_19-49-25.webp.webp?fit=1200%2C800&ssl=1&resize=350%2C200","width":350,"height":200,"srcset":"https:\/\/i0.wp.com\/noticiasribeiraopreto.com.br\/wp-content\/uploads\/2025\/02\/AnyConv.com__guarda-civil-metropolitana_2024-07-03_19-49-25.webp.webp?fit=1200%2C800&ssl=1&resize=350%2C200 1x, https:\/\/i0.wp.com\/noticiasribeiraopreto.com.br\/wp-content\/uploads\/2025\/02\/AnyConv.com__guarda-civil-metropolitana_2024-07-03_19-49-25.webp.webp?fit=1200%2C800&ssl=1&resize=525%2C300 1.5x, https:\/\/i0.wp.com\/noticiasribeiraopreto.com.br\/wp-content\/uploads\/2025\/02\/AnyConv.com__guarda-civil-metropolitana_2024-07-03_19-49-25.webp.webp?fit=1200%2C800&ssl=1&resize=700%2C400 2x, https:\/\/i0.wp.com\/noticiasribeiraopreto.com.br\/wp-content\/uploads\/2025\/02\/AnyConv.com__guarda-civil-metropolitana_2024-07-03_19-49-25.webp.webp?fit=1200%2C800&ssl=1&resize=1050%2C600 3x"},"classes":[]}],"jetpack_sharing_enabled":true,"jetpack_shortlink":"https:\/\/wp.me\/peQAOb-fDV","_links":{"self":[{"href":"https:\/\/noticiasribeiraopreto.com.br\/index.php\/wp-json\/wp\/v2\/posts\/60135","targetHints":{"allow":["GET"]}}],"collection":[{"href":"https:\/\/noticiasribeiraopreto.com.br\/index.php\/wp-json\/wp\/v2\/posts"}],"about":[{"href":"https:\/\/noticiasribeiraopreto.com.br\/index.php\/wp-json\/wp\/v2\/types\/post"}],"author":[{"embeddable":true,"href":"https:\/\/noticiasribeiraopreto.com.br\/index.php\/wp-json\/wp\/v2\/users\/1"}],"replies":[{"embeddable":true,"href":"https:\/\/noticiasribeiraopreto.com.br\/index.php\/wp-json\/wp\/v2\/comments?post=60135"}],"version-history":[{"count":0,"href":"https:\/\/noticiasribeiraopreto.com.br\/index.php\/wp-json\/wp\/v2\/posts\/60135\/revisions"}],"wp:featuredmedia":[{"embeddable":true,"href":"https:\/\/noticiasribeiraopreto.com.br\/index.php\/wp-json\/wp\/v2\/media\/60136"}],"wp:attachment":[{"href":"https:\/\/noticiasribeiraopreto.com.br\/index.php\/wp-json\/wp\/v2\/media?parent=60135"}],"wp:term":[{"taxonomy":"category","embeddable":true,"href":"https:\/\/noticiasribeiraopreto.com.br\/index.php\/wp-json\/wp\/v2\/categories?post=60135"},{"taxonomy":"post_tag","embeddable":true,"href":"https:\/\/noticiasribeiraopreto.com.br\/index.php\/wp-json\/wp\/v2\/tags?post=60135"}],"curies":[{"name":"wp","href":"https:\/\/api.w.org\/{rel}","templated":true}]}}