{"id":60137,"date":"2024-11-06T20:03:21","date_gmt":"2024-11-06T23:03:21","guid":{"rendered":"https:\/\/noticiasribeiraopreto.com.br\/index.php\/2024\/11\/06\/quando-sai-o-decimo-terceiro-salario-de-2024-saiba-as-datas\/"},"modified":"2024-11-06T20:03:21","modified_gmt":"2024-11-06T23:03:21","slug":"quando-sai-o-decimo-terceiro-salario-de-2024-saiba-as-datas","status":"publish","type":"post","link":"https:\/\/noticiasribeiraopreto.com.br\/index.php\/2024\/11\/06\/quando-sai-o-decimo-terceiro-salario-de-2024-saiba-as-datas\/","title":{"rendered":"Quando sai o d\u00e9cimo terceiro sal\u00e1rio de 2024? Saiba as datas"},"content":{"rendered":"<p> <br \/>\n<\/p>\n<div data-td-block-uid=\"tdi_106\">\n<div class=\"tdb-block-inner td-fix-index\">\n<p><strong>O esperado 13\u00ba sal\u00e1rio est\u00e1 perto de cair na conta dos trabalhadores.<\/strong> <mark style=\"background-color:#fcb900\" class=\"has-inline-color\">O valor pode ser pago de uma vez ou dividido em duas parcelas.<\/mark><\/p>\n<p>A <strong>primeira parcela<\/strong> deve ser depositada <strong>at\u00e9 30 de novembro<\/strong>, <mark style=\"background-color:#fcb900\" class=\"has-inline-color\">sem descontos<\/mark>, enquanto a <strong>segunda parcela<\/strong>, com <strong>descontos de INSS e Imposto de Renda<\/strong>, deve ser paga <strong>at\u00e9 20 de dezembro.<\/strong><\/p>\n<p>No caso de ser apenas em uma \u00fanica vez,\u00a0<strong>o pagamento deve ser feito obrigatoriamente at\u00e9 30 de novembro<\/strong>. O pagamento feito em uma \u00fanica parcela em dezembro \u00e9 ilegal.<\/p>\n<h4 class=\"wp-block-heading\"><strong>Quem recebe o 13\u00ba?<\/strong><\/h4>\n<p><strong>Trabalhadores em regime CLT que atuaram ao menos 15 dias durante o ano tem o direito ao 13\u00ba sal\u00e1rio<\/strong> garantido, <strong>desde que n\u00e3o tenham sido demitidos por justa causa. <\/strong><\/p>\n<p>Importante lembrar que <strong>benef\u00edcio \u00e9 exclusivo para trabalhadores com carteira assinada<\/strong>, <strong>servidores p\u00fablicos<\/strong> e <strong>aposentados e pensionistas do INSS<\/strong>, o que exclui os informais.<\/p>\n<p>________________________________________________________________________________<\/p>\n<p>SAIBA MAIS<\/p>\n<p>Nova frente fria deve provocar chuva de at\u00e9 200 mil\u00edmetros no interior de SP<\/p>\n<h4 class=\"wp-block-heading\"><strong>FIQUE ON<\/strong><\/h4>\n<p>Fique ligado em tudo que acontece em Ribeir\u00e3o Preto e regi\u00e3o. Siga os perfis do\u00a0<strong>acidade on\u00a0<\/strong>no\u00a0<a href=\"https:\/\/www.instagram.com\/acidadeonribeirao\" target=\"_blank\" rel=\"noreferrer noopener\">Instagram<\/a>\u00a0e no\u00a0<a href=\"https:\/\/www.facebook.com\/acidadeonribeirao\" target=\"_blank\" rel=\"noreferrer noopener\">Facebook<\/a>.<\/p>\n<p>Receba not\u00edcias do\u00a0<strong>acidade on\u00a0<\/strong>no WhatsApp. Para entrar no grupo, basta\u00a0<a href=\"https:\/\/chat.whatsapp.com\/Dtv9mxhy6V5BJBotM2OQ5k\" target=\"_blank\" rel=\"noreferrer noopener\">clicar aqui<\/a>.<\/p>\n<p>Fa\u00e7a uma den\u00fancia ou sugira uma reportagem sobre Ribeir\u00e3o Preto e regi\u00e3o pelo WhatsApp: 16 99117 7802.<\/p>\n<p>VEJA TAMB\u00c9M<\/p>\n<p>Quantos anos valia o acordo de sigilo de Diddy?<\/p>\n<p><!-- CONTENT END 1 -->\n<\/div>\n<\/div>\n<p><script async src=\"\/\/www.instagram.com\/embed.js\"><\/script><br \/>\n<br \/><br \/>\n<br \/><a href=\"https:\/\/www.acidadeon.com\/ribeiraopreto\/economia\/quando-sai-o-decimo-terceiro-salario-de-2024-saiba-as-datas\/\">Source link <\/a><\/p>\n","protected":false},"excerpt":{"rendered":"<p>O esperado 13\u00ba sal\u00e1rio est\u00e1 perto de cair na conta dos trabalhadores. O valor pode ser pago de uma vez ou dividido em duas parcelas&#8230;.<\/p>\n","protected":false},"author":1,"featured_media":46787,"comment_status":"open","ping_status":"open","sticky":false,"template":"","format":"standard","meta":{"advanced_seo_description":"","jetpack_seo_html_title":"","jetpack_seo_noindex":false,"jetpack_post_was_ever_published":false,"_jetpack_newsletter_access":"","_jetpack_dont_email_post_to_subs":false,"_jetpack_newsletter_tier_id":0,"_jetpack_memberships_contains_paywalled_content":false,"_jetpack_memberships_contains_paid_content":false,"footnotes":"","jetpack_publicize_message":"","jetpack_publicize_feature_enabled":true,"jetpack_social_post_already_shared":true,"jetpack_social_options":{"image_generator_settings":{"template":"highway","default_image_id":0,"font":"","enabled":false},"version":2}},"categories":[11],"tags":[],"class_list":["post-60137","post","type-post","status-publish","format-standard","has-post-thumbnail","hentry","category-noticias-de-ribeirao-preto-sp-e-regiao-ismael-colosi"],"jetpack_publicize_connections":[],"jetpack_featured_media_url":"https:\/\/i0.wp.com\/noticiasribeiraopreto.com.br\/wp-content\/uploads\/2024\/04\/real_moeda_dinheiro_mcajr_2904223671.webp.webp?fit=1024%2C768&ssl=1","jetpack-related-posts":[{"id":13010,"url":"https:\/\/noticiasribeiraopreto.com.br\/index.php\/2023\/12\/08\/o-que-fazer-se-ainda-nao-recebeu-a-primeira-parcela-do-13o-salario\/","url_meta":{"origin":60137,"position":0},"title":"O que fazer se ainda n\u00e3o recebeu a primeira parcela do 13\u00ba sal\u00e1rio?","author":"noticiasribeiraopreto.com.br","date":"8 de December de 2023","format":false,"excerpt":"J\u00e1 entramos no m\u00eas de dezembro e o clima das festas est\u00e1 em todo lugar. Nessa \u00e9poca, os trabalhadores modelo CLT (Consolida\u00e7\u00e3o das Leis do Trabalho) anseiam pelo pagamento do 13\u00ba sal\u00e1rio, que representa um al\u00edvio significativo nas finan\u00e7as e no equil\u00edbrio das contas.\u00a0 No entanto, apesar de haver prazos\u2026","rel":"","context":"In &quot;Vagas de Emprego em Ribeir\u00e3o Preto-SP&quot;","block_context":{"text":"Vagas de Emprego em Ribeir\u00e3o Preto-SP","link":"https:\/\/noticiasribeiraopreto.com.br\/index.php\/category\/empregos-classificados-vagas-trabalho\/vagas-de-empregos-em-ribeirao-preto-regiao-brasil\/"},"img":{"alt_text":"As empresas tinham at\u00e9 dia 30 de novembro para realizar o pagamento da primeira parcela do 13\u00ba sal\u00e1rio a seus funcion\u00e1rios.","src":"https:\/\/i0.wp.com\/noticiasconcursos.com.br\/wp-content\/uploads\/2023\/12\/noticiasconcursos.com.br-r-752-bilhoes-esquecidos-sera-que-voce-tem-dinheiro-esperando-por-voce-13-dinheiro-300x205.png?resize=350%2C200&ssl=1","width":350,"height":200,"srcset":"https:\/\/i0.wp.com\/noticiasconcursos.com.br\/wp-content\/uploads\/2023\/12\/noticiasconcursos.com.br-r-752-bilhoes-esquecidos-sera-que-voce-tem-dinheiro-esperando-por-voce-13-dinheiro-300x205.png?resize=350%2C200&ssl=1 1x, https:\/\/i0.wp.com\/noticiasconcursos.com.br\/wp-content\/uploads\/2023\/12\/noticiasconcursos.com.br-r-752-bilhoes-esquecidos-sera-que-voce-tem-dinheiro-esperando-por-voce-13-dinheiro-300x205.png?resize=525%2C300&ssl=1 1.5x, https:\/\/i0.wp.com\/noticiasconcursos.com.br\/wp-content\/uploads\/2023\/12\/noticiasconcursos.com.br-r-752-bilhoes-esquecidos-sera-que-voce-tem-dinheiro-esperando-por-voce-13-dinheiro-300x205.png?resize=700%2C400&ssl=1 2x"},"classes":[]},{"id":15096,"url":"https:\/\/noticiasribeiraopreto.com.br\/index.php\/2023\/12\/13\/decimo-terceiro-prazo-para-segunda-parcela-e-divulgado-confira-todos-os-detalhes\/","url_meta":{"origin":60137,"position":1},"title":"D\u00e9cimo terceiro: PRAZO para segunda parcela \u00e9 DIVULGADO; confira todos os detalhes","author":"noticiasribeiraopreto.com.br","date":"13 de December de 2023","format":false,"excerpt":"Final do ano chegou e o que os trabalhadores mais esperam \u00e9 o pagamento do d\u00e9cimo terceiro sal\u00e1rio. Geralmente, os empregadores dividem o pagamento em duas parcelas, mas possuem uma data limite que devem respeitar. O prazo para o pagamento da primeira parcela foi at\u00e9 o dia 30 de novembro.\u2026","rel":"","context":"In &quot;Vagas de Emprego em Ribeir\u00e3o Preto-SP&quot;","block_context":{"text":"Vagas de Emprego em Ribeir\u00e3o Preto-SP","link":"https:\/\/noticiasribeiraopreto.com.br\/index.php\/category\/empregos-classificados-vagas-trabalho\/vagas-de-empregos-em-ribeirao-preto-regiao-brasil\/"},"img":{"alt_text":"","src":"https:\/\/i0.wp.com\/noticiasribeiraopreto.com.br\/wp-content\/uploads\/2023\/12\/noticiasconcursos.com_.br-decimo-terceiro-prazo-para-segunda-parcela-e-divulgado-confira-todos-os-detalhes-reproducao-canva.jpg?fit=1200%2C800&ssl=1&resize=350%2C200","width":350,"height":200,"srcset":"https:\/\/i0.wp.com\/noticiasribeiraopreto.com.br\/wp-content\/uploads\/2023\/12\/noticiasconcursos.com_.br-decimo-terceiro-prazo-para-segunda-parcela-e-divulgado-confira-todos-os-detalhes-reproducao-canva.jpg?fit=1200%2C800&ssl=1&resize=350%2C200 1x, https:\/\/i0.wp.com\/noticiasribeiraopreto.com.br\/wp-content\/uploads\/2023\/12\/noticiasconcursos.com_.br-decimo-terceiro-prazo-para-segunda-parcela-e-divulgado-confira-todos-os-detalhes-reproducao-canva.jpg?fit=1200%2C800&ssl=1&resize=525%2C300 1.5x, https:\/\/i0.wp.com\/noticiasribeiraopreto.com.br\/wp-content\/uploads\/2023\/12\/noticiasconcursos.com_.br-decimo-terceiro-prazo-para-segunda-parcela-e-divulgado-confira-todos-os-detalhes-reproducao-canva.jpg?fit=1200%2C800&ssl=1&resize=700%2C400 2x, https:\/\/i0.wp.com\/noticiasribeiraopreto.com.br\/wp-content\/uploads\/2023\/12\/noticiasconcursos.com_.br-decimo-terceiro-prazo-para-segunda-parcela-e-divulgado-confira-todos-os-detalhes-reproducao-canva.jpg?fit=1200%2C800&ssl=1&resize=1050%2C600 3x"},"classes":[]},{"id":18068,"url":"https:\/\/noticiasribeiraopreto.com.br\/index.php\/2023\/12\/19\/ultimos-dias-para-fim-do-prazo-da-2a-parcela-do-13o-saiba-o-que-fazer-se-voce-nao-recebeu\/","url_meta":{"origin":60137,"position":2},"title":"\u00daLTIMOS DIAS para fim do prazo da 2\u00aa parcela do 13\u00ba; Saiba o que fazer se voc\u00ea n\u00e3o recebeu","author":"noticiasribeiraopreto.com.br","date":"19 de December de 2023","format":false,"excerpt":"A segunda parcela do 13\u00ba sal\u00e1rio dos trabalhadores com carteira assinada deve ser paga at\u00e9 quarta-feira (20). O prazo para o pagamento da primeira parcela ou dep\u00f3sito \u00fanico foi em 30 de novembro. Cerca de 87,7 milh\u00f5es de brasileiros ser\u00e3o beneficiados com o benef\u00edcio, que tem valor m\u00e9dio de R$\u2026","rel":"","context":"In &quot;Vagas de Emprego em Ribeir\u00e3o Preto-SP&quot;","block_context":{"text":"Vagas de Emprego em Ribeir\u00e3o Preto-SP","link":"https:\/\/noticiasribeiraopreto.com.br\/index.php\/category\/empregos-classificados-vagas-trabalho\/vagas-de-empregos-em-ribeirao-preto-regiao-brasil\/"},"img":{"alt_text":"","src":"https:\/\/i0.wp.com\/noticiasribeiraopreto.com.br\/wp-content\/uploads\/2023\/12\/1703017601_carteira-trabalho-seguro-desemprego_.jpg?fit=1200%2C675&ssl=1&resize=350%2C200","width":350,"height":200,"srcset":"https:\/\/i0.wp.com\/noticiasribeiraopreto.com.br\/wp-content\/uploads\/2023\/12\/1703017601_carteira-trabalho-seguro-desemprego_.jpg?fit=1200%2C675&ssl=1&resize=350%2C200 1x, https:\/\/i0.wp.com\/noticiasribeiraopreto.com.br\/wp-content\/uploads\/2023\/12\/1703017601_carteira-trabalho-seguro-desemprego_.jpg?fit=1200%2C675&ssl=1&resize=525%2C300 1.5x, https:\/\/i0.wp.com\/noticiasribeiraopreto.com.br\/wp-content\/uploads\/2023\/12\/1703017601_carteira-trabalho-seguro-desemprego_.jpg?fit=1200%2C675&ssl=1&resize=700%2C400 2x, https:\/\/i0.wp.com\/noticiasribeiraopreto.com.br\/wp-content\/uploads\/2023\/12\/1703017601_carteira-trabalho-seguro-desemprego_.jpg?fit=1200%2C675&ssl=1&resize=1050%2C600 3x"},"classes":[]},{"id":80758,"url":"https:\/\/noticiasribeiraopreto.com.br\/index.php\/2025\/12\/13\/quando-cai-a-segunda-parcela-do-13o-salario-veja-a-data-e-quem-recebe\/","url_meta":{"origin":60137,"position":3},"title":"Quando cai a segunda parcela do 13\u00ba sal\u00e1rio? Veja a data e quem recebe","author":"noticiasribeiraopreto.com.br","date":"13 de December de 2025","format":false,"excerpt":"A segunda parcela do d\u00e9cimo terceiro sal\u00e1rio deve ser depositada at\u00e9 o dia 19 de dezembro aos mais de 95 milh\u00f5es trabalhadores com carteira assinada no Brasil. A primeira parcela foi paga at\u00e9 28 de novembro, conforme a legisla\u00e7\u00e3o. Segundo o Departamento Intersindical de Estat\u00edstica e Estudos Socioecon\u00f4micos (Dieese), o\u2026","rel":"","context":"In &quot;Not\u00edcias de Ribeir\u00e3o Preto-SP e Regi\u00e3o&quot;","block_context":{"text":"Not\u00edcias de Ribeir\u00e3o Preto-SP e Regi\u00e3o","link":"https:\/\/noticiasribeiraopreto.com.br\/index.php\/category\/noticias-de-ribeirao-preto-sp-e-regiao-ismael-colosi\/"},"img":{"alt_text":"","src":"https:\/\/i0.wp.com\/noticiasribeiraopreto.com.br\/wp-content\/uploads\/2025\/08\/imposto-de-renda_2025-03-18_17-20-00_jpg_2025-03-18_17-20-00.webp.webp?fit=1200%2C800&ssl=1&resize=350%2C200","width":350,"height":200,"srcset":"https:\/\/i0.wp.com\/noticiasribeiraopreto.com.br\/wp-content\/uploads\/2025\/08\/imposto-de-renda_2025-03-18_17-20-00_jpg_2025-03-18_17-20-00.webp.webp?fit=1200%2C800&ssl=1&resize=350%2C200 1x, https:\/\/i0.wp.com\/noticiasribeiraopreto.com.br\/wp-content\/uploads\/2025\/08\/imposto-de-renda_2025-03-18_17-20-00_jpg_2025-03-18_17-20-00.webp.webp?fit=1200%2C800&ssl=1&resize=525%2C300 1.5x, https:\/\/i0.wp.com\/noticiasribeiraopreto.com.br\/wp-content\/uploads\/2025\/08\/imposto-de-renda_2025-03-18_17-20-00_jpg_2025-03-18_17-20-00.webp.webp?fit=1200%2C800&ssl=1&resize=700%2C400 2x, https:\/\/i0.wp.com\/noticiasribeiraopreto.com.br\/wp-content\/uploads\/2025\/08\/imposto-de-renda_2025-03-18_17-20-00_jpg_2025-03-18_17-20-00.webp.webp?fit=1200%2C800&ssl=1&resize=1050%2C600 3x"},"classes":[]},{"id":60745,"url":"https:\/\/noticiasribeiraopreto.com.br\/index.php\/2024\/11\/24\/13o-salario-primeira-parcela-deve-ser-paga-ate-quando\/","url_meta":{"origin":60137,"position":4},"title":"13\u00ba sal\u00e1rio: Primeira parcela deve ser paga at\u00e9 quando?","author":"noticiasribeiraopreto.com.br","date":"24 de November de 2024","format":false,"excerpt":"O empregado com carteira assinada, que trabalha h\u00e1 pelo menos um ano na mesma empresa, tem direito a receber o d\u00e9cimo terceiro sal\u00e1rio integral, um dos principais benef\u00edcios trabalhistas do pa\u00eds.\u00a0 A primeira parcela do sal\u00e1rio extra deve ser paga at\u00e9 a pr\u00f3xima sexta-feira (29). A partir de 1\u00ba de\u2026","rel":"","context":"In &quot;Not\u00edcias de Ribeir\u00e3o Preto-SP e Regi\u00e3o&quot;","block_context":{"text":"Not\u00edcias de Ribeir\u00e3o Preto-SP e Regi\u00e3o","link":"https:\/\/noticiasribeiraopreto.com.br\/index.php\/category\/noticias-de-ribeirao-preto-sp-e-regiao-ismael-colosi\/"},"img":{"alt_text":"","src":"https:\/\/i0.wp.com\/noticiasribeiraopreto.com.br\/wp-content\/uploads\/2024\/11\/dinheiro_1024x576_07042021112808.jpg?fit=1024%2C576&ssl=1&resize=350%2C200","width":350,"height":200,"srcset":"https:\/\/i0.wp.com\/noticiasribeiraopreto.com.br\/wp-content\/uploads\/2024\/11\/dinheiro_1024x576_07042021112808.jpg?fit=1024%2C576&ssl=1&resize=350%2C200 1x, https:\/\/i0.wp.com\/noticiasribeiraopreto.com.br\/wp-content\/uploads\/2024\/11\/dinheiro_1024x576_07042021112808.jpg?fit=1024%2C576&ssl=1&resize=525%2C300 1.5x, https:\/\/i0.wp.com\/noticiasribeiraopreto.com.br\/wp-content\/uploads\/2024\/11\/dinheiro_1024x576_07042021112808.jpg?fit=1024%2C576&ssl=1&resize=700%2C400 2x"},"classes":[]},{"id":18744,"url":"https:\/\/noticiasribeiraopreto.com.br\/index.php\/2023\/12\/20\/segunda-parcela-do-decimo-terceiro-deve-ser-paga-ate-hoje\/","url_meta":{"origin":60137,"position":5},"title":"Segunda parcela do d\u00e9cimo terceiro deve ser paga at\u00e9 hoje","author":"noticiasribeiraopreto.com.br","date":"20 de December de 2023","format":false,"excerpt":"Um dos principais benef\u00edcios trabalhistas do pa\u00eds, o d\u00e9cimo terceiro sal\u00e1rio tem a segunda parcela paga at\u00e9 esta quarta-feira, 20. Pela legisla\u00e7\u00e3o, a primeira parcela foi paga at\u00e9 30 de novembro ao empregado com carteira assinada. Cr\u00e9ditos: Ag\u00eancia BrasilSegunda parcela do d\u00e9cimo terceiro deve ser paga at\u00e9 hoje De acordo\u2026","rel":"","context":"In &quot;Variedades&quot;","block_context":{"text":"Variedades","link":"https:\/\/noticiasribeiraopreto.com.br\/index.php\/category\/variedades\/"},"img":{"alt_text":"","src":"https:\/\/i0.wp.com\/noticiasribeiraopreto.com.br\/wp-content\/uploads\/2023\/12\/1703124243_prazo-para-sacar-cotas-do-pis-pasep.jpg?fit=1200%2C638&ssl=1&resize=350%2C200","width":350,"height":200,"srcset":"https:\/\/i0.wp.com\/noticiasribeiraopreto.com.br\/wp-content\/uploads\/2023\/12\/1703124243_prazo-para-sacar-cotas-do-pis-pasep.jpg?fit=1200%2C638&ssl=1&resize=350%2C200 1x, https:\/\/i0.wp.com\/noticiasribeiraopreto.com.br\/wp-content\/uploads\/2023\/12\/1703124243_prazo-para-sacar-cotas-do-pis-pasep.jpg?fit=1200%2C638&ssl=1&resize=525%2C300 1.5x, https:\/\/i0.wp.com\/noticiasribeiraopreto.com.br\/wp-content\/uploads\/2023\/12\/1703124243_prazo-para-sacar-cotas-do-pis-pasep.jpg?fit=1200%2C638&ssl=1&resize=700%2C400 2x, https:\/\/i0.wp.com\/noticiasribeiraopreto.com.br\/wp-content\/uploads\/2023\/12\/1703124243_prazo-para-sacar-cotas-do-pis-pasep.jpg?fit=1200%2C638&ssl=1&resize=1050%2C600 3x"},"classes":[]}],"jetpack_sharing_enabled":true,"jetpack_shortlink":"https:\/\/wp.me\/peQAOb-fDX","_links":{"self":[{"href":"https:\/\/noticiasribeiraopreto.com.br\/index.php\/wp-json\/wp\/v2\/posts\/60137","targetHints":{"allow":["GET"]}}],"collection":[{"href":"https:\/\/noticiasribeiraopreto.com.br\/index.php\/wp-json\/wp\/v2\/posts"}],"about":[{"href":"https:\/\/noticiasribeiraopreto.com.br\/index.php\/wp-json\/wp\/v2\/types\/post"}],"author":[{"embeddable":true,"href":"https:\/\/noticiasribeiraopreto.com.br\/index.php\/wp-json\/wp\/v2\/users\/1"}],"replies":[{"embeddable":true,"href":"https:\/\/noticiasribeiraopreto.com.br\/index.php\/wp-json\/wp\/v2\/comments?post=60137"}],"version-history":[{"count":0,"href":"https:\/\/noticiasribeiraopreto.com.br\/index.php\/wp-json\/wp\/v2\/posts\/60137\/revisions"}],"wp:featuredmedia":[{"embeddable":true,"href":"https:\/\/noticiasribeiraopreto.com.br\/index.php\/wp-json\/wp\/v2\/media\/46787"}],"wp:attachment":[{"href":"https:\/\/noticiasribeiraopreto.com.br\/index.php\/wp-json\/wp\/v2\/media?parent=60137"}],"wp:term":[{"taxonomy":"category","embeddable":true,"href":"https:\/\/noticiasribeiraopreto.com.br\/index.php\/wp-json\/wp\/v2\/categories?post=60137"},{"taxonomy":"post_tag","embeddable":true,"href":"https:\/\/noticiasribeiraopreto.com.br\/index.php\/wp-json\/wp\/v2\/tags?post=60137"}],"curies":[{"name":"wp","href":"https:\/\/api.w.org\/{rel}","templated":true}]}}