{"id":60138,"date":"2024-11-06T22:09:24","date_gmt":"2024-11-07T01:09:24","guid":{"rendered":"https:\/\/noticiasribeiraopreto.com.br\/index.php\/2024\/11\/06\/justica-determina-reducao-de-salarios-dos-professores-da-rede-municipal-de-barretos-sp\/"},"modified":"2024-11-06T22:09:24","modified_gmt":"2024-11-07T01:09:24","slug":"justica-determina-reducao-de-salarios-dos-professores-da-rede-municipal-de-barretos-sp","status":"publish","type":"post","link":"https:\/\/noticiasribeiraopreto.com.br\/index.php\/2024\/11\/06\/justica-determina-reducao-de-salarios-dos-professores-da-rede-municipal-de-barretos-sp\/","title":{"rendered":"Justi\u00e7a Determina Redu\u00e7\u00e3o de Sal\u00e1rios dos Professores da Rede Municipal de Barretos (SP)"},"content":{"rendered":"<div class='code-block code-block-1' style='margin: 8px 0 8px auto; text-align: right; display: block; clear: both;'>\n<p><a href=\"https:\/\/wa.link\/vpicfd\"><img data-recalc-dims=\"1\" class=\"wp-image-4922\" style=\"aspect-ratio: 2.0253164556962027; width: 561px; height: auto;\" src=\"https:\/\/i0.wp.com\/ismaelcolosi.com.br\/wp-content\/uploads\/2023\/11\/grupo-de-empregos-whatsapp-e-facebook-ismael-colosi-vagas.jpg?ssl=1\" alt=\"\" \/><\/a><\/p>\n<!-- \/wp:image -->\n<\/div>\n<p> <br \/>\n<\/p>\n<div>\n<p>A rede municipal de Barretos, SP, enfrenta um momento de tens\u00e3o ap\u00f3s a decis\u00e3o judicial que determinou a redu\u00e7\u00e3o dos sal\u00e1rios dos professores. A medida, implementada pela Prefeitura em cumprimento \u00e0 ordem judicial, afetou diretamente os rendimentos dos profissionais da educa\u00e7\u00e3o, gerando preocupa\u00e7\u00e3o e insatisfa\u00e7\u00e3o entre os educadores. O Sindicato dos Servidores Municipais j\u00e1 est\u00e1 avaliando as consequ\u00eancias dessa redu\u00e7\u00e3o e considera tomar medidas para reverter o impacto nos ganhos dos professores.<\/p>\n<p>Entenda a Decis\u00e3o Judicial<\/p>\n<p>A decis\u00e3o de reduzir os sal\u00e1rios dos professores vem ap\u00f3s um per\u00edodo de an\u00e1lise jur\u00eddica sobre o valor pago anteriormente aos educadores. Segundo a Prefeitura, a redu\u00e7\u00e3o obedece \u00e0 determina\u00e7\u00e3o do Tribunal de Justi\u00e7a, que identificou um poss\u00edvel pagamento incorreto nos vencimentos dos professores. A revis\u00e3o foi interpretada como uma medida para adequar os sal\u00e1rios ao que a Justi\u00e7a considerou estar dentro dos limites legais, mas a mudan\u00e7a pegou muitos de surpresa, especialmente em um momento de alta nos custos de vida.<\/p>\n<p>A Prefeitura divulgou uma nota explicando que a decis\u00e3o judicial foi cumprida como parte de suas obriga\u00e7\u00f5es legais, e que n\u00e3o h\u00e1 alternativas para questionar a medida diretamente. Os gestores municipais afirmaram que, embora reconhe\u00e7am o impacto financeiro para os professores, a Prefeitura est\u00e1 limitada a cumprir a determina\u00e7\u00e3o, sob o risco de penalidades.<\/p>\n<p>Rea\u00e7\u00e3o dos Educadores e do Sindicato<\/p>\n<p>A decis\u00e3o de reduzir os sal\u00e1rios gerou indigna\u00e7\u00e3o entre os professores da rede municipal, que argumentam que a redu\u00e7\u00e3o representa uma perda consider\u00e1vel em seu poder de compra e compromete o or\u00e7amento familiar de muitos. O Sindicato dos Servidores Municipais de Barretos demonstrou preocupa\u00e7\u00e3o com os impactos financeiros e psicol\u00f3gicos dessa mudan\u00e7a nos educadores e est\u00e1 buscando formas de contestar a decis\u00e3o. A entidade informou que pretende recorrer a inst\u00e2ncias superiores, visando uma reavalia\u00e7\u00e3o da medida.<\/p>\n<p>\u201cO sal\u00e1rio dos professores j\u00e1 \u00e9 historicamente desvalorizado, e essa redu\u00e7\u00e3o vem em um momento cr\u00edtico para todos\u201d, afirmou um representante do sindicato. Ele destacou que o impacto ser\u00e1 sentido em v\u00e1rias frentes, afetando desde o bem-estar dos profissionais at\u00e9 a qualidade do trabalho, uma vez que a inseguran\u00e7a financeira pode comprometer a dedica\u00e7\u00e3o em sala de aula.<\/p>\n<p>Poss\u00edveis Consequ\u00eancias para a Educa\u00e7\u00e3o no Munic\u00edpio<\/p>\n<p>Especialistas em educa\u00e7\u00e3o e economia p\u00fablica alertam para os efeitos indiretos que a redu\u00e7\u00e3o salarial pode ter sobre o sistema educacional local. Em situa\u00e7\u00f5es de redu\u00e7\u00e3o de remunera\u00e7\u00e3o, \u00e9 comum observar um aumento da rotatividade de profissionais, uma vez que muitos passam a buscar oportunidades em outras cidades ou at\u00e9 em outros setores que oferecem maior estabilidade financeira.<\/p>\n<p>Al\u00e9m disso, o descontentamento entre os professores pode impactar diretamente a qualidade do ensino, j\u00e1 que o aumento de preocupa\u00e7\u00f5es financeiras e a perda de benef\u00edcios muitas vezes levam \u00e0 queda na motiva\u00e7\u00e3o e no engajamento. Em um cen\u00e1rio como esse, a manuten\u00e7\u00e3o de um ambiente educativo saud\u00e1vel e produtivo se torna um desafio ainda maior para gestores e educadores.<\/p>\n<p>Os Pr\u00f3ximos Passos<\/p>\n<p>Enquanto o Sindicato busca meios de reverter a decis\u00e3o judicial, a Prefeitura reafirma que est\u00e1 aberta a dialogar com a categoria e tenta reduzir o impacto por meio de a\u00e7\u00f5es que possam trazer melhorias em outros aspectos das condi\u00e7\u00f5es de trabalho dos professores. No entanto, a quest\u00e3o salarial ainda depende da resolu\u00e7\u00e3o do processo judicial, o que pode levar tempo.<\/p>\n<p>Em meio a essa situa\u00e7\u00e3o, os professores de Barretos enfrentam um per\u00edodo de incertezas e buscam se adaptar \u00e0 nova realidade financeira. A comunidade educacional e as fam\u00edlias de alunos tamb\u00e9m acompanham o desenrolar desse impasse, preocupados com os poss\u00edveis reflexos para a educa\u00e7\u00e3o municipal.<\/p>\n<p>&#13;<br \/>\n\t\t\t\t<span class=\"post-views-icon dashicons dashicons-chart-bar\"\/> <span class=\"post-views-label\">Visualiza\u00e7\u00f5es:<\/span> <span class=\"post-views-count\">4<\/span>&#13;\n\t\t\t<\/p>\n<\/p><\/div>\n<p><br \/>\n<br \/><a href=\"https:\/\/folhaderibeirao.com.br\/2024\/11\/06\/justica-determina-reducao-de-salarios-dos-professores-da-rede-municipal-de-barretos-sp\/\">Source link <\/a><\/p>\n<!-- CONTENT END 1 -->\n","protected":false},"excerpt":{"rendered":"<p>A rede municipal de Barretos, SP, enfrenta um momento de tens\u00e3o ap\u00f3s a decis\u00e3o judicial que determinou a redu\u00e7\u00e3o dos sal\u00e1rios dos professores. A medida,&#8230;<\/p>\n","protected":false},"author":1,"featured_media":59622,"comment_status":"open","ping_status":"open","sticky":false,"template":"","format":"standard","meta":{"advanced_seo_description":"","jetpack_seo_html_title":"","jetpack_seo_noindex":false,"jetpack_post_was_ever_published":false,"_jetpack_newsletter_access":"","_jetpack_dont_email_post_to_subs":false,"_jetpack_newsletter_tier_id":0,"_jetpack_memberships_contains_paywalled_content":false,"_jetpack_memberships_contains_paid_content":false,"footnotes":"","jetpack_publicize_message":"","jetpack_publicize_feature_enabled":true,"jetpack_social_post_already_shared":true,"jetpack_social_options":{"image_generator_settings":{"template":"highway","default_image_id":0,"font":"","enabled":false},"version":2}},"categories":[11],"tags":[3023,3074,470,988,592,247,591,29,768],"class_list":["post-60138","post","type-post","status-publish","format-standard","has-post-thumbnail","hentry","category-noticias-de-ribeirao-preto-sp-e-regiao-ismael-colosi","tag-barretos","tag-determina","tag-dos","tag-justica","tag-municipal","tag-professores","tag-rede","tag-reducao","tag-salarios"],"jetpack_publicize_connections":[],"jetpack_featured_media_url":"https:\/\/i0.wp.com\/noticiasribeiraopreto.com.br\/wp-content\/uploads\/2024\/10\/0d9a2921.webp.webp?fit=1170%2C700&ssl=1","jetpack-related-posts":[{"id":63010,"url":"https:\/\/noticiasribeiraopreto.com.br\/index.php\/2025\/01\/30\/entenda-a-situacao-da-rede-municipal-de-ribeirao-apos-decisao-que-barra-jornada-excessiva\/","url_meta":{"origin":60138,"position":0},"title":"Entenda a situa\u00e7\u00e3o da rede municipal de Ribeir\u00e3o ap\u00f3s decis\u00e3o que barra \u2018jornada excessiva\u2019","author":"noticiasribeiraopreto.com.br","date":"30 de January de 2025","format":false,"excerpt":"Ap\u00f3s o TJ-SP (Tribunal de Justi\u00e7a de S\u00e3o Paulo) considerar inconstitucionais trechos da lei 2.524\/2012, que estabeleceu em 58 horas-aula a jornada de trabalho dos professores da rede municipal de Ribeir\u00e3o Preto, a Secretaria da Educa\u00e7\u00e3o afirma que at\u00e9 500 profissionais foram impactados. Contudo, a secretaria afirma que n\u00e3o vai\u2026","rel":"","context":"In &quot;Not\u00edcias de Ribeir\u00e3o Preto-SP e Regi\u00e3o&quot;","block_context":{"text":"Not\u00edcias de Ribeir\u00e3o Preto-SP e Regi\u00e3o","link":"https:\/\/noticiasribeiraopreto.com.br\/index.php\/category\/noticias-de-ribeirao-preto-sp-e-regiao-ismael-colosi\/"},"img":{"alt_text":"","src":"https:\/\/i0.wp.com\/noticiasribeiraopreto.com.br\/wp-content\/uploads\/2024\/02\/AnyConv.com__educacao-ribeirao-preto.webp.webp?fit=1200%2C799&ssl=1&resize=350%2C200","width":350,"height":200,"srcset":"https:\/\/i0.wp.com\/noticiasribeiraopreto.com.br\/wp-content\/uploads\/2024\/02\/AnyConv.com__educacao-ribeirao-preto.webp.webp?fit=1200%2C799&ssl=1&resize=350%2C200 1x, https:\/\/i0.wp.com\/noticiasribeiraopreto.com.br\/wp-content\/uploads\/2024\/02\/AnyConv.com__educacao-ribeirao-preto.webp.webp?fit=1200%2C799&ssl=1&resize=525%2C300 1.5x, https:\/\/i0.wp.com\/noticiasribeiraopreto.com.br\/wp-content\/uploads\/2024\/02\/AnyConv.com__educacao-ribeirao-preto.webp.webp?fit=1200%2C799&ssl=1&resize=700%2C400 2x, https:\/\/i0.wp.com\/noticiasribeiraopreto.com.br\/wp-content\/uploads\/2024\/02\/AnyConv.com__educacao-ribeirao-preto.webp.webp?fit=1200%2C799&ssl=1&resize=1050%2C600 3x"},"classes":[]},{"id":82653,"url":"https:\/\/noticiasribeiraopreto.com.br\/index.php\/2026\/02\/22\/alexandre-de-moraes-determina-a-realizacao-de-concurso-publico-em-ribeirao-preto-entenda\/","url_meta":{"origin":60138,"position":1},"title":"Alexandre de Moraes determina a realiza\u00e7\u00e3o de concurso p\u00fablico em Ribeir\u00e3o Preto; Entenda","author":"noticiasribeiraopreto.com.br","date":"22 de February de 2026","format":false,"excerpt":"O ministro Alexandre de Moraes, do STF (Supremo Tribunal Federal), determinou que a Prefeitura de Ribeir\u00e3o Preto realize um concurso p\u00fablico para suprir as vagas que v\u00eam sendo preenchidas por contrata\u00e7\u00f5es tempor\u00e1rias. A decis\u00e3o foi publicada no final do m\u00eas de janeiro, ap\u00f3s o ministro suspender a decis\u00e3o que invalidou\u2026","rel":"","context":"In &quot;Not\u00edcias de Ribeir\u00e3o Preto-SP e Regi\u00e3o&quot;","block_context":{"text":"Not\u00edcias de Ribeir\u00e3o Preto-SP e Regi\u00e3o","link":"https:\/\/noticiasribeiraopreto.com.br\/index.php\/category\/noticias-de-ribeirao-preto-sp-e-regiao-ismael-colosi\/"},"img":{"alt_text":"","src":"https:\/\/i0.wp.com\/noticiasribeiraopreto.com.br\/wp-content\/uploads\/2026\/02\/alexandre-de-moraes_2026-02-20_21-54-04.webp.webp?fit=1200%2C800&ssl=1&resize=350%2C200","width":350,"height":200,"srcset":"https:\/\/i0.wp.com\/noticiasribeiraopreto.com.br\/wp-content\/uploads\/2026\/02\/alexandre-de-moraes_2026-02-20_21-54-04.webp.webp?fit=1200%2C800&ssl=1&resize=350%2C200 1x, https:\/\/i0.wp.com\/noticiasribeiraopreto.com.br\/wp-content\/uploads\/2026\/02\/alexandre-de-moraes_2026-02-20_21-54-04.webp.webp?fit=1200%2C800&ssl=1&resize=525%2C300 1.5x, https:\/\/i0.wp.com\/noticiasribeiraopreto.com.br\/wp-content\/uploads\/2026\/02\/alexandre-de-moraes_2026-02-20_21-54-04.webp.webp?fit=1200%2C800&ssl=1&resize=700%2C400 2x, https:\/\/i0.wp.com\/noticiasribeiraopreto.com.br\/wp-content\/uploads\/2026\/02\/alexandre-de-moraes_2026-02-20_21-54-04.webp.webp?fit=1200%2C800&ssl=1&resize=1050%2C600 3x"},"classes":[]},{"id":59116,"url":"https:\/\/noticiasribeiraopreto.com.br\/index.php\/2024\/10\/15\/dia-dos-professores-ribeirao-tem-mais-de-59-mil-educadores-na-rede-publica\/","url_meta":{"origin":60138,"position":2},"title":"Dia dos Professores: Ribeir\u00e3o tem mais de 5,9 mil educadores na rede p\u00fablica","author":"noticiasribeiraopreto.com.br","date":"15 de October de 2024","format":false,"excerpt":"Ribeir\u00e3o Preto tem mais de 5,9 mil professores atuando nas redes municipais e estaduais de educa\u00e7\u00e3o no munic\u00edpio. Nesta ter\u00e7a-feira (15) \u00e9 celebrado o Dia dos Professores em todo o pa\u00eds. De acordo com a Prefeitura de Ribeir\u00e3o Preto, a rede municipal possui, atualmente, 3.156 professores \u2013 dado atualizado em\u2026","rel":"","context":"In &quot;Not\u00edcias de Ribeir\u00e3o Preto-SP e Regi\u00e3o&quot;","block_context":{"text":"Not\u00edcias de Ribeir\u00e3o Preto-SP e Regi\u00e3o","link":"https:\/\/noticiasribeiraopreto.com.br\/index.php\/category\/noticias-de-ribeirao-preto-sp-e-regiao-ismael-colosi\/"},"img":{"alt_text":"","src":"https:\/\/i0.wp.com\/noticiasribeiraopreto.com.br\/wp-content\/uploads\/2024\/10\/educacao_escola_1200x675_07052022112735.jpg?fit=1200%2C675&ssl=1&resize=350%2C200","width":350,"height":200,"srcset":"https:\/\/i0.wp.com\/noticiasribeiraopreto.com.br\/wp-content\/uploads\/2024\/10\/educacao_escola_1200x675_07052022112735.jpg?fit=1200%2C675&ssl=1&resize=350%2C200 1x, https:\/\/i0.wp.com\/noticiasribeiraopreto.com.br\/wp-content\/uploads\/2024\/10\/educacao_escola_1200x675_07052022112735.jpg?fit=1200%2C675&ssl=1&resize=525%2C300 1.5x, https:\/\/i0.wp.com\/noticiasribeiraopreto.com.br\/wp-content\/uploads\/2024\/10\/educacao_escola_1200x675_07052022112735.jpg?fit=1200%2C675&ssl=1&resize=700%2C400 2x, https:\/\/i0.wp.com\/noticiasribeiraopreto.com.br\/wp-content\/uploads\/2024\/10\/educacao_escola_1200x675_07052022112735.jpg?fit=1200%2C675&ssl=1&resize=1050%2C600 3x"},"classes":[]},{"id":77897,"url":"https:\/\/noticiasribeiraopreto.com.br\/index.php\/2025\/09\/28\/professores-de-arte-de-ribeirao-preto-contestam-reducao-de-aulas-no-ensino-fundamental-entenda\/","url_meta":{"origin":60138,"position":3},"title":"Professores de arte de Ribeir\u00e3o Preto contestam redu\u00e7\u00e3o de aulas no Ensino Fundamental; Entenda","author":"noticiasribeiraopreto.com.br","date":"28 de September de 2025","format":false,"excerpt":"Professores de arte da rede municipal de Ribeir\u00e3o Preto divulgaram, em carta aberta, posi\u00e7\u00e3o contr\u00e1ria \u00e0 resolu\u00e7\u00e3o publicada em 27 de agosto de 2025 o Di\u00e1rio Oficial do Munic\u00edpio. O documento reduz de tr\u00eas para duas as aulas semanais de arte no Ensino Fundamental I e promove altera\u00e7\u00f5es em outros\u2026","rel":"","context":"In &quot;Not\u00edcias de Ribeir\u00e3o Preto-SP e Regi\u00e3o&quot;","block_context":{"text":"Not\u00edcias de Ribeir\u00e3o Preto-SP e Regi\u00e3o","link":"https:\/\/noticiasribeiraopreto.com.br\/index.php\/category\/noticias-de-ribeirao-preto-sp-e-regiao-ismael-colosi\/"},"img":{"alt_text":"","src":"https:\/\/i0.wp.com\/noticiasribeiraopreto.com.br\/wp-content\/uploads\/2025\/09\/AnyConv.com__sala-de-aulas.webp.webp?fit=1170%2C779&ssl=1&resize=350%2C200","width":350,"height":200,"srcset":"https:\/\/i0.wp.com\/noticiasribeiraopreto.com.br\/wp-content\/uploads\/2025\/09\/AnyConv.com__sala-de-aulas.webp.webp?fit=1170%2C779&ssl=1&resize=350%2C200 1x, https:\/\/i0.wp.com\/noticiasribeiraopreto.com.br\/wp-content\/uploads\/2025\/09\/AnyConv.com__sala-de-aulas.webp.webp?fit=1170%2C779&ssl=1&resize=525%2C300 1.5x, https:\/\/i0.wp.com\/noticiasribeiraopreto.com.br\/wp-content\/uploads\/2025\/09\/AnyConv.com__sala-de-aulas.webp.webp?fit=1170%2C779&ssl=1&resize=700%2C400 2x, https:\/\/i0.wp.com\/noticiasribeiraopreto.com.br\/wp-content\/uploads\/2025\/09\/AnyConv.com__sala-de-aulas.webp.webp?fit=1170%2C779&ssl=1&resize=1050%2C600 3x"},"classes":[]},{"id":69441,"url":"https:\/\/noticiasribeiraopreto.com.br\/index.php\/2025\/05\/06\/projeto-em-rp-cria-aulas-extraordinarias\/","url_meta":{"origin":60138,"position":4},"title":"Projeto em RP cria aulas extraordin\u00e1rias \u00a0","author":"noticiasribeiraopreto.com.br","date":"6 de May de 2025","format":false,"excerpt":"6 de maio de 2025 10:306 de maio de 2025 09:328 Compartilhar0 A prefeitura de Ribeir\u00e3o Preto encaminhou para an\u00e1lise da C\u00e2mara de Vereadores projeto de lei que cria a Aula Extraordin\u00e1ria de Trabalho Direto com Aluno.\u00a0 O objetivo \u00e9 adequar o munic\u00edpio \u00e0 decis\u00e3o judicial que barrou a jornada\u2026","rel":"","context":"In &quot;Not\u00edcias de Ribeir\u00e3o Preto-SP e Regi\u00e3o&quot;","block_context":{"text":"Not\u00edcias de Ribeir\u00e3o Preto-SP e Regi\u00e3o","link":"https:\/\/noticiasribeiraopreto.com.br\/index.php\/category\/noticias-de-ribeirao-preto-sp-e-regiao-ismael-colosi\/"},"img":{"alt_text":"","src":"https:\/\/i0.wp.com\/noticiasribeiraopreto.com.br\/wp-content\/uploads\/2025\/05\/AulaRP-Fernando-Gonzaga-scaled.jpg?fit=750%2C500&ssl=1&resize=350%2C200","width":350,"height":200,"srcset":"https:\/\/i0.wp.com\/noticiasribeiraopreto.com.br\/wp-content\/uploads\/2025\/05\/AulaRP-Fernando-Gonzaga-scaled.jpg?fit=750%2C500&ssl=1&resize=350%2C200 1x, https:\/\/i0.wp.com\/noticiasribeiraopreto.com.br\/wp-content\/uploads\/2025\/05\/AulaRP-Fernando-Gonzaga-scaled.jpg?fit=750%2C500&ssl=1&resize=525%2C300 1.5x, https:\/\/i0.wp.com\/noticiasribeiraopreto.com.br\/wp-content\/uploads\/2025\/05\/AulaRP-Fernando-Gonzaga-scaled.jpg?fit=750%2C500&ssl=1&resize=700%2C400 2x"},"classes":[]},{"id":69254,"url":"https:\/\/noticiasribeiraopreto.com.br\/index.php\/2025\/05\/04\/ribeirao-preto-prefeitura-propoe-nova-lei-para-regular-aulas-extraordinarias-de-professores\/","url_meta":{"origin":60138,"position":5},"title":"Ribeir\u00e3o Preto: Prefeitura prop\u00f5e nova lei para regular aulas extraordin\u00e1rias de professores","author":"noticiasribeiraopreto.com.br","date":"4 de May de 2025","format":false,"excerpt":"A Prefeitura de Ribeir\u00e3o Preto encaminhou para C\u00e2mara um projeto de lei complementar que cria a AE-TDA (Aula Extraordin\u00e1ria de Trabalho Direto com Aluno). A medida foi necess\u00e1ria para o munic\u00edpio se adequar ap\u00f3s a decis\u00e3o da Justi\u00e7a que barrou a chamada \u201cjornada excessiva\u201d. De acordo com o projeto, as\u2026","rel":"","context":"In &quot;Not\u00edcias de Ribeir\u00e3o Preto-SP e Regi\u00e3o&quot;","block_context":{"text":"Not\u00edcias de Ribeir\u00e3o Preto-SP e Regi\u00e3o","link":"https:\/\/noticiasribeiraopreto.com.br\/index.php\/category\/noticias-de-ribeirao-preto-sp-e-regiao-ismael-colosi\/"},"img":{"alt_text":"","src":"https:\/\/i0.wp.com\/noticiasribeiraopreto.com.br\/wp-content\/uploads\/2025\/04\/sala-de-aula-1_2025-04-23_17-45-02.webp.webp?fit=1170%2C700&ssl=1&resize=350%2C200","width":350,"height":200,"srcset":"https:\/\/i0.wp.com\/noticiasribeiraopreto.com.br\/wp-content\/uploads\/2025\/04\/sala-de-aula-1_2025-04-23_17-45-02.webp.webp?fit=1170%2C700&ssl=1&resize=350%2C200 1x, https:\/\/i0.wp.com\/noticiasribeiraopreto.com.br\/wp-content\/uploads\/2025\/04\/sala-de-aula-1_2025-04-23_17-45-02.webp.webp?fit=1170%2C700&ssl=1&resize=525%2C300 1.5x, https:\/\/i0.wp.com\/noticiasribeiraopreto.com.br\/wp-content\/uploads\/2025\/04\/sala-de-aula-1_2025-04-23_17-45-02.webp.webp?fit=1170%2C700&ssl=1&resize=700%2C400 2x, https:\/\/i0.wp.com\/noticiasribeiraopreto.com.br\/wp-content\/uploads\/2025\/04\/sala-de-aula-1_2025-04-23_17-45-02.webp.webp?fit=1170%2C700&ssl=1&resize=1050%2C600 3x"},"classes":[]}],"jetpack_sharing_enabled":true,"jetpack_shortlink":"https:\/\/wp.me\/peQAOb-fDY","_links":{"self":[{"href":"https:\/\/noticiasribeiraopreto.com.br\/index.php\/wp-json\/wp\/v2\/posts\/60138","targetHints":{"allow":["GET"]}}],"collection":[{"href":"https:\/\/noticiasribeiraopreto.com.br\/index.php\/wp-json\/wp\/v2\/posts"}],"about":[{"href":"https:\/\/noticiasribeiraopreto.com.br\/index.php\/wp-json\/wp\/v2\/types\/post"}],"author":[{"embeddable":true,"href":"https:\/\/noticiasribeiraopreto.com.br\/index.php\/wp-json\/wp\/v2\/users\/1"}],"replies":[{"embeddable":true,"href":"https:\/\/noticiasribeiraopreto.com.br\/index.php\/wp-json\/wp\/v2\/comments?post=60138"}],"version-history":[{"count":0,"href":"https:\/\/noticiasribeiraopreto.com.br\/index.php\/wp-json\/wp\/v2\/posts\/60138\/revisions"}],"wp:featuredmedia":[{"embeddable":true,"href":"https:\/\/noticiasribeiraopreto.com.br\/index.php\/wp-json\/wp\/v2\/media\/59622"}],"wp:attachment":[{"href":"https:\/\/noticiasribeiraopreto.com.br\/index.php\/wp-json\/wp\/v2\/media?parent=60138"}],"wp:term":[{"taxonomy":"category","embeddable":true,"href":"https:\/\/noticiasribeiraopreto.com.br\/index.php\/wp-json\/wp\/v2\/categories?post=60138"},{"taxonomy":"post_tag","embeddable":true,"href":"https:\/\/noticiasribeiraopreto.com.br\/index.php\/wp-json\/wp\/v2\/tags?post=60138"}],"curies":[{"name":"wp","href":"https:\/\/api.w.org\/{rel}","templated":true}]}}