{"id":60139,"date":"2024-11-06T22:10:45","date_gmt":"2024-11-07T01:10:45","guid":{"rendered":"https:\/\/noticiasribeiraopreto.com.br\/index.php\/2024\/11\/06\/eduardo-costa-confirma-show-em-ribeirao-preto-veja-a-data\/"},"modified":"2024-11-06T22:10:45","modified_gmt":"2024-11-07T01:10:45","slug":"eduardo-costa-confirma-show-em-ribeirao-preto-veja-a-data","status":"publish","type":"post","link":"https:\/\/noticiasribeiraopreto.com.br\/index.php\/2024\/11\/06\/eduardo-costa-confirma-show-em-ribeirao-preto-veja-a-data\/","title":{"rendered":"Eduardo Costa confirma show em Ribeir\u00e3o Preto; veja a data"},"content":{"rendered":"<p> <br \/>\n<\/p>\n<div data-td-block-uid=\"tdi_106\">\n<div class=\"tdb-block-inner td-fix-index\">\n<p>O sertanejo <strong>Eduardo Costa traz para Ribeir\u00e3o Preto os seus maiores sucessos. <\/strong>A apresenta\u00e7\u00e3o vai acontecer no dia<strong> 6 de dezembro<\/strong>, no <strong>Alcans Hall<\/strong>, <strong>a partir das 21h.<\/strong><\/p>\n<p>O cantor, que m\u00eas passado precisou ser internado para tratar alguns sintomas de pneumonia, soma mais de <strong>11,2 milh\u00f5es de seguidores<\/strong> nas redes sociais e <strong>conta com in\u00fameras parcerias com outros artistas como Leonardo<\/strong>, <strong>Gusttavo Lima <\/strong>e <strong>Ana Castela. <\/strong><\/p>\n<p>Os ingressos<strong> est\u00e3o \u00e0 venda no site<\/strong> \u2013 <a href=\"https:\/\/www.guicheweb.com.br\/eduardo-costa-ribeirao-preto_36626\" target=\"_blank\" rel=\"noreferrer noopener nofollow\">clique aqui<\/a> \u2013 e os pre\u00e7os variam entre <strong>R$ 75 e R$ 2 mil<\/strong>, a depender da \u00e1rea. <\/p>\n<figure class=\"wp-block-embed is-type-video is-provider-youtube wp-block-embed-youtube wp-embed-aspect-16-9 wp-has-aspect-ratio\">\n<div class=\"wp-block-embed__wrapper\">\n<p><iframe loading=\"lazy\" title=\"PRECISO SER AMADO l EDUARDO COSTA (CLIPE OFICIAL)\" width=\"500\" height=\"281\" src=\"https:\/\/www.youtube.com\/embed\/4PpsvZx5XmA?feature=oembed\" frameborder=\"0\" allow=\"accelerometer; autoplay; clipboard-write; encrypted-media; gyroscope; picture-in-picture; web-share\" referrerpolicy=\"strict-origin-when-cross-origin\" allowfullscreen><\/iframe><\/p>\n<\/div>\n<\/figure>\n<p>________________________________________________________________________________<\/p>\n<p>SAIBA MAIS<\/p>\n<p>Nova frente fria deve provocar chuva de at\u00e9 200 mil\u00edmetros no interior de SP<\/p>\n<h4 class=\"wp-block-heading\"><strong>FIQUE ON<\/strong><\/h4>\n<p>Fique ligado em tudo que acontece em Ribeir\u00e3o Preto e regi\u00e3o. Siga os perfis do\u00a0<strong>acidade on\u00a0<\/strong>no\u00a0<a href=\"https:\/\/www.instagram.com\/acidadeonribeirao\" target=\"_blank\" rel=\"noreferrer noopener\">Instagram<\/a>\u00a0e no\u00a0<a href=\"https:\/\/www.facebook.com\/acidadeonribeirao\" target=\"_blank\" rel=\"noreferrer noopener\">Facebook<\/a>.<\/p>\n<p>Receba not\u00edcias do\u00a0<strong>acidade on\u00a0<\/strong>no WhatsApp. Para entrar no grupo, basta\u00a0<a href=\"https:\/\/chat.whatsapp.com\/Dtv9mxhy6V5BJBotM2OQ5k\" target=\"_blank\" rel=\"noreferrer noopener\">clicar aqui<\/a>.<\/p>\n<p>Fa\u00e7a uma den\u00fancia ou sugira uma reportagem sobre Ribeir\u00e3o Preto e regi\u00e3o pelo WhatsApp: 16 99117 7802.<\/p>\n<p>VEJA TAMB\u00c9M<\/p>\n<p>Quantos anos valia o acordo de sigilo de Diddy?<\/p>\n<p><!-- CONTENT END 1 -->\n<\/div>\n<\/div>\n<p><script async src=\"\/\/www.instagram.com\/embed.js\"><\/script><br \/>\n<br \/><br \/>\n<br \/><a href=\"https:\/\/www.acidadeon.com\/ribeiraopreto\/lazer-e-cultura\/eduardo-costa-confirma-show-em-ribeirao-preto-veja-a-data\/\">Source link <\/a><\/p>\n","protected":false},"excerpt":{"rendered":"<p>O sertanejo Eduardo Costa traz para Ribeir\u00e3o Preto os seus maiores sucessos. A apresenta\u00e7\u00e3o vai acontecer no dia 6 de dezembro, no Alcans Hall, a&#8230;<\/p>\n","protected":false},"author":1,"featured_media":60140,"comment_status":"open","ping_status":"open","sticky":false,"template":"","format":"standard","meta":{"advanced_seo_description":"","jetpack_seo_html_title":"","jetpack_seo_noindex":false,"jetpack_post_was_ever_published":false,"_jetpack_newsletter_access":"","_jetpack_dont_email_post_to_subs":false,"_jetpack_newsletter_tier_id":0,"_jetpack_memberships_contains_paywalled_content":false,"_jetpack_memberships_contains_paid_content":false,"footnotes":"","jetpack_publicize_message":"","jetpack_publicize_feature_enabled":true,"jetpack_social_post_already_shared":true,"jetpack_social_options":{"image_generator_settings":{"template":"highway","default_image_id":0,"font":"","enabled":false},"version":2}},"categories":[11],"tags":[],"class_list":["post-60139","post","type-post","status-publish","format-standard","has-post-thumbnail","hentry","category-noticias-de-ribeirao-preto-sp-e-regiao-ismael-colosi"],"jetpack_publicize_connections":[],"jetpack_featured_media_url":"https:\/\/i0.wp.com\/noticiasribeiraopreto.com.br\/wp-content\/uploads\/2024\/11\/Copia-de-Copia-de-Copia-de-TAMANHO-EXATO-PARA-FOTOS-NO-SISTEMA-NOVO-74_2024-11-07_00-32-53_png_2024-11-07_00-32-53.webp.webp?fit=1200%2C675&ssl=1","jetpack-related-posts":[{"id":57365,"url":"https:\/\/noticiasribeiraopreto.com.br\/index.php\/2024\/08\/29\/mulher-e-presa-em-carro-de-luxo-que-esta-no-nome-de-eduardo-costa-em-ribeirao-preto\/","url_meta":{"origin":60139,"position":0},"title":"Mulher \u00e9 presa em carro de luxo que est\u00e1 no nome de Eduardo Costa em Ribeir\u00e3o Preto","author":"noticiasribeiraopreto.com.br","date":"29 de August de 2024","format":false,"excerpt":"Uma mulher de 32 anos foi presa dentro de um carro de luxo que estava em nome do cantor Eduardo Costa, na \u00faltima ter\u00e7a-feira (27), em Ribeir\u00e3o Preto. A informa\u00e7\u00e3o foi confirmada pela assessoria de imprensa do artista. De acordo com a Secretaria de Seguran\u00e7a P\u00fablica (SSP), agentes da Pol\u00edcia\u2026","rel":"","context":"In &quot;Not\u00edcias de Ribeir\u00e3o Preto-SP e Regi\u00e3o&quot;","block_context":{"text":"Not\u00edcias de Ribeir\u00e3o Preto-SP e Regi\u00e3o","link":"https:\/\/noticiasribeiraopreto.com.br\/index.php\/category\/noticias-de-ribeirao-preto-sp-e-regiao-ismael-colosi\/"},"img":{"alt_text":"","src":"https:\/\/i0.wp.com\/noticiasribeiraopreto.com.br\/wp-content\/uploads\/2024\/08\/Copia-de-Copia-de-Copia-de-TAMANHO-EXATO-PARA-FOTOS-NO-SISTEMA-NOVO-19_2024-08-29_20-14-13_png_2024-08-29_20-14-13.webp.webp?fit=1200%2C675&ssl=1&resize=350%2C200","width":350,"height":200,"srcset":"https:\/\/i0.wp.com\/noticiasribeiraopreto.com.br\/wp-content\/uploads\/2024\/08\/Copia-de-Copia-de-Copia-de-TAMANHO-EXATO-PARA-FOTOS-NO-SISTEMA-NOVO-19_2024-08-29_20-14-13_png_2024-08-29_20-14-13.webp.webp?fit=1200%2C675&ssl=1&resize=350%2C200 1x, https:\/\/i0.wp.com\/noticiasribeiraopreto.com.br\/wp-content\/uploads\/2024\/08\/Copia-de-Copia-de-Copia-de-TAMANHO-EXATO-PARA-FOTOS-NO-SISTEMA-NOVO-19_2024-08-29_20-14-13_png_2024-08-29_20-14-13.webp.webp?fit=1200%2C675&ssl=1&resize=525%2C300 1.5x, https:\/\/i0.wp.com\/noticiasribeiraopreto.com.br\/wp-content\/uploads\/2024\/08\/Copia-de-Copia-de-Copia-de-TAMANHO-EXATO-PARA-FOTOS-NO-SISTEMA-NOVO-19_2024-08-29_20-14-13_png_2024-08-29_20-14-13.webp.webp?fit=1200%2C675&ssl=1&resize=700%2C400 2x, https:\/\/i0.wp.com\/noticiasribeiraopreto.com.br\/wp-content\/uploads\/2024\/08\/Copia-de-Copia-de-Copia-de-TAMANHO-EXATO-PARA-FOTOS-NO-SISTEMA-NOVO-19_2024-08-29_20-14-13_png_2024-08-29_20-14-13.webp.webp?fit=1200%2C675&ssl=1&resize=1050%2C600 3x"},"classes":[]},{"id":49644,"url":"https:\/\/noticiasribeiraopreto.com.br\/index.php\/2024\/05\/12\/nadador-de-ribeirao-preto-se-classifica-para-os-jogos-de-paris-2024\/","url_meta":{"origin":60139,"position":1},"title":"Nadador de Ribeir\u00e3o Preto se classifica para os Jogos de Paris 2024","author":"noticiasribeiraopreto.com.br","date":"12 de May de 2024","format":false,"excerpt":"O nadador de Ribeir\u00e3o Preto, Guilherme Basseto, de 27 anos, est\u00e1 classificado para os Jogos Ol\u00edmpicos de Paris, que acontece entre 26 de julho e 11 de agosto. O ribeir\u00e3o-pretano est\u00e1 entre os 18 atletas que integram a equipe da sele\u00e7\u00e3o brasileira que disputam as ol\u00edmpiadas. A seletiva ol\u00edmpica da\u2026","rel":"","context":"In &quot;Not\u00edcias de Ribeir\u00e3o Preto-SP e Regi\u00e3o&quot;","block_context":{"text":"Not\u00edcias de Ribeir\u00e3o Preto-SP e Regi\u00e3o","link":"https:\/\/noticiasribeiraopreto.com.br\/index.php\/category\/noticias-de-ribeirao-preto-sp-e-regiao-ismael-colosi\/"},"img":{"alt_text":"","src":"https:\/\/i0.wp.com\/noticiasribeiraopreto.com.br\/wp-content\/uploads\/2024\/05\/Capturar_2024-05-12_15-42-20_jpg_2024-05-12_15-42-20.webp.webp?fit=715%2C433&ssl=1&resize=350%2C200","width":350,"height":200,"srcset":"https:\/\/i0.wp.com\/noticiasribeiraopreto.com.br\/wp-content\/uploads\/2024\/05\/Capturar_2024-05-12_15-42-20_jpg_2024-05-12_15-42-20.webp.webp?fit=715%2C433&ssl=1&resize=350%2C200 1x, https:\/\/i0.wp.com\/noticiasribeiraopreto.com.br\/wp-content\/uploads\/2024\/05\/Capturar_2024-05-12_15-42-20_jpg_2024-05-12_15-42-20.webp.webp?fit=715%2C433&ssl=1&resize=525%2C300 1.5x, https:\/\/i0.wp.com\/noticiasribeiraopreto.com.br\/wp-content\/uploads\/2024\/05\/Capturar_2024-05-12_15-42-20_jpg_2024-05-12_15-42-20.webp.webp?fit=715%2C433&ssl=1&resize=700%2C400 2x"},"classes":[]},{"id":13791,"url":"https:\/\/noticiasribeiraopreto.com.br\/index.php\/2023\/12\/11\/alaide-costa-vem-a-ribeirao-com-show-gratuito-saiba-como-retirar-o-ingresso\/","url_meta":{"origin":60139,"position":2},"title":"Ala\u00edde Costa vem a Ribeir\u00e3o com show gratuito; Saiba como retirar o ingresso","author":"noticiasribeiraopreto.com.br","date":"11 de December de 2023","format":false,"excerpt":"O Teatro Municipal de Ribeir\u00e3o Preto, localizado no Morro do S\u00e3o Bento, recebe, no dia 13 de dezembro, a cantora Ala\u00edde Costa, \u00e0s 20h. A entrada \u00e9 gratuita e aberta ao p\u00fablico. \u00a0 A cantora \u00e9 dona das m\u00fasicas \u2018Turmalina Negra\u2019, \u2018Catavento\u2019, \u2018Me deixa em paz\u2019, entre outras. A apresenta\u00e7\u00e3o\u2026","rel":"","context":"In &quot;Not\u00edcias de Ribeir\u00e3o Preto-SP e Regi\u00e3o&quot;","block_context":{"text":"Not\u00edcias de Ribeir\u00e3o Preto-SP e Regi\u00e3o","link":"https:\/\/noticiasribeiraopreto.com.br\/index.php\/category\/noticias-de-ribeirao-preto-sp-e-regiao-ismael-colosi\/"},"img":{"alt_text":"","src":"https:\/\/i0.wp.com\/noticiasribeiraopreto.com.br\/wp-content\/uploads\/2023\/12\/398976081_876288624498799_2874436034006896190_n.jpg?fit=699%2C471&ssl=1&resize=350%2C200","width":350,"height":200,"srcset":"https:\/\/i0.wp.com\/noticiasribeiraopreto.com.br\/wp-content\/uploads\/2023\/12\/398976081_876288624498799_2874436034006896190_n.jpg?fit=699%2C471&ssl=1&resize=350%2C200 1x, https:\/\/i0.wp.com\/noticiasribeiraopreto.com.br\/wp-content\/uploads\/2023\/12\/398976081_876288624498799_2874436034006896190_n.jpg?fit=699%2C471&ssl=1&resize=525%2C300 1.5x"},"classes":[]},{"id":50745,"url":"https:\/\/noticiasribeiraopreto.com.br\/index.php\/2024\/05\/18\/raca-negra-e-rionegro-e-solimoes-se-apresentam-na-regiao-de-ribeirao\/","url_meta":{"origin":60139,"position":3},"title":"Ra\u00e7a Negra e Rionegro e Solim\u00f5es se apresentam na regi\u00e3o de Ribeir\u00e3o","author":"noticiasribeiraopreto.com.br","date":"18 de May de 2024","format":false,"excerpt":"O Parque de Exposi\u00e7\u00f5es Fernando Costa, em Franca, regi\u00e3o de Ribeir\u00e3o Preto, recebe a Expoagro. O evento ainda ter\u00e1 shows de Ra\u00e7a Negra, Simone Mendes e Rionegro e Solim\u00f5es. Os shows j\u00e1 come\u00e7am neste s\u00e1bado (18) com a dupla Victor & L\u00e9o, al\u00e9m de Pedro Sampaio \u2013 veja a programa\u00e7\u00e3o\u2026","rel":"","context":"In &quot;Not\u00edcias de Ribeir\u00e3o Preto-SP e Regi\u00e3o&quot;","block_context":{"text":"Not\u00edcias de Ribeir\u00e3o Preto-SP e Regi\u00e3o","link":"https:\/\/noticiasribeiraopreto.com.br\/index.php\/category\/noticias-de-ribeirao-preto-sp-e-regiao-ismael-colosi\/"},"img":{"alt_text":"","src":"https:\/\/i0.wp.com\/noticiasribeiraopreto.com.br\/wp-content\/uploads\/2024\/05\/anitta-planeta_2024-05-18_17-36-50_jpg_2024-05-18_17-36-50.webp.webp?fit=931%2C602&ssl=1&resize=350%2C200","width":350,"height":200,"srcset":"https:\/\/i0.wp.com\/noticiasribeiraopreto.com.br\/wp-content\/uploads\/2024\/05\/anitta-planeta_2024-05-18_17-36-50_jpg_2024-05-18_17-36-50.webp.webp?fit=931%2C602&ssl=1&resize=350%2C200 1x, https:\/\/i0.wp.com\/noticiasribeiraopreto.com.br\/wp-content\/uploads\/2024\/05\/anitta-planeta_2024-05-18_17-36-50_jpg_2024-05-18_17-36-50.webp.webp?fit=931%2C602&ssl=1&resize=525%2C300 1.5x, https:\/\/i0.wp.com\/noticiasribeiraopreto.com.br\/wp-content\/uploads\/2024\/05\/anitta-planeta_2024-05-18_17-36-50_jpg_2024-05-18_17-36-50.webp.webp?fit=931%2C602&ssl=1&resize=700%2C400 2x"},"classes":[]},{"id":64210,"url":"https:\/\/noticiasribeiraopreto.com.br\/index.php\/2025\/03\/05\/yamandu-costa-e-antonio-zambujo-se-apresentam-em-ribeirao-preto\/","url_meta":{"origin":60139,"position":4},"title":"Yamandu Costa e Ant\u00f3nio Zambujo se apresentam em Ribeir\u00e3o Preto","author":"noticiasribeiraopreto.com.br","date":"5 de March de 2025","format":false,"excerpt":"Yamandu Costa e Ant\u00f3nio Zambujo se uniram para apresentar um show que celebra a m\u00fasica luso-brasileira no palco do Theatro Pedro II, em Ribeir\u00e3o Preto. A apresenta\u00e7\u00e3o acontece no dia 20 de mar\u00e7o, \u00e0s 20h. Ant\u00f3nio \u00e9 reconhecido como um dos mais destacados artistas, compositores e int\u00e9rpretes da m\u00fasica contempor\u00e2nea\u2026","rel":"","context":"In &quot;Not\u00edcias de Ribeir\u00e3o Preto-SP e Regi\u00e3o&quot;","block_context":{"text":"Not\u00edcias de Ribeir\u00e3o Preto-SP e Regi\u00e3o","link":"https:\/\/noticiasribeiraopreto.com.br\/index.php\/category\/noticias-de-ribeirao-preto-sp-e-regiao-ismael-colosi\/"},"img":{"alt_text":"","src":"https:\/\/i0.wp.com\/noticiasribeiraopreto.com.br\/wp-content\/uploads\/2025\/03\/yamandu-costa_2025-03-05_16-47-28_jpg_2025-03-05_16-47-28.webp.webp?fit=1200%2C743&ssl=1&resize=350%2C200","width":350,"height":200,"srcset":"https:\/\/i0.wp.com\/noticiasribeiraopreto.com.br\/wp-content\/uploads\/2025\/03\/yamandu-costa_2025-03-05_16-47-28_jpg_2025-03-05_16-47-28.webp.webp?fit=1200%2C743&ssl=1&resize=350%2C200 1x, https:\/\/i0.wp.com\/noticiasribeiraopreto.com.br\/wp-content\/uploads\/2025\/03\/yamandu-costa_2025-03-05_16-47-28_jpg_2025-03-05_16-47-28.webp.webp?fit=1200%2C743&ssl=1&resize=525%2C300 1.5x, https:\/\/i0.wp.com\/noticiasribeiraopreto.com.br\/wp-content\/uploads\/2025\/03\/yamandu-costa_2025-03-05_16-47-28_jpg_2025-03-05_16-47-28.webp.webp?fit=1200%2C743&ssl=1&resize=700%2C400 2x, https:\/\/i0.wp.com\/noticiasribeiraopreto.com.br\/wp-content\/uploads\/2025\/03\/yamandu-costa_2025-03-05_16-47-28_jpg_2025-03-05_16-47-28.webp.webp?fit=1200%2C743&ssl=1&resize=1050%2C600 3x"},"classes":[]},{"id":47690,"url":"https:\/\/noticiasribeiraopreto.com.br\/index.php\/2024\/04\/27\/zeze-motta-larissa-luz-e-alaide-costa-veja-os-espetaculos-no-sesc-ribeirao-preto\/","url_meta":{"origin":60139,"position":5},"title":"Zez\u00e9 Motta, Larissa Luz e Ala\u00edde Costa: Veja os espet\u00e1culos no Sesc Ribeir\u00e3o Preto","author":"noticiasribeiraopreto.com.br","date":"27 de April de 2024","format":false,"excerpt":"Nos dias 15 e 16 de maio, o Sesc Ribeir\u00e3o Preto recebe os espet\u00e1culos \u201cElza Tributo\u201d e \u201cP\u00e9rolas Negras\u201d, que contam com a presen\u00e7a dos artistas Larissa Luz, Caio Prado, Ala\u00edde Costa, Eliana Pittman e Zez\u00e9 Motta. Elza Tributo A dupla, Larissa Luz e Caio Prado, homenageia a voz de\u2026","rel":"","context":"In &quot;Not\u00edcias de Ribeir\u00e3o Preto-SP e Regi\u00e3o&quot;","block_context":{"text":"Not\u00edcias de Ribeir\u00e3o Preto-SP e Regi\u00e3o","link":"https:\/\/noticiasribeiraopreto.com.br\/index.php\/category\/noticias-de-ribeirao-preto-sp-e-regiao-ismael-colosi\/"},"img":{"alt_text":"","src":"https:\/\/i0.wp.com\/noticiasribeiraopreto.com.br\/wp-content\/uploads\/2024\/04\/Copia-de-Copia-de-TAMANHO-EXATO-PARA-FOTOS-NO-SISTEMA-NOVO-1-2_2024-04-27_14-20-13_jpg.webp.webp?fit=1200%2C675&ssl=1&resize=350%2C200","width":350,"height":200,"srcset":"https:\/\/i0.wp.com\/noticiasribeiraopreto.com.br\/wp-content\/uploads\/2024\/04\/Copia-de-Copia-de-TAMANHO-EXATO-PARA-FOTOS-NO-SISTEMA-NOVO-1-2_2024-04-27_14-20-13_jpg.webp.webp?fit=1200%2C675&ssl=1&resize=350%2C200 1x, https:\/\/i0.wp.com\/noticiasribeiraopreto.com.br\/wp-content\/uploads\/2024\/04\/Copia-de-Copia-de-TAMANHO-EXATO-PARA-FOTOS-NO-SISTEMA-NOVO-1-2_2024-04-27_14-20-13_jpg.webp.webp?fit=1200%2C675&ssl=1&resize=525%2C300 1.5x, https:\/\/i0.wp.com\/noticiasribeiraopreto.com.br\/wp-content\/uploads\/2024\/04\/Copia-de-Copia-de-TAMANHO-EXATO-PARA-FOTOS-NO-SISTEMA-NOVO-1-2_2024-04-27_14-20-13_jpg.webp.webp?fit=1200%2C675&ssl=1&resize=700%2C400 2x, https:\/\/i0.wp.com\/noticiasribeiraopreto.com.br\/wp-content\/uploads\/2024\/04\/Copia-de-Copia-de-TAMANHO-EXATO-PARA-FOTOS-NO-SISTEMA-NOVO-1-2_2024-04-27_14-20-13_jpg.webp.webp?fit=1200%2C675&ssl=1&resize=1050%2C600 3x"},"classes":[]}],"jetpack_sharing_enabled":true,"jetpack_shortlink":"https:\/\/wp.me\/peQAOb-fDZ","_links":{"self":[{"href":"https:\/\/noticiasribeiraopreto.com.br\/index.php\/wp-json\/wp\/v2\/posts\/60139","targetHints":{"allow":["GET"]}}],"collection":[{"href":"https:\/\/noticiasribeiraopreto.com.br\/index.php\/wp-json\/wp\/v2\/posts"}],"about":[{"href":"https:\/\/noticiasribeiraopreto.com.br\/index.php\/wp-json\/wp\/v2\/types\/post"}],"author":[{"embeddable":true,"href":"https:\/\/noticiasribeiraopreto.com.br\/index.php\/wp-json\/wp\/v2\/users\/1"}],"replies":[{"embeddable":true,"href":"https:\/\/noticiasribeiraopreto.com.br\/index.php\/wp-json\/wp\/v2\/comments?post=60139"}],"version-history":[{"count":0,"href":"https:\/\/noticiasribeiraopreto.com.br\/index.php\/wp-json\/wp\/v2\/posts\/60139\/revisions"}],"wp:featuredmedia":[{"embeddable":true,"href":"https:\/\/noticiasribeiraopreto.com.br\/index.php\/wp-json\/wp\/v2\/media\/60140"}],"wp:attachment":[{"href":"https:\/\/noticiasribeiraopreto.com.br\/index.php\/wp-json\/wp\/v2\/media?parent=60139"}],"wp:term":[{"taxonomy":"category","embeddable":true,"href":"https:\/\/noticiasribeiraopreto.com.br\/index.php\/wp-json\/wp\/v2\/categories?post=60139"},{"taxonomy":"post_tag","embeddable":true,"href":"https:\/\/noticiasribeiraopreto.com.br\/index.php\/wp-json\/wp\/v2\/tags?post=60139"}],"curies":[{"name":"wp","href":"https:\/\/api.w.org\/{rel}","templated":true}]}}