{"id":60180,"date":"2024-11-07T14:58:13","date_gmt":"2024-11-07T17:58:13","guid":{"rendered":"https:\/\/noticiasribeiraopreto.com.br\/index.php\/2024\/11\/07\/chuva-alaga-creche-na-zona-norte-de-ribeirao-preto-veja-video\/"},"modified":"2024-11-07T14:58:13","modified_gmt":"2024-11-07T17:58:13","slug":"chuva-alaga-creche-na-zona-norte-de-ribeirao-preto-veja-video","status":"publish","type":"post","link":"https:\/\/noticiasribeiraopreto.com.br\/index.php\/2024\/11\/07\/chuva-alaga-creche-na-zona-norte-de-ribeirao-preto-veja-video\/","title":{"rendered":"Chuva alaga creche na zona Norte de Ribeir\u00e3o Preto; Veja v\u00eddeo"},"content":{"rendered":"<p> <br \/>\n<\/p>\n<div>\n<p><strong>A Escola de Educa\u00e7\u00e3o Infantil Maria de Nazar\u00e9, no bairro Tanquinho, zona Norte de Ribeir\u00e3o Preto, ficou <strong>alagada <\/strong>por causa da forte chuva que atingiu a cidade na manh\u00e3 desta quinta-feira (7).<\/strong> Foram registrados <strong>100 mil\u00edmetros de chuva em 24 horas <\/strong>no <strong>munic\u00edpio<\/strong>, segundo a <strong>Defesa Civil Estadual<\/strong>.<\/p>\n<p><mark style=\"background-color:#fcb900\" class=\"has-inline-color has-black-color\">Por conta da situa\u00e7\u00e3o, pais de alunos disseram que foram avisados para buscar os filhos na escola, localizada na rua Romano Cor\u00f3, e as aulas precisaram ser suspensas.<\/mark><\/p>\n<p><strong>V\u00eddeos <\/strong>mostram que a <strong>\u00e1gua invadiu salas <\/strong>e at\u00e9 o <strong>refeit\u00f3rio <\/strong>utilizado pelas <strong>crian\u00e7as<\/strong>. <strong>Assista <\/strong>abaixo.<\/p>\n<blockquote class=\"instagram-media\" data-instgrm-permalink=\"https:\/\/www.instagram.com\/reel\/DCFBqMvvDIq\/?utm_source=ig_embed&amp;utm_campaign=loading\" data-instgrm-version=\"14\" style=\" background:#FFF; border:0; border-radius:3px; box-shadow:0 0 1px 0 rgba(0,0,0,0.5),0 1px 10px 0 rgba(0,0,0,0.15); margin: 1px; max-width:540px; min-width:326px; padding:0; width:99.375%; width:-webkit-calc(100% - 2px); width:calc(100% - 2px);\"\/>\n<p>Apesar dos transtornos, n\u00e3o houve relatos de <strong>v\u00edtimas<\/strong>.<\/p>\n<p>O <strong>acidade on<\/strong> tentou falar por telefone com um <strong>respons\u00e1vel <\/strong>pela <strong>entidade<\/strong>, que \u00e9 <strong>filantr\u00f3pica<\/strong>, por\u00e9m, n\u00e3o conseguiu contato.<\/p>\n<h4 class=\"wp-block-heading\"><strong>Educa\u00e7\u00e3o<\/strong><\/h4>\n<p>A <strong>Secretaria Municipal da Educa\u00e7\u00e3o de Ribeir\u00e3o Preto <\/strong>disse, por meio de <strong>nota <\/strong>de <strong>imprensa<\/strong>, que o <strong>pr\u00e9dio <\/strong>dever\u00e1 passar por <strong>reparos <\/strong>e <strong>higieniza\u00e7\u00e3o<\/strong>, para que as <strong>aulas <\/strong>sejam <strong>retomadas <\/strong>na pr\u00f3xima <strong>segunda-feira (11)<\/strong>.<\/p>\n<h4 class=\"wp-block-heading\"><strong>Leia a nota na \u00edntegra:<\/strong><\/h4>\n<p><em>\u201cA Secretaria Municipal da Educa\u00e7\u00e3o de Ribeir\u00e3o Preto acompanha os esfor\u00e7os da CEI Maria de Nazar\u00e9 para a retomada das aulas na segunda-feira (11 de novembro), ap\u00f3s repara\u00e7\u00e3o e devida higieniza\u00e7\u00e3o do espa\u00e7o. A unidade fica localizada em \u00e1rea que dificulta o escoamento do alto volume das chuvas\u201d<\/em><\/p>\n<p>SAIBA MAIS<\/p>\n<p>Comunidade em Ribeir\u00e3o Preto fica debaixo d\u2019\u00e1gua durante chuva intensa<\/p>\n<h4 class=\"wp-block-heading\"><strong>FIQUE ON<\/strong><\/h4>\n<p>Fique ligado em tudo que acontece em Ribeir\u00e3o Preto e regi\u00e3o. Siga os perfis do\u00a0<strong>acidade on\u00a0<\/strong>no\u00a0<a href=\"https:\/\/www.instagram.com\/acidadeonribeirao\" target=\"_blank\" rel=\"noreferrer noopener\">Instagram<\/a>\u00a0e no\u00a0<a href=\"https:\/\/www.facebook.com\/acidadeonribeirao\" target=\"_blank\" rel=\"noreferrer noopener\">Facebook<\/a>.<\/p>\n<p>Receba not\u00edcias do\u00a0<strong>acidade on\u00a0<\/strong>no WhatsApp. Para entrar no grupo, basta\u00a0<a href=\"https:\/\/chat.whatsapp.com\/Dtv9mxhy6V5BJBotM2OQ5k\" target=\"_blank\" rel=\"noreferrer noopener\">clicar aqui<\/a>.<\/p>\n<p>Fa\u00e7a uma den\u00fancia ou sugira uma reportagem sobre Ribeir\u00e3o Preto e regi\u00e3o pelo WhatsApp: 16 99117 7802.<\/p>\n<p>VEJA TAMB\u00c9M<\/p>\n<p>At\u00e9 quando vale o alerta para temporal do Inmet para S\u00e3o Paulo?<\/p>\n<p><!-- CONTENT END 1 -->\n<\/div>\n<p><script async src=\"\/\/www.instagram.com\/embed.js\"><\/script><br \/>\n<br \/><br \/>\n<br \/><a href=\"https:\/\/www.acidadeon.com\/ribeiraopreto\/cotidiano\/chuva-alaga-creche-na-zona-norte-de-ribeirao-preto-veja-video\/\">Source link <\/a><\/p>\n","protected":false},"excerpt":{"rendered":"<p>A Escola de Educa\u00e7\u00e3o Infantil Maria de Nazar\u00e9, no bairro Tanquinho, zona Norte de Ribeir\u00e3o Preto, ficou alagada por causa da forte chuva que atingiu&#8230;<\/p>\n","protected":false},"author":1,"featured_media":60181,"comment_status":"open","ping_status":"open","sticky":false,"template":"","format":"standard","meta":{"advanced_seo_description":"","jetpack_seo_html_title":"","jetpack_seo_noindex":false,"jetpack_post_was_ever_published":false,"_jetpack_newsletter_access":"","_jetpack_dont_email_post_to_subs":false,"_jetpack_newsletter_tier_id":0,"_jetpack_memberships_contains_paywalled_content":false,"_jetpack_memberships_contains_paid_content":false,"footnotes":"","jetpack_publicize_message":"","jetpack_publicize_feature_enabled":true,"jetpack_social_post_already_shared":true,"jetpack_social_options":{"image_generator_settings":{"template":"highway","default_image_id":0,"font":"","enabled":false},"version":2}},"categories":[11],"tags":[],"class_list":["post-60180","post","type-post","status-publish","format-standard","has-post-thumbnail","hentry","category-noticias-de-ribeirao-preto-sp-e-regiao-ismael-colosi"],"jetpack_publicize_connections":[],"jetpack_featured_media_url":"https:\/\/i0.wp.com\/noticiasribeiraopreto.com.br\/wp-content\/uploads\/2024\/11\/WhatsApp-Image-2024-11-07-at-14.12.17_2024-11-07_17-15-24_jpeg_2024-11-07_17-15-24.webp.webp?fit=1599%2C1417&ssl=1","jetpack-related-posts":[{"id":82298,"url":"https:\/\/noticiasribeiraopreto.com.br\/index.php\/2026\/02\/10\/saiba-quais-ruas-e-avenidas-estao-interditadas-em-ribeirao-preto-por-causa-da-chuva\/","url_meta":{"origin":60180,"position":0},"title":"Saiba quais ruas e avenidas est\u00e3o interditadas em Ribeir\u00e3o Preto por causa da chuva","author":"noticiasribeiraopreto.com.br","date":"10 de February de 2026","format":false,"excerpt":"Dois trechos da zona Norte de Ribeir\u00e3o Preto precisaram ser interditados na manh\u00e3 desta ter\u00e7a-feira (10), ap\u00f3s o registro de um alagamento na avenida Cavalheiro Paschoal Innecchi, pr\u00f3ximo ao n\u00famero 1.633, no bairro Jardim Independ\u00eancia. De acordo com a RP Mobi, devido a quantidade de \u00e1gua no local, o acesso\u2026","rel":"","context":"In &quot;Not\u00edcias de Ribeir\u00e3o Preto-SP e Regi\u00e3o&quot;","block_context":{"text":"Not\u00edcias de Ribeir\u00e3o Preto-SP e Regi\u00e3o","link":"https:\/\/noticiasribeiraopreto.com.br\/index.php\/category\/noticias-de-ribeirao-preto-sp-e-regiao-ismael-colosi\/"},"img":{"alt_text":"","src":"https:\/\/i0.wp.com\/noticiasribeiraopreto.com.br\/wp-content\/uploads\/2026\/02\/domingo_2026-02-10_11-51-32.webp.webp?fit=1200%2C675&ssl=1&resize=350%2C200","width":350,"height":200,"srcset":"https:\/\/i0.wp.com\/noticiasribeiraopreto.com.br\/wp-content\/uploads\/2026\/02\/domingo_2026-02-10_11-51-32.webp.webp?fit=1200%2C675&ssl=1&resize=350%2C200 1x, https:\/\/i0.wp.com\/noticiasribeiraopreto.com.br\/wp-content\/uploads\/2026\/02\/domingo_2026-02-10_11-51-32.webp.webp?fit=1200%2C675&ssl=1&resize=525%2C300 1.5x, https:\/\/i0.wp.com\/noticiasribeiraopreto.com.br\/wp-content\/uploads\/2026\/02\/domingo_2026-02-10_11-51-32.webp.webp?fit=1200%2C675&ssl=1&resize=700%2C400 2x, https:\/\/i0.wp.com\/noticiasribeiraopreto.com.br\/wp-content\/uploads\/2026\/02\/domingo_2026-02-10_11-51-32.webp.webp?fit=1200%2C675&ssl=1&resize=1050%2C600 3x"},"classes":[]},{"id":59524,"url":"https:\/\/noticiasribeiraopreto.com.br\/index.php\/2024\/10\/25\/arvore-cai-e-bloqueia-parte-de-avenida-na-zona-norte-de-ribeirao-preto-video\/","url_meta":{"origin":60180,"position":1},"title":"\u00c1rvore cai e bloqueia\u00a0parte de avenida na zona Norte de Ribeir\u00e3o Preto; V\u00eddeo","author":"noticiasribeiraopreto.com.br","date":"25 de October de 2024","format":false,"excerpt":"Uma \u00e1rvore caiu durante a chuva na noite desta quinta-feira (24) e bloqueia parte da avenida Thomaz Alberto Whately, na manh\u00e3 desta sexta-feira (25), na zona Norte de Ribeir\u00e3o Preto. Assista ao v\u00eddeo abaixo. Duas faixas da via no sentido \u00e0 avenida Brasil est\u00e3o interditadas. Somente a faixa da esquerda\u2026","rel":"","context":"In &quot;Not\u00edcias de Ribeir\u00e3o Preto-SP e Regi\u00e3o&quot;","block_context":{"text":"Not\u00edcias de Ribeir\u00e3o Preto-SP e Regi\u00e3o","link":"https:\/\/noticiasribeiraopreto.com.br\/index.php\/category\/noticias-de-ribeirao-preto-sp-e-regiao-ismael-colosi\/"},"img":{"alt_text":"","src":"https:\/\/i0.wp.com\/noticiasribeiraopreto.com.br\/wp-content\/uploads\/2024\/10\/20241025_065657_2024-10-25_11-45-22_jpg_2024-10-25_11-45-22-scaled.webp.webp?fit=1200%2C675&ssl=1&resize=350%2C200","width":350,"height":200,"srcset":"https:\/\/i0.wp.com\/noticiasribeiraopreto.com.br\/wp-content\/uploads\/2024\/10\/20241025_065657_2024-10-25_11-45-22_jpg_2024-10-25_11-45-22-scaled.webp.webp?fit=1200%2C675&ssl=1&resize=350%2C200 1x, https:\/\/i0.wp.com\/noticiasribeiraopreto.com.br\/wp-content\/uploads\/2024\/10\/20241025_065657_2024-10-25_11-45-22_jpg_2024-10-25_11-45-22-scaled.webp.webp?fit=1200%2C675&ssl=1&resize=525%2C300 1.5x, https:\/\/i0.wp.com\/noticiasribeiraopreto.com.br\/wp-content\/uploads\/2024\/10\/20241025_065657_2024-10-25_11-45-22_jpg_2024-10-25_11-45-22-scaled.webp.webp?fit=1200%2C675&ssl=1&resize=700%2C400 2x, https:\/\/i0.wp.com\/noticiasribeiraopreto.com.br\/wp-content\/uploads\/2024\/10\/20241025_065657_2024-10-25_11-45-22_jpg_2024-10-25_11-45-22-scaled.webp.webp?fit=1200%2C675&ssl=1&resize=1050%2C600 3x"},"classes":[]},{"id":34380,"url":"https:\/\/noticiasribeiraopreto.com.br\/index.php\/2024\/02\/01\/muro-de-escola-desaba-na-zona-oeste-de-ribeirao-preto-durante-temporal\/","url_meta":{"origin":60180,"position":2},"title":"Muro de escola desaba na zona Oeste de Ribeir\u00e3o Preto durante temporal","author":"noticiasribeiraopreto.com.br","date":"1 de February de 2024","format":false,"excerpt":"Devido a forte chuva registrada nesta quinta-feira (1\u00ba), uma \u00e1rvore caiu e provocou a queda do muro da Escola Estadual Santos Dumont, no bairro Sumarezinho, na zona Oeste de Ribeir\u00e3o Preto. De acordo com o Centro Nacional de Monitoramento e Alertas de Desastres Naturais(Cemaden) choveu cerca de 68 mil\u00edmetros no\u2026","rel":"","context":"In &quot;Not\u00edcias de Ribeir\u00e3o Preto-SP e Regi\u00e3o&quot;","block_context":{"text":"Not\u00edcias de Ribeir\u00e3o Preto-SP e Regi\u00e3o","link":"https:\/\/noticiasribeiraopreto.com.br\/index.php\/category\/noticias-de-ribeirao-preto-sp-e-regiao-ismael-colosi\/"},"img":{"alt_text":"","src":"https:\/\/i0.wp.com\/noticiasribeiraopreto.com.br\/wp-content\/uploads\/2024\/02\/Copia-de-Copia-de-TAMANHO-EXATO-PARA-FOTOS-NO-SISTEMA-NOVO-28.png?fit=1200%2C675&ssl=1&resize=350%2C200","width":350,"height":200,"srcset":"https:\/\/i0.wp.com\/noticiasribeiraopreto.com.br\/wp-content\/uploads\/2024\/02\/Copia-de-Copia-de-TAMANHO-EXATO-PARA-FOTOS-NO-SISTEMA-NOVO-28.png?fit=1200%2C675&ssl=1&resize=350%2C200 1x, https:\/\/i0.wp.com\/noticiasribeiraopreto.com.br\/wp-content\/uploads\/2024\/02\/Copia-de-Copia-de-TAMANHO-EXATO-PARA-FOTOS-NO-SISTEMA-NOVO-28.png?fit=1200%2C675&ssl=1&resize=525%2C300 1.5x, https:\/\/i0.wp.com\/noticiasribeiraopreto.com.br\/wp-content\/uploads\/2024\/02\/Copia-de-Copia-de-TAMANHO-EXATO-PARA-FOTOS-NO-SISTEMA-NOVO-28.png?fit=1200%2C675&ssl=1&resize=700%2C400 2x, https:\/\/i0.wp.com\/noticiasribeiraopreto.com.br\/wp-content\/uploads\/2024\/02\/Copia-de-Copia-de-TAMANHO-EXATO-PARA-FOTOS-NO-SISTEMA-NOVO-28.png?fit=1200%2C675&ssl=1&resize=1050%2C600 3x"},"classes":[]},{"id":32209,"url":"https:\/\/noticiasribeiraopreto.com.br\/index.php\/2024\/01\/24\/video-motoristas-reclamam-de-rotatoria-na-zona-norte\/","url_meta":{"origin":60180,"position":3},"title":"V\u00cdDEO &#8211; Motoristas reclamam de rotat\u00f3ria na zona Norte","author":"noticiasribeiraopreto.com.br","date":"24 de January de 2024","format":false,"excerpt":"Sempre que chove, local alaga e fica intransit\u00e1vel, obrigando motoristas a seguirem na contram\u00e3o 24 de janeiro de 2024 | 12:2524 de janeiro de 2024 | 12:25 0Por: Adalberto LuqueA rotat\u00f3ria localizada no final das ruas Uruguai e Peru, no Parque Industrial Coronel Quito Junqueira, zona Norte de Ribeir\u00e3o Preto,\u2026","rel":"","context":"In &quot;Not\u00edcias de Ribeir\u00e3o Preto-SP e Regi\u00e3o&quot;","block_context":{"text":"Not\u00edcias de Ribeir\u00e3o Preto-SP e Regi\u00e3o","link":"https:\/\/noticiasribeiraopreto.com.br\/index.php\/category\/noticias-de-ribeirao-preto-sp-e-regiao-ismael-colosi\/"},"img":{"alt_text":"","src":"https:\/\/i0.wp.com\/noticiasribeiraopreto.com.br\/wp-content\/uploads\/2024\/01\/00-24-jan-2024-rotatoria-alagada-01-foto-Viviane-Nahas-scaled.jpg?fit=1000%2C499&ssl=1&resize=350%2C200","width":350,"height":200,"srcset":"https:\/\/i0.wp.com\/noticiasribeiraopreto.com.br\/wp-content\/uploads\/2024\/01\/00-24-jan-2024-rotatoria-alagada-01-foto-Viviane-Nahas-scaled.jpg?fit=1000%2C499&ssl=1&resize=350%2C200 1x, https:\/\/i0.wp.com\/noticiasribeiraopreto.com.br\/wp-content\/uploads\/2024\/01\/00-24-jan-2024-rotatoria-alagada-01-foto-Viviane-Nahas-scaled.jpg?fit=1000%2C499&ssl=1&resize=525%2C300 1.5x, https:\/\/i0.wp.com\/noticiasribeiraopreto.com.br\/wp-content\/uploads\/2024\/01\/00-24-jan-2024-rotatoria-alagada-01-foto-Viviane-Nahas-scaled.jpg?fit=1000%2C499&ssl=1&resize=700%2C400 2x"},"classes":[]},{"id":28190,"url":"https:\/\/noticiasribeiraopreto.com.br\/index.php\/2024\/01\/15\/ribeirao-preto-registra-chuva-de-ate-63-milimetros-veja-se-ela-continua\/","url_meta":{"origin":60180,"position":4},"title":"Ribeir\u00e3o Preto registra chuva de at\u00e9 63 mil\u00edmetros; Veja se ela continua","author":"noticiasribeiraopreto.com.br","date":"15 de January de 2024","format":false,"excerpt":"A zona Norte de Ribeir\u00e3o Preto registrou o acumulado de 63,6 mil\u00edmetros de chuva entre a madrugada e a manh\u00e3 desta segunda-feira (15), de acordo com o Cemaden (Centro Nacional de Monitoramento e Alertas de Desastres Naturais). J\u00e1 no Centro, foram registrados 40 mil\u00edmetros de chuva, na zona Leste 30\u2026","rel":"","context":"In &quot;Not\u00edcias de Ribeir\u00e3o Preto-SP e Regi\u00e3o&quot;","block_context":{"text":"Not\u00edcias de Ribeir\u00e3o Preto-SP e Regi\u00e3o","link":"https:\/\/noticiasribeiraopreto.com.br\/index.php\/category\/noticias-de-ribeirao-preto-sp-e-regiao-ismael-colosi\/"},"img":{"alt_text":"","src":"https:\/\/i0.wp.com\/noticiasribeiraopreto.com.br\/wp-content\/uploads\/2024\/01\/chuva-em-ribeirao-preto.jpg?fit=1200%2C751&ssl=1&resize=350%2C200","width":350,"height":200,"srcset":"https:\/\/i0.wp.com\/noticiasribeiraopreto.com.br\/wp-content\/uploads\/2024\/01\/chuva-em-ribeirao-preto.jpg?fit=1200%2C751&ssl=1&resize=350%2C200 1x, https:\/\/i0.wp.com\/noticiasribeiraopreto.com.br\/wp-content\/uploads\/2024\/01\/chuva-em-ribeirao-preto.jpg?fit=1200%2C751&ssl=1&resize=525%2C300 1.5x, https:\/\/i0.wp.com\/noticiasribeiraopreto.com.br\/wp-content\/uploads\/2024\/01\/chuva-em-ribeirao-preto.jpg?fit=1200%2C751&ssl=1&resize=700%2C400 2x, https:\/\/i0.wp.com\/noticiasribeiraopreto.com.br\/wp-content\/uploads\/2024\/01\/chuva-em-ribeirao-preto.jpg?fit=1200%2C751&ssl=1&resize=1050%2C600 3x"},"classes":[]},{"id":60268,"url":"https:\/\/noticiasribeiraopreto.com.br\/index.php\/2024\/11\/09\/avenida-e-liberada-apos-alagamento-na-zona-norte-de-ribeirao-preto\/","url_meta":{"origin":60180,"position":5},"title":"Avenida \u00e9 liberada ap\u00f3s alagamento na zona Norte de Ribeir\u00e3o Preto","author":"noticiasribeiraopreto.com.br","date":"9 de November de 2024","format":false,"excerpt":"A avenida Cavalheiro Paschoal Innecchi est\u00e1 totalmente liberada ao tr\u00e2nsito neste s\u00e1bado (9), depois de permanecer alagada devido \u00e0s chuvas, na zona Norte de Ribeir\u00e3o Preto. O alagamento come\u00e7ou na \u00faltima quinta-feira (7), pr\u00f3ximo ao lago em \u00e1rea do Comando da Pol\u00edcia Militar. O tr\u00e2nsito estava sendo desviado por ruas\u2026","rel":"","context":"In &quot;Not\u00edcias de Ribeir\u00e3o Preto-SP e Regi\u00e3o&quot;","block_context":{"text":"Not\u00edcias de Ribeir\u00e3o Preto-SP e Regi\u00e3o","link":"https:\/\/noticiasribeiraopreto.com.br\/index.php\/category\/noticias-de-ribeirao-preto-sp-e-regiao-ismael-colosi\/"},"img":{"alt_text":"","src":"https:\/\/i0.wp.com\/noticiasribeiraopreto.com.br\/wp-content\/uploads\/2024\/11\/WhatsApp-Image-2024-11-07-at-18.08.18_2024-11-09_15-51-08_jpeg_2024-11-09_15-51-10-scaled.webp.webp?fit=1200%2C900&ssl=1&resize=350%2C200","width":350,"height":200,"srcset":"https:\/\/i0.wp.com\/noticiasribeiraopreto.com.br\/wp-content\/uploads\/2024\/11\/WhatsApp-Image-2024-11-07-at-18.08.18_2024-11-09_15-51-08_jpeg_2024-11-09_15-51-10-scaled.webp.webp?fit=1200%2C900&ssl=1&resize=350%2C200 1x, https:\/\/i0.wp.com\/noticiasribeiraopreto.com.br\/wp-content\/uploads\/2024\/11\/WhatsApp-Image-2024-11-07-at-18.08.18_2024-11-09_15-51-08_jpeg_2024-11-09_15-51-10-scaled.webp.webp?fit=1200%2C900&ssl=1&resize=525%2C300 1.5x, https:\/\/i0.wp.com\/noticiasribeiraopreto.com.br\/wp-content\/uploads\/2024\/11\/WhatsApp-Image-2024-11-07-at-18.08.18_2024-11-09_15-51-08_jpeg_2024-11-09_15-51-10-scaled.webp.webp?fit=1200%2C900&ssl=1&resize=700%2C400 2x, https:\/\/i0.wp.com\/noticiasribeiraopreto.com.br\/wp-content\/uploads\/2024\/11\/WhatsApp-Image-2024-11-07-at-18.08.18_2024-11-09_15-51-08_jpeg_2024-11-09_15-51-10-scaled.webp.webp?fit=1200%2C900&ssl=1&resize=1050%2C600 3x"},"classes":[]}],"jetpack_sharing_enabled":true,"jetpack_shortlink":"https:\/\/wp.me\/peQAOb-fEE","_links":{"self":[{"href":"https:\/\/noticiasribeiraopreto.com.br\/index.php\/wp-json\/wp\/v2\/posts\/60180","targetHints":{"allow":["GET"]}}],"collection":[{"href":"https:\/\/noticiasribeiraopreto.com.br\/index.php\/wp-json\/wp\/v2\/posts"}],"about":[{"href":"https:\/\/noticiasribeiraopreto.com.br\/index.php\/wp-json\/wp\/v2\/types\/post"}],"author":[{"embeddable":true,"href":"https:\/\/noticiasribeiraopreto.com.br\/index.php\/wp-json\/wp\/v2\/users\/1"}],"replies":[{"embeddable":true,"href":"https:\/\/noticiasribeiraopreto.com.br\/index.php\/wp-json\/wp\/v2\/comments?post=60180"}],"version-history":[{"count":0,"href":"https:\/\/noticiasribeiraopreto.com.br\/index.php\/wp-json\/wp\/v2\/posts\/60180\/revisions"}],"wp:featuredmedia":[{"embeddable":true,"href":"https:\/\/noticiasribeiraopreto.com.br\/index.php\/wp-json\/wp\/v2\/media\/60181"}],"wp:attachment":[{"href":"https:\/\/noticiasribeiraopreto.com.br\/index.php\/wp-json\/wp\/v2\/media?parent=60180"}],"wp:term":[{"taxonomy":"category","embeddable":true,"href":"https:\/\/noticiasribeiraopreto.com.br\/index.php\/wp-json\/wp\/v2\/categories?post=60180"},{"taxonomy":"post_tag","embeddable":true,"href":"https:\/\/noticiasribeiraopreto.com.br\/index.php\/wp-json\/wp\/v2\/tags?post=60180"}],"curies":[{"name":"wp","href":"https:\/\/api.w.org\/{rel}","templated":true}]}}