{"id":60195,"date":"2024-11-07T19:02:05","date_gmt":"2024-11-07T22:02:05","guid":{"rendered":"https:\/\/noticiasribeiraopreto.com.br\/index.php\/2024\/11\/07\/mutirao-de-emprego-acontece-nesta-sexta-feira-em-ribeirao-preto\/"},"modified":"2024-11-07T19:02:05","modified_gmt":"2024-11-07T22:02:05","slug":"mutirao-de-emprego-acontece-nesta-sexta-feira-em-ribeirao-preto","status":"publish","type":"post","link":"https:\/\/noticiasribeiraopreto.com.br\/index.php\/2024\/11\/07\/mutirao-de-emprego-acontece-nesta-sexta-feira-em-ribeirao-preto\/","title":{"rendered":"Mutir\u00e3o de emprego acontece nesta sexta-feira em Ribeir\u00e3o Preto"},"content":{"rendered":"<p> <br \/>\n<\/p>\n<div data-td-block-uid=\"tdi_106\">\n<div class=\"tdb-block-inner td-fix-index\">\n<p>Nesta sexta-feira (8) acontece, na <strong>biblioteca Sinh\u00e1 Junqueira<\/strong>, <strong>um mutir\u00e3o de emprego <\/strong>liderado pela Secretaria de Inova\u00e7\u00e3o e Desenvolvimento Econ\u00f4mico da Prefeitura de <strong>Ribeir\u00e3o Preto<\/strong>. <\/p>\n<p>O feir\u00e3o, que \u00e9 <strong>gratuito <\/strong>e <strong>aberto a toda a popula\u00e7\u00e3o<\/strong>, <strong>funcionar\u00e1 das 9h \u00e0s 13h. <\/strong><\/p>\n<p>Ser\u00e3o disponibilizadas oportunidades para quem busca\u00a0<strong>ingressar\u00a0<\/strong>ou se\u00a0<strong>recolocar\u00a0<\/strong>no mercado de trabalho.\u00a0A iniciativa tem parceria com empresas de\u00a0<strong>diversos setores da regi\u00e3o<\/strong>.<\/p>\n<p>A concession\u00e1ria <strong>Entrevias<\/strong>, por exemplo, participar\u00e1 do mutir\u00e3o e <strong>vai oferecer vagas para<\/strong>: <strong>Ajudante de sinaliza\u00e7\u00e3o<\/strong>, <strong>ajudante de oficial<\/strong>, <strong>l\u00edder de equipe<\/strong>, <strong>motorista <\/strong>e <strong>operador de conserva.<\/strong><\/p>\n<h4 class=\"wp-block-heading\"><strong>Como participar?<\/strong><\/h4>\n<p>Os interessados em participar do\u00a0<strong>mutir\u00e3o\u00a0<\/strong>devem comparecer a<strong> biblioteca Sinh\u00e1 Junqueira <\/strong>na sexta-feira (8), portando\u00a0<strong>curr\u00edculo atualizado<\/strong>\u00a0e\u00a0<strong>documentos pessoais<\/strong>.<\/p>\n<h4 class=\"wp-block-heading\"><strong>Servi\u00e7o \u2013 Mutir\u00e3o de Emprego<\/strong><\/h4>\n<p><strong>Quando <\/strong>\u2013 8 de novembro de 2024<\/p>\n<p><strong>Onde<\/strong> \u2013 rua Duque de Caxias, 547 \u2013 Centro | Biblioteca Sinh\u00e1 Junqueira<\/p>\n<p><strong>Hor\u00e1rio <\/strong>\u2013 9h \u00e0s 13h<\/p>\n<p>________________________________________________________________________________<\/p>\n<p>SAIBA MAIS<br \/>Parque Roberto Genaro em Ribeir\u00e3o Preto ser\u00e1 reaberto ap\u00f3s 11 anos; saiba a data<\/p>\n<h4 class=\"wp-block-heading\"><strong>FIQUE ON<\/strong><\/h4>\n<p>Fique ligado em tudo que acontece em Ribeir\u00e3o Preto e regi\u00e3o. Siga os perfis do <strong>acidade on<\/strong> no <a href=\"https:\/\/www.instagram.com\/acidadeonribeirao\" target=\"_blank\" rel=\"noreferrer noopener nofollow\">Instagram <\/a>e no <a href=\"https:\/\/www.facebook.com\/acidadeonribeirao\/\" target=\"_blank\" rel=\"noreferrer noopener nofollow\">Facebook<\/a>.<\/p>\n<p>Receba not\u00edcias do <strong>acidade on<\/strong> no WhatsApp. <a href=\"https:\/\/chat.whatsapp.com\/Fg4ok3aAVyB59DP63pRapr\" target=\"_blank\" rel=\"noreferrer noopener nofollow\">Para entrar no grupo, basta clicar aqui.<\/a><\/p>\n<p>Fa\u00e7a uma den\u00fancia ou sugira uma reportagem sobre Ribeir\u00e3o Preto e regi\u00e3o pelo WhatsApp: 16 99117 7802.<\/p>\n<p>VEJA TAMB\u00c9M<br \/>Neymar vai voltar ao Santos?<\/p>\n<p><!-- CONTENT END 1 -->\n<\/div>\n<\/div>\n<p><script async src=\"\/\/www.instagram.com\/embed.js\"><\/script><br \/>\n<br \/><br \/>\n<br \/><a href=\"https:\/\/www.acidadeon.com\/ribeiraopreto\/economia\/mutirao-de-emprego-acontece-nesta-sexta-feira-em-ribeirao-preto\/\">Source link <\/a><\/p>\n","protected":false},"excerpt":{"rendered":"<p>Nesta sexta-feira (8) acontece, na biblioteca Sinh\u00e1 Junqueira, um mutir\u00e3o de emprego liderado pela Secretaria de Inova\u00e7\u00e3o e Desenvolvimento Econ\u00f4mico da Prefeitura de Ribeir\u00e3o Preto&#8230;.<\/p>\n","protected":false},"author":1,"featured_media":60196,"comment_status":"open","ping_status":"open","sticky":false,"template":"","format":"standard","meta":{"advanced_seo_description":"","jetpack_seo_html_title":"","jetpack_seo_noindex":false,"jetpack_post_was_ever_published":false,"_jetpack_newsletter_access":"","_jetpack_dont_email_post_to_subs":false,"_jetpack_newsletter_tier_id":0,"_jetpack_memberships_contains_paywalled_content":false,"_jetpack_memberships_contains_paid_content":false,"footnotes":"","jetpack_publicize_message":"","jetpack_publicize_feature_enabled":true,"jetpack_social_post_already_shared":true,"jetpack_social_options":{"image_generator_settings":{"template":"highway","default_image_id":0,"font":"","enabled":false},"version":2}},"categories":[11],"tags":[],"class_list":["post-60195","post","type-post","status-publish","format-standard","has-post-thumbnail","hentry","category-noticias-de-ribeirao-preto-sp-e-regiao-ismael-colosi"],"jetpack_publicize_connections":[],"jetpack_featured_media_url":"https:\/\/i0.wp.com\/noticiasribeiraopreto.com.br\/wp-content\/uploads\/2024\/11\/Copia-de-Copia-de-TAMANHO-EXATO-PARA-FOTOS-NO-SISTEMA-NOVO-76.jpg?fit=1200%2C675&ssl=1","jetpack-related-posts":[{"id":84717,"url":"https:\/\/noticiasribeiraopreto.com.br\/index.php\/2026\/04\/14\/mutirao-de-empregos-oferece-mais-de-500-vagas-em-ribeirao-preto\/","url_meta":{"origin":60195,"position":0},"title":"Mutir\u00e3o de empregos oferece mais de 500 vagas em Ribeir\u00e3o Preto","author":"noticiasribeiraopreto.com.br","date":"14 de April de 2026","format":false,"excerpt":"Ler o resumo da not\u00edcia Mutir\u00e3o Emprega Ribeir\u00e3o oferece mais de 500 vagas de emprego nesta sexta-feira (17), das 9h \u00e0s 13h. Evento ocorre no CEU das Artes, na Rua Benedito Jacinto de Souza, 330, no bairro Ribeir\u00e3o Verde, em Ribeir\u00e3o Preto. A\u00e7\u00e3o conta com cerca de 25 empresas parceiras\u2026","rel":"","context":"In &quot;Not\u00edcias de Ribeir\u00e3o Preto-SP e Regi\u00e3o&quot;","block_context":{"text":"Not\u00edcias de Ribeir\u00e3o Preto-SP e Regi\u00e3o","link":"https:\/\/noticiasribeiraopreto.com.br\/index.php\/category\/noticias-de-ribeirao-preto-sp-e-regiao-ismael-colosi\/"},"img":{"alt_text":"","src":"https:\/\/i0.wp.com\/noticiasribeiraopreto.com.br\/wp-content\/uploads\/2026\/04\/carteira_de_1024x576_27092020203402_2025-07-07_21-38-43.webp.webp?fit=1024%2C576&ssl=1&resize=350%2C200","width":350,"height":200,"srcset":"https:\/\/i0.wp.com\/noticiasribeiraopreto.com.br\/wp-content\/uploads\/2026\/04\/carteira_de_1024x576_27092020203402_2025-07-07_21-38-43.webp.webp?fit=1024%2C576&ssl=1&resize=350%2C200 1x, https:\/\/i0.wp.com\/noticiasribeiraopreto.com.br\/wp-content\/uploads\/2026\/04\/carteira_de_1024x576_27092020203402_2025-07-07_21-38-43.webp.webp?fit=1024%2C576&ssl=1&resize=525%2C300 1.5x, https:\/\/i0.wp.com\/noticiasribeiraopreto.com.br\/wp-content\/uploads\/2026\/04\/carteira_de_1024x576_27092020203402_2025-07-07_21-38-43.webp.webp?fit=1024%2C576&ssl=1&resize=700%2C400 2x"},"classes":[]},{"id":43182,"url":"https:\/\/noticiasribeiraopreto.com.br\/index.php\/2024\/03\/19\/ribeirao-preto-tem-mutirao-de-emprego-com-vagas-para-empresa-de-transporte-e-logistica\/","url_meta":{"origin":60195,"position":1},"title":"Ribeir\u00e3o Preto tem mutir\u00e3o de emprego com vagas para empresa de transporte e log\u00edstica","author":"noticiasribeiraopreto.com.br","date":"19 de March de 2024","format":false,"excerpt":"A empresa de transporte e log\u00edstica Rodonaves realiza um mutir\u00e3o de emprego em Ribeir\u00e3o Preto, nesta quinta-feira (21). A a\u00e7\u00e3o, em parceria com a prefeitura, oferecer\u00e1 cerca de 50 vagas para setores diversos do grupo (veja abaixo). O mutir\u00e3o acontecer\u00e1 das 10h \u00e0s 14h, na rua Lafaiete, 394, no Centro\u2026","rel":"","context":"In &quot;Not\u00edcias de Ribeir\u00e3o Preto-SP e Regi\u00e3o&quot;","block_context":{"text":"Not\u00edcias de Ribeir\u00e3o Preto-SP e Regi\u00e3o","link":"https:\/\/noticiasribeiraopreto.com.br\/index.php\/category\/noticias-de-ribeirao-preto-sp-e-regiao-ismael-colosi\/"},"img":{"alt_text":"","src":"https:\/\/i0.wp.com\/noticiasribeiraopreto.com.br\/wp-content\/uploads\/2024\/03\/Copia-de-Copia-de-TAMANHO-EXATO-PARA-FOTOS-NO-SISTEMA-NOVO-68.jpg?fit=1200%2C675&ssl=1&resize=350%2C200","width":350,"height":200,"srcset":"https:\/\/i0.wp.com\/noticiasribeiraopreto.com.br\/wp-content\/uploads\/2024\/03\/Copia-de-Copia-de-TAMANHO-EXATO-PARA-FOTOS-NO-SISTEMA-NOVO-68.jpg?fit=1200%2C675&ssl=1&resize=350%2C200 1x, https:\/\/i0.wp.com\/noticiasribeiraopreto.com.br\/wp-content\/uploads\/2024\/03\/Copia-de-Copia-de-TAMANHO-EXATO-PARA-FOTOS-NO-SISTEMA-NOVO-68.jpg?fit=1200%2C675&ssl=1&resize=525%2C300 1.5x, https:\/\/i0.wp.com\/noticiasribeiraopreto.com.br\/wp-content\/uploads\/2024\/03\/Copia-de-Copia-de-TAMANHO-EXATO-PARA-FOTOS-NO-SISTEMA-NOVO-68.jpg?fit=1200%2C675&ssl=1&resize=700%2C400 2x, https:\/\/i0.wp.com\/noticiasribeiraopreto.com.br\/wp-content\/uploads\/2024\/03\/Copia-de-Copia-de-TAMANHO-EXATO-PARA-FOTOS-NO-SISTEMA-NOVO-68.jpg?fit=1200%2C675&ssl=1&resize=1050%2C600 3x"},"classes":[]},{"id":57755,"url":"https:\/\/noticiasribeiraopreto.com.br\/index.php\/2024\/09\/09\/ribeirao-preto-tem-mutirao-do-emprego-com-mais-de-mil-vagas-veja-como-participar\/","url_meta":{"origin":60195,"position":2},"title":"Ribeir\u00e3o Preto tem mutir\u00e3o do emprego com mais de mil vagas; Veja como participar","author":"noticiasribeiraopreto.com.br","date":"9 de September de 2024","format":false,"excerpt":"Um mutir\u00e3o do emprego com mais de mil oportunidades acontece nesta quarta-feira (11), das 9h \u00e0s 12h, no Terminal Rodovi\u00e1rio de Ribeir\u00e3o Preto, regi\u00e3o central do munic\u00edpio. Al\u00e9m das vagas de emprego, haver\u00e1 oportunidades para est\u00e1gio e aprendiz. O mutir\u00e3o tamb\u00e9m oferecer\u00e1 servi\u00e7os de orienta\u00e7\u00e3o profissional e dicas de curr\u00edculo\u2026","rel":"","context":"In &quot;Not\u00edcias de Ribeir\u00e3o Preto-SP e Regi\u00e3o&quot;","block_context":{"text":"Not\u00edcias de Ribeir\u00e3o Preto-SP e Regi\u00e3o","link":"https:\/\/noticiasribeiraopreto.com.br\/index.php\/category\/noticias-de-ribeirao-preto-sp-e-regiao-ismael-colosi\/"},"img":{"alt_text":"","src":"https:\/\/i0.wp.com\/noticiasribeiraopreto.com.br\/wp-content\/uploads\/2024\/09\/Copia-de-Copia-de-TAMANHO-EXATO-PARA-FOTOS-NO-SISTEMA-NOVO-76.jpg?fit=1200%2C675&ssl=1&resize=350%2C200","width":350,"height":200,"srcset":"https:\/\/i0.wp.com\/noticiasribeiraopreto.com.br\/wp-content\/uploads\/2024\/09\/Copia-de-Copia-de-TAMANHO-EXATO-PARA-FOTOS-NO-SISTEMA-NOVO-76.jpg?fit=1200%2C675&ssl=1&resize=350%2C200 1x, https:\/\/i0.wp.com\/noticiasribeiraopreto.com.br\/wp-content\/uploads\/2024\/09\/Copia-de-Copia-de-TAMANHO-EXATO-PARA-FOTOS-NO-SISTEMA-NOVO-76.jpg?fit=1200%2C675&ssl=1&resize=525%2C300 1.5x, https:\/\/i0.wp.com\/noticiasribeiraopreto.com.br\/wp-content\/uploads\/2024\/09\/Copia-de-Copia-de-TAMANHO-EXATO-PARA-FOTOS-NO-SISTEMA-NOVO-76.jpg?fit=1200%2C675&ssl=1&resize=700%2C400 2x, https:\/\/i0.wp.com\/noticiasribeiraopreto.com.br\/wp-content\/uploads\/2024\/09\/Copia-de-Copia-de-TAMANHO-EXATO-PARA-FOTOS-NO-SISTEMA-NOVO-76.jpg?fit=1200%2C675&ssl=1&resize=1050%2C600 3x"},"classes":[]},{"id":43778,"url":"https:\/\/noticiasribeiraopreto.com.br\/index.php\/2024\/03\/23\/empresas-de-transporte-estao-com-70-vagas-abertas-em-ribeirao-preto-sp-ribeirao-preto-e-franca-g1\/","url_meta":{"origin":60195,"position":3},"title":"Empresas de transporte est\u00e3o com 70 vagas abertas em Ribeir\u00e3o Preto, SP | Ribeir\u00e3o Preto e Franca | G1","author":"noticiasribeiraopreto.com.br","date":"23 de March de 2024","format":false,"excerpt":"Empresas de transporte est\u00e3o com 70 vagas abertas em Ribeir\u00e3o Preto, SP 1 de 1 Rodonaves abre vagas de emprego em Ribeir\u00e3o Preto, SP \u2014 Foto: Divulga\u00e7\u00e3o Rodonaves abre vagas de emprego em Ribeir\u00e3o Preto, SP \u2014 Foto: Divulga\u00e7\u00e3o Duas empresas de transporte est\u00e3o com 70 vagas abertas em Ribeir\u00e3o\u2026","rel":"","context":"In &quot;Vagas de Emprego em Ribeir\u00e3o Preto-SP&quot;","block_context":{"text":"Vagas de Emprego em Ribeir\u00e3o Preto-SP","link":"https:\/\/noticiasribeiraopreto.com.br\/index.php\/category\/empregos-classificados-vagas-trabalho\/vagas-de-empregos-em-ribeirao-preto-regiao-brasil\/"},"img":{"alt_text":"","src":"","width":0,"height":0},"classes":[]},{"id":59090,"url":"https:\/\/noticiasribeiraopreto.com.br\/index.php\/2024\/10\/14\/mutirao-com-mais-de-12-mil-vagas-de-emprego-acontece-em-ribeirao-preto\/","url_meta":{"origin":60195,"position":4},"title":"Mutir\u00e3o com mais de 1,2 mil vagas de emprego acontece em Ribeir\u00e3o Preto","author":"noticiasribeiraopreto.com.br","date":"14 de October de 2024","format":false,"excerpt":"Um mutir\u00e3o do emprego com mais de 1,2 mil vagas acontece nesta quarta-feira (16), das 9h \u00e0s 12h, no Terminal Rodovi\u00e1rio de Ribeir\u00e3o Preto, regi\u00e3o central do munic\u00edpio. Ser\u00e3o disponibilizadas oportunidades para aqueles que buscam ingressar ou se recolocar no mercado de trabalho. A iniciativa tem parceria com empresas de\u2026","rel":"","context":"In &quot;Not\u00edcias de Ribeir\u00e3o Preto-SP e Regi\u00e3o&quot;","block_context":{"text":"Not\u00edcias de Ribeir\u00e3o Preto-SP e Regi\u00e3o","link":"https:\/\/noticiasribeiraopreto.com.br\/index.php\/category\/noticias-de-ribeirao-preto-sp-e-regiao-ismael-colosi\/"},"img":{"alt_text":"","src":"https:\/\/i0.wp.com\/noticiasribeiraopreto.com.br\/wp-content\/uploads\/2024\/10\/WhatsApp-Image-2023-12-21-at-16.11.23.jpeg?fit=1200%2C800&ssl=1&resize=350%2C200","width":350,"height":200,"srcset":"https:\/\/i0.wp.com\/noticiasribeiraopreto.com.br\/wp-content\/uploads\/2024\/10\/WhatsApp-Image-2023-12-21-at-16.11.23.jpeg?fit=1200%2C800&ssl=1&resize=350%2C200 1x, https:\/\/i0.wp.com\/noticiasribeiraopreto.com.br\/wp-content\/uploads\/2024\/10\/WhatsApp-Image-2023-12-21-at-16.11.23.jpeg?fit=1200%2C800&ssl=1&resize=525%2C300 1.5x, https:\/\/i0.wp.com\/noticiasribeiraopreto.com.br\/wp-content\/uploads\/2024\/10\/WhatsApp-Image-2023-12-21-at-16.11.23.jpeg?fit=1200%2C800&ssl=1&resize=700%2C400 2x, https:\/\/i0.wp.com\/noticiasribeiraopreto.com.br\/wp-content\/uploads\/2024\/10\/WhatsApp-Image-2023-12-21-at-16.11.23.jpeg?fit=1200%2C800&ssl=1&resize=1050%2C600 3x"},"classes":[]},{"id":35135,"url":"https:\/\/noticiasribeiraopreto.com.br\/index.php\/2024\/02\/05\/empresa-de-ribeirao-preto-tem-mutirao-de-emprego-com-60-vagas\/","url_meta":{"origin":60195,"position":5},"title":"Empresa de Ribeir\u00e3o Preto tem mutir\u00e3o de emprego com 60 vagas","author":"noticiasribeiraopreto.com.br","date":"5 de February de 2024","format":false,"excerpt":"A empresa Resolv de Ribeir\u00e3o Preto tem mutir\u00e3o com 60 vagas de emprego dispon\u00edveis. As vagas s\u00e3o para as \u00e1reas de seguran\u00e7a e limpeza e os interessados podem levar o curr\u00edculo at\u00e9 a pr\u00f3xima sexta-feira (9), em dias alternados. Veja as vagas \u00c1rea de seguran\u00e7a Fiscal de patrim\u00f4nio Para concorrer,\u2026","rel":"","context":"In &quot;Not\u00edcias de Ribeir\u00e3o Preto-SP e Regi\u00e3o&quot;","block_context":{"text":"Not\u00edcias de Ribeir\u00e3o Preto-SP e Regi\u00e3o","link":"https:\/\/noticiasribeiraopreto.com.br\/index.php\/category\/noticias-de-ribeirao-preto-sp-e-regiao-ismael-colosi\/"},"img":{"alt_text":"","src":"https:\/\/i0.wp.com\/noticiasribeiraopreto.com.br\/wp-content\/uploads\/2024\/02\/entrevista-de-emprego.jpg?fit=1200%2C800&ssl=1&resize=350%2C200","width":350,"height":200,"srcset":"https:\/\/i0.wp.com\/noticiasribeiraopreto.com.br\/wp-content\/uploads\/2024\/02\/entrevista-de-emprego.jpg?fit=1200%2C800&ssl=1&resize=350%2C200 1x, https:\/\/i0.wp.com\/noticiasribeiraopreto.com.br\/wp-content\/uploads\/2024\/02\/entrevista-de-emprego.jpg?fit=1200%2C800&ssl=1&resize=525%2C300 1.5x, https:\/\/i0.wp.com\/noticiasribeiraopreto.com.br\/wp-content\/uploads\/2024\/02\/entrevista-de-emprego.jpg?fit=1200%2C800&ssl=1&resize=700%2C400 2x, https:\/\/i0.wp.com\/noticiasribeiraopreto.com.br\/wp-content\/uploads\/2024\/02\/entrevista-de-emprego.jpg?fit=1200%2C800&ssl=1&resize=1050%2C600 3x"},"classes":[]}],"jetpack_sharing_enabled":true,"jetpack_shortlink":"https:\/\/wp.me\/peQAOb-fET","_links":{"self":[{"href":"https:\/\/noticiasribeiraopreto.com.br\/index.php\/wp-json\/wp\/v2\/posts\/60195","targetHints":{"allow":["GET"]}}],"collection":[{"href":"https:\/\/noticiasribeiraopreto.com.br\/index.php\/wp-json\/wp\/v2\/posts"}],"about":[{"href":"https:\/\/noticiasribeiraopreto.com.br\/index.php\/wp-json\/wp\/v2\/types\/post"}],"author":[{"embeddable":true,"href":"https:\/\/noticiasribeiraopreto.com.br\/index.php\/wp-json\/wp\/v2\/users\/1"}],"replies":[{"embeddable":true,"href":"https:\/\/noticiasribeiraopreto.com.br\/index.php\/wp-json\/wp\/v2\/comments?post=60195"}],"version-history":[{"count":0,"href":"https:\/\/noticiasribeiraopreto.com.br\/index.php\/wp-json\/wp\/v2\/posts\/60195\/revisions"}],"wp:featuredmedia":[{"embeddable":true,"href":"https:\/\/noticiasribeiraopreto.com.br\/index.php\/wp-json\/wp\/v2\/media\/60196"}],"wp:attachment":[{"href":"https:\/\/noticiasribeiraopreto.com.br\/index.php\/wp-json\/wp\/v2\/media?parent=60195"}],"wp:term":[{"taxonomy":"category","embeddable":true,"href":"https:\/\/noticiasribeiraopreto.com.br\/index.php\/wp-json\/wp\/v2\/categories?post=60195"},{"taxonomy":"post_tag","embeddable":true,"href":"https:\/\/noticiasribeiraopreto.com.br\/index.php\/wp-json\/wp\/v2\/tags?post=60195"}],"curies":[{"name":"wp","href":"https:\/\/api.w.org\/{rel}","templated":true}]}}