{"id":60197,"date":"2024-11-07T19:32:07","date_gmt":"2024-11-07T22:32:07","guid":{"rendered":"https:\/\/noticiasribeiraopreto.com.br\/index.php\/2024\/11\/07\/vai-chover-ate-quando-confira-previsao-para-ribeirao-preto\/"},"modified":"2024-11-07T19:32:07","modified_gmt":"2024-11-07T22:32:07","slug":"vai-chover-ate-quando-confira-previsao-para-ribeirao-preto","status":"publish","type":"post","link":"https:\/\/noticiasribeiraopreto.com.br\/index.php\/2024\/11\/07\/vai-chover-ate-quando-confira-previsao-para-ribeirao-preto\/","title":{"rendered":"Vai chover at\u00e9 quando? Confira previs\u00e3o para Ribeir\u00e3o Preto"},"content":{"rendered":"<p> <br \/>\n<\/p>\n<div>\n<p>Uma <strong>frente fria <\/strong>associada a um <strong>ciclone extratropical<\/strong> avan\u00e7a do Sul para o <strong>Sudeste <\/strong>e favorece a <strong>intensifica\u00e7\u00e3o<\/strong> e <strong>expans\u00e3o das \u00e1reas de instabilidade<\/strong> pelo <strong>Estado de S\u00e3o Paulo<\/strong> nos pr\u00f3ximos dias, de acordo com a <strong><a href=\"https:\/\/www.climatempo.com.br\/noticia\/temporal\/tempo-muito-instavel-em-grande-parte-do-brasil-nesta-quinta-feira\" target=\"_blank\" rel=\"noreferrer noopener\">Climatempo<\/a><\/strong>.<\/p>\n<p>Conforme os meteorologistas, esse <strong>ciclone <\/strong>se forma sobre o mar e vai se afastar rapidamente do Brasil. <mark style=\"background-color:#fcb900\" class=\"has-inline-color\">Contudo, essa <strong>frente fria<\/strong> avan\u00e7a sobre o interior do pa\u00eds e provoca <strong>muita chuva<\/strong> na <strong>sexta-feira (8)<\/strong> e <strong>no fim de semana<\/strong> nos estados do <strong>Sudeste <\/strong>e do <strong>Centro-Oeste<\/strong>.<\/mark><\/p>\n<h3 class=\"wp-block-heading\"><strong>At\u00e9 quando vai chover em Ribeir\u00e3o Preto?<\/strong><\/h3>\n<p>De acordo com a <strong>previs\u00e3o estendida<\/strong> do servi\u00e7o de meteorologia, <strong><mark style=\"background-color:#fcb900\" class=\"has-inline-color\">a chuva deve dar uma tr\u00e9gua em Ribeir\u00e3o Preto a partir de domingo (10)<\/mark><\/strong>. No entanto, nesta <strong>sexta-feira<\/strong>, o dia deve ser de <strong>tempo severo<\/strong>, <strong>com chuva forte e trovoada pela manh\u00e3<\/strong>,<strong> \u00e0 tarde e \u00e0 noite<\/strong>.<\/p>\n<p>No <strong>s\u00e1bado (9)<\/strong> o sol aparece entre nuvens, por\u00e9m, <strong>existem chances de chuva passageira pela manh\u00e3<\/strong>. \u00c0 noite o tempo fica firme. Confira:<\/p>\n<figure class=\"wp-block-image size-full is-resized\"><img data-recalc-dims=\"1\" loading=\"lazy\" decoding=\"async\" src=\"https:\/\/i0.wp.com\/www.acidadeon.com\/ribeiraopreto\/wp-content\/uploads\/sites\/3\/2024\/11\/previsao-estendida_2024-11-07_22-02-46_png_2024-11-07_22-02-46.webp?resize=519%2C380&#038;ssl=1\" alt=\"\" class=\"wp-image-99029\" width=\"519\" height=\"380\"\/><figcaption class=\"wp-element-caption\">Previs\u00e3o estendida para os pr\u00f3ximos quatro dias em Ribeir\u00e3o Preto. (Foto: Reprodu\u00e7\u00e3o\/ Climatempo)<\/figcaption><\/figure>\n<p>Embora exista a previs\u00e3o de uma \u201c<em>pausa<\/em>\u201d na <strong>chuva<\/strong>, a previs\u00e3o da <strong>Climatempo <\/strong>indica <strong>pancadas de chuva<\/strong> a partir de ter\u00e7a-feira (12).<\/p>\n<h4 class=\"wp-block-heading\"><strong>Alerta para chuva<\/strong><\/h4>\n<p>Vale ressaltar que <strong>Ribeir\u00e3o Preto<\/strong> \u00e9 uma das cidades que aparece no <a href=\"https:\/\/www.instagram.com\/p\/DCC0xulS6Pv\/\" target=\"_blank\" rel=\"noreferrer noopener\"><strong>alerta para chuvas intensas<\/strong> e<strong> temporais<\/strong> no <strong>Estado de S\u00e3o Paulo<\/strong>, emitido pela <strong>Defesa Civil<\/strong><\/a>. O munic\u00edpio aparece na <strong>faixa laranja do comunicado<\/strong>, que significa \u2018<strong>acumulado de chuvas alto<\/strong>\u2018.<\/p>\n<p>Al\u00e9m disso, a <strong>regi\u00e3o de Ribeir\u00e3o Preto<\/strong> tamb\u00e9m foi mencionada no <strong>alerta de perigo<\/strong> do <a href=\"https:\/\/alertas2.inmet.gov.br\/48960\" target=\"_blank\" rel=\"noreferrer noopener\">Inmet (Instituto Nacional de Meteorologia)<\/a>, <strong>v\u00e1lido at\u00e9 \u00e0s 10h desta sexta-feira (8)<\/strong>.<\/p>\n<hr class=\"wp-block-separator has-alpha-channel-opacity\"\/>\n<p>SAIBA MAIS<\/p>\n<p>Parque Roberto Genaro em Ribeir\u00e3o Preto ser\u00e1 reaberto ap\u00f3s 11 anos; saiba a data<\/p>\n<h4 class=\"wp-block-heading\"><strong>FIQUE ON<\/strong><\/h4>\n<p>Fique ligado em tudo que acontece em Ribeir\u00e3o Preto e regi\u00e3o. Siga os perfis do\u00a0<strong>acidade on\u00a0<\/strong>no\u00a0<a href=\"https:\/\/www.instagram.com\/acidadeonribeirao\" target=\"_blank\" rel=\"noreferrer noopener\">Instagram<\/a>\u00a0e no\u00a0<a href=\"https:\/\/www.facebook.com\/acidadeonribeirao\/\" target=\"_blank\" rel=\"noreferrer noopener\">Facebook<\/a>.<\/p>\n<p>Receba not\u00edcias do\u00a0<strong>acidade on\u00a0<\/strong>no WhatsApp.\u00a0<a href=\"https:\/\/chat.whatsapp.com\/Fg4ok3aAVyB59DP63pRapr\" target=\"_blank\" rel=\"noreferrer noopener\">Para entrar no grupo, basta clicar aqui.<\/a><\/p>\n<p>Fa\u00e7a uma den\u00fancia ou sugira uma reportagem sobre Ribeir\u00e3o Preto e regi\u00e3o pelo WhatsApp: 16 99117 7802.<\/p>\n<p>VEJA TAMB\u00c9M<\/p>\n<p>Quais famosos v\u00e3o vir para a CCXP no Brasil?<\/p>\n<p><!-- CONTENT END 1 -->\n<\/div>\n<p><script async src=\"\/\/www.instagram.com\/embed.js\"><\/script><br \/>\n<br \/><br \/>\n<br \/><a href=\"https:\/\/www.acidadeon.com\/ribeiraopreto\/cotidiano\/vai-chover-ate-quando-confira-previsao-para-ribeirao-preto\/\">Source link <\/a><\/p>\n","protected":false},"excerpt":{"rendered":"<p>Uma frente fria associada a um ciclone extratropical avan\u00e7a do Sul para o Sudeste e favorece a intensifica\u00e7\u00e3o e expans\u00e3o das \u00e1reas de instabilidade pelo&#8230;<\/p>\n","protected":false},"author":1,"featured_media":59929,"comment_status":"open","ping_status":"open","sticky":false,"template":"","format":"standard","meta":{"advanced_seo_description":"","jetpack_seo_html_title":"","jetpack_seo_noindex":false,"jetpack_post_was_ever_published":false,"_jetpack_newsletter_access":"","_jetpack_dont_email_post_to_subs":false,"_jetpack_newsletter_tier_id":0,"_jetpack_memberships_contains_paywalled_content":false,"_jetpack_memberships_contains_paid_content":false,"footnotes":"","jetpack_publicize_message":"","jetpack_publicize_feature_enabled":true,"jetpack_social_post_already_shared":true,"jetpack_social_options":{"image_generator_settings":{"template":"highway","default_image_id":0,"font":"","enabled":false},"version":2}},"categories":[11],"tags":[],"class_list":["post-60197","post","type-post","status-publish","format-standard","has-post-thumbnail","hentry","category-noticias-de-ribeirao-preto-sp-e-regiao-ismael-colosi"],"jetpack_publicize_connections":[],"jetpack_featured_media_url":"https:\/\/i0.wp.com\/noticiasribeiraopreto.com.br\/wp-content\/uploads\/2024\/11\/WhatsApp-Image-2024-11-01-at-14.50.17_2024-11-01_18-07-06_jpeg_2024-11-01_18-07-06.webp.webp?fit=1280%2C960&ssl=1","jetpack-related-posts":[{"id":84213,"url":"https:\/\/noticiasribeiraopreto.com.br\/index.php\/2026\/04\/04\/ciclone-extratropical-e-frente-fria-trazem-chuva-forte-a-sp-nos-proximos-dias\/","url_meta":{"origin":60197,"position":0},"title":"Ciclone extratropical e frente fria trazem chuva forte a SP nos pr\u00f3ximos dias","author":"noticiasribeiraopreto.com.br","date":"4 de April de 2026","format":false,"excerpt":"Ler o resumo da not\u00edcia Ciclone extratropical e frente fria trazem chuva forte a SP nos pr\u00f3ximos dias A partir da pr\u00f3xima segunda-feira (6), um novo ciclone extratropical e uma frente fria v\u00e3o se organizar entre o Brasil, o Uruguai, a Argentina e o Paraguai, segundo a Climatempo. Com isso,\u2026","rel":"","context":"In &quot;Not\u00edcias de Ribeir\u00e3o Preto-SP e Regi\u00e3o&quot;","block_context":{"text":"Not\u00edcias de Ribeir\u00e3o Preto-SP e Regi\u00e3o","link":"https:\/\/noticiasribeiraopreto.com.br\/index.php\/category\/noticias-de-ribeirao-preto-sp-e-regiao-ismael-colosi\/"},"img":{"alt_text":"","src":"https:\/\/i0.wp.com\/noticiasribeiraopreto.com.br\/wp-content\/uploads\/2026\/04\/nuvens-chuva-ribeirao-preto_2026-02-12_12-20-30.webp.webp?fit=1200%2C540&ssl=1&resize=350%2C200","width":350,"height":200,"srcset":"https:\/\/i0.wp.com\/noticiasribeiraopreto.com.br\/wp-content\/uploads\/2026\/04\/nuvens-chuva-ribeirao-preto_2026-02-12_12-20-30.webp.webp?fit=1200%2C540&ssl=1&resize=350%2C200 1x, https:\/\/i0.wp.com\/noticiasribeiraopreto.com.br\/wp-content\/uploads\/2026\/04\/nuvens-chuva-ribeirao-preto_2026-02-12_12-20-30.webp.webp?fit=1200%2C540&ssl=1&resize=525%2C300 1.5x, https:\/\/i0.wp.com\/noticiasribeiraopreto.com.br\/wp-content\/uploads\/2026\/04\/nuvens-chuva-ribeirao-preto_2026-02-12_12-20-30.webp.webp?fit=1200%2C540&ssl=1&resize=700%2C400 2x, https:\/\/i0.wp.com\/noticiasribeiraopreto.com.br\/wp-content\/uploads\/2026\/04\/nuvens-chuva-ribeirao-preto_2026-02-12_12-20-30.webp.webp?fit=1200%2C540&ssl=1&resize=1050%2C600 3x"},"classes":[]},{"id":81541,"url":"https:\/\/noticiasribeiraopreto.com.br\/index.php\/2026\/01\/09\/ciclone-extratropical-se-forma-e-frente-fria-muda-o-tempo-em-sp-saiba-quando\/","url_meta":{"origin":60197,"position":1},"title":"Ciclone extratropical se forma e frente fria muda o tempo em SP; Saiba quando","author":"noticiasribeiraopreto.com.br","date":"9 de January de 2026","format":false,"excerpt":"Um ciclone extratropical se organiza entre o Uruguai e o Sul do Brasil neste fim de semana, e uma nova frente fria, associada a esse sistema, vai aumentar as condi\u00e7\u00f5es para chuva no estado de S\u00e3o Paulo \u2013 saiba mais abaixo. Conforme a Climatempo, a \u00e1rea de baixa press\u00e3o que\u2026","rel":"","context":"In &quot;Not\u00edcias de Ribeir\u00e3o Preto-SP e Regi\u00e3o&quot;","block_context":{"text":"Not\u00edcias de Ribeir\u00e3o Preto-SP e Regi\u00e3o","link":"https:\/\/noticiasribeiraopreto.com.br\/index.php\/category\/noticias-de-ribeirao-preto-sp-e-regiao-ismael-colosi\/"},"img":{"alt_text":"","src":"https:\/\/i0.wp.com\/noticiasribeiraopreto.com.br\/wp-content\/uploads\/2026\/01\/Copia-de-Copia-de-Copia-de-TAMANHO-EXATO-PARA-FOTOS-NO-SISTEMA-NOVO-40_2024-10-24_18-16-41_png_2024-10-24_18-16-41.webp.webp?fit=1200%2C675&ssl=1&resize=350%2C200","width":350,"height":200,"srcset":"https:\/\/i0.wp.com\/noticiasribeiraopreto.com.br\/wp-content\/uploads\/2026\/01\/Copia-de-Copia-de-Copia-de-TAMANHO-EXATO-PARA-FOTOS-NO-SISTEMA-NOVO-40_2024-10-24_18-16-41_png_2024-10-24_18-16-41.webp.webp?fit=1200%2C675&ssl=1&resize=350%2C200 1x, https:\/\/i0.wp.com\/noticiasribeiraopreto.com.br\/wp-content\/uploads\/2026\/01\/Copia-de-Copia-de-Copia-de-TAMANHO-EXATO-PARA-FOTOS-NO-SISTEMA-NOVO-40_2024-10-24_18-16-41_png_2024-10-24_18-16-41.webp.webp?fit=1200%2C675&ssl=1&resize=525%2C300 1.5x, https:\/\/i0.wp.com\/noticiasribeiraopreto.com.br\/wp-content\/uploads\/2026\/01\/Copia-de-Copia-de-Copia-de-TAMANHO-EXATO-PARA-FOTOS-NO-SISTEMA-NOVO-40_2024-10-24_18-16-41_png_2024-10-24_18-16-41.webp.webp?fit=1200%2C675&ssl=1&resize=700%2C400 2x, https:\/\/i0.wp.com\/noticiasribeiraopreto.com.br\/wp-content\/uploads\/2026\/01\/Copia-de-Copia-de-Copia-de-TAMANHO-EXATO-PARA-FOTOS-NO-SISTEMA-NOVO-40_2024-10-24_18-16-41_png_2024-10-24_18-16-41.webp.webp?fit=1200%2C675&ssl=1&resize=1050%2C600 3x"},"classes":[]},{"id":79676,"url":"https:\/\/noticiasribeiraopreto.com.br\/index.php\/2025\/11\/05\/ciclone-e-frente-fria-motivam-alerta-para-tempestades-e-ventania\/","url_meta":{"origin":60197,"position":2},"title":"Ciclone e frente fria motivam alerta para tempestades e ventania","author":"noticiasribeiraopreto.com.br","date":"5 de November de 2025","format":false,"excerpt":"A forma\u00e7\u00e3o de um novo ciclone extratropical, seguido pela forma\u00e7\u00e3o de uma frente fria sobre o Sul do Brasil entre os dias 7 e 8 de novembro, deixa os estados da regi\u00e3o sudeste, incluindo o Estado de S\u00e3o Paulo, em alerta para tempestades e ventania. Segundo a Climatempo, o processo\u2026","rel":"","context":"In &quot;Not\u00edcias de Ribeir\u00e3o Preto-SP e Regi\u00e3o&quot;","block_context":{"text":"Not\u00edcias de Ribeir\u00e3o Preto-SP e Regi\u00e3o","link":"https:\/\/noticiasribeiraopreto.com.br\/index.php\/category\/noticias-de-ribeirao-preto-sp-e-regiao-ismael-colosi\/"},"img":{"alt_text":"","src":"https:\/\/i0.wp.com\/noticiasribeiraopreto.com.br\/wp-content\/uploads\/2025\/11\/tempestade_2025-11-05_18-42-17.webp.webp?fit=1200%2C950&ssl=1&resize=350%2C200","width":350,"height":200,"srcset":"https:\/\/i0.wp.com\/noticiasribeiraopreto.com.br\/wp-content\/uploads\/2025\/11\/tempestade_2025-11-05_18-42-17.webp.webp?fit=1200%2C950&ssl=1&resize=350%2C200 1x, https:\/\/i0.wp.com\/noticiasribeiraopreto.com.br\/wp-content\/uploads\/2025\/11\/tempestade_2025-11-05_18-42-17.webp.webp?fit=1200%2C950&ssl=1&resize=525%2C300 1.5x, https:\/\/i0.wp.com\/noticiasribeiraopreto.com.br\/wp-content\/uploads\/2025\/11\/tempestade_2025-11-05_18-42-17.webp.webp?fit=1200%2C950&ssl=1&resize=700%2C400 2x, https:\/\/i0.wp.com\/noticiasribeiraopreto.com.br\/wp-content\/uploads\/2025\/11\/tempestade_2025-11-05_18-42-17.webp.webp?fit=1200%2C950&ssl=1&resize=1050%2C600 3x"},"classes":[]},{"id":67845,"url":"https:\/\/noticiasribeiraopreto.com.br\/index.php\/2025\/04\/19\/frente-fria-avanca-pelo-estado-de-sp-e-ha-alerta-veja-previsao\/","url_meta":{"origin":60197,"position":3},"title":"Frente fria avan\u00e7a pelo estado de SP e h\u00e1 alerta; Veja previs\u00e3o","author":"noticiasribeiraopreto.com.br","date":"19 de April de 2025","format":false,"excerpt":"O s\u00e1bado (19) come\u00e7ou com muita nebulosidade em Ribeir\u00e3o Preto. Segundo a Climatempo, hoje ser\u00e1 o dia mais inst\u00e1vel do feriado prolongado, pois, grandes \u00e1reas de instabilidade ser\u00e3o refor\u00e7adas por um cavado meteorol\u00f3gico e o deslocamento da frente fria entre o Sul e o Sudeste. A meteorologia aponta chance de\u2026","rel":"","context":"In &quot;Not\u00edcias de Ribeir\u00e3o Preto-SP e Regi\u00e3o&quot;","block_context":{"text":"Not\u00edcias de Ribeir\u00e3o Preto-SP e Regi\u00e3o","link":"https:\/\/noticiasribeiraopreto.com.br\/index.php\/category\/noticias-de-ribeirao-preto-sp-e-regiao-ismael-colosi\/"},"img":{"alt_text":"","src":"https:\/\/i0.wp.com\/noticiasribeiraopreto.com.br\/wp-content\/uploads\/2025\/03\/WhatsApp-Image-2025-03-11-at-08.31.43_2025-03-11_11-32-18_jpeg_2025-03-11_11-32-18.webp.webp?fit=1200%2C900&ssl=1&resize=350%2C200","width":350,"height":200,"srcset":"https:\/\/i0.wp.com\/noticiasribeiraopreto.com.br\/wp-content\/uploads\/2025\/03\/WhatsApp-Image-2025-03-11-at-08.31.43_2025-03-11_11-32-18_jpeg_2025-03-11_11-32-18.webp.webp?fit=1200%2C900&ssl=1&resize=350%2C200 1x, https:\/\/i0.wp.com\/noticiasribeiraopreto.com.br\/wp-content\/uploads\/2025\/03\/WhatsApp-Image-2025-03-11-at-08.31.43_2025-03-11_11-32-18_jpeg_2025-03-11_11-32-18.webp.webp?fit=1200%2C900&ssl=1&resize=525%2C300 1.5x, https:\/\/i0.wp.com\/noticiasribeiraopreto.com.br\/wp-content\/uploads\/2025\/03\/WhatsApp-Image-2025-03-11-at-08.31.43_2025-03-11_11-32-18_jpeg_2025-03-11_11-32-18.webp.webp?fit=1200%2C900&ssl=1&resize=700%2C400 2x, https:\/\/i0.wp.com\/noticiasribeiraopreto.com.br\/wp-content\/uploads\/2025\/03\/WhatsApp-Image-2025-03-11-at-08.31.43_2025-03-11_11-32-18_jpeg_2025-03-11_11-32-18.webp.webp?fit=1200%2C900&ssl=1&resize=1050%2C600 3x"},"classes":[]},{"id":49858,"url":"https:\/\/noticiasribeiraopreto.com.br\/index.php\/2024\/05\/13\/ciclone-extratropical-e-nova-frente-fria-veja-onde-pode-chover-no-interior-de-sp\/","url_meta":{"origin":60197,"position":4},"title":"Ciclone extratropical e nova frente fria: Veja onde pode chover no interior de SP","author":"noticiasribeiraopreto.com.br","date":"13 de May de 2024","format":false,"excerpt":"Uma nova frente fria come\u00e7ou se formar no Sul do Brasil, nesta segunda-feira (13), e deve aliviar o calor\u00e3o que atinge o estado de S\u00e3o Paulo desde o m\u00eas de abril, segundo a meteorologia. A chegada dessa frente fria tem influ\u00eancia de um ciclone extratropical em alto mar que provoca\u2026","rel":"","context":"In &quot;Not\u00edcias de Ribeir\u00e3o Preto-SP e Regi\u00e3o&quot;","block_context":{"text":"Not\u00edcias de Ribeir\u00e3o Preto-SP e Regi\u00e3o","link":"https:\/\/noticiasribeiraopreto.com.br\/index.php\/category\/noticias-de-ribeirao-preto-sp-e-regiao-ismael-colosi\/"},"img":{"alt_text":"","src":"https:\/\/i0.wp.com\/noticiasribeiraopreto.com.br\/wp-content\/uploads\/2024\/05\/chuva_forte_1024x576_06122019161537.jpg?fit=1024%2C575&ssl=1&resize=350%2C200","width":350,"height":200,"srcset":"https:\/\/i0.wp.com\/noticiasribeiraopreto.com.br\/wp-content\/uploads\/2024\/05\/chuva_forte_1024x576_06122019161537.jpg?fit=1024%2C575&ssl=1&resize=350%2C200 1x, https:\/\/i0.wp.com\/noticiasribeiraopreto.com.br\/wp-content\/uploads\/2024\/05\/chuva_forte_1024x576_06122019161537.jpg?fit=1024%2C575&ssl=1&resize=525%2C300 1.5x, https:\/\/i0.wp.com\/noticiasribeiraopreto.com.br\/wp-content\/uploads\/2024\/05\/chuva_forte_1024x576_06122019161537.jpg?fit=1024%2C575&ssl=1&resize=700%2C400 2x"},"classes":[]},{"id":52552,"url":"https:\/\/noticiasribeiraopreto.com.br\/index.php\/2024\/06\/09\/vai-chover-nos-proximos-dias-veja-a-previsao-do-tempo-para-o-estado-de-sp\/","url_meta":{"origin":60197,"position":5},"title":"Vai chover nos pr\u00f3ximos dias? Veja a previs\u00e3o do tempo para o estado de SP","author":"noticiasribeiraopreto.com.br","date":"9 de June de 2024","format":false,"excerpt":"Quem aguarda pelas informa\u00e7\u00f5es sobre uma nova frente fria no estado de S\u00e3o Paulo vai precisar esperar por mais algum tempo, de acordo com a meteorologia. Isso porque, no decorrer desta semana, o estado deve seguir sob influ\u00eancia da alta press\u00e3o que traz a condi\u00e7\u00e3o de bloqueio atmosf\u00e9rico sobre a\u2026","rel":"","context":"In &quot;Not\u00edcias de Ribeir\u00e3o Preto-SP e Regi\u00e3o&quot;","block_context":{"text":"Not\u00edcias de Ribeir\u00e3o Preto-SP e Regi\u00e3o","link":"https:\/\/noticiasribeiraopreto.com.br\/index.php\/category\/noticias-de-ribeirao-preto-sp-e-regiao-ismael-colosi\/"},"img":{"alt_text":"","src":"https:\/\/i0.wp.com\/noticiasribeiraopreto.com.br\/wp-content\/uploads\/2024\/06\/chuva_forte_1024x576_06122019161537.jpg?fit=1024%2C575&ssl=1&resize=350%2C200","width":350,"height":200,"srcset":"https:\/\/i0.wp.com\/noticiasribeiraopreto.com.br\/wp-content\/uploads\/2024\/06\/chuva_forte_1024x576_06122019161537.jpg?fit=1024%2C575&ssl=1&resize=350%2C200 1x, https:\/\/i0.wp.com\/noticiasribeiraopreto.com.br\/wp-content\/uploads\/2024\/06\/chuva_forte_1024x576_06122019161537.jpg?fit=1024%2C575&ssl=1&resize=525%2C300 1.5x, https:\/\/i0.wp.com\/noticiasribeiraopreto.com.br\/wp-content\/uploads\/2024\/06\/chuva_forte_1024x576_06122019161537.jpg?fit=1024%2C575&ssl=1&resize=700%2C400 2x"},"classes":[]}],"jetpack_sharing_enabled":true,"jetpack_shortlink":"https:\/\/wp.me\/peQAOb-fEV","_links":{"self":[{"href":"https:\/\/noticiasribeiraopreto.com.br\/index.php\/wp-json\/wp\/v2\/posts\/60197","targetHints":{"allow":["GET"]}}],"collection":[{"href":"https:\/\/noticiasribeiraopreto.com.br\/index.php\/wp-json\/wp\/v2\/posts"}],"about":[{"href":"https:\/\/noticiasribeiraopreto.com.br\/index.php\/wp-json\/wp\/v2\/types\/post"}],"author":[{"embeddable":true,"href":"https:\/\/noticiasribeiraopreto.com.br\/index.php\/wp-json\/wp\/v2\/users\/1"}],"replies":[{"embeddable":true,"href":"https:\/\/noticiasribeiraopreto.com.br\/index.php\/wp-json\/wp\/v2\/comments?post=60197"}],"version-history":[{"count":0,"href":"https:\/\/noticiasribeiraopreto.com.br\/index.php\/wp-json\/wp\/v2\/posts\/60197\/revisions"}],"wp:featuredmedia":[{"embeddable":true,"href":"https:\/\/noticiasribeiraopreto.com.br\/index.php\/wp-json\/wp\/v2\/media\/59929"}],"wp:attachment":[{"href":"https:\/\/noticiasribeiraopreto.com.br\/index.php\/wp-json\/wp\/v2\/media?parent=60197"}],"wp:term":[{"taxonomy":"category","embeddable":true,"href":"https:\/\/noticiasribeiraopreto.com.br\/index.php\/wp-json\/wp\/v2\/categories?post=60197"},{"taxonomy":"post_tag","embeddable":true,"href":"https:\/\/noticiasribeiraopreto.com.br\/index.php\/wp-json\/wp\/v2\/tags?post=60197"}],"curies":[{"name":"wp","href":"https:\/\/api.w.org\/{rel}","templated":true}]}}