{"id":60198,"date":"2024-11-07T20:39:03","date_gmt":"2024-11-07T23:39:03","guid":{"rendered":"https:\/\/noticiasribeiraopreto.com.br\/index.php\/2024\/11\/07\/jao-anuncia-turne-especial-de-natal-em-ribeirao-preto-saiba-quando\/"},"modified":"2024-11-07T20:39:03","modified_gmt":"2024-11-07T23:39:03","slug":"jao-anuncia-turne-especial-de-natal-em-ribeirao-preto-saiba-quando","status":"publish","type":"post","link":"https:\/\/noticiasribeiraopreto.com.br\/index.php\/2024\/11\/07\/jao-anuncia-turne-especial-de-natal-em-ribeirao-preto-saiba-quando\/","title":{"rendered":"J\u00e3o anuncia turn\u00ea &#8216;Especial de Natal&#8217; em Ribeir\u00e3o Preto; saiba quando"},"content":{"rendered":"<p> <br \/>\n<\/p>\n<div data-td-block-uid=\"tdi_106\">\n<div class=\"tdb-block-inner td-fix-index\">\n<p>O cantor <strong>J\u00e3o\u00a0<\/strong>fez a alegria dos f\u00e3s e anunciou a turn\u00ea<strong> \u2018Especial de Natal\u2019<\/strong>, por meio das redes sociais. O show, que passar\u00e1 por 12 cidades brasileiras, <strong>chegar\u00e1 a Ribeir\u00e3o Preto no dia 11 de dezembro. <\/strong><\/p>\n<p><strong>Ainda n\u00e3o foi divulgado o local do evento<\/strong>, mas a venda dos ingressos <strong>come\u00e7ar\u00e3o nesta sexta-feira (9), \u00e0s 12h, por meio do site oficial do cantor. (<a href=\"https:\/\/www.sitedojao.com\/?fbclid=PAZXh0bgNhZW0CMTEAAaZNX2zNwXXiOomw6-u4W0ZSden5UUmW3zKT9IUhpdmxJqLO0InRxrvxjiY_aem_9Kj4L-kT7m3rsYNUkR-HDw\" target=\"_blank\" rel=\"noreferrer noopener nofollow\">clique aqui<\/a>)<\/strong><\/p>\n<figure class=\"wp-block-pullquote\">\n<blockquote>\n<p>Esse foi um ano de muitas conquistas, ent\u00e3o eu quis criar esse momento pra gente celebrar todas elas juntos. Um show \u00fanico pra cantar aquelas que s\u00f3 a gente sabe (e tamb\u00e9m com algumas surpresas!)<\/p>\n<p><cite>J\u00e3o <\/cite><\/p><\/blockquote>\n<\/figure>\n<p>Em mar\u00e7o deste ano, o Lobinho \u2013 como \u00e9 carinhosamente chamado pelos f\u00e3s \u2013 trouxe para Ribeir\u00e3o o show \u2018Superturn\u00ea\u2019 que lotou o est\u00e1dio Palma Travassos. <\/p>\n<p>________________________________________________________________________________<\/p>\n<p>SAIBA MAIS<\/p>\n<p>Parque Roberto Genaro em Ribeir\u00e3o Preto ser\u00e1 reaberto ap\u00f3s 11 anos; saiba a data<\/p>\n<h4 class=\"wp-block-heading\"><strong>FIQUE ON<\/strong><\/h4>\n<p>Fique ligado em tudo que acontece em Ribeir\u00e3o Preto e regi\u00e3o. Siga os perfis do\u00a0<strong>acidade on\u00a0<\/strong>no\u00a0<a href=\"https:\/\/www.instagram.com\/acidadeonribeirao\" target=\"_blank\" rel=\"noreferrer noopener\">Instagram<\/a>\u00a0e no\u00a0<a href=\"https:\/\/www.facebook.com\/acidadeonribeirao\/\" target=\"_blank\" rel=\"noreferrer noopener\">Facebook<\/a>.<\/p>\n<p>Receba not\u00edcias do\u00a0<strong>acidade on\u00a0<\/strong>no WhatsApp.\u00a0<a href=\"https:\/\/chat.whatsapp.com\/Fg4ok3aAVyB59DP63pRapr\" target=\"_blank\" rel=\"noreferrer noopener\">Para entrar no grupo, basta clicar aqui.<\/a><\/p>\n<p>Fa\u00e7a uma den\u00fancia ou sugira uma reportagem sobre Ribeir\u00e3o Preto e regi\u00e3o pelo WhatsApp: 16 99117 7802.<\/p>\n<p>VEJA TAMB\u00c9M<\/p>\n<p>Quais famosos v\u00e3o vir para a CCXP no Brasil?<\/p>\n<p><!-- CONTENT END 1 -->\n<\/div>\n<\/div>\n<p><script async src=\"\/\/www.instagram.com\/embed.js\"><\/script><br \/>\n<br \/><br \/>\n<br \/><a href=\"https:\/\/www.acidadeon.com\/ribeiraopreto\/lazer-e-cultura\/jao-anuncia-turne-especial-de-natal-em-ribeirao-preto-saiba-quando\/\">Source link <\/a><\/p>\n","protected":false},"excerpt":{"rendered":"<p>O cantor J\u00e3o\u00a0fez a alegria dos f\u00e3s e anunciou a turn\u00ea \u2018Especial de Natal\u2019, por meio das redes sociais. O show, que passar\u00e1 por 12&#8230;<\/p>\n","protected":false},"author":1,"featured_media":60199,"comment_status":"open","ping_status":"open","sticky":false,"template":"","format":"standard","meta":{"advanced_seo_description":"","jetpack_seo_html_title":"","jetpack_seo_noindex":false,"jetpack_post_was_ever_published":false,"_jetpack_newsletter_access":"","_jetpack_dont_email_post_to_subs":false,"_jetpack_newsletter_tier_id":0,"_jetpack_memberships_contains_paywalled_content":false,"_jetpack_memberships_contains_paid_content":false,"footnotes":"","jetpack_publicize_message":"","jetpack_publicize_feature_enabled":true,"jetpack_social_post_already_shared":true,"jetpack_social_options":{"image_generator_settings":{"template":"highway","default_image_id":0,"font":"","enabled":false},"version":2}},"categories":[11],"tags":[],"class_list":["post-60198","post","type-post","status-publish","format-standard","has-post-thumbnail","hentry","category-noticias-de-ribeirao-preto-sp-e-regiao-ismael-colosi"],"jetpack_publicize_connections":[],"jetpack_featured_media_url":"https:\/\/i0.wp.com\/noticiasribeiraopreto.com.br\/wp-content\/uploads\/2024\/11\/Copia-de-Copia-de-Copia-de-TAMANHO-EXATO-PARA-FOTOS-NO-SISTEMA-NOVO-78_2024-11-07_23-06-01_png_2024-11-07_23-06-01.webp.webp?fit=1200%2C675&ssl=1","jetpack-related-posts":[{"id":60213,"url":"https:\/\/noticiasribeiraopreto.com.br\/index.php\/2024\/11\/08\/veja-como-comprar-ingressos-para-turne-especial-de-natal-do-jao-em-ribeirao\/","url_meta":{"origin":60198,"position":0},"title":"Veja como comprar ingressos para turn\u00ea \u2018Especial de Natal\u2019 do J\u00e3o em Ribeir\u00e3o","author":"noticiasribeiraopreto.com.br","date":"8 de November de 2024","format":false,"excerpt":"As vendas de ingressos para turn\u00ea \u201cEspecial de Natal\u201d, do cantor J\u00e3o come\u00e7aram nesta sexta-feira (8), \u00e0s 12h. Atrav\u00e9s das redes sociais, o artista anunciou que a tour passar\u00e1 por 12 cidades brasileiras, com apresenta\u00e7\u00e3o em Ribeir\u00e3o Preto marcada para o dia 11 de dezembro. O evento acontece no Theatro\u2026","rel":"","context":"In &quot;Not\u00edcias de Ribeir\u00e3o Preto-SP e Regi\u00e3o&quot;","block_context":{"text":"Not\u00edcias de Ribeir\u00e3o Preto-SP e Regi\u00e3o","link":"https:\/\/noticiasribeiraopreto.com.br\/index.php\/category\/noticias-de-ribeirao-preto-sp-e-regiao-ismael-colosi\/"},"img":{"alt_text":"","src":"https:\/\/i0.wp.com\/noticiasribeiraopreto.com.br\/wp-content\/uploads\/2024\/11\/jao-especial-de-natal_2024-11-08_14-44-03_jpg_2024-11-08_14-44-03.webp.webp?fit=1200%2C675&ssl=1&resize=350%2C200","width":350,"height":200,"srcset":"https:\/\/i0.wp.com\/noticiasribeiraopreto.com.br\/wp-content\/uploads\/2024\/11\/jao-especial-de-natal_2024-11-08_14-44-03_jpg_2024-11-08_14-44-03.webp.webp?fit=1200%2C675&ssl=1&resize=350%2C200 1x, https:\/\/i0.wp.com\/noticiasribeiraopreto.com.br\/wp-content\/uploads\/2024\/11\/jao-especial-de-natal_2024-11-08_14-44-03_jpg_2024-11-08_14-44-03.webp.webp?fit=1200%2C675&ssl=1&resize=525%2C300 1.5x, https:\/\/i0.wp.com\/noticiasribeiraopreto.com.br\/wp-content\/uploads\/2024\/11\/jao-especial-de-natal_2024-11-08_14-44-03_jpg_2024-11-08_14-44-03.webp.webp?fit=1200%2C675&ssl=1&resize=700%2C400 2x, https:\/\/i0.wp.com\/noticiasribeiraopreto.com.br\/wp-content\/uploads\/2024\/11\/jao-especial-de-natal_2024-11-08_14-44-03_jpg_2024-11-08_14-44-03.webp.webp?fit=1200%2C675&ssl=1&resize=1050%2C600 3x"},"classes":[]},{"id":63162,"url":"https:\/\/noticiasribeiraopreto.com.br\/index.php\/2025\/02\/04\/jao-surpreende-fa-mirim-com-camisa-e-cds-autografados-antes-de-cirurgia-em-ribeirao-preto\/","url_meta":{"origin":60198,"position":1},"title":"J\u00e3o surpreende f\u00e3-mirim com camisa e CDs autografados antes de cirurgia em Ribeir\u00e3o Preto","author":"noticiasribeiraopreto.com.br","date":"4 de February de 2025","format":false,"excerpt":"Na ter\u00e7a-feira (4), Alice Const\u00e2ncio Lucas, uma menina de 11 anos de Ribeir\u00e3o Preto, recebeu um presente inesperado. Alice, que nasceu com miopatia nemal\u00ednica \u2014 uma condi\u00e7\u00e3o gen\u00e9tica rara que afeta a forma\u00e7\u00e3o muscular \u2014 foi surpreendida com uma camisa de edi\u00e7\u00e3o limitada e CDs autografados pelo cantor J\u00e3o. Ela\u2026","rel":"","context":"In &quot;Not\u00edcias de Ribeir\u00e3o Preto-SP e Regi\u00e3o&quot;","block_context":{"text":"Not\u00edcias de Ribeir\u00e3o Preto-SP e Regi\u00e3o","link":"https:\/\/noticiasribeiraopreto.com.br\/index.php\/category\/noticias-de-ribeirao-preto-sp-e-regiao-ismael-colosi\/"},"img":{"alt_text":"","src":"https:\/\/i0.wp.com\/noticiasribeiraopreto.com.br\/wp-content\/uploads\/2025\/02\/Copia-de-Copia-de-Copia-de-TAMANHO-EXATO-PARA-FOTOS-NO-SISTEMA-NOVO-2025-02-04T173031.778_2025-02-04_20-30-40_png_2025-02-04_20-30-40.webp.webp?fit=1200%2C675&ssl=1&resize=350%2C200","width":350,"height":200,"srcset":"https:\/\/i0.wp.com\/noticiasribeiraopreto.com.br\/wp-content\/uploads\/2025\/02\/Copia-de-Copia-de-Copia-de-TAMANHO-EXATO-PARA-FOTOS-NO-SISTEMA-NOVO-2025-02-04T173031.778_2025-02-04_20-30-40_png_2025-02-04_20-30-40.webp.webp?fit=1200%2C675&ssl=1&resize=350%2C200 1x, https:\/\/i0.wp.com\/noticiasribeiraopreto.com.br\/wp-content\/uploads\/2025\/02\/Copia-de-Copia-de-Copia-de-TAMANHO-EXATO-PARA-FOTOS-NO-SISTEMA-NOVO-2025-02-04T173031.778_2025-02-04_20-30-40_png_2025-02-04_20-30-40.webp.webp?fit=1200%2C675&ssl=1&resize=525%2C300 1.5x, https:\/\/i0.wp.com\/noticiasribeiraopreto.com.br\/wp-content\/uploads\/2025\/02\/Copia-de-Copia-de-Copia-de-TAMANHO-EXATO-PARA-FOTOS-NO-SISTEMA-NOVO-2025-02-04T173031.778_2025-02-04_20-30-40_png_2025-02-04_20-30-40.webp.webp?fit=1200%2C675&ssl=1&resize=700%2C400 2x, https:\/\/i0.wp.com\/noticiasribeiraopreto.com.br\/wp-content\/uploads\/2025\/02\/Copia-de-Copia-de-Copia-de-TAMANHO-EXATO-PARA-FOTOS-NO-SISTEMA-NOVO-2025-02-04T173031.778_2025-02-04_20-30-40_png_2025-02-04_20-30-40.webp.webp?fit=1200%2C675&ssl=1&resize=1050%2C600 3x"},"classes":[]},{"id":41727,"url":"https:\/\/noticiasribeiraopreto.com.br\/index.php\/2024\/03\/10\/jao-recorda-infancia-e-compara-ribeirao-preto-com-a-disney-veja-o-video\/","url_meta":{"origin":60198,"position":2},"title":"J\u00e3o recorda inf\u00e2ncia e compara Ribeir\u00e3o Preto com a Disney; Veja o v\u00eddeo","author":"noticiasribeiraopreto.com.br","date":"10 de March de 2024","format":false,"excerpt":"Durante o show no est\u00e1dio Palma Travassos, em Ribeir\u00e3o Preto, o cantor J\u00e3o lembrou de quando vinha para cidade na inf\u00e2ncia. J\u00e3o \u00e9 natural de Am\u00e9rico Brasiliense, pr\u00f3ximo a Araraquara. Ele se apresentou em Ribeir\u00e3o Preto na noite do \u00faltimo s\u00e1bado (9). \u201cRibeir\u00e3o Preto para mim era tipo a Disney\u201d,\u2026","rel":"","context":"In &quot;Not\u00edcias de Ribeir\u00e3o Preto-SP e Regi\u00e3o&quot;","block_context":{"text":"Not\u00edcias de Ribeir\u00e3o Preto-SP e Regi\u00e3o","link":"https:\/\/noticiasribeiraopreto.com.br\/index.php\/category\/noticias-de-ribeirao-preto-sp-e-regiao-ismael-colosi\/"},"img":{"alt_text":"","src":"https:\/\/i0.wp.com\/noticiasribeiraopreto.com.br\/wp-content\/uploads\/2024\/03\/AnyConv.com__jao-1.webp.webp?fit=1200%2C674&ssl=1&resize=350%2C200","width":350,"height":200,"srcset":"https:\/\/i0.wp.com\/noticiasribeiraopreto.com.br\/wp-content\/uploads\/2024\/03\/AnyConv.com__jao-1.webp.webp?fit=1200%2C674&ssl=1&resize=350%2C200 1x, https:\/\/i0.wp.com\/noticiasribeiraopreto.com.br\/wp-content\/uploads\/2024\/03\/AnyConv.com__jao-1.webp.webp?fit=1200%2C674&ssl=1&resize=525%2C300 1.5x, https:\/\/i0.wp.com\/noticiasribeiraopreto.com.br\/wp-content\/uploads\/2024\/03\/AnyConv.com__jao-1.webp.webp?fit=1200%2C674&ssl=1&resize=700%2C400 2x, https:\/\/i0.wp.com\/noticiasribeiraopreto.com.br\/wp-content\/uploads\/2024\/03\/AnyConv.com__jao-1.webp.webp?fit=1200%2C674&ssl=1&resize=1050%2C600 3x"},"classes":[]},{"id":41936,"url":"https:\/\/noticiasribeiraopreto.com.br\/index.php\/2024\/03\/12\/show-do-jao-arrecada-25-toneladas-de-alimentos-em-ribeirao-preto\/","url_meta":{"origin":60198,"position":3},"title":"Show do J\u00e3o arrecada 2,5 toneladas de alimentos em Ribeir\u00e3o Preto","author":"noticiasribeiraopreto.com.br","date":"12 de March de 2024","format":false,"excerpt":"O show do cantor J\u00e3o na \u201cSuperturn\u00ea\u201d, em Ribeir\u00e3o Preto, arrecadou 2,5 toneladas em alimentos n\u00e3o perec\u00edveis para doa\u00e7\u00e3o a entidades da cidade, por meio do Fundo Social de Solidariedade (FSS). O evento aconteceu no \u00faltimo s\u00e1bado (9), no Est\u00e1dio Palma Travassos (Comercial). O evento contou com a op\u00e7\u00e3o de\u00a0\u201cingresso\u2026","rel":"","context":"In &quot;Not\u00edcias de Ribeir\u00e3o Preto-SP e Regi\u00e3o&quot;","block_context":{"text":"Not\u00edcias de Ribeir\u00e3o Preto-SP e Regi\u00e3o","link":"https:\/\/noticiasribeiraopreto.com.br\/index.php\/category\/noticias-de-ribeirao-preto-sp-e-regiao-ismael-colosi\/"},"img":{"alt_text":"","src":"https:\/\/i0.wp.com\/noticiasribeiraopreto.com.br\/wp-content\/uploads\/2024\/03\/fss_turne_jao_1.jpg?fit=1044%2C692&ssl=1&resize=350%2C200","width":350,"height":200,"srcset":"https:\/\/i0.wp.com\/noticiasribeiraopreto.com.br\/wp-content\/uploads\/2024\/03\/fss_turne_jao_1.jpg?fit=1044%2C692&ssl=1&resize=350%2C200 1x, https:\/\/i0.wp.com\/noticiasribeiraopreto.com.br\/wp-content\/uploads\/2024\/03\/fss_turne_jao_1.jpg?fit=1044%2C692&ssl=1&resize=525%2C300 1.5x, https:\/\/i0.wp.com\/noticiasribeiraopreto.com.br\/wp-content\/uploads\/2024\/03\/fss_turne_jao_1.jpg?fit=1044%2C692&ssl=1&resize=700%2C400 2x"},"classes":[]},{"id":40535,"url":"https:\/\/noticiasribeiraopreto.com.br\/index.php\/2024\/03\/04\/saiba-tudo-sobre-o-show-do-cantor-jao-em-ribeirao-preto\/","url_meta":{"origin":60198,"position":4},"title":"Saiba tudo sobre o show do cantor J\u00e3o em Ribeir\u00e3o Preto","author":"noticiasribeiraopreto.com.br","date":"4 de March de 2024","format":false,"excerpt":"O cantor J\u00e3o vem a Ribeir\u00e3o Preto para o show da \u201cSuperturn\u00ea\u201d, no dia 9 de mar\u00e7o, no est\u00e1dio Palma Travassos. Os ingressos ainda est\u00e3o dispon\u00edveis e podem ser comprados atrav\u00e9s do site (clique aqui) ou presencialmente no Mercad\u00e3o Sports Bar. Os port\u00f5es do est\u00e1dio abrem \u00e0s 18h. Agora, segundo\u2026","rel":"","context":"In &quot;Not\u00edcias de Ribeir\u00e3o Preto-SP e Regi\u00e3o&quot;","block_context":{"text":"Not\u00edcias de Ribeir\u00e3o Preto-SP e Regi\u00e3o","link":"https:\/\/noticiasribeiraopreto.com.br\/index.php\/category\/noticias-de-ribeirao-preto-sp-e-regiao-ismael-colosi\/"},"img":{"alt_text":"","src":"https:\/\/i0.wp.com\/noticiasribeiraopreto.com.br\/wp-content\/uploads\/2024\/03\/Design-sem-nome-9.jpg?fit=960%2C693&ssl=1&resize=350%2C200","width":350,"height":200,"srcset":"https:\/\/i0.wp.com\/noticiasribeiraopreto.com.br\/wp-content\/uploads\/2024\/03\/Design-sem-nome-9.jpg?fit=960%2C693&ssl=1&resize=350%2C200 1x, https:\/\/i0.wp.com\/noticiasribeiraopreto.com.br\/wp-content\/uploads\/2024\/03\/Design-sem-nome-9.jpg?fit=960%2C693&ssl=1&resize=525%2C300 1.5x, https:\/\/i0.wp.com\/noticiasribeiraopreto.com.br\/wp-content\/uploads\/2024\/03\/Design-sem-nome-9.jpg?fit=960%2C693&ssl=1&resize=700%2C400 2x"},"classes":[]},{"id":40544,"url":"https:\/\/noticiasribeiraopreto.com.br\/index.php\/2024\/03\/04\/saiba-tudo-sobre-o-show-do-cantor-jao-em-ribeirao-preto-2\/","url_meta":{"origin":60198,"position":5},"title":"Saiba tudo sobre o show do cantor J\u00e3o em Ribeir\u00e3o Preto","author":"noticiasribeiraopreto.com.br","date":"4 de March de 2024","format":false,"excerpt":"O cantor J\u00e3o vem a Ribeir\u00e3o Preto para o show da \u201cSuperturn\u00ea\u201d, no dia 9 de mar\u00e7o, no est\u00e1dio Palma Travassos. Os ingressos ainda est\u00e3o dispon\u00edveis e podem ser comprados atrav\u00e9s do site (clique aqui) ou presencialmente no Mercad\u00e3o Sports Bar. Os port\u00f5es do est\u00e1dio abrem \u00e0s 18h. Agora, segundo\u2026","rel":"","context":"In &quot;Not\u00edcias de Ribeir\u00e3o Preto-SP e Regi\u00e3o&quot;","block_context":{"text":"Not\u00edcias de Ribeir\u00e3o Preto-SP e Regi\u00e3o","link":"https:\/\/noticiasribeiraopreto.com.br\/index.php\/category\/noticias-de-ribeirao-preto-sp-e-regiao-ismael-colosi\/"},"img":{"alt_text":"","src":"https:\/\/i0.wp.com\/noticiasribeiraopreto.com.br\/wp-content\/uploads\/2024\/03\/AnyConv.com__jao.webp.webp?fit=1000%2C652&ssl=1&resize=350%2C200","width":350,"height":200,"srcset":"https:\/\/i0.wp.com\/noticiasribeiraopreto.com.br\/wp-content\/uploads\/2024\/03\/AnyConv.com__jao.webp.webp?fit=1000%2C652&ssl=1&resize=350%2C200 1x, https:\/\/i0.wp.com\/noticiasribeiraopreto.com.br\/wp-content\/uploads\/2024\/03\/AnyConv.com__jao.webp.webp?fit=1000%2C652&ssl=1&resize=525%2C300 1.5x, https:\/\/i0.wp.com\/noticiasribeiraopreto.com.br\/wp-content\/uploads\/2024\/03\/AnyConv.com__jao.webp.webp?fit=1000%2C652&ssl=1&resize=700%2C400 2x"},"classes":[]}],"jetpack_sharing_enabled":true,"jetpack_shortlink":"https:\/\/wp.me\/peQAOb-fEW","_links":{"self":[{"href":"https:\/\/noticiasribeiraopreto.com.br\/index.php\/wp-json\/wp\/v2\/posts\/60198","targetHints":{"allow":["GET"]}}],"collection":[{"href":"https:\/\/noticiasribeiraopreto.com.br\/index.php\/wp-json\/wp\/v2\/posts"}],"about":[{"href":"https:\/\/noticiasribeiraopreto.com.br\/index.php\/wp-json\/wp\/v2\/types\/post"}],"author":[{"embeddable":true,"href":"https:\/\/noticiasribeiraopreto.com.br\/index.php\/wp-json\/wp\/v2\/users\/1"}],"replies":[{"embeddable":true,"href":"https:\/\/noticiasribeiraopreto.com.br\/index.php\/wp-json\/wp\/v2\/comments?post=60198"}],"version-history":[{"count":0,"href":"https:\/\/noticiasribeiraopreto.com.br\/index.php\/wp-json\/wp\/v2\/posts\/60198\/revisions"}],"wp:featuredmedia":[{"embeddable":true,"href":"https:\/\/noticiasribeiraopreto.com.br\/index.php\/wp-json\/wp\/v2\/media\/60199"}],"wp:attachment":[{"href":"https:\/\/noticiasribeiraopreto.com.br\/index.php\/wp-json\/wp\/v2\/media?parent=60198"}],"wp:term":[{"taxonomy":"category","embeddable":true,"href":"https:\/\/noticiasribeiraopreto.com.br\/index.php\/wp-json\/wp\/v2\/categories?post=60198"},{"taxonomy":"post_tag","embeddable":true,"href":"https:\/\/noticiasribeiraopreto.com.br\/index.php\/wp-json\/wp\/v2\/tags?post=60198"}],"curies":[{"name":"wp","href":"https:\/\/api.w.org\/{rel}","templated":true}]}}