{"id":60200,"date":"2024-11-07T22:05:26","date_gmt":"2024-11-08T01:05:26","guid":{"rendered":"https:\/\/noticiasribeiraopreto.com.br\/index.php\/2024\/11\/07\/pais-sao-presos-em-franca-suspeitos-da-morte-do-filho-de-53-dias-com-sinais-de-desnutricao\/"},"modified":"2024-11-07T22:05:26","modified_gmt":"2024-11-08T01:05:26","slug":"pais-sao-presos-em-franca-suspeitos-da-morte-do-filho-de-53-dias-com-sinais-de-desnutricao","status":"publish","type":"post","link":"https:\/\/noticiasribeiraopreto.com.br\/index.php\/2024\/11\/07\/pais-sao-presos-em-franca-suspeitos-da-morte-do-filho-de-53-dias-com-sinais-de-desnutricao\/","title":{"rendered":"Pais S\u00e3o Presos em Franca Suspeitos da Morte do Filho de 53 Dias com Sinais de Desnutri\u00e7\u00e3o"},"content":{"rendered":"<div class='code-block code-block-1' style='margin: 8px 0 8px auto; text-align: right; display: block; clear: both;'>\n<p><a href=\"https:\/\/wa.link\/vpicfd\"><img data-recalc-dims=\"1\" class=\"wp-image-4922\" style=\"aspect-ratio: 2.0253164556962027; width: 561px; height: auto;\" src=\"https:\/\/i0.wp.com\/ismaelcolosi.com.br\/wp-content\/uploads\/2023\/11\/grupo-de-empregos-whatsapp-e-facebook-ismael-colosi-vagas.jpg?ssl=1\" alt=\"\" \/><\/a><\/p>\n<!-- \/wp:image -->\n<\/div>\n<p> <br \/>\n<\/p>\n<div>\n<p>Um caso tr\u00e1gico chocou a cidade de Franca, interior de S\u00e3o Paulo, quando um beb\u00ea de apenas 53 dias de vida foi encontrado morto com sinais evidentes de desnutri\u00e7\u00e3o. Os pais da crian\u00e7a foram presos e est\u00e3o sendo investigados pela pol\u00edcia, que apura as circunst\u00e2ncias que levaram \u00e0 morte do rec\u00e9m-nascido. O epis\u00f3dio levantou uma s\u00e9rie de quest\u00f5es sobre a sa\u00fade e seguran\u00e7a de crian\u00e7as em situa\u00e7\u00e3o de vulnerabilidade e reacendeu o debate sobre o papel de institui\u00e7\u00f5es e pol\u00edticas p\u00fablicas na preven\u00e7\u00e3o de casos de neglig\u00eancia infantil.<\/p>\n<p>Detalhes do Caso e a Atua\u00e7\u00e3o da Pol\u00edcia<\/p>\n<p>De acordo com informa\u00e7\u00f5es da Pol\u00edcia Civil, o caso foi registrado quando os servi\u00e7os de emerg\u00eancia foram chamados para socorrer o beb\u00ea, que j\u00e1 apresentava sinais cr\u00edticos de sa\u00fade. Ao chegarem ao local, os profissionais encontraram a crian\u00e7a em estado grave, mas infelizmente sem chances de sobreviv\u00eancia. Exames preliminares apontaram sinais claros de desnutri\u00e7\u00e3o severa, um fator que contribuiu diretamente para a morte precoce do beb\u00ea. Diante do quadro, a pol\u00edcia deteve o casal, que j\u00e1 era monitorado por suspeitas de descuido na cria\u00e7\u00e3o do filho.<\/p>\n<p>Os pais, que agora est\u00e3o sob cust\u00f3dia, negam as acusa\u00e7\u00f5es de neglig\u00eancia e maus-tratos, mas as evid\u00eancias iniciais levantam d\u00favidas quanto aos cuidados que foram dispensados ao beb\u00ea. A pol\u00edcia investiga a possibilidade de que outros fatores, como doen\u00e7as pr\u00e9-existentes ou condi\u00e7\u00f5es de pobreza extrema, possam ter influenciado a situa\u00e7\u00e3o. Entretanto, a hip\u00f3tese de neglig\u00eancia continua a ser a principal linha de investiga\u00e7\u00e3o, especialmente considerando o hist\u00f3rico de aus\u00eancia de cuidados m\u00e9dicos regulares para a crian\u00e7a.<\/p>\n<p>Impacto do Caso na Comunidade e a Rea\u00e7\u00e3o da Sociedade<\/p>\n<p>A morte do beb\u00ea com menos de dois meses de vida gerou uma onda de indigna\u00e7\u00e3o em Franca e em toda a regi\u00e3o, suscitando debates acalorados sobre os direitos das crian\u00e7as e as responsabilidades dos pais e do Estado. Em situa\u00e7\u00f5es como essa, onde h\u00e1 suspeita de maus-tratos e neglig\u00eancia, a comunidade cobra respostas r\u00e1pidas das autoridades e das institui\u00e7\u00f5es que trabalham na prote\u00e7\u00e3o \u00e0 inf\u00e2ncia.<\/p>\n<p>Al\u00e9m da pol\u00edcia, conselheiros tutelares e profissionais de sa\u00fade est\u00e3o envolvidos nas investiga\u00e7\u00f5es para entender se a crian\u00e7a teve acompanhamento pr\u00e9-natal e se houve falhas nos servi\u00e7os de assist\u00eancia social. A press\u00e3o da sociedade para que casos como este sejam evitados cresce, e grupos de direitos humanos pedem uma atua\u00e7\u00e3o mais ativa do poder p\u00fablico na fiscaliza\u00e7\u00e3o e preven\u00e7\u00e3o de situa\u00e7\u00f5es de neglig\u00eancia infantil.<\/p>\n<p>Desafios e Limita\u00e7\u00f5es na Preven\u00e7\u00e3o de Casos de Neglig\u00eancia<\/p>\n<p>Casos de desnutri\u00e7\u00e3o e morte de crian\u00e7as pequenas trazem \u00e0 tona a necessidade de um sistema mais robusto de monitoramento e apoio a fam\u00edlias em situa\u00e7\u00e3o de vulnerabilidade. Em muitas regi\u00f5es, a falta de acesso a cuidados m\u00e9dicos adequados, a escassez de recursos e a aus\u00eancia de programas sociais que acompanhem as fam\u00edlias mais pobres colocam as crian\u00e7as em risco.<\/p>\n<p>A desnutri\u00e7\u00e3o infantil \u00e9 um problema que ainda persiste em diversas \u00e1reas do Brasil, especialmente em locais onde h\u00e1 baixa presen\u00e7a de servi\u00e7os de sa\u00fade e pol\u00edticas de assist\u00eancia. Em Franca, como em outras cidades do interior paulista, o desafio de garantir que todas as crian\u00e7as tenham acesso a uma alimenta\u00e7\u00e3o adequada e a cuidados m\u00e9dicos regulares exige um esfor\u00e7o coordenado entre prefeitura, Estado e organiza\u00e7\u00f5es civis.<\/p>\n<p>O Papel do Conselho Tutelar e da Assist\u00eancia Social<\/p>\n<p>O Conselho Tutelar de Franca tamb\u00e9m est\u00e1 atuando no caso, verificando se houve algum tipo de omiss\u00e3o anterior \u00e0 morte do beb\u00ea. Conselheiros e assistentes sociais frequentemente enfrentam dificuldades para acompanhar todas as fam\u00edlias em risco devido \u00e0 limita\u00e7\u00e3o de recursos e ao alto n\u00famero de casos. Mesmo assim, espera-se que o caso sirva de alerta para que pol\u00edticas de preven\u00e7\u00e3o de neglig\u00eancia infantil sejam refor\u00e7adas e para que haja um monitoramento mais ativo das fam\u00edlias em situa\u00e7\u00e3o de risco.<\/p>\n<p>O sistema de prote\u00e7\u00e3o infantil no Brasil conta com programas voltados ao atendimento de crian\u00e7as e adolescentes, mas enfrenta obst\u00e1culos em quest\u00f5es como a falta de recursos, a burocracia e a complexidade dos casos. Em muitos munic\u00edpios, os conselhos tutelares s\u00e3o sobrecarregados, dificultando o acompanhamento adequado e r\u00e1pido de todas as den\u00fancias de maus-tratos.<\/p>\n<p>Debate Sobre as Consequ\u00eancias Legais para Pais em Situa\u00e7\u00f5es Semelhantes<\/p>\n<p>A pris\u00e3o dos pais do beb\u00ea levanta quest\u00f5es sobre a responsabiliza\u00e7\u00e3o em casos de neglig\u00eancia que resultam em morte. As leis brasileiras preveem penas severas para crimes que envolvem maus-tratos e omiss\u00e3o de cuidados com crian\u00e7as. No entanto, quando h\u00e1 fatores como vulnerabilidade econ\u00f4mica, o debate se torna mais complexo, pois existe uma linha t\u00eanue entre a neglig\u00eancia e a incapacidade de proporcionar cuidados adequados devido \u00e0 pobreza.<\/p>\n<p>Para especialistas em direito da inf\u00e2ncia, \u00e9 fundamental que cada caso seja analisado em suas especificidades, garantindo que a justi\u00e7a seja feita, mas tamb\u00e9m considerando as limita\u00e7\u00f5es enfrentadas por fam\u00edlias em situa\u00e7\u00e3o de vulnerabilidade. Em alguns casos, a solu\u00e7\u00e3o pode passar pela cria\u00e7\u00e3o de programas que fortale\u00e7am essas fam\u00edlias, ao inv\u00e9s de apenas punir, oferecendo condi\u00e7\u00f5es para que os pais cuidem adequadamente de seus filhos.<\/p>\n<p>Considera\u00e7\u00f5es Finais<\/p>\n<p>O caso da morte do beb\u00ea de 53 dias em Franca \u00e9 um triste lembrete das consequ\u00eancias da neglig\u00eancia infantil e da necessidade de um olhar atento da sociedade e do poder p\u00fablico para a prote\u00e7\u00e3o das crian\u00e7as. A investiga\u00e7\u00e3o segue em andamento, e espera-se que o desfecho traga n\u00e3o s\u00f3 respostas, mas tamb\u00e9m iniciativas para prevenir que outras crian\u00e7as passem por situa\u00e7\u00f5es semelhantes. A trag\u00e9dia deixa uma ferida profunda na comunidade e refor\u00e7a a urg\u00eancia de pol\u00edticas de prote\u00e7\u00e3o mais eficazes, garantindo que todas as crian\u00e7as tenham acesso a um ambiente seguro e saud\u00e1vel para crescer.<\/p>\n<p>&#13;<br \/>\n\t\t\t\t<span class=\"post-views-icon dashicons dashicons-chart-bar\"\/> <span class=\"post-views-label\">Visualiza\u00e7\u00f5es:<\/span> <span class=\"post-views-count\">7<\/span>&#13;\n\t\t\t<\/p>\n<\/p><\/div>\n<p><br \/>\n<br \/><a href=\"https:\/\/folhaderibeirao.com.br\/2024\/11\/07\/pais-sao-presos-em-franca-suspeitos-da-morte-do-filho-de-53-dias-com-sinais-de-desnutricao\/\">Source link <\/a><\/p>\n<!-- CONTENT END 1 -->\n","protected":false},"excerpt":{"rendered":"<p>Um caso tr\u00e1gico chocou a cidade de Franca, interior de S\u00e3o Paulo, quando um beb\u00ea de apenas 53 dias de vida foi encontrado morto com&#8230;<\/p>\n","protected":false},"author":1,"featured_media":60024,"comment_status":"open","ping_status":"open","sticky":false,"template":"","format":"standard","meta":{"advanced_seo_description":"","jetpack_seo_html_title":"","jetpack_seo_noindex":false,"jetpack_post_was_ever_published":false,"_jetpack_newsletter_access":"","_jetpack_dont_email_post_to_subs":false,"_jetpack_newsletter_tier_id":0,"_jetpack_memberships_contains_paywalled_content":false,"_jetpack_memberships_contains_paid_content":false,"footnotes":"","jetpack_publicize_message":"","jetpack_publicize_feature_enabled":true,"jetpack_social_post_already_shared":true,"jetpack_social_options":{"image_generator_settings":{"template":"highway","default_image_id":0,"font":"","enabled":false},"version":2}},"categories":[11],"tags":[6027,493,2313,957,558,709,1490,50,2848,110],"class_list":["post-60200","post","type-post","status-publish","format-standard","has-post-thumbnail","hentry","category-noticias-de-ribeirao-preto-sp-e-regiao-ismael-colosi","tag-desnutricao","tag-dias","tag-filho","tag-franca","tag-morte","tag-pais","tag-presos","tag-sao","tag-sinais","tag-suspeitos"],"jetpack_publicize_connections":[],"jetpack_featured_media_url":"https:\/\/i0.wp.com\/noticiasribeiraopreto.com.br\/wp-content\/uploads\/2024\/11\/bebe.webp.webp?fit=1170%2C700&ssl=1","jetpack-related-posts":[{"id":60023,"url":"https:\/\/noticiasribeiraopreto.com.br\/index.php\/2024\/11\/04\/pais-sao-presos-em-franca-apos-bebe-de-2-meses-morrer-com-suspeitas-de-desnutricao\/","url_meta":{"origin":60200,"position":0},"title":"Pais s\u00e3o Presos em Franca Ap\u00f3s Beb\u00ea de 2 Meses Morrer com Suspeitas de Desnutri\u00e7\u00e3o","author":"noticiasribeiraopreto.com.br","date":"4 de November de 2024","format":false,"excerpt":"Em um caso que chocou a cidade de Franca, SP, um beb\u00ea de apenas dois meses morreu com sinais de desnutri\u00e7\u00e3o severa, e seus pais foram presos preventivamente sob suspeita de neglig\u00eancia e maus-tratos. A situa\u00e7\u00e3o foi confirmada pela Pol\u00edcia Civil, que agora trabalha para entender as condi\u00e7\u00f5es que levaram\u2026","rel":"","context":"In &quot;Not\u00edcias de Ribeir\u00e3o Preto-SP e Regi\u00e3o&quot;","block_context":{"text":"Not\u00edcias de Ribeir\u00e3o Preto-SP e Regi\u00e3o","link":"https:\/\/noticiasribeiraopreto.com.br\/index.php\/category\/noticias-de-ribeirao-preto-sp-e-regiao-ismael-colosi\/"},"img":{"alt_text":"","src":"https:\/\/i0.wp.com\/noticiasribeiraopreto.com.br\/wp-content\/uploads\/2024\/11\/bebe.webp.webp?fit=1170%2C700&ssl=1&resize=350%2C200","width":350,"height":200,"srcset":"https:\/\/i0.wp.com\/noticiasribeiraopreto.com.br\/wp-content\/uploads\/2024\/11\/bebe.webp.webp?fit=1170%2C700&ssl=1&resize=350%2C200 1x, https:\/\/i0.wp.com\/noticiasribeiraopreto.com.br\/wp-content\/uploads\/2024\/11\/bebe.webp.webp?fit=1170%2C700&ssl=1&resize=525%2C300 1.5x, https:\/\/i0.wp.com\/noticiasribeiraopreto.com.br\/wp-content\/uploads\/2024\/11\/bebe.webp.webp?fit=1170%2C700&ssl=1&resize=700%2C400 2x, https:\/\/i0.wp.com\/noticiasribeiraopreto.com.br\/wp-content\/uploads\/2024\/11\/bebe.webp.webp?fit=1170%2C700&ssl=1&resize=1050%2C600 3x"},"classes":[]},{"id":59998,"url":"https:\/\/noticiasribeiraopreto.com.br\/index.php\/2024\/11\/04\/casal-e-preso-apos-morte-de-bebe-por-desnutricao-na-regiao-de-ribeirao-preto\/","url_meta":{"origin":60200,"position":1},"title":"Casal \u00e9 preso ap\u00f3s morte de beb\u00ea por desnutri\u00e7\u00e3o na regi\u00e3o de Ribeir\u00e3o Preto","author":"noticiasribeiraopreto.com.br","date":"4 de November de 2024","format":false,"excerpt":"Os pais de um beb\u00ea de apenas dois meses foram presos ap\u00f3s a morte da crian\u00e7a no \u00faltimo final de semana em Franca, na regi\u00e3o de Ribeir\u00e3o Preto. Segundo o B.O. (boletim de ocorr\u00eancia), o beb\u00ea sofreu uma parada cardiorrespirat\u00f3ria e apresentava sinais de desnutri\u00e7\u00e3o. O casal foi preso acusado\u2026","rel":"","context":"In &quot;Not\u00edcias de Ribeir\u00e3o Preto-SP e Regi\u00e3o&quot;","block_context":{"text":"Not\u00edcias de Ribeir\u00e3o Preto-SP e Regi\u00e3o","link":"https:\/\/noticiasribeiraopreto.com.br\/index.php\/category\/noticias-de-ribeirao-preto-sp-e-regiao-ismael-colosi\/"},"img":{"alt_text":"","src":"https:\/\/i0.wp.com\/noticiasribeiraopreto.com.br\/wp-content\/uploads\/2024\/11\/santa_casa_500x320_10122019110753.jpg?fit=500%2C322&ssl=1&resize=350%2C200","width":350,"height":200},"classes":[]},{"id":60006,"url":"https:\/\/noticiasribeiraopreto.com.br\/index.php\/2024\/11\/04\/casal-e-preso-apos-morte-de-bebe-por-desnutricao-na-regiao-de-ribeirao-preto-2\/","url_meta":{"origin":60200,"position":2},"title":"Casal \u00e9 preso ap\u00f3s morte de beb\u00ea por desnutri\u00e7\u00e3o na regi\u00e3o de Ribeir\u00e3o Preto","author":"noticiasribeiraopreto.com.br","date":"4 de November de 2024","format":false,"excerpt":"Os pais de um beb\u00ea de apenas dois meses foram presos ap\u00f3s a morte da crian\u00e7a no \u00faltimo final de semana em Franca, na regi\u00e3o de Ribeir\u00e3o Preto. Segundo o B.O. (boletim de ocorr\u00eancia), o beb\u00ea sofreu uma parada cardiorrespirat\u00f3ria e apresentava sinais de desnutri\u00e7\u00e3o. O casal foi preso acusado\u2026","rel":"","context":"In &quot;Not\u00edcias de Ribeir\u00e3o Preto-SP e Regi\u00e3o&quot;","block_context":{"text":"Not\u00edcias de Ribeir\u00e3o Preto-SP e Regi\u00e3o","link":"https:\/\/noticiasribeiraopreto.com.br\/index.php\/category\/noticias-de-ribeirao-preto-sp-e-regiao-ismael-colosi\/"},"img":{"alt_text":"","src":"https:\/\/i0.wp.com\/noticiasribeiraopreto.com.br\/wp-content\/uploads\/2024\/11\/franca_2024-11-04_15-11-54_jpg_2024-11-04_15-11-54.webp.webp?fit=865%2C558&ssl=1&resize=350%2C200","width":350,"height":200,"srcset":"https:\/\/i0.wp.com\/noticiasribeiraopreto.com.br\/wp-content\/uploads\/2024\/11\/franca_2024-11-04_15-11-54_jpg_2024-11-04_15-11-54.webp.webp?fit=865%2C558&ssl=1&resize=350%2C200 1x, https:\/\/i0.wp.com\/noticiasribeiraopreto.com.br\/wp-content\/uploads\/2024\/11\/franca_2024-11-04_15-11-54_jpg_2024-11-04_15-11-54.webp.webp?fit=865%2C558&ssl=1&resize=525%2C300 1.5x, https:\/\/i0.wp.com\/noticiasribeiraopreto.com.br\/wp-content\/uploads\/2024\/11\/franca_2024-11-04_15-11-54_jpg_2024-11-04_15-11-54.webp.webp?fit=865%2C558&ssl=1&resize=700%2C400 2x"},"classes":[]},{"id":60577,"url":"https:\/\/noticiasribeiraopreto.com.br\/index.php\/2024\/11\/18\/justica-manda-soltar-pais-de-bebe-de-2-meses-morto-em-franca\/","url_meta":{"origin":60200,"position":3},"title":"Justi\u00e7a manda soltar pais de beb\u00ea de 2 meses morto em Franca","author":"noticiasribeiraopreto.com.br","date":"18 de November de 2024","format":false,"excerpt":"O juiz Luciano Franchi Lemes, da 1\u00aa Vara Criminal de Franca, cidade a 88 quil\u00f4metros de Ribeir\u00e3o Preto, determinou nesta segunda-feira (18) que os pais do beb\u00ea de apenas dois meses morto no in\u00edcio de novembro seja solto. O casal Graciela Dominciano de Souza e Jos\u00e9 Euripedes Pizzo de Matos\u2026","rel":"","context":"In &quot;Not\u00edcias de Ribeir\u00e3o Preto-SP e Regi\u00e3o&quot;","block_context":{"text":"Not\u00edcias de Ribeir\u00e3o Preto-SP e Regi\u00e3o","link":"https:\/\/noticiasribeiraopreto.com.br\/index.php\/category\/noticias-de-ribeirao-preto-sp-e-regiao-ismael-colosi\/"},"img":{"alt_text":"","src":"https:\/\/i0.wp.com\/noticiasribeiraopreto.com.br\/wp-content\/uploads\/2024\/11\/ddm-franca_2024-11-18_20-52-54_jpeg_2024-11-18_20-52-54.webp.webp?fit=1200%2C900&ssl=1&resize=350%2C200","width":350,"height":200,"srcset":"https:\/\/i0.wp.com\/noticiasribeiraopreto.com.br\/wp-content\/uploads\/2024\/11\/ddm-franca_2024-11-18_20-52-54_jpeg_2024-11-18_20-52-54.webp.webp?fit=1200%2C900&ssl=1&resize=350%2C200 1x, https:\/\/i0.wp.com\/noticiasribeiraopreto.com.br\/wp-content\/uploads\/2024\/11\/ddm-franca_2024-11-18_20-52-54_jpeg_2024-11-18_20-52-54.webp.webp?fit=1200%2C900&ssl=1&resize=525%2C300 1.5x, https:\/\/i0.wp.com\/noticiasribeiraopreto.com.br\/wp-content\/uploads\/2024\/11\/ddm-franca_2024-11-18_20-52-54_jpeg_2024-11-18_20-52-54.webp.webp?fit=1200%2C900&ssl=1&resize=700%2C400 2x, https:\/\/i0.wp.com\/noticiasribeiraopreto.com.br\/wp-content\/uploads\/2024\/11\/ddm-franca_2024-11-18_20-52-54_jpeg_2024-11-18_20-52-54.webp.webp?fit=1200%2C900&ssl=1&resize=1050%2C600 3x"},"classes":[]},{"id":82526,"url":"https:\/\/noticiasribeiraopreto.com.br\/index.php\/2026\/02\/18\/casal-e-preso-pela-morte-de-crianca-de-3-anos\/","url_meta":{"origin":60200,"position":4},"title":"Casal \u00e9 preso pela morte de crian\u00e7a de 3 anos","author":"noticiasribeiraopreto.com.br","date":"18 de February de 2026","format":false,"excerpt":"\r Av\u00f4, que teria a guarda da menina, a levou para UPA, por\u00e9m o corpo j\u00e1 apresentava rigidez cadav\u00e9rica; Pol\u00edcia Civil investiga crime de tortura\r \r 18 de fevereiro de 2026 09:04 \r Compartilhar1 Por: Adalberto Luque \u2013 Um casal foi preso, na madrugada desta quarta-feira, pela morte de uma\u2026","rel":"","context":"In &quot;Not\u00edcias de Ribeir\u00e3o Preto-SP e Regi\u00e3o&quot;","block_context":{"text":"Not\u00edcias de Ribeir\u00e3o Preto-SP e Regi\u00e3o","link":"https:\/\/noticiasribeiraopreto.com.br\/index.php\/category\/noticias-de-ribeirao-preto-sp-e-regiao-ismael-colosi\/"},"img":{"alt_text":"","src":"https:\/\/i0.wp.com\/noticiasribeiraopreto.com.br\/wp-content\/uploads\/2026\/02\/Luque-Pericia-Foto-Alfredo-Risk-scaled.jpg?fit=1170%2C780&ssl=1&resize=350%2C200","width":350,"height":200,"srcset":"https:\/\/i0.wp.com\/noticiasribeiraopreto.com.br\/wp-content\/uploads\/2026\/02\/Luque-Pericia-Foto-Alfredo-Risk-scaled.jpg?fit=1170%2C780&ssl=1&resize=350%2C200 1x, https:\/\/i0.wp.com\/noticiasribeiraopreto.com.br\/wp-content\/uploads\/2026\/02\/Luque-Pericia-Foto-Alfredo-Risk-scaled.jpg?fit=1170%2C780&ssl=1&resize=525%2C300 1.5x, https:\/\/i0.wp.com\/noticiasribeiraopreto.com.br\/wp-content\/uploads\/2026\/02\/Luque-Pericia-Foto-Alfredo-Risk-scaled.jpg?fit=1170%2C780&ssl=1&resize=700%2C400 2x, https:\/\/i0.wp.com\/noticiasribeiraopreto.com.br\/wp-content\/uploads\/2026\/02\/Luque-Pericia-Foto-Alfredo-Risk-scaled.jpg?fit=1170%2C780&ssl=1&resize=1050%2C600 3x"},"classes":[]},{"id":80186,"url":"https:\/\/noticiasribeiraopreto.com.br\/index.php\/2025\/11\/17\/policia-civil-investiga-mais-um-suspeito-no-caso-da-morte-de-menina-de-11-anos\/","url_meta":{"origin":60200,"position":5},"title":"Pol\u00edcia Civil investiga mais um suspeito no caso da morte de menina de 11 anos","author":"noticiasribeiraopreto.com.br","date":"17 de November de 2025","format":false,"excerpt":"A Pol\u00edcia Civil informou nesta segunda-feira (17) que mais um suspeito \u00e9 investigado no caso da morte da menina\u00a0Ana Alice Santos Fran\u00e7a, de 11 anos, em Serrana, na regi\u00e3o de\u00a0Ribeir\u00e3o Preto. O padrasto, Douglas Junior Nogueira, foi preso temporariamente no \u00faltimo s\u00e1bado (15). A pol\u00edcia suspeita que a crian\u00e7a tenha\u2026","rel":"","context":"In &quot;Not\u00edcias de Ribeir\u00e3o Preto-SP e Regi\u00e3o&quot;","block_context":{"text":"Not\u00edcias de Ribeir\u00e3o Preto-SP e Regi\u00e3o","link":"https:\/\/noticiasribeiraopreto.com.br\/index.php\/category\/noticias-de-ribeirao-preto-sp-e-regiao-ismael-colosi\/"},"img":{"alt_text":"","src":"https:\/\/i0.wp.com\/noticiasribeiraopreto.com.br\/wp-content\/uploads\/2025\/11\/ana-alice_2025-11-15_20-53-32.webp.webp?fit=979%2C633&ssl=1&resize=350%2C200","width":350,"height":200,"srcset":"https:\/\/i0.wp.com\/noticiasribeiraopreto.com.br\/wp-content\/uploads\/2025\/11\/ana-alice_2025-11-15_20-53-32.webp.webp?fit=979%2C633&ssl=1&resize=350%2C200 1x, https:\/\/i0.wp.com\/noticiasribeiraopreto.com.br\/wp-content\/uploads\/2025\/11\/ana-alice_2025-11-15_20-53-32.webp.webp?fit=979%2C633&ssl=1&resize=525%2C300 1.5x, https:\/\/i0.wp.com\/noticiasribeiraopreto.com.br\/wp-content\/uploads\/2025\/11\/ana-alice_2025-11-15_20-53-32.webp.webp?fit=979%2C633&ssl=1&resize=700%2C400 2x"},"classes":[]}],"jetpack_sharing_enabled":true,"jetpack_shortlink":"https:\/\/wp.me\/peQAOb-fEY","_links":{"self":[{"href":"https:\/\/noticiasribeiraopreto.com.br\/index.php\/wp-json\/wp\/v2\/posts\/60200","targetHints":{"allow":["GET"]}}],"collection":[{"href":"https:\/\/noticiasribeiraopreto.com.br\/index.php\/wp-json\/wp\/v2\/posts"}],"about":[{"href":"https:\/\/noticiasribeiraopreto.com.br\/index.php\/wp-json\/wp\/v2\/types\/post"}],"author":[{"embeddable":true,"href":"https:\/\/noticiasribeiraopreto.com.br\/index.php\/wp-json\/wp\/v2\/users\/1"}],"replies":[{"embeddable":true,"href":"https:\/\/noticiasribeiraopreto.com.br\/index.php\/wp-json\/wp\/v2\/comments?post=60200"}],"version-history":[{"count":0,"href":"https:\/\/noticiasribeiraopreto.com.br\/index.php\/wp-json\/wp\/v2\/posts\/60200\/revisions"}],"wp:featuredmedia":[{"embeddable":true,"href":"https:\/\/noticiasribeiraopreto.com.br\/index.php\/wp-json\/wp\/v2\/media\/60024"}],"wp:attachment":[{"href":"https:\/\/noticiasribeiraopreto.com.br\/index.php\/wp-json\/wp\/v2\/media?parent=60200"}],"wp:term":[{"taxonomy":"category","embeddable":true,"href":"https:\/\/noticiasribeiraopreto.com.br\/index.php\/wp-json\/wp\/v2\/categories?post=60200"},{"taxonomy":"post_tag","embeddable":true,"href":"https:\/\/noticiasribeiraopreto.com.br\/index.php\/wp-json\/wp\/v2\/tags?post=60200"}],"curies":[{"name":"wp","href":"https:\/\/api.w.org\/{rel}","templated":true}]}}