{"id":60210,"date":"2024-11-08T11:14:34","date_gmt":"2024-11-08T14:14:34","guid":{"rendered":"https:\/\/noticiasribeiraopreto.com.br\/index.php\/2024\/11\/08\/cresce-a-populacao-em-favelas-de-ribeirao-preto-novo-levantamento-do-ibge-aponta-aumento-de-68\/"},"modified":"2024-11-08T11:14:34","modified_gmt":"2024-11-08T14:14:34","slug":"cresce-a-populacao-em-favelas-de-ribeirao-preto-novo-levantamento-do-ibge-aponta-aumento-de-68","status":"publish","type":"post","link":"https:\/\/noticiasribeiraopreto.com.br\/index.php\/2024\/11\/08\/cresce-a-populacao-em-favelas-de-ribeirao-preto-novo-levantamento-do-ibge-aponta-aumento-de-68\/","title":{"rendered":"Cresce a Popula\u00e7\u00e3o em Favelas de Ribeir\u00e3o Preto: Novo Levantamento do IBGE Aponta Aumento de 68%"},"content":{"rendered":"<div class='code-block code-block-1' style='margin: 8px 0 8px auto; text-align: right; display: block; clear: both;'>\n<p><a href=\"https:\/\/wa.link\/vpicfd\"><img data-recalc-dims=\"1\" class=\"wp-image-4922\" style=\"aspect-ratio: 2.0253164556962027; width: 561px; height: auto;\" src=\"https:\/\/i0.wp.com\/ismaelcolosi.com.br\/wp-content\/uploads\/2023\/11\/grupo-de-empregos-whatsapp-e-facebook-ismael-colosi-vagas.jpg?ssl=1\" alt=\"\" \/><\/a><\/p>\n<!-- \/wp:image -->\n<\/div>\n<p> <br \/>\n<\/p>\n<div>\n<p>Um levantamento recente do Instituto Brasileiro de Geografia e Estat\u00edstica (IBGE) aponta que a popula\u00e7\u00e3o vivendo em favelas em Ribeir\u00e3o Preto aumentou 68% nos \u00faltimos anos. Este dado \u00e9 um reflexo de quest\u00f5es estruturais e econ\u00f4micas que v\u00eam afetando a cidade, resultando em uma expans\u00e3o significativa das \u00e1reas de moradias informais. O estudo tamb\u00e9m revelou que 71,5% dos habitantes dessas \u00e1reas s\u00e3o pessoas pretas ou pardas, destacando um recorte racial que escancara desigualdades hist\u00f3ricas e sociais no munic\u00edpio.<\/p>\n<p>O Contexto do Crescimento<\/p>\n<p>O aumento populacional em favelas \u00e9 uma realidade que tem se intensificado em diversas cidades brasileiras, e Ribeir\u00e3o Preto n\u00e3o \u00e9 exce\u00e7\u00e3o. Com o aumento do custo de vida, a infla\u00e7\u00e3o e o desemprego, muitas fam\u00edlias encontram dificuldades em arcar com moradias formais, sendo levadas a buscar alternativas em \u00e1reas irregulares e menos estruturadas. Este crescimento de 68% na popula\u00e7\u00e3o de favelas em Ribeir\u00e3o Preto traz \u00e0 tona quest\u00f5es de desigualdade econ\u00f4mica e exclus\u00e3o social, demandando respostas urgentes de pol\u00edticas p\u00fablicas.<\/p>\n<p>De acordo com os dados do IBGE, essa expans\u00e3o de favelas pode ser atribu\u00edda, em parte, ao aumento dos pre\u00e7os de im\u00f3veis e alugu\u00e9is na cidade. Com a oferta de habita\u00e7\u00e3o insuficiente e os altos custos, a moradia informal torna-se a \u00fanica op\u00e7\u00e3o para muitas fam\u00edlias de baixa renda.<\/p>\n<p>O Perfil Demogr\u00e1fico e Racial da Popula\u00e7\u00e3o em Favelas<\/p>\n<p>O levantamento do IBGE revelou ainda que, entre os moradores de favelas de Ribeir\u00e3o Preto, 71,5% s\u00e3o pretos ou pardos. Esse dado \u00e9 um indicador das profundas desigualdades sociais e raciais que marcam a cidade e o Brasil como um todo. A popula\u00e7\u00e3o negra \u00e9, historicamente, uma das mais afetadas pela falta de oportunidades econ\u00f4micas e sociais, sendo frequentemente a mais vulner\u00e1vel em contextos de habita\u00e7\u00e3o inadequada.<\/p>\n<p>Para especialistas em estudos urbanos e sociais, esse recorte racial do estudo do IBGE destaca um aspecto cr\u00edtico das desigualdades estruturais em Ribeir\u00e3o Preto. Al\u00e9m da necessidade de pol\u00edticas habitacionais inclusivas, esses dados revelam que \u00e9 essencial a implementa\u00e7\u00e3o de a\u00e7\u00f5es afirmativas que busquem reduzir essas disparidades. \u00c9 urgente garantir que todos os cidad\u00e3os tenham acesso a moradias dignas, independentes de sua ra\u00e7a ou condi\u00e7\u00e3o econ\u00f4mica.<\/p>\n<p>A Realidade das Favelas: Infraestrutura e Condi\u00e7\u00f5es de Vida<\/p>\n<p>A realidade de viver em favelas \u00e9 marcada por desafios di\u00e1rios. A falta de saneamento b\u00e1sico adequado, coleta de lixo, ilumina\u00e7\u00e3o p\u00fablica e seguran\u00e7a s\u00e3o apenas alguns dos problemas enfrentados pela popula\u00e7\u00e3o dessas \u00e1reas. Al\u00e9m disso, a infraestrutura prec\u00e1ria compromete n\u00e3o apenas a qualidade de vida, mas tamb\u00e9m a sa\u00fade dos moradores, que est\u00e3o mais expostos a doen\u00e7as e acidentes.<\/p>\n<p>Muitos desses locais n\u00e3o t\u00eam pavimenta\u00e7\u00e3o e enfrentam alagamentos constantes, especialmente durante o per\u00edodo de chuvas. A falta de saneamento b\u00e1sico e tratamento de esgoto resulta em condi\u00e7\u00f5es insalubres, aumentando o risco de doen\u00e7as. Al\u00e9m disso, a aus\u00eancia de espa\u00e7os p\u00fablicos como pra\u00e7as e \u00e1reas de lazer afeta o desenvolvimento social e a qualidade de vida das crian\u00e7as e jovens que vivem nessas comunidades.<\/p>\n<p>O Papel do Poder P\u00fablico e as Demandas da Popula\u00e7\u00e3o<\/p>\n<p>A expans\u00e3o das favelas em Ribeir\u00e3o Preto imp\u00f5e desafios para o poder p\u00fablico, que precisa se adequar para atender \u00e0s demandas de uma popula\u00e7\u00e3o crescente em situa\u00e7\u00e3o de vulnerabilidade. Para especialistas, o aumento de favelas exige a cria\u00e7\u00e3o de pol\u00edticas habitacionais de longo prazo, bem como investimentos em programas de regulariza\u00e7\u00e3o fundi\u00e1ria que ofere\u00e7am a essas fam\u00edlias seguran\u00e7a jur\u00eddica e melhorias em infraestrutura.<\/p>\n<p>A prefeitura de Ribeir\u00e3o Preto tem sido pressionada a adotar medidas que melhorem as condi\u00e7\u00f5es de vida nessas \u00e1reas, mas as a\u00e7\u00f5es ainda s\u00e3o insuficientes para atender \u00e0 demanda. Segundo representantes de associa\u00e7\u00f5es de moradores de favelas, os investimentos em saneamento, seguran\u00e7a e habita\u00e7\u00e3o digna s\u00e3o priorit\u00e1rios para garantir um m\u00ednimo de qualidade de vida aos residentes.<\/p>\n<p>A integra\u00e7\u00e3o de pol\u00edticas sociais que incluam assist\u00eancia social, sa\u00fade e educa\u00e7\u00e3o \u00e9 outro ponto destacado por especialistas. Esses servi\u00e7os s\u00e3o fundamentais para criar condi\u00e7\u00f5es que permitam \u00e0 popula\u00e7\u00e3o em favelas ter perspectivas de melhoria e supera\u00e7\u00e3o da condi\u00e7\u00e3o de vulnerabilidade.<\/p>\n<p>Iniciativas de Apoio e Regulariza\u00e7\u00e3o<\/p>\n<p>Em algumas favelas de Ribeir\u00e3o Preto, organiza\u00e7\u00f5es n\u00e3o governamentais (ONGs) e coletivos comunit\u00e1rios t\u00eam atuado para minimizar os efeitos da exclus\u00e3o social, oferecendo assist\u00eancia e promovendo atividades de conscientiza\u00e7\u00e3o. A\u00e7\u00f5es como cursos profissionalizantes, atendimentos m\u00e9dicos e oficinas educacionais ajudam a fortalecer as comunidades, proporcionando oportunidades de crescimento para seus moradores.<\/p>\n<p>Al\u00e9m disso, existem programas de regulariza\u00e7\u00e3o fundi\u00e1ria que visam conceder t\u00edtulos de propriedade aos moradores de favelas, permitindo que eles tenham uma maior seguran\u00e7a jur\u00eddica em suas resid\u00eancias. No entanto, esses processos muitas vezes s\u00e3o lentos e enfrentam entraves burocr\u00e1ticos, o que acaba atrasando a formaliza\u00e7\u00e3o dessas \u00e1reas e, consequentemente, a implementa\u00e7\u00e3o de melhorias estruturais.<\/p>\n<p>A Urg\u00eancia de Uma Resposta Social e Econ\u00f4mica<\/p>\n<p>O crescimento da popula\u00e7\u00e3o em favelas e a alta concentra\u00e7\u00e3o de pessoas negras nessas \u00e1reas ressaltam a urg\u00eancia de uma resposta abrangente, que envolva tanto o poder p\u00fablico quanto a sociedade civil. Ribeir\u00e3o Preto enfrenta um desafio complexo, que exige uma combina\u00e7\u00e3o de pol\u00edticas habitacionais, a\u00e7\u00f5es de inclus\u00e3o social e apoio econ\u00f4mico para as fam\u00edlias em situa\u00e7\u00e3o de vulnerabilidade.<\/p>\n<p>A inclus\u00e3o da popula\u00e7\u00e3o de favelas no planejamento urbano da cidade, bem como o investimento em moradias.<\/p>\n<p>&#13;<br \/>\n\t\t\t\t<span class=\"post-views-icon dashicons dashicons-chart-bar\"\/> <span class=\"post-views-label\">Visualiza\u00e7\u00f5es:<\/span> <span class=\"post-views-count\">3<\/span>&#13;\n\t\t\t<\/p>\n<\/p><\/div>\n<p><br \/>\n<br \/><a href=\"https:\/\/folhaderibeirao.com.br\/2024\/11\/08\/cresce-a-populacao-em-favelas-de-ribeirao-preto-novo-levantamento-do-ibge-aponta-aumento-de-68\/\">Source link <\/a><\/p>\n<!-- CONTENT END 1 -->\n","protected":false},"excerpt":{"rendered":"<p>Um levantamento recente do Instituto Brasileiro de Geografia e Estat\u00edstica (IBGE) aponta que a popula\u00e7\u00e3o vivendo em favelas em Ribeir\u00e3o Preto aumentou 68% nos \u00faltimos&#8230;<\/p>\n","protected":false},"author":1,"featured_media":60211,"comment_status":"open","ping_status":"open","sticky":false,"template":"","format":"standard","meta":{"advanced_seo_description":"","jetpack_seo_html_title":"","jetpack_seo_noindex":false,"jetpack_post_was_ever_published":false,"_jetpack_newsletter_access":"","_jetpack_dont_email_post_to_subs":false,"_jetpack_newsletter_tier_id":0,"_jetpack_memberships_contains_paywalled_content":false,"_jetpack_memberships_contains_paid_content":false,"footnotes":"","jetpack_publicize_message":"","jetpack_publicize_feature_enabled":true,"jetpack_social_post_already_shared":true,"jetpack_social_options":{"image_generator_settings":{"template":"highway","default_image_id":0,"font":"","enabled":false},"version":2}},"categories":[11],"tags":[2539,1270,1088,6053,2096,6054,381,1525,27,26],"class_list":["post-60210","post","type-post","status-publish","format-standard","has-post-thumbnail","hentry","category-noticias-de-ribeirao-preto-sp-e-regiao-ismael-colosi","tag-aponta","tag-aumento","tag-cresce","tag-favelas","tag-ibge","tag-levantamento","tag-novo","tag-populacao","tag-preto","tag-ribeirao"],"jetpack_publicize_connections":[],"jetpack_featured_media_url":"https:\/\/i0.wp.com\/noticiasribeiraopreto.com.br\/wp-content\/uploads\/2024\/11\/IMG_9381.webp.webp?fit=1170%2C700&ssl=1","jetpack-related-posts":[{"id":60235,"url":"https:\/\/noticiasribeiraopreto.com.br\/index.php\/2024\/11\/08\/quantas-favelas-existem-em-ribeirao-preto-quais-sao-as-maiores\/","url_meta":{"origin":60210,"position":0},"title":"Quantas favelas existem em Ribeir\u00e3o Preto? Quais s\u00e3o as maiores?","author":"noticiasribeiraopreto.com.br","date":"8 de November de 2024","format":false,"excerpt":"Ribeir\u00e3o Preto tem 23.781 mil pessoas morando em favelas, de acordo com os novos dados do Censo 2022, divulgados nesta sexta-feira (8), pelo IBGE (Instituto Brasileiro de Geografia e Estat\u00edstica). O n\u00famero representa um crescimento de 68,4% se comparado com o resultado divulgado em 2010, quando 14.177 pessoas moravam em\u2026","rel":"","context":"In &quot;Not\u00edcias de Ribeir\u00e3o Preto-SP e Regi\u00e3o&quot;","block_context":{"text":"Not\u00edcias de Ribeir\u00e3o Preto-SP e Regi\u00e3o","link":"https:\/\/noticiasribeiraopreto.com.br\/index.php\/category\/noticias-de-ribeirao-preto-sp-e-regiao-ismael-colosi\/"},"img":{"alt_text":"","src":"https:\/\/i0.wp.com\/noticiasribeiraopreto.com.br\/wp-content\/uploads\/2024\/11\/comunidade_favela_1200x675_08102021072938.jpg?fit=1200%2C675&ssl=1&resize=350%2C200","width":350,"height":200,"srcset":"https:\/\/i0.wp.com\/noticiasribeiraopreto.com.br\/wp-content\/uploads\/2024\/11\/comunidade_favela_1200x675_08102021072938.jpg?fit=1200%2C675&ssl=1&resize=350%2C200 1x, https:\/\/i0.wp.com\/noticiasribeiraopreto.com.br\/wp-content\/uploads\/2024\/11\/comunidade_favela_1200x675_08102021072938.jpg?fit=1200%2C675&ssl=1&resize=525%2C300 1.5x, https:\/\/i0.wp.com\/noticiasribeiraopreto.com.br\/wp-content\/uploads\/2024\/11\/comunidade_favela_1200x675_08102021072938.jpg?fit=1200%2C675&ssl=1&resize=700%2C400 2x, https:\/\/i0.wp.com\/noticiasribeiraopreto.com.br\/wp-content\/uploads\/2024\/11\/comunidade_favela_1200x675_08102021072938.jpg?fit=1200%2C675&ssl=1&resize=1050%2C600 3x"},"classes":[]},{"id":65717,"url":"https:\/\/noticiasribeiraopreto.com.br\/index.php\/2025\/03\/23\/veja-as-cidades-mais-urbanizadas-da-regiao-de-ribeirao-preto\/","url_meta":{"origin":60210,"position":1},"title":"Veja as cidades mais urbanizadas da regi\u00e3o de Ribeir\u00e3o Preto","author":"noticiasribeiraopreto.com.br","date":"23 de March de 2025","format":false,"excerpt":"Um levantamento da Funda\u00e7\u00e3o Seade com base nos dados dos \u00faltimos Censos do IBGE de 2010 e 2022 mostra que o grau de urbaniza\u00e7\u00e3o na regi\u00e3o de Ribeir\u00e3o Preto ficou em 98%, um aumento de 0,5%, na compara\u00e7\u00e3o com o levantamento anterior. De acordo com o levantamento, as cidades mais\u2026","rel":"","context":"In &quot;Not\u00edcias de Ribeir\u00e3o Preto-SP e Regi\u00e3o&quot;","block_context":{"text":"Not\u00edcias de Ribeir\u00e3o Preto-SP e Regi\u00e3o","link":"https:\/\/noticiasribeiraopreto.com.br\/index.php\/category\/noticias-de-ribeirao-preto-sp-e-regiao-ismael-colosi\/"},"img":{"alt_text":"","src":"https:\/\/i0.wp.com\/noticiasribeiraopreto.com.br\/wp-content\/uploads\/2025\/03\/ribeirao-preto-aerea_2025-03-21_20-24-22_jpg_2025-03-21_20-24-23.webp.webp?fit=1200%2C800&ssl=1&resize=350%2C200","width":350,"height":200,"srcset":"https:\/\/i0.wp.com\/noticiasribeiraopreto.com.br\/wp-content\/uploads\/2025\/03\/ribeirao-preto-aerea_2025-03-21_20-24-22_jpg_2025-03-21_20-24-23.webp.webp?fit=1200%2C800&ssl=1&resize=350%2C200 1x, https:\/\/i0.wp.com\/noticiasribeiraopreto.com.br\/wp-content\/uploads\/2025\/03\/ribeirao-preto-aerea_2025-03-21_20-24-22_jpg_2025-03-21_20-24-23.webp.webp?fit=1200%2C800&ssl=1&resize=525%2C300 1.5x, https:\/\/i0.wp.com\/noticiasribeiraopreto.com.br\/wp-content\/uploads\/2025\/03\/ribeirao-preto-aerea_2025-03-21_20-24-22_jpg_2025-03-21_20-24-23.webp.webp?fit=1200%2C800&ssl=1&resize=700%2C400 2x, https:\/\/i0.wp.com\/noticiasribeiraopreto.com.br\/wp-content\/uploads\/2025\/03\/ribeirao-preto-aerea_2025-03-21_20-24-22_jpg_2025-03-21_20-24-23.webp.webp?fit=1200%2C800&ssl=1&resize=1050%2C600 3x"},"classes":[]},{"id":56434,"url":"https:\/\/noticiasribeiraopreto.com.br\/index.php\/2024\/08\/13\/veja-a-populacao-de-ribeirao-preto-pesquisa-apresenta-novos-numeros\/","url_meta":{"origin":60210,"position":2},"title":"Veja a popula\u00e7\u00e3o de Ribeir\u00e3o Preto; Pesquisa apresenta novos n\u00fameros","author":"noticiasribeiraopreto.com.br","date":"13 de August de 2024","format":false,"excerpt":"Uma nova pesquisa da Funda\u00e7\u00e3o Seade aponta que Ribeir\u00e3o Preto teve um crescimento de 0,8% de habitantes em rela\u00e7\u00e3o ao Censo 2022, divulgados pelo Instituto Brasileiro de Geografia e Estat\u00edstica (IBGE). De acordo com a funda\u00e7\u00e3o, a popula\u00e7\u00e3o total de Ribeir\u00e3o Preto era de 704.874 habitantes. Os dados divulgados apresentam\u2026","rel":"","context":"In &quot;Not\u00edcias de Ribeir\u00e3o Preto-SP e Regi\u00e3o&quot;","block_context":{"text":"Not\u00edcias de Ribeir\u00e3o Preto-SP e Regi\u00e3o","link":"https:\/\/noticiasribeiraopreto.com.br\/index.php\/category\/noticias-de-ribeirao-preto-sp-e-regiao-ismael-colosi\/"},"img":{"alt_text":"","src":"https:\/\/i0.wp.com\/noticiasribeiraopreto.com.br\/wp-content\/uploads\/2024\/08\/1723577946_ribeirao-preto.jpg?fit=1200%2C800&ssl=1&resize=350%2C200","width":350,"height":200,"srcset":"https:\/\/i0.wp.com\/noticiasribeiraopreto.com.br\/wp-content\/uploads\/2024\/08\/1723577946_ribeirao-preto.jpg?fit=1200%2C800&ssl=1&resize=350%2C200 1x, https:\/\/i0.wp.com\/noticiasribeiraopreto.com.br\/wp-content\/uploads\/2024\/08\/1723577946_ribeirao-preto.jpg?fit=1200%2C800&ssl=1&resize=525%2C300 1.5x, https:\/\/i0.wp.com\/noticiasribeiraopreto.com.br\/wp-content\/uploads\/2024\/08\/1723577946_ribeirao-preto.jpg?fit=1200%2C800&ssl=1&resize=700%2C400 2x, https:\/\/i0.wp.com\/noticiasribeiraopreto.com.br\/wp-content\/uploads\/2024\/08\/1723577946_ribeirao-preto.jpg?fit=1200%2C800&ssl=1&resize=1050%2C600 3x"},"classes":[]},{"id":63469,"url":"https:\/\/noticiasribeiraopreto.com.br\/index.php\/2025\/02\/14\/urbanizacao-da-favela-da-paz-um-projeto-de-dignidade-e-transformacao-social-em-ribeirao-preto\/","url_meta":{"origin":60210,"position":3},"title":"Urbaniza\u00e7\u00e3o da Favela da Paz: Um Projeto de Dignidade e Transforma\u00e7\u00e3o Social em Ribeir\u00e3o Preto","author":"noticiasribeiraopreto.com.br","date":"14 de February de 2025","format":false,"excerpt":"O projeto de urbaniza\u00e7\u00e3o da Favela da Paz, em Ribeir\u00e3o Preto, \u00e9 um marco no combate \u00e0s desigualdades e promo\u00e7\u00e3o de dignidade para as fam\u00edlias que vivem na regi\u00e3o. A iniciativa, desenvolvida em parceria entre a prefeitura e o setor privado, tem como objetivo melhorar a infraestrutura b\u00e1sica, incluindo a\u2026","rel":"","context":"In &quot;Not\u00edcias de Ribeir\u00e3o Preto-SP e Regi\u00e3o&quot;","block_context":{"text":"Not\u00edcias de Ribeir\u00e3o Preto-SP e Regi\u00e3o","link":"https:\/\/noticiasribeiraopreto.com.br\/index.php\/category\/noticias-de-ribeirao-preto-sp-e-regiao-ismael-colosi\/"},"img":{"alt_text":"","src":"https:\/\/i0.wp.com\/noticiasribeiraopreto.com.br\/wp-content\/uploads\/2025\/02\/regularizacao_habitacao_-_foto_fernando_gonzaga_6.jpg?fit=1200%2C800&ssl=1&resize=350%2C200","width":350,"height":200,"srcset":"https:\/\/i0.wp.com\/noticiasribeiraopreto.com.br\/wp-content\/uploads\/2025\/02\/regularizacao_habitacao_-_foto_fernando_gonzaga_6.jpg?fit=1200%2C800&ssl=1&resize=350%2C200 1x, https:\/\/i0.wp.com\/noticiasribeiraopreto.com.br\/wp-content\/uploads\/2025\/02\/regularizacao_habitacao_-_foto_fernando_gonzaga_6.jpg?fit=1200%2C800&ssl=1&resize=525%2C300 1.5x, https:\/\/i0.wp.com\/noticiasribeiraopreto.com.br\/wp-content\/uploads\/2025\/02\/regularizacao_habitacao_-_foto_fernando_gonzaga_6.jpg?fit=1200%2C800&ssl=1&resize=700%2C400 2x, https:\/\/i0.wp.com\/noticiasribeiraopreto.com.br\/wp-content\/uploads\/2025\/02\/regularizacao_habitacao_-_foto_fernando_gonzaga_6.jpg?fit=1200%2C800&ssl=1&resize=1050%2C600 3x"},"classes":[]},{"id":76398,"url":"https:\/\/noticiasribeiraopreto.com.br\/index.php\/2025\/08\/28\/qual-a-populacao-de-ribeirao-preto-ibge-atualiza-estimativa-de-moradores\/","url_meta":{"origin":60210,"position":4},"title":"Qual a popula\u00e7\u00e3o de Ribeir\u00e3o Preto? IBGE atualiza estimativa de moradores","author":"noticiasribeiraopreto.com.br","date":"28 de August de 2025","format":false,"excerpt":"O IBGE (Instituto Brasileiro de Geografia e Estat\u00edstica) divulgou nesta quinta-feira (28) a estimativa populacional. Segundo o \u00f3rg\u00e3o, Ribeir\u00e3o Preto tem, em 2025, 731.639 habitantes, um aumento de 0,4% no tamanho da popula\u00e7\u00e3o, em rela\u00e7\u00e3o ao ano passado \u2013 quando eram 728.400 moradores. De acordo com o IBGE, a popula\u00e7\u00e3o\u2026","rel":"","context":"In &quot;Not\u00edcias de Ribeir\u00e3o Preto-SP e Regi\u00e3o&quot;","block_context":{"text":"Not\u00edcias de Ribeir\u00e3o Preto-SP e Regi\u00e3o","link":"https:\/\/noticiasribeiraopreto.com.br\/index.php\/category\/noticias-de-ribeirao-preto-sp-e-regiao-ismael-colosi\/"},"img":{"alt_text":"","src":"https:\/\/i0.wp.com\/noticiasribeiraopreto.com.br\/wp-content\/uploads\/2025\/08\/ribeirao-preto.jpg?fit=1200%2C900&ssl=1&resize=350%2C200","width":350,"height":200,"srcset":"https:\/\/i0.wp.com\/noticiasribeiraopreto.com.br\/wp-content\/uploads\/2025\/08\/ribeirao-preto.jpg?fit=1200%2C900&ssl=1&resize=350%2C200 1x, https:\/\/i0.wp.com\/noticiasribeiraopreto.com.br\/wp-content\/uploads\/2025\/08\/ribeirao-preto.jpg?fit=1200%2C900&ssl=1&resize=525%2C300 1.5x, https:\/\/i0.wp.com\/noticiasribeiraopreto.com.br\/wp-content\/uploads\/2025\/08\/ribeirao-preto.jpg?fit=1200%2C900&ssl=1&resize=700%2C400 2x, https:\/\/i0.wp.com\/noticiasribeiraopreto.com.br\/wp-content\/uploads\/2025\/08\/ribeirao-preto.jpg?fit=1200%2C900&ssl=1&resize=1050%2C600 3x"},"classes":[]},{"id":63282,"url":"https:\/\/noticiasribeiraopreto.com.br\/index.php\/2025\/02\/08\/em-visita-a-ribeirao-governador-tarcisio-de-freitas-formaliza-parceria-para-urbanizar-favela-da-paz\/","url_meta":{"origin":60210,"position":5},"title":"Em visita a Ribeir\u00e3o, governador Tarc\u00edsio de Freitas formaliza parceria para urbanizar Favela da Paz","author":"noticiasribeiraopreto.com.br","date":"8 de February de 2025","format":false,"excerpt":"Durante visita a Ribeir\u00e3o Preto, neste s\u00e1bado (8), o governador de S\u00e3o Paulo, Tarc\u00edsio de Freitas (Republicanos), assinou um conv\u00eanio em parceria com a ONG Gerando Falc\u00f5es para a urbaniza\u00e7\u00e3o da Favela da Paz, no Jardim Juliana. O documento formaliza a parceria entre a Secretaria de Desenvolvimento Urbano e Habita\u00e7\u00e3o,\u2026","rel":"","context":"In &quot;Not\u00edcias de Ribeir\u00e3o Preto-SP e Regi\u00e3o&quot;","block_context":{"text":"Not\u00edcias de Ribeir\u00e3o Preto-SP e Regi\u00e3o","link":"https:\/\/noticiasribeiraopreto.com.br\/index.php\/category\/noticias-de-ribeirao-preto-sp-e-regiao-ismael-colosi\/"},"img":{"alt_text":"","src":"https:\/\/i0.wp.com\/noticiasribeiraopreto.com.br\/wp-content\/uploads\/2025\/02\/Copia-de-Copia-de-Copia-de-TAMANHO-EXATO-PARA-FOTOS-NO-SISTEMA-NOVO-2025-02-08T153311.554_2025-02-08_18-33-20_png_2025-02-08_18-33-20.webp.webp?fit=1200%2C675&ssl=1&resize=350%2C200","width":350,"height":200,"srcset":"https:\/\/i0.wp.com\/noticiasribeiraopreto.com.br\/wp-content\/uploads\/2025\/02\/Copia-de-Copia-de-Copia-de-TAMANHO-EXATO-PARA-FOTOS-NO-SISTEMA-NOVO-2025-02-08T153311.554_2025-02-08_18-33-20_png_2025-02-08_18-33-20.webp.webp?fit=1200%2C675&ssl=1&resize=350%2C200 1x, https:\/\/i0.wp.com\/noticiasribeiraopreto.com.br\/wp-content\/uploads\/2025\/02\/Copia-de-Copia-de-Copia-de-TAMANHO-EXATO-PARA-FOTOS-NO-SISTEMA-NOVO-2025-02-08T153311.554_2025-02-08_18-33-20_png_2025-02-08_18-33-20.webp.webp?fit=1200%2C675&ssl=1&resize=525%2C300 1.5x, https:\/\/i0.wp.com\/noticiasribeiraopreto.com.br\/wp-content\/uploads\/2025\/02\/Copia-de-Copia-de-Copia-de-TAMANHO-EXATO-PARA-FOTOS-NO-SISTEMA-NOVO-2025-02-08T153311.554_2025-02-08_18-33-20_png_2025-02-08_18-33-20.webp.webp?fit=1200%2C675&ssl=1&resize=700%2C400 2x, https:\/\/i0.wp.com\/noticiasribeiraopreto.com.br\/wp-content\/uploads\/2025\/02\/Copia-de-Copia-de-Copia-de-TAMANHO-EXATO-PARA-FOTOS-NO-SISTEMA-NOVO-2025-02-08T153311.554_2025-02-08_18-33-20_png_2025-02-08_18-33-20.webp.webp?fit=1200%2C675&ssl=1&resize=1050%2C600 3x"},"classes":[]}],"jetpack_sharing_enabled":true,"jetpack_shortlink":"https:\/\/wp.me\/peQAOb-fF8","_links":{"self":[{"href":"https:\/\/noticiasribeiraopreto.com.br\/index.php\/wp-json\/wp\/v2\/posts\/60210","targetHints":{"allow":["GET"]}}],"collection":[{"href":"https:\/\/noticiasribeiraopreto.com.br\/index.php\/wp-json\/wp\/v2\/posts"}],"about":[{"href":"https:\/\/noticiasribeiraopreto.com.br\/index.php\/wp-json\/wp\/v2\/types\/post"}],"author":[{"embeddable":true,"href":"https:\/\/noticiasribeiraopreto.com.br\/index.php\/wp-json\/wp\/v2\/users\/1"}],"replies":[{"embeddable":true,"href":"https:\/\/noticiasribeiraopreto.com.br\/index.php\/wp-json\/wp\/v2\/comments?post=60210"}],"version-history":[{"count":0,"href":"https:\/\/noticiasribeiraopreto.com.br\/index.php\/wp-json\/wp\/v2\/posts\/60210\/revisions"}],"wp:featuredmedia":[{"embeddable":true,"href":"https:\/\/noticiasribeiraopreto.com.br\/index.php\/wp-json\/wp\/v2\/media\/60211"}],"wp:attachment":[{"href":"https:\/\/noticiasribeiraopreto.com.br\/index.php\/wp-json\/wp\/v2\/media?parent=60210"}],"wp:term":[{"taxonomy":"category","embeddable":true,"href":"https:\/\/noticiasribeiraopreto.com.br\/index.php\/wp-json\/wp\/v2\/categories?post=60210"},{"taxonomy":"post_tag","embeddable":true,"href":"https:\/\/noticiasribeiraopreto.com.br\/index.php\/wp-json\/wp\/v2\/tags?post=60210"}],"curies":[{"name":"wp","href":"https:\/\/api.w.org\/{rel}","templated":true}]}}