{"id":60217,"date":"2024-11-08T12:21:27","date_gmt":"2024-11-08T15:21:27","guid":{"rendered":"https:\/\/noticiasribeiraopreto.com.br\/index.php\/2024\/11\/08\/rio-de-janeiro-recebera-o-maior-festival-artistico-para-pessoas-com-deficiencia-do-mundo\/"},"modified":"2024-11-08T12:21:27","modified_gmt":"2024-11-08T15:21:27","slug":"rio-de-janeiro-recebera-o-maior-festival-artistico-para-pessoas-com-deficiencia-do-mundo","status":"publish","type":"post","link":"https:\/\/noticiasribeiraopreto.com.br\/index.php\/2024\/11\/08\/rio-de-janeiro-recebera-o-maior-festival-artistico-para-pessoas-com-deficiencia-do-mundo\/","title":{"rendered":"Rio de Janeiro Receber\u00e1 o Maior Festival Art\u00edstico para Pessoas com Defici\u00eancia do Mundo"},"content":{"rendered":"<div class='code-block code-block-1' style='margin: 8px 0 8px auto; text-align: right; display: block; clear: both;'>\n<p><a href=\"https:\/\/wa.link\/vpicfd\"><img data-recalc-dims=\"1\" class=\"wp-image-4922\" style=\"aspect-ratio: 2.0253164556962027; width: 561px; height: auto;\" src=\"https:\/\/i0.wp.com\/ismaelcolosi.com.br\/wp-content\/uploads\/2023\/11\/grupo-de-empregos-whatsapp-e-facebook-ismael-colosi-vagas.jpg?ssl=1\" alt=\"\" \/><\/a><\/p>\n<!-- \/wp:image -->\n<\/div>\n<p> <br \/>\n<\/p>\n<div>\n<p>O Rio de Janeiro se prepara para sediar o maior festival art\u00edstico do mundo voltado exclusivamente para pessoas com defici\u00eancia. Previsto para ocorrer em meados de 2025, o evento promete transformar a cidade em uma vitrine global da diversidade e inclus\u00e3o na arte, reunindo centenas de artistas com defici\u00eancia de diversas partes do Brasil e do mundo em uma programa\u00e7\u00e3o rica e inovadora, que inclui apresenta\u00e7\u00f5es de m\u00fasica, dan\u00e7a, teatro, artes pl\u00e1sticas, cinema e muito mais.<\/p>\n<p>Inclus\u00e3o e Diversidade no Palco Global<\/p>\n<p>O festival chega com a miss\u00e3o de promover a inclus\u00e3o e quebrar estere\u00f3tipos, evidenciando o imenso potencial art\u00edstico de pessoas com defici\u00eancia, cuja visibilidade nas artes, por vezes, \u00e9 ainda limitada. Com o tema \u201cArte Sem Limites\u201d, a proposta \u00e9 desafiar preconceitos e revelar as capacidades e o talento extraordin\u00e1rio desses artistas. \u201cQueremos que o mundo veja que a arte \u00e9 universal e que a defici\u00eancia n\u00e3o \u00e9 uma barreira para a criatividade\u201d, explica a curadora do evento, Maria Helena Silveira, que tamb\u00e9m \u00e9 artista e ativista pela inclus\u00e3o.<\/p>\n<p>Programa\u00e7\u00e3o Acess\u00edvel e Estrutura Inclusiva<\/p>\n<p>A programa\u00e7\u00e3o conta com mais de 200 atividades distribu\u00eddas ao longo de uma semana. Al\u00e9m de shows e espet\u00e1culos, o evento ter\u00e1 workshops, oficinas de cria\u00e7\u00e3o, exposi\u00e7\u00f5es, debates e mesas-redondas que tratar\u00e3o de temas como acessibilidade nas artes e direitos culturais para pessoas com defici\u00eancia.<\/p>\n<p>Um ponto de destaque \u00e9 a acessibilidade que permeia todo o festival: todas as atividades contar\u00e3o com int\u00e9rpretes de Libras, audiodescri\u00e7\u00e3o e legendas. Haver\u00e1 tamb\u00e9m espa\u00e7os adaptados para pessoas com mobilidade reduzida, al\u00e9m de apoio especializado para garantir que todos os visitantes possam aproveitar ao m\u00e1ximo cada atra\u00e7\u00e3o.<\/p>\n<p>Entre os artistas confirmados, est\u00e1 o aclamado pianista brit\u00e2nico Derek Paravicini, conhecido mundialmente por seu incr\u00edvel talento apesar da cegueira e autismo. Outro nome de peso \u00e9 o grupo de dan\u00e7a Infinite Flow, dos Estados Unidos, que trabalha com dan\u00e7arinos com e sem defici\u00eancia, desafiando os limites f\u00edsicos e sociais no palco.<\/p>\n<p>Impacto na Sociedade e Apoio Institucional<\/p>\n<p>Para al\u00e9m do evento em si, o festival busca criar um impacto duradouro na sociedade, promovendo a inclus\u00e3o e a igualdade de oportunidades nas artes. O Minist\u00e9rio da Cultura, um dos apoiadores, enfatiza que esta ser\u00e1 uma oportunidade de fortalecer pol\u00edticas p\u00fablicas de inclus\u00e3o cultural no Brasil e inspirar outras cidades a promover eventos semelhantes. \u201cQueremos que esse festival marque uma virada na forma como o Brasil e o mundo enxergam a defici\u00eancia e a arte. \u00c9 uma celebra\u00e7\u00e3o, mas tamb\u00e9m um chamado \u00e0 a\u00e7\u00e3o para toda a sociedade\u201d, disse o ministro da Cultura, Roberto Ramos.<\/p>\n<p>O evento tamb\u00e9m atraiu apoio de diversas ONGs, organiza\u00e7\u00f5es de direitos humanos e empresas privadas que acreditam na import\u00e2ncia da inclus\u00e3o. Esse respaldo ser\u00e1 fundamental para garantir que o festival tenha n\u00e3o s\u00f3 grande alcance, mas tamb\u00e9m um impacto social positivo, refor\u00e7ando a necessidade de mais iniciativas inclusivas no setor cultural.<\/p>\n<p>Desafios e Expectativas<\/p>\n<p>Organizar um festival dessa magnitude representa um desafio log\u00edstico e estrutural, especialmente para assegurar a acessibilidade e a inclus\u00e3o de todos os participantes. A Prefeitura do Rio de Janeiro est\u00e1 engajada na organiza\u00e7\u00e3o e trabalha em conjunto com as secretarias de turismo e cultura para adaptar espa\u00e7os, mobilizar recursos e garantir seguran\u00e7a.<\/p>\n<p>A expectativa \u00e9 que o evento atraia um p\u00fablico de aproximadamente 50 mil pessoas, incluindo espectadores, profissionais das artes e influenciadores do setor cultural. A cidade do Rio, reconhecida por sua diversidade e hospitalidade, tem um papel fundamental na cria\u00e7\u00e3o de um ambiente receptivo e acolhedor para todos.<\/p>\n<p>Conclus\u00e3o: Um Festival Transformador<\/p>\n<p>Com um compromisso forte com a inclus\u00e3o e a acessibilidade, o maior festival art\u00edstico de pessoas com defici\u00eancia promete n\u00e3o apenas encantar o p\u00fablico com performances \u00fanicas e emocionantes, mas tamb\u00e9m sensibilizar a sociedade para a import\u00e2ncia da diversidade na cultura. Este evento ser\u00e1 um marco no cen\u00e1rio cultural do Brasil e, mais que isso, uma chance de inspirar o mundo a enxergar as artes com um olhar mais inclusivo e abrangente.<\/p>\n<p>A comunidade cultural e o p\u00fablico em geral aguardam ansiosamente pela realiza\u00e7\u00e3o desse festival que, certamente, abrir\u00e1 portas e mostrar\u00e1 que a verdadeira arte \u00e9 aquela que alcan\u00e7a a todos.<\/p>\n<p>&#13;<br \/>\n\t\t\t\t<span class=\"post-views-icon dashicons dashicons-chart-bar\"\/> <span class=\"post-views-label\">Visualiza\u00e7\u00f5es:<\/span> <span class=\"post-views-count\">5<\/span>&#13;\n\t\t\t<\/p>\n<\/p><\/div>\n<p><br \/>\n<br \/><a href=\"https:\/\/folhaderibeirao.com.br\/2024\/11\/08\/rio-de-janeiro-recebera-o-maior-festival-artistico-para-pessoas-com-deficiencia-do-mundo\/\">Source link <\/a><\/p>\n<!-- CONTENT END 1 -->\n","protected":false},"excerpt":{"rendered":"<p>O Rio de Janeiro se prepara para sediar o maior festival art\u00edstico do mundo voltado exclusivamente para pessoas com defici\u00eancia. Previsto para ocorrer em meados&#8230;<\/p>\n","protected":false},"author":1,"featured_media":60218,"comment_status":"open","ping_status":"open","sticky":false,"template":"","format":"standard","meta":{"advanced_seo_description":"","jetpack_seo_html_title":"","jetpack_seo_noindex":false,"jetpack_post_was_ever_published":false,"_jetpack_newsletter_access":"","_jetpack_dont_email_post_to_subs":false,"_jetpack_newsletter_tier_id":0,"_jetpack_memberships_contains_paywalled_content":false,"_jetpack_memberships_contains_paid_content":false,"footnotes":"","jetpack_publicize_message":"","jetpack_publicize_feature_enabled":true,"jetpack_social_post_already_shared":true,"jetpack_social_options":{"image_generator_settings":{"template":"highway","default_image_id":0,"font":"","enabled":false},"version":2}},"categories":[11],"tags":[3418,689,141,174,201,798,71,581,2578,1181],"class_list":["post-60217","post","type-post","status-publish","format-standard","has-post-thumbnail","hentry","category-noticias-de-ribeirao-preto-sp-e-regiao-ismael-colosi","tag-artistico","tag-deficiencia","tag-festival","tag-janeiro","tag-maior","tag-mundo","tag-para","tag-pessoas","tag-recebera","tag-rio"],"jetpack_publicize_connections":[],"jetpack_featured_media_url":"https:\/\/i0.wp.com\/noticiasribeiraopreto.com.br\/wp-content\/uploads\/2024\/11\/IMG_9384.webp.webp?fit=1170%2C700&ssl=1","jetpack-related-posts":[{"id":46549,"url":"https:\/\/noticiasribeiraopreto.com.br\/index.php\/2024\/04\/12\/conheca-em-detalhes-o-que-e-a-lei-brasileira-de-inclusao\/","url_meta":{"origin":60217,"position":0},"title":"Conhe\u00e7a em detalhes o que \u00e9 a Lei Brasileira de Inclus\u00e3o","author":"noticiasribeiraopreto.com.br","date":"12 de April de 2024","format":false,"excerpt":"Voc\u00ea sabe como funciona a Lei Brasileira de Inclus\u00e3o? Criada em confer\u00eancia da ONU para promover a dignidade e incorpora\u00e7\u00e3o de pessoas com defici\u00eancia na sociedade,\u00a0a LBI impacta setores da cidadania, educa\u00e7\u00e3o, mercado de trabalho, entre outros, sendo um pilar fundamental da democracia. Adotar medidas e fomentar pol\u00edticas p\u00fablicas para\u2026","rel":"","context":"In &quot;Blog&quot;","block_context":{"text":"Blog","link":"https:\/\/noticiasribeiraopreto.com.br\/index.php\/category\/blog\/"},"img":{"alt_text":"","src":"https:\/\/i0.wp.com\/noticiasribeiraopreto.com.br\/wp-content\/uploads\/2024\/04\/Copia-de-CATHO_Lei-Brasileira-de-Inclus%E2%94%9Cuo.png?fit=1201%2C628&ssl=1&resize=350%2C200","width":350,"height":200,"srcset":"https:\/\/i0.wp.com\/noticiasribeiraopreto.com.br\/wp-content\/uploads\/2024\/04\/Copia-de-CATHO_Lei-Brasileira-de-Inclus%E2%94%9Cuo.png?fit=1201%2C628&ssl=1&resize=350%2C200 1x, https:\/\/i0.wp.com\/noticiasribeiraopreto.com.br\/wp-content\/uploads\/2024\/04\/Copia-de-CATHO_Lei-Brasileira-de-Inclus%E2%94%9Cuo.png?fit=1201%2C628&ssl=1&resize=525%2C300 1.5x, https:\/\/i0.wp.com\/noticiasribeiraopreto.com.br\/wp-content\/uploads\/2024\/04\/Copia-de-CATHO_Lei-Brasileira-de-Inclus%E2%94%9Cuo.png?fit=1201%2C628&ssl=1&resize=700%2C400 2x, https:\/\/i0.wp.com\/noticiasribeiraopreto.com.br\/wp-content\/uploads\/2024\/04\/Copia-de-CATHO_Lei-Brasileira-de-Inclus%E2%94%9Cuo.png?fit=1201%2C628&ssl=1&resize=1050%2C600 3x"},"classes":[]},{"id":59572,"url":"https:\/\/noticiasribeiraopreto.com.br\/index.php\/2024\/10\/26\/14a-flup-no-rio-de-janeiro-anuncia-programacao-para-2024-com-enfoque-em-diversidade-e-inclusao-cultural\/","url_meta":{"origin":60217,"position":1},"title":"14\u00aa FLUP no Rio de Janeiro Anuncia Programa\u00e7\u00e3o para 2024 com Enfoque em Diversidade e Inclus\u00e3o Cultural","author":"noticiasribeiraopreto.com.br","date":"26 de October de 2024","format":false,"excerpt":"A Festa Liter\u00e1ria das Periferias (FLUP) chega \u00e0 sua 14\u00aa edi\u00e7\u00e3o em 2024, com uma programa\u00e7\u00e3o que promete aprofundar o debate sobre diversidade e inclus\u00e3o no cen\u00e1rio liter\u00e1rio e cultural brasileiro. Realizado no Rio de Janeiro, o evento se consolidou como um dos mais importantes no campo liter\u00e1rio, destacando a\u2026","rel":"","context":"In &quot;Not\u00edcias de Ribeir\u00e3o Preto-SP e Regi\u00e3o&quot;","block_context":{"text":"Not\u00edcias de Ribeir\u00e3o Preto-SP e Regi\u00e3o","link":"https:\/\/noticiasribeiraopreto.com.br\/index.php\/category\/noticias-de-ribeirao-preto-sp-e-regiao-ismael-colosi\/"},"img":{"alt_text":"","src":"https:\/\/i0.wp.com\/noticiasribeiraopreto.com.br\/wp-content\/uploads\/2024\/10\/flup_2024.webp.webp?fit=1170%2C700&ssl=1&resize=350%2C200","width":350,"height":200,"srcset":"https:\/\/i0.wp.com\/noticiasribeiraopreto.com.br\/wp-content\/uploads\/2024\/10\/flup_2024.webp.webp?fit=1170%2C700&ssl=1&resize=350%2C200 1x, https:\/\/i0.wp.com\/noticiasribeiraopreto.com.br\/wp-content\/uploads\/2024\/10\/flup_2024.webp.webp?fit=1170%2C700&ssl=1&resize=525%2C300 1.5x, https:\/\/i0.wp.com\/noticiasribeiraopreto.com.br\/wp-content\/uploads\/2024\/10\/flup_2024.webp.webp?fit=1170%2C700&ssl=1&resize=700%2C400 2x, https:\/\/i0.wp.com\/noticiasribeiraopreto.com.br\/wp-content\/uploads\/2024\/10\/flup_2024.webp.webp?fit=1170%2C700&ssl=1&resize=1050%2C600 3x"},"classes":[]},{"id":53973,"url":"https:\/\/noticiasribeiraopreto.com.br\/index.php\/2024\/06\/26\/estrategias-de-busca-de-vaga-de-emprego-para-pcd\/","url_meta":{"origin":60217,"position":2},"title":"Estrat\u00e9gias de busca de vaga de emprego para PcD","author":"noticiasribeiraopreto.com.br","date":"26 de June de 2024","format":false,"excerpt":"A Catho realizou mais uma edi\u00e7\u00e3o do Mutir\u00e3o de Empregos PcD, visando incentivar a contrata\u00e7\u00e3o de pessoas com defici\u00eancia nas empresas e, para falar mais sobre o tema, convidamos a jornalista J\u00e9ssica Paula, para contar sua experi\u00eancia como PcD e trazer dicas para quem busca um novo emprego. Ol\u00e1! Meu\u2026","rel":"","context":"In &quot;Blog&quot;","block_context":{"text":"Blog","link":"https:\/\/noticiasribeiraopreto.com.br\/index.php\/category\/blog\/"},"img":{"alt_text":"","src":"https:\/\/i0.wp.com\/noticiasribeiraopreto.com.br\/wp-content\/uploads\/2024\/06\/Jessica-Paula_pcd.jpg?fit=850%2C566&ssl=1&resize=350%2C200","width":350,"height":200,"srcset":"https:\/\/i0.wp.com\/noticiasribeiraopreto.com.br\/wp-content\/uploads\/2024\/06\/Jessica-Paula_pcd.jpg?fit=850%2C566&ssl=1&resize=350%2C200 1x, https:\/\/i0.wp.com\/noticiasribeiraopreto.com.br\/wp-content\/uploads\/2024\/06\/Jessica-Paula_pcd.jpg?fit=850%2C566&ssl=1&resize=525%2C300 1.5x, https:\/\/i0.wp.com\/noticiasribeiraopreto.com.br\/wp-content\/uploads\/2024\/06\/Jessica-Paula_pcd.jpg?fit=850%2C566&ssl=1&resize=700%2C400 2x"},"classes":[]},{"id":79466,"url":"https:\/\/noticiasribeiraopreto.com.br\/index.php\/2025\/11\/02\/mercado-de-trabalho-e-fechado-para-pcds-em-ribeirao\/","url_meta":{"origin":60217,"position":3},"title":"Mercado de trabalho \u00e9 \u2018fechado\u2019 para PcDs em Ribeir\u00e3o","author":"noticiasribeiraopreto.com.br","date":"2 de November de 2025","format":false,"excerpt":"Levantamento do Observat\u00f3rio dos Direitos da Pessoa com Defici\u00eancia, plataforma criada pela Secretaria de Estado dos Direitos da Pessoa com Defici\u00eancia, em parceria com a Funda\u00e7\u00e3o Seade, revela que Ribeir\u00e3o Preto empregou entre 2020 e julho de 2025, 3.312 pessoas com algum tipo de defici\u00eancia. No mesmo per\u00edodo foram demitidas\u2026","rel":"","context":"In &quot;Not\u00edcias de Ribeir\u00e3o Preto-SP e Regi\u00e3o&quot;","block_context":{"text":"Not\u00edcias de Ribeir\u00e3o Preto-SP e Regi\u00e3o","link":"https:\/\/noticiasribeiraopreto.com.br\/index.php\/category\/noticias-de-ribeirao-preto-sp-e-regiao-ismael-colosi\/"},"img":{"alt_text":"","src":"https:\/\/i0.wp.com\/noticiasribeiraopreto.com.br\/wp-content\/uploads\/2025\/11\/pcd-1.jpg?fit=800%2C500&ssl=1&resize=350%2C200","width":350,"height":200,"srcset":"https:\/\/i0.wp.com\/noticiasribeiraopreto.com.br\/wp-content\/uploads\/2025\/11\/pcd-1.jpg?fit=800%2C500&ssl=1&resize=350%2C200 1x, https:\/\/i0.wp.com\/noticiasribeiraopreto.com.br\/wp-content\/uploads\/2025\/11\/pcd-1.jpg?fit=800%2C500&ssl=1&resize=525%2C300 1.5x, https:\/\/i0.wp.com\/noticiasribeiraopreto.com.br\/wp-content\/uploads\/2025\/11\/pcd-1.jpg?fit=800%2C500&ssl=1&resize=700%2C400 2x"},"classes":[]},{"id":20762,"url":"https:\/\/noticiasribeiraopreto.com.br\/index.php\/2023\/12\/26\/petrobras-anuncia-concurso-para-nivel-tecnico-com-salario-de-r-58-mil\/","url_meta":{"origin":60217,"position":4},"title":"Petrobras anuncia concurso para n\u00edvel t\u00e9cnico com sal\u00e1rio de R$ 5,8 mil","author":"noticiasribeiraopreto.com.br","date":"26 de December de 2023","format":false,"excerpt":"A Petrobras anunciou nesta ter\u00e7a-feira (26) um concurso p\u00fablico para cargos de n\u00edvel t\u00e9cnico com 916 vagas\u00a0e sal\u00e1rio inicial m\u00ednimo de R$ 5.878,82.\u00a0 Haver\u00e1 ainda 5.496 vagas para cadastro de reserva.\u00a0As inscri\u00e7\u00f5es come\u00e7am na pr\u00f3xima quinta-feira (28) e seguem at\u00e9 31 de janeiro de 2024. A taxa de inscri\u00e7\u00e3o \u00e9\u2026","rel":"","context":"In &quot;Not\u00edcias de Ribeir\u00e3o Preto-SP e Regi\u00e3o&quot;","block_context":{"text":"Not\u00edcias de Ribeir\u00e3o Preto-SP e Regi\u00e3o","link":"https:\/\/noticiasribeiraopreto.com.br\/index.php\/category\/noticias-de-ribeirao-preto-sp-e-regiao-ismael-colosi\/"},"img":{"alt_text":"","src":"https:\/\/i0.wp.com\/noticiasribeiraopreto.com.br\/wp-content\/uploads\/2023\/12\/petrobras.jpg?fit=1200%2C712&ssl=1&resize=350%2C200","width":350,"height":200,"srcset":"https:\/\/i0.wp.com\/noticiasribeiraopreto.com.br\/wp-content\/uploads\/2023\/12\/petrobras.jpg?fit=1200%2C712&ssl=1&resize=350%2C200 1x, https:\/\/i0.wp.com\/noticiasribeiraopreto.com.br\/wp-content\/uploads\/2023\/12\/petrobras.jpg?fit=1200%2C712&ssl=1&resize=525%2C300 1.5x, https:\/\/i0.wp.com\/noticiasribeiraopreto.com.br\/wp-content\/uploads\/2023\/12\/petrobras.jpg?fit=1200%2C712&ssl=1&resize=700%2C400 2x, https:\/\/i0.wp.com\/noticiasribeiraopreto.com.br\/wp-content\/uploads\/2023\/12\/petrobras.jpg?fit=1200%2C712&ssl=1&resize=1050%2C600 3x"},"classes":[]},{"id":66681,"url":"https:\/\/noticiasribeiraopreto.com.br\/index.php\/2025\/04\/04\/jornal-da-franca-caminhar-de-franca-completa-28-anos-atuando-na-inclusao-de-pessoas-com-deficiencia\/","url_meta":{"origin":60217,"position":5},"title":"Jornal da Franca &#8211; Caminhar de Franca completa 28 anos atuando na inclus\u00e3o de pessoas com defici\u00eancia","author":"noticiasribeiraopreto.com.br","date":"4 de April de 2025","format":false,"excerpt":"compartilhar no whatsapp compartilhar no telegram compartilhar no facebook compartilhar no linkedin A Caminhar oferece o Servi\u00e7o de Unidade Referenciada dentro da Pol\u00edtica de Assist\u00eancia Social para pessoas com defici\u00eancias m\u00faltiplas Neste pr\u00f3ximo dia 7 de Abri, a Caminhar completa 28 anos de exist\u00eancia em nosso munic\u00edpio. S\u00e3o 28 anos\u2026","rel":"","context":"In &quot;Not\u00edcias de Franca-SP&quot;","block_context":{"text":"Not\u00edcias de Franca-SP","link":"https:\/\/noticiasribeiraopreto.com.br\/index.php\/category\/noticias-de-ribeirao-preto-sp-e-regiao-ismael-colosi\/noticias-franca-sp\/"},"img":{"alt_text":"","src":"https:\/\/i0.wp.com\/noticiasribeiraopreto.com.br\/wp-content\/uploads\/2025\/04\/e196b144-6e39-4f0d-aa25-67a0ad76f3bb.jpg?fit=1200%2C794&ssl=1&resize=350%2C200","width":350,"height":200,"srcset":"https:\/\/i0.wp.com\/noticiasribeiraopreto.com.br\/wp-content\/uploads\/2025\/04\/e196b144-6e39-4f0d-aa25-67a0ad76f3bb.jpg?fit=1200%2C794&ssl=1&resize=350%2C200 1x, https:\/\/i0.wp.com\/noticiasribeiraopreto.com.br\/wp-content\/uploads\/2025\/04\/e196b144-6e39-4f0d-aa25-67a0ad76f3bb.jpg?fit=1200%2C794&ssl=1&resize=525%2C300 1.5x, https:\/\/i0.wp.com\/noticiasribeiraopreto.com.br\/wp-content\/uploads\/2025\/04\/e196b144-6e39-4f0d-aa25-67a0ad76f3bb.jpg?fit=1200%2C794&ssl=1&resize=700%2C400 2x, https:\/\/i0.wp.com\/noticiasribeiraopreto.com.br\/wp-content\/uploads\/2025\/04\/e196b144-6e39-4f0d-aa25-67a0ad76f3bb.jpg?fit=1200%2C794&ssl=1&resize=1050%2C600 3x"},"classes":[]}],"jetpack_sharing_enabled":true,"jetpack_shortlink":"https:\/\/wp.me\/peQAOb-fFf","_links":{"self":[{"href":"https:\/\/noticiasribeiraopreto.com.br\/index.php\/wp-json\/wp\/v2\/posts\/60217","targetHints":{"allow":["GET"]}}],"collection":[{"href":"https:\/\/noticiasribeiraopreto.com.br\/index.php\/wp-json\/wp\/v2\/posts"}],"about":[{"href":"https:\/\/noticiasribeiraopreto.com.br\/index.php\/wp-json\/wp\/v2\/types\/post"}],"author":[{"embeddable":true,"href":"https:\/\/noticiasribeiraopreto.com.br\/index.php\/wp-json\/wp\/v2\/users\/1"}],"replies":[{"embeddable":true,"href":"https:\/\/noticiasribeiraopreto.com.br\/index.php\/wp-json\/wp\/v2\/comments?post=60217"}],"version-history":[{"count":0,"href":"https:\/\/noticiasribeiraopreto.com.br\/index.php\/wp-json\/wp\/v2\/posts\/60217\/revisions"}],"wp:featuredmedia":[{"embeddable":true,"href":"https:\/\/noticiasribeiraopreto.com.br\/index.php\/wp-json\/wp\/v2\/media\/60218"}],"wp:attachment":[{"href":"https:\/\/noticiasribeiraopreto.com.br\/index.php\/wp-json\/wp\/v2\/media?parent=60217"}],"wp:term":[{"taxonomy":"category","embeddable":true,"href":"https:\/\/noticiasribeiraopreto.com.br\/index.php\/wp-json\/wp\/v2\/categories?post=60217"},{"taxonomy":"post_tag","embeddable":true,"href":"https:\/\/noticiasribeiraopreto.com.br\/index.php\/wp-json\/wp\/v2\/tags?post=60217"}],"curies":[{"name":"wp","href":"https:\/\/api.w.org\/{rel}","templated":true}]}}