{"id":60227,"date":"2024-11-08T12:44:24","date_gmt":"2024-11-08T15:44:24","guid":{"rendered":"https:\/\/noticiasribeiraopreto.com.br\/index.php\/2024\/11\/08\/pedagio-free-flow-12-mil-motoristas-sao-multados-por-falta-de-pagamento-no-interior-de-sp-2\/"},"modified":"2024-11-08T12:44:24","modified_gmt":"2024-11-08T15:44:24","slug":"pedagio-free-flow-12-mil-motoristas-sao-multados-por-falta-de-pagamento-no-interior-de-sp-2","status":"publish","type":"post","link":"https:\/\/noticiasribeiraopreto.com.br\/index.php\/2024\/11\/08\/pedagio-free-flow-12-mil-motoristas-sao-multados-por-falta-de-pagamento-no-interior-de-sp-2\/","title":{"rendered":"Ped\u00e1gio free flow: 12 mil motoristas s\u00e3o multados por falta de pagamento no interior de SP"},"content":{"rendered":"<p> <br \/>\n<\/p>\n<div>\n<p><mark style=\"background-color:#fcb900\" class=\"has-inline-color has-black-color\">Mais de 12 mil motoristas ser\u00e3o multados por n\u00e3o pagar a tarifa do <strong>ped\u00e1gio eletr\u00f4nico<\/strong><\/mark>, o ped\u00e1gio <strong>free flow<\/strong>, no primeiro m\u00eas de opera\u00e7\u00e3o no <strong>interior de S\u00e3o Paulo<\/strong>. O per\u00edodo considerado pela EcoNoroeste vai de 4 de setembro, quando come\u00e7ou a opera\u00e7\u00e3o com cobran\u00e7a, at\u00e9 4 de outubro.<\/p>\n<p>O ped\u00e1gio fica na altura do <strong>quil\u00f4metro 179 da rodovia Laurentino Mascari (SP-333)<\/strong>, em <strong>It\u00e1polis<\/strong>, e<mark style=\"background-color:#fcb900\" class=\"has-inline-color has-black-color\"> tem tarifa b\u00e1sica de R$ 8,90.<\/mark> Al\u00e9m deste p\u00f3rtico, a concession\u00e1ria j\u00e1 colocou em opera\u00e7\u00e3o, no dia 1\u00ba de novembro, um segundo p\u00f3rtico em<strong> Jaboticabal<\/strong>, na regi\u00e3o de Ribeir\u00e3o Preto.<\/p>\n<p>Os ped\u00e1gios operados pela EcoNoroeste s\u00e3o os primeiros a adotar o sistema de cobran\u00e7a autom\u00e1tica, sem cabine ou cancelas, instalados no estado. Os motoristas passam pelo p\u00f3rtico sem reduzir a velocidade. Sensores e c\u00e2meras registram a placa e as dimens\u00f5es do ve\u00edculo.<\/p>\n<h4 class=\"wp-block-heading\"><strong>143 mil carros<\/strong><\/h4>\n<p>No m\u00eas de estreia, 143 mil ve\u00edculos passaram pelo p\u00f3rtico, o que d\u00e1 uma evas\u00e3o de 8,4%. Em outros estados, onde o free flow funciona h\u00e1 mais tempo, a falta de pagamento \u00e9 menor.<\/p>\n<p>Na avalia\u00e7\u00e3o do Governo de S\u00e3o Paulo, o porcentual de evas\u00e3o apurado no ped\u00e1gio de It\u00e1polis est\u00e1 abaixo das proje\u00e7\u00f5es e n\u00e3o impacta na expans\u00e3o do sistema, ainda iniciante e desconhecido, por exemplo, por motoristas de outros estados que trafegam em S\u00e3o Paulo.<\/p>\n<p>A gest\u00e3o estadual afirma, ainda, que os instrumentos estipulados no contrato s\u00e3o suficientes para ressarcir eventuais inadimpl\u00eancias.<\/p>\n<p>\u201c\u00c9 importante ressaltar que foi criada uma cultura no Estado de uso de tags, o que colabora para um baixo n\u00edvel de inadimpl\u00eancia. No primeiro trecho (It\u00e1polis), 82% dos ve\u00edculos que ali trafegaram tinham tags\u201d, disse em nota.<\/p>\n<p>Al\u00e9m de adotar o sistema em novas concess\u00f5es, o governo prev\u00ea substituir as pra\u00e7as de ped\u00e1gio convencionais por p\u00f3rticos de cobran\u00e7a autom\u00e1ticas que, al\u00e9m de dispensar a parada para pagar a tarifa, possibilita uma cobran\u00e7a mais justa. Al\u00e9m das novas concess\u00f5es, o Rodoanel Norte tamb\u00e9m ser\u00e1 aberto aos usu\u00e1rios com o sistema free flow.<\/p>\n<h4 class=\"wp-block-heading\"><strong>Como \u00e9 cobrado e o que ocorre com quem n\u00e3o paga?<\/strong><\/h4>\n<p>Quem usa tag tem desconto de 5%. O desconto aumenta para quem usa o mesmo trecho da rodovia v\u00e1rias vezes no m\u00eas. O usu\u00e1rio com tag ativa recebe a cobran\u00e7a da operadora. O usu\u00e1rio sem tag tem at\u00e9 30 dias para pagar atrav\u00e9s do site ou aplicativos da concession\u00e1ria ou em postos de atendimento na rodovia.<\/p>\n<p>O n\u00e3o pagamento \u00e9 considerado evas\u00e3o de ped\u00e1gio, infra\u00e7\u00e3o grave prevista no C\u00f3digo de Tr\u00e2nsito Brasileiro, com multa de R$ 195,13, mais cinco pontos na carteira de habilita\u00e7\u00e3o.<\/p>\n<p>At\u00e9 o dia 14 de outubro, o pagamento tinha de ser feito em 15 dias, mas uma resolu\u00e7\u00e3o do Contran (Conselho Nacional de Tr\u00e2nsito) estendeu o prazo para 30 dias corridos (Com informa\u00e7\u00f5es Jos\u00e9 Maria Tomazela\/Ag\u00eancia Estado).<\/p>\n<p>SAIBA MAIS<br \/>Mega-Sena: Apostadores levam pr\u00eamios no interior de SP; Veja os n\u00fameros<\/p>\n<p>FIQUE ON<\/p>\n<p>Fique ligado em tudo que acontece em Ribeir\u00e3o Preto e regi\u00e3o. Siga os perfis do<strong> acidade on<\/strong> no <a href=\"https:\/\/www.instagram.com\/acidadeonribeirao\" target=\"_blank\" rel=\"noreferrer noopener nofollow\">Instagram<\/a> e no<a href=\"https:\/\/www.facebook.com\/acidadeonribeirao\/\" target=\"_blank\" rel=\"noreferrer noopener nofollow\"> Facebook<\/a>.<\/p>\n<p>Receba not\u00edcias do <strong>acidade on<\/strong> no WhatsApp. <a href=\"https:\/\/chat.whatsapp.com\/Fg4ok3aAVyB59DP63pRapr\" target=\"_blank\" rel=\"noreferrer noopener nofollow\">Para entrar no grupo, basta clicar aqui.<\/a><\/p>\n<p>Fa\u00e7a uma den\u00fancia ou sugira uma reportagem sobre Ribeir\u00e3o Preto e regi\u00e3o pelo WhatsApp: 16 99117 7802.<\/p>\n<p>VEJA TAMB\u00c9M<br \/>Em qual site consumidores da 123 Milhas tem que enviar as informa\u00e7\u00f5es?<\/p>\n<p><!-- CONTENT END 1 -->\n<\/div>\n<p><script async src=\"\/\/www.instagram.com\/embed.js\"><\/script><br \/>\n<br \/><br \/>\n<br \/><a href=\"https:\/\/www.acidadeon.com\/ribeiraopreto\/economia\/pedagio-free-flow-12-mil-motoristas-sao-multados-por-falta-de-pagamento-no-interior-de-sp\/\">Source link <\/a><\/p>\n","protected":false},"excerpt":{"rendered":"<p>Mais de 12 mil motoristas ser\u00e3o multados por n\u00e3o pagar a tarifa do ped\u00e1gio eletr\u00f4nico, o ped\u00e1gio free flow, no primeiro m\u00eas de opera\u00e7\u00e3o no&#8230;<\/p>\n","protected":false},"author":1,"featured_media":57480,"comment_status":"open","ping_status":"open","sticky":false,"template":"","format":"standard","meta":{"advanced_seo_description":"","jetpack_seo_html_title":"","jetpack_seo_noindex":false,"jetpack_post_was_ever_published":false,"_jetpack_newsletter_access":"","_jetpack_dont_email_post_to_subs":false,"_jetpack_newsletter_tier_id":0,"_jetpack_memberships_contains_paywalled_content":false,"_jetpack_memberships_contains_paid_content":false,"footnotes":"","jetpack_publicize_message":"","jetpack_publicize_feature_enabled":true,"jetpack_social_post_already_shared":true,"jetpack_social_options":{"image_generator_settings":{"template":"highway","default_image_id":0,"font":"","enabled":false},"version":2}},"categories":[11],"tags":[],"class_list":["post-60227","post","type-post","status-publish","format-standard","has-post-thumbnail","hentry","category-noticias-de-ribeirao-preto-sp-e-regiao-ismael-colosi"],"jetpack_publicize_connections":[],"jetpack_featured_media_url":"https:\/\/i0.wp.com\/noticiasribeiraopreto.com.br\/wp-content\/uploads\/2024\/09\/pedagio-free-flow_2024-09-02_16-33-58_jpg_2024-09-02_16-33-58.webp.webp?fit=1079%2C682&ssl=1","jetpack-related-posts":[{"id":60212,"url":"https:\/\/noticiasribeiraopreto.com.br\/index.php\/2024\/11\/08\/pedagio-free-flow-12-mil-motoristas-sao-multados-por-falta-de-pagamento-no-interior-de-sp\/","url_meta":{"origin":60227,"position":0},"title":"Ped\u00e1gio free flow: 12 mil motoristas s\u00e3o multados por falta de pagamento no interior de SP","author":"noticiasribeiraopreto.com.br","date":"8 de November de 2024","format":false,"excerpt":"Mais de 12 mil motoristas ser\u00e3o multados por n\u00e3o pagar a tarifa do ped\u00e1gio eletr\u00f4nico, o ped\u00e1gio free flow, no primeiro m\u00eas de opera\u00e7\u00e3o no interior de S\u00e3o Paulo. O per\u00edodo considerado pela EcoNoroeste vai de 4 de setembro, quando come\u00e7ou a opera\u00e7\u00e3o com cobran\u00e7a, at\u00e9 4 de outubro. O\u2026","rel":"","context":"In &quot;Not\u00edcias de Ribeir\u00e3o Preto-SP e Regi\u00e3o&quot;","block_context":{"text":"Not\u00edcias de Ribeir\u00e3o Preto-SP e Regi\u00e3o","link":"https:\/\/noticiasribeiraopreto.com.br\/index.php\/category\/noticias-de-ribeirao-preto-sp-e-regiao-ismael-colosi\/"},"img":{"alt_text":"","src":"https:\/\/i0.wp.com\/noticiasribeiraopreto.com.br\/wp-content\/uploads\/2024\/09\/pedagio-free-flow_2024-09-02_16-33-58_jpg_2024-09-02_16-33-58.webp.webp?fit=1079%2C682&ssl=1&resize=350%2C200","width":350,"height":200,"srcset":"https:\/\/i0.wp.com\/noticiasribeiraopreto.com.br\/wp-content\/uploads\/2024\/09\/pedagio-free-flow_2024-09-02_16-33-58_jpg_2024-09-02_16-33-58.webp.webp?fit=1079%2C682&ssl=1&resize=350%2C200 1x, https:\/\/i0.wp.com\/noticiasribeiraopreto.com.br\/wp-content\/uploads\/2024\/09\/pedagio-free-flow_2024-09-02_16-33-58_jpg_2024-09-02_16-33-58.webp.webp?fit=1079%2C682&ssl=1&resize=525%2C300 1.5x, https:\/\/i0.wp.com\/noticiasribeiraopreto.com.br\/wp-content\/uploads\/2024\/09\/pedagio-free-flow_2024-09-02_16-33-58_jpg_2024-09-02_16-33-58.webp.webp?fit=1079%2C682&ssl=1&resize=700%2C400 2x, https:\/\/i0.wp.com\/noticiasribeiraopreto.com.br\/wp-content\/uploads\/2024\/09\/pedagio-free-flow_2024-09-02_16-33-58_jpg_2024-09-02_16-33-58.webp.webp?fit=1079%2C682&ssl=1&resize=1050%2C600 3x"},"classes":[]},{"id":59237,"url":"https:\/\/noticiasribeiraopreto.com.br\/index.php\/2024\/10\/18\/veja-quando-pedagio-free-flow-comeca-a-operar-na-regiao-de-ribeirao-preto\/","url_meta":{"origin":60227,"position":1},"title":"Veja quando ped\u00e1gio free flow come\u00e7a a operar na regi\u00e3o de Ribeir\u00e3o Preto","author":"noticiasribeiraopreto.com.br","date":"18 de October de 2024","format":false,"excerpt":"O primeiro p\u00f3rtico de ped\u00e1gio free flow, o ped\u00e1gio eletr\u00f4nico, da regi\u00e3o de Ribeir\u00e3o Preto come\u00e7a a operar no dia 1\u00ba de novembro. O p\u00f3rtico ficar\u00e1 na rodovia Carlos Tonanni, na altura do quil\u00f4metro 110, em Jaboticabal. A nova tecnologia de ped\u00e1gio eletr\u00f4nico permite que os usu\u00e1rios sigam viagem sem\u2026","rel":"","context":"In &quot;Not\u00edcias de Ribeir\u00e3o Preto-SP e Regi\u00e3o&quot;","block_context":{"text":"Not\u00edcias de Ribeir\u00e3o Preto-SP e Regi\u00e3o","link":"https:\/\/noticiasribeiraopreto.com.br\/index.php\/category\/noticias-de-ribeirao-preto-sp-e-regiao-ismael-colosi\/"},"img":{"alt_text":"","src":"https:\/\/i0.wp.com\/noticiasribeiraopreto.com.br\/wp-content\/uploads\/2024\/10\/pedagio-free-flow_2024-10-18_13-02-23_jpeg_2024-10-18_13-02-23.webp.webp?fit=1200%2C861&ssl=1&resize=350%2C200","width":350,"height":200,"srcset":"https:\/\/i0.wp.com\/noticiasribeiraopreto.com.br\/wp-content\/uploads\/2024\/10\/pedagio-free-flow_2024-10-18_13-02-23_jpeg_2024-10-18_13-02-23.webp.webp?fit=1200%2C861&ssl=1&resize=350%2C200 1x, https:\/\/i0.wp.com\/noticiasribeiraopreto.com.br\/wp-content\/uploads\/2024\/10\/pedagio-free-flow_2024-10-18_13-02-23_jpeg_2024-10-18_13-02-23.webp.webp?fit=1200%2C861&ssl=1&resize=525%2C300 1.5x, https:\/\/i0.wp.com\/noticiasribeiraopreto.com.br\/wp-content\/uploads\/2024\/10\/pedagio-free-flow_2024-10-18_13-02-23_jpeg_2024-10-18_13-02-23.webp.webp?fit=1200%2C861&ssl=1&resize=700%2C400 2x, https:\/\/i0.wp.com\/noticiasribeiraopreto.com.br\/wp-content\/uploads\/2024\/10\/pedagio-free-flow_2024-10-18_13-02-23_jpeg_2024-10-18_13-02-23.webp.webp?fit=1200%2C861&ssl=1&resize=1050%2C600 3x"},"classes":[]},{"id":50546,"url":"https:\/\/noticiasribeiraopreto.com.br\/index.php\/2024\/05\/16\/entenda-como-funciona-o-pedagio-sem-cancela-em-rodovias-do-interior-de-sp\/","url_meta":{"origin":60227,"position":2},"title":"Entenda como funciona o ped\u00e1gio sem cancela em rodovias do interior de SP","author":"noticiasribeiraopreto.com.br","date":"16 de May de 2024","format":false,"excerpt":"Motoristas de S\u00e3o Paulo devem se livrar da necessidade de parar em pra\u00e7as de ped\u00e1gio em breve. Isso porque algumas rodovias do interior do estado passar\u00e3o a receber o sistema Free Flow, que substituir\u00e1 os ped\u00e1gios de barreiras por p\u00f3rticos de cobran\u00e7a. De acordo com o governo de S\u00e3o Paulo,\u2026","rel":"","context":"In &quot;Not\u00edcias de Ribeir\u00e3o Preto-SP e Regi\u00e3o&quot;","block_context":{"text":"Not\u00edcias de Ribeir\u00e3o Preto-SP e Regi\u00e3o","link":"https:\/\/noticiasribeiraopreto.com.br\/index.php\/category\/noticias-de-ribeirao-preto-sp-e-regiao-ismael-colosi\/"},"img":{"alt_text":"","src":"https:\/\/i0.wp.com\/noticiasribeiraopreto.com.br\/wp-content\/uploads\/2024\/05\/FREE-FLOW.webp.webp?fit=1024%2C682&ssl=1&resize=350%2C200","width":350,"height":200,"srcset":"https:\/\/i0.wp.com\/noticiasribeiraopreto.com.br\/wp-content\/uploads\/2024\/05\/FREE-FLOW.webp.webp?fit=1024%2C682&ssl=1&resize=350%2C200 1x, https:\/\/i0.wp.com\/noticiasribeiraopreto.com.br\/wp-content\/uploads\/2024\/05\/FREE-FLOW.webp.webp?fit=1024%2C682&ssl=1&resize=525%2C300 1.5x, https:\/\/i0.wp.com\/noticiasribeiraopreto.com.br\/wp-content\/uploads\/2024\/05\/FREE-FLOW.webp.webp?fit=1024%2C682&ssl=1&resize=700%2C400 2x"},"classes":[]},{"id":57479,"url":"https:\/\/noticiasribeiraopreto.com.br\/index.php\/2024\/09\/02\/pedagio-free-flow-comeca-a-operar-no-interior-de-sp-nesta-semana-saiba-como-funciona\/","url_meta":{"origin":60227,"position":3},"title":"Ped\u00e1gio free flow come\u00e7a a operar no interior de SP nesta semana; Saiba como funciona","author":"noticiasribeiraopreto.com.br","date":"2 de September de 2024","format":false,"excerpt":"Os p\u00f3rticos do ped\u00e1gio free flow come\u00e7am a operar na SP-333 (rodovias Carlos Tonanni, Nem\u00e9sio Cadetti, Laurentino Mascari e Dr. M\u00e1rio Gentil), no interior de S\u00e3o Paulo, nesta semana. A pra\u00e7a de ped\u00e1gio de It\u00e1polis, no quil\u00f4metro 179, colocar\u00e1 em opera\u00e7\u00e3o a nova tecnologia de ped\u00e1gio eletr\u00f4nica na quarta-feira (4).\u2026","rel":"","context":"In &quot;Not\u00edcias de Ribeir\u00e3o Preto-SP e Regi\u00e3o&quot;","block_context":{"text":"Not\u00edcias de Ribeir\u00e3o Preto-SP e Regi\u00e3o","link":"https:\/\/noticiasribeiraopreto.com.br\/index.php\/category\/noticias-de-ribeirao-preto-sp-e-regiao-ismael-colosi\/"},"img":{"alt_text":"","src":"https:\/\/i0.wp.com\/noticiasribeiraopreto.com.br\/wp-content\/uploads\/2024\/09\/pedagio-free-flow_2024-09-02_16-33-58_jpg_2024-09-02_16-33-58.webp.webp?fit=1079%2C682&ssl=1&resize=350%2C200","width":350,"height":200,"srcset":"https:\/\/i0.wp.com\/noticiasribeiraopreto.com.br\/wp-content\/uploads\/2024\/09\/pedagio-free-flow_2024-09-02_16-33-58_jpg_2024-09-02_16-33-58.webp.webp?fit=1079%2C682&ssl=1&resize=350%2C200 1x, https:\/\/i0.wp.com\/noticiasribeiraopreto.com.br\/wp-content\/uploads\/2024\/09\/pedagio-free-flow_2024-09-02_16-33-58_jpg_2024-09-02_16-33-58.webp.webp?fit=1079%2C682&ssl=1&resize=525%2C300 1.5x, https:\/\/i0.wp.com\/noticiasribeiraopreto.com.br\/wp-content\/uploads\/2024\/09\/pedagio-free-flow_2024-09-02_16-33-58_jpg_2024-09-02_16-33-58.webp.webp?fit=1079%2C682&ssl=1&resize=700%2C400 2x, https:\/\/i0.wp.com\/noticiasribeiraopreto.com.br\/wp-content\/uploads\/2024\/09\/pedagio-free-flow_2024-09-02_16-33-58_jpg_2024-09-02_16-33-58.webp.webp?fit=1079%2C682&ssl=1&resize=1050%2C600 3x"},"classes":[]},{"id":57542,"url":"https:\/\/noticiasribeiraopreto.com.br\/index.php\/2024\/09\/03\/como-funciona-o-pedagio-free-flow-sistema-comeca-a-operar-no-interior-de-sp\/","url_meta":{"origin":60227,"position":4},"title":"Como funciona o ped\u00e1gio free flow? Sistema come\u00e7a a operar no interior de SP","author":"noticiasribeiraopreto.com.br","date":"3 de September de 2024","format":false,"excerpt":"O primeiro ped\u00e1gio free flow do estado de S\u00e3o Paulo come\u00e7a a funcionar nesta quarta-feira (4), na SP-333 (rodovias Carlos Tonanni, Nem\u00e9sio Cadetti, Laurentino Mascari e Dr. M\u00e1rio Gentil), em It\u00e1polis, no interior paulista. A nova tecnologia substitui o modelo tradicional de ped\u00e1gio e faz a cobran\u00e7a da tarifa por\u2026","rel":"","context":"In &quot;Not\u00edcias de Ribeir\u00e3o Preto-SP e Regi\u00e3o&quot;","block_context":{"text":"Not\u00edcias de Ribeir\u00e3o Preto-SP e Regi\u00e3o","link":"https:\/\/noticiasribeiraopreto.com.br\/index.php\/category\/noticias-de-ribeirao-preto-sp-e-regiao-ismael-colosi\/"},"img":{"alt_text":"","src":"https:\/\/i0.wp.com\/noticiasribeiraopreto.com.br\/wp-content\/uploads\/2024\/09\/2_ECONOROESTE_Portico-Free-Flow-Itapolis_SP_02_09_2024_2024-09-03_20-08-08_jpeg_2024-09-03_20-08-08.webp.webp?fit=1079%2C668&ssl=1&resize=350%2C200","width":350,"height":200,"srcset":"https:\/\/i0.wp.com\/noticiasribeiraopreto.com.br\/wp-content\/uploads\/2024\/09\/2_ECONOROESTE_Portico-Free-Flow-Itapolis_SP_02_09_2024_2024-09-03_20-08-08_jpeg_2024-09-03_20-08-08.webp.webp?fit=1079%2C668&ssl=1&resize=350%2C200 1x, https:\/\/i0.wp.com\/noticiasribeiraopreto.com.br\/wp-content\/uploads\/2024\/09\/2_ECONOROESTE_Portico-Free-Flow-Itapolis_SP_02_09_2024_2024-09-03_20-08-08_jpeg_2024-09-03_20-08-08.webp.webp?fit=1079%2C668&ssl=1&resize=525%2C300 1.5x, https:\/\/i0.wp.com\/noticiasribeiraopreto.com.br\/wp-content\/uploads\/2024\/09\/2_ECONOROESTE_Portico-Free-Flow-Itapolis_SP_02_09_2024_2024-09-03_20-08-08_jpeg_2024-09-03_20-08-08.webp.webp?fit=1079%2C668&ssl=1&resize=700%2C400 2x, https:\/\/i0.wp.com\/noticiasribeiraopreto.com.br\/wp-content\/uploads\/2024\/09\/2_ECONOROESTE_Portico-Free-Flow-Itapolis_SP_02_09_2024_2024-09-03_20-08-08_jpeg_2024-09-03_20-08-08.webp.webp?fit=1079%2C668&ssl=1&resize=1050%2C600 3x"},"classes":[]},{"id":58044,"url":"https:\/\/noticiasribeiraopreto.com.br\/index.php\/2024\/09\/17\/veja-quais-sao-os-meios-de-pagamento-do-pedagio-free-flow\/","url_meta":{"origin":60227,"position":5},"title":"Veja quais s\u00e3o os meios de pagamento do ped\u00e1gio free flow","author":"noticiasribeiraopreto.com.br","date":"17 de September de 2024","format":false,"excerpt":"Um levantamento da EcoNoroeste registrou uma m\u00e9dia de 4 mil ve\u00edculos passando por dia pelo primeiro p\u00f3rtico do sistema de free flow do Estado de S\u00e3o Paulo, instalado na SP-333 (rodovias Carlos Tonanni, Nem\u00e9sio Cadetti, Laurentino Mascari e Dr. M\u00e1rio Gentil), em It\u00e1polis, no interior paulista. Deste n\u00famero, 82% dos\u2026","rel":"","context":"In &quot;Not\u00edcias de Ribeir\u00e3o Preto-SP e Regi\u00e3o&quot;","block_context":{"text":"Not\u00edcias de Ribeir\u00e3o Preto-SP e Regi\u00e3o","link":"https:\/\/noticiasribeiraopreto.com.br\/index.php\/category\/noticias-de-ribeirao-preto-sp-e-regiao-ismael-colosi\/"},"img":{"alt_text":"","src":"https:\/\/i0.wp.com\/noticiasribeiraopreto.com.br\/wp-content\/uploads\/2024\/09\/Free-Flow-1536x1022-1_2024-09-17_18-47-00_jpg_2024-09-17_18-47-00.webp.webp?fit=1200%2C798&ssl=1&resize=350%2C200","width":350,"height":200,"srcset":"https:\/\/i0.wp.com\/noticiasribeiraopreto.com.br\/wp-content\/uploads\/2024\/09\/Free-Flow-1536x1022-1_2024-09-17_18-47-00_jpg_2024-09-17_18-47-00.webp.webp?fit=1200%2C798&ssl=1&resize=350%2C200 1x, https:\/\/i0.wp.com\/noticiasribeiraopreto.com.br\/wp-content\/uploads\/2024\/09\/Free-Flow-1536x1022-1_2024-09-17_18-47-00_jpg_2024-09-17_18-47-00.webp.webp?fit=1200%2C798&ssl=1&resize=525%2C300 1.5x, https:\/\/i0.wp.com\/noticiasribeiraopreto.com.br\/wp-content\/uploads\/2024\/09\/Free-Flow-1536x1022-1_2024-09-17_18-47-00_jpg_2024-09-17_18-47-00.webp.webp?fit=1200%2C798&ssl=1&resize=700%2C400 2x, https:\/\/i0.wp.com\/noticiasribeiraopreto.com.br\/wp-content\/uploads\/2024\/09\/Free-Flow-1536x1022-1_2024-09-17_18-47-00_jpg_2024-09-17_18-47-00.webp.webp?fit=1200%2C798&ssl=1&resize=1050%2C600 3x"},"classes":[]}],"jetpack_sharing_enabled":true,"jetpack_shortlink":"https:\/\/wp.me\/peQAOb-fFp","_links":{"self":[{"href":"https:\/\/noticiasribeiraopreto.com.br\/index.php\/wp-json\/wp\/v2\/posts\/60227","targetHints":{"allow":["GET"]}}],"collection":[{"href":"https:\/\/noticiasribeiraopreto.com.br\/index.php\/wp-json\/wp\/v2\/posts"}],"about":[{"href":"https:\/\/noticiasribeiraopreto.com.br\/index.php\/wp-json\/wp\/v2\/types\/post"}],"author":[{"embeddable":true,"href":"https:\/\/noticiasribeiraopreto.com.br\/index.php\/wp-json\/wp\/v2\/users\/1"}],"replies":[{"embeddable":true,"href":"https:\/\/noticiasribeiraopreto.com.br\/index.php\/wp-json\/wp\/v2\/comments?post=60227"}],"version-history":[{"count":0,"href":"https:\/\/noticiasribeiraopreto.com.br\/index.php\/wp-json\/wp\/v2\/posts\/60227\/revisions"}],"wp:featuredmedia":[{"embeddable":true,"href":"https:\/\/noticiasribeiraopreto.com.br\/index.php\/wp-json\/wp\/v2\/media\/57480"}],"wp:attachment":[{"href":"https:\/\/noticiasribeiraopreto.com.br\/index.php\/wp-json\/wp\/v2\/media?parent=60227"}],"wp:term":[{"taxonomy":"category","embeddable":true,"href":"https:\/\/noticiasribeiraopreto.com.br\/index.php\/wp-json\/wp\/v2\/categories?post=60227"},{"taxonomy":"post_tag","embeddable":true,"href":"https:\/\/noticiasribeiraopreto.com.br\/index.php\/wp-json\/wp\/v2\/tags?post=60227"}],"curies":[{"name":"wp","href":"https:\/\/api.w.org\/{rel}","templated":true}]}}