{"id":60228,"date":"2024-11-08T12:46:30","date_gmt":"2024-11-08T15:46:30","guid":{"rendered":"https:\/\/noticiasribeiraopreto.com.br\/index.php\/2024\/11\/08\/ribeirao-preto-recebe-feira-com-produtos-veganos-neste-sabado\/"},"modified":"2024-11-08T12:46:30","modified_gmt":"2024-11-08T15:46:30","slug":"ribeirao-preto-recebe-feira-com-produtos-veganos-neste-sabado","status":"publish","type":"post","link":"https:\/\/noticiasribeiraopreto.com.br\/index.php\/2024\/11\/08\/ribeirao-preto-recebe-feira-com-produtos-veganos-neste-sabado\/","title":{"rendered":"Ribeir\u00e3o Preto recebe feira com produtos veganos neste s\u00e1bado"},"content":{"rendered":"<p> <br \/>\n<\/p>\n<div data-td-block-uid=\"tdi_106\">\n<div class=\"tdb-block-inner td-fix-index\">\n<p><strong>Ribeir\u00e3o Preto recebe neste s\u00e1bado (9) uma nova edi\u00e7\u00e3o da Feira Veg <strong>com op\u00e7\u00f5es em produtos veganos<\/strong>. <\/strong>O <strong>evento <\/strong>ser\u00e1 realizado em parceria com o <strong>Sesc<\/strong>, <strong>das 12h \u00e0s 18h<\/strong>, com <strong>entrada gratuita<\/strong>, na <strong>sede <\/strong>da <strong>entidade<\/strong>, no <strong>Centro<\/strong>.<\/p>\n<p>A <strong>organizadora <\/strong>da <strong>Feira Veg<\/strong>, <strong>Andrea Bombonato<\/strong>, explica que <mark style=\"background-color:#fcb900\" class=\"has-inline-color has-black-color\">haver\u00e1 ampla variedade de produtos veganos, como doces, p\u00e3es, queijos de castanha e blends de ch\u00e1s, al\u00e9m de op\u00e7\u00f5es para pessoas com restri\u00e7\u00f5es alimentares, como cel\u00edacos e APLV (Alergia \u00e0 Prote\u00edna do Leite de Vaca). <\/mark>Tamb\u00e9m haver\u00e1 <strong>cosm\u00e9ticos naturais <\/strong>e <strong>artesanato sustent\u00e1vel <\/strong>\u00e0 venda.<\/p>\n<p>O <strong>evento <\/strong>ainda ter\u00e1 os <strong>DJs Exu Selecta <\/strong>e <strong>O Hierofante<\/strong>, que ir\u00e3o apresentar uma <strong>sele\u00e7\u00e3o <\/strong>da <strong>m\u00fasica brasileira <\/strong>com <strong>discotecagem 100% vinil<\/strong>.<\/p>\n<h4 class=\"wp-block-heading\"><strong>Servi\u00e7o<\/strong><\/h4>\n<p><em>Feira Veg no Sesc Ribeir\u00e3o Preto<\/em><\/p>\n<p><strong>Quando:<\/strong> 9 de novembro (s\u00e1bado)<br \/><strong>Hor\u00e1rio:<\/strong> Das 12h \u00e0s 18h<br \/><strong>Onde:<\/strong> Sesc Ribeir\u00e3o Preto <br \/><strong>Endere\u00e7o:<\/strong> Rua Tibiri\u00e7\u00e1, 50, Centro, Ribeir\u00e3o Preto<\/p>\n<p>Evento com entrada gratuita. Para mais informa\u00e7\u00f5es, <a href=\"https:\/\/www.instagram.com\/vegribeirao\/\" target=\"_blank\" rel=\"noreferrer noopener\">clique aqui<\/a>.<\/p>\n<p>SAIBA MAIS<\/p>\n<p>Alerta de temporais continua em todo o estado de SP nesta sexta<\/p>\n<h4 class=\"wp-block-heading\"><strong>FIQUE ON<\/strong><\/h4>\n<p>Fique ligado em tudo que acontece em Ribeir\u00e3o Preto e regi\u00e3o. Siga os perfis do\u00a0<strong>acidade on\u00a0<\/strong>no\u00a0<a href=\"https:\/\/www.instagram.com\/acidadeonribeirao\" target=\"_blank\" rel=\"noreferrer noopener\">Instagram<\/a>\u00a0e no\u00a0<a href=\"https:\/\/www.facebook.com\/acidadeonribeirao\/\" target=\"_blank\" rel=\"noreferrer noopener\">Facebook<\/a>.<\/p>\n<p>Receba not\u00edcias do\u00a0<strong>acidade on\u00a0<\/strong>no WhatsApp.\u00a0<a href=\"https:\/\/chat.whatsapp.com\/Fg4ok3aAVyB59DP63pRapr\" target=\"_blank\" rel=\"noreferrer noopener\">Para entrar no grupo, basta clicar aqui.<\/a><\/p>\n<p>Fa\u00e7a uma den\u00fancia ou sugira uma reportagem sobre Ribeir\u00e3o Preto e regi\u00e3o pelo WhatsApp: 16 99117 7802.<\/p>\n<p>VEJA TAMB\u00c9M<\/p>\n<p>O que fazer em um alerta laranja? Entenda aviso do Inmet<\/p>\n<p><!-- CONTENT END 1 -->\n<\/div>\n<\/div>\n<p><script async src=\"\/\/www.instagram.com\/embed.js\"><\/script><br \/>\n<br \/><br \/>\n<br \/><a href=\"https:\/\/www.acidadeon.com\/ribeiraopreto\/lazer-e-cultura\/ribeirao-preto-recebe-feira-com-produtos-veganos-neste-sabado\/\">Source link <\/a><\/p>\n","protected":false},"excerpt":{"rendered":"<p>Ribeir\u00e3o Preto recebe neste s\u00e1bado (9) uma nova edi\u00e7\u00e3o da Feira Veg com op\u00e7\u00f5es em produtos veganos. O evento ser\u00e1 realizado em parceria com o&#8230;<\/p>\n","protected":false},"author":1,"featured_media":60229,"comment_status":"open","ping_status":"open","sticky":false,"template":"","format":"standard","meta":{"advanced_seo_description":"","jetpack_seo_html_title":"","jetpack_seo_noindex":false,"jetpack_post_was_ever_published":false,"_jetpack_newsletter_access":"","_jetpack_dont_email_post_to_subs":false,"_jetpack_newsletter_tier_id":0,"_jetpack_memberships_contains_paywalled_content":false,"_jetpack_memberships_contains_paid_content":false,"footnotes":"","jetpack_publicize_message":"","jetpack_publicize_feature_enabled":true,"jetpack_social_post_already_shared":true,"jetpack_social_options":{"image_generator_settings":{"template":"highway","default_image_id":0,"font":"","enabled":false},"version":2}},"categories":[11],"tags":[],"class_list":["post-60228","post","type-post","status-publish","format-standard","has-post-thumbnail","hentry","category-noticias-de-ribeirao-preto-sp-e-regiao-ismael-colosi"],"jetpack_publicize_connections":[],"jetpack_featured_media_url":"https:\/\/i0.wp.com\/noticiasribeiraopreto.com.br\/wp-content\/uploads\/2024\/11\/veg-24-04-9_2024-11-08_15-12-59_jpg_2024-11-08_15-13-00.webp.webp?fit=2048%2C1367&ssl=1","jetpack-related-posts":[{"id":78210,"url":"https:\/\/noticiasribeiraopreto.com.br\/index.php\/2025\/10\/04\/ribeirao-preto-recebe-feira-com-gastronomia-vegana-artesanato-e-atividades-gratuitas\/","url_meta":{"origin":60228,"position":0},"title":"Ribeir\u00e3o Preto recebe feira com gastronomia vegana, artesanato e atividades gratuitas","author":"noticiasribeiraopreto.com.br","date":"4 de October de 2025","format":false,"excerpt":"Em parceria com o Sesc Ribeir\u00e3o acontece mais uma edi\u00e7\u00e3o da Feira Veg, em Ribeir\u00e3o Preto, neste domingo (5), das 9h \u00e0s 12h. O evento conta expositores locais oferecendo uma ampla variedade de produtos veganos. Esta edi\u00e7\u00e3o d\u00e1 in\u00edcio oficial das atividades do Sesc Ribeir\u00e3o na nova unidade, localizada na\u2026","rel":"","context":"In &quot;Not\u00edcias de Ribeir\u00e3o Preto-SP e Regi\u00e3o&quot;","block_context":{"text":"Not\u00edcias de Ribeir\u00e3o Preto-SP e Regi\u00e3o","link":"https:\/\/noticiasribeiraopreto.com.br\/index.php\/category\/noticias-de-ribeirao-preto-sp-e-regiao-ismael-colosi\/"},"img":{"alt_text":"","src":"https:\/\/i0.wp.com\/noticiasribeiraopreto.com.br\/wp-content\/uploads\/2025\/10\/feira-veg_2025-10-04_15-05-37.webp.webp?fit=1200%2C675&ssl=1&resize=350%2C200","width":350,"height":200,"srcset":"https:\/\/i0.wp.com\/noticiasribeiraopreto.com.br\/wp-content\/uploads\/2025\/10\/feira-veg_2025-10-04_15-05-37.webp.webp?fit=1200%2C675&ssl=1&resize=350%2C200 1x, https:\/\/i0.wp.com\/noticiasribeiraopreto.com.br\/wp-content\/uploads\/2025\/10\/feira-veg_2025-10-04_15-05-37.webp.webp?fit=1200%2C675&ssl=1&resize=525%2C300 1.5x, https:\/\/i0.wp.com\/noticiasribeiraopreto.com.br\/wp-content\/uploads\/2025\/10\/feira-veg_2025-10-04_15-05-37.webp.webp?fit=1200%2C675&ssl=1&resize=700%2C400 2x, https:\/\/i0.wp.com\/noticiasribeiraopreto.com.br\/wp-content\/uploads\/2025\/10\/feira-veg_2025-10-04_15-05-37.webp.webp?fit=1200%2C675&ssl=1&resize=1050%2C600 3x"},"classes":[]},{"id":63341,"url":"https:\/\/noticiasribeiraopreto.com.br\/index.php\/2025\/02\/10\/feira-vegana-em-ribeirao-preto-tera-edicao-especial-de-carnaval-veja-quando\/","url_meta":{"origin":60228,"position":1},"title":"Feira vegana em Ribeir\u00e3o Preto ter\u00e1 edi\u00e7\u00e3o especial de Carnaval; veja quando","author":"noticiasribeiraopreto.com.br","date":"10 de February de 2025","format":false,"excerpt":"No pr\u00f3ximo s\u00e1bado, 15 de fevereiro, Ribeir\u00e3o Preto recebe a edi\u00e7\u00e3o especial de Carnaval da Feira Veg. O evento, com entrada gratuita, traz uma sele\u00e7\u00e3o de expositores locais e oferece uma gama de op\u00e7\u00f5es livres de ingredientes de origem animal e n\u00e3o testados em animais. A Feira Veg acontece na\u2026","rel":"","context":"In &quot;Not\u00edcias de Ribeir\u00e3o Preto-SP e Regi\u00e3o&quot;","block_context":{"text":"Not\u00edcias de Ribeir\u00e3o Preto-SP e Regi\u00e3o","link":"https:\/\/noticiasribeiraopreto.com.br\/index.php\/category\/noticias-de-ribeirao-preto-sp-e-regiao-ismael-colosi\/"},"img":{"alt_text":"","src":"https:\/\/i0.wp.com\/noticiasribeiraopreto.com.br\/wp-content\/uploads\/2024\/12\/WhatsApp-Image-2024-12-21-at-08.34.29_2024-12-21_13-09-56_jpeg_2024-12-21_13-09-57.webp.webp?fit=1200%2C800&ssl=1&resize=350%2C200","width":350,"height":200,"srcset":"https:\/\/i0.wp.com\/noticiasribeiraopreto.com.br\/wp-content\/uploads\/2024\/12\/WhatsApp-Image-2024-12-21-at-08.34.29_2024-12-21_13-09-56_jpeg_2024-12-21_13-09-57.webp.webp?fit=1200%2C800&ssl=1&resize=350%2C200 1x, https:\/\/i0.wp.com\/noticiasribeiraopreto.com.br\/wp-content\/uploads\/2024\/12\/WhatsApp-Image-2024-12-21-at-08.34.29_2024-12-21_13-09-56_jpeg_2024-12-21_13-09-57.webp.webp?fit=1200%2C800&ssl=1&resize=525%2C300 1.5x, https:\/\/i0.wp.com\/noticiasribeiraopreto.com.br\/wp-content\/uploads\/2024\/12\/WhatsApp-Image-2024-12-21-at-08.34.29_2024-12-21_13-09-56_jpeg_2024-12-21_13-09-57.webp.webp?fit=1200%2C800&ssl=1&resize=700%2C400 2x, https:\/\/i0.wp.com\/noticiasribeiraopreto.com.br\/wp-content\/uploads\/2024\/12\/WhatsApp-Image-2024-12-21-at-08.34.29_2024-12-21_13-09-56_jpeg_2024-12-21_13-09-57.webp.webp?fit=1200%2C800&ssl=1&resize=1050%2C600 3x"},"classes":[]},{"id":73173,"url":"https:\/\/noticiasribeiraopreto.com.br\/index.php\/2025\/06\/26\/ribeirao-preto-recebe-o-arraia-veg-com-130-opcoes-de-comidas-e-bebidas-veganas-veja-quando\/","url_meta":{"origin":60228,"position":2},"title":"Ribeir\u00e3o Preto recebe o &#8216;Arrai\u00e1 Veg&#8217; com 130 op\u00e7\u00f5es de comidas e bebidas veganas; Veja quando","author":"noticiasribeiraopreto.com.br","date":"26 de June de 2025","format":false,"excerpt":"Ribeir\u00e3o Preto receber\u00e1 a 7\u00aa edi\u00e7\u00e3o do \u201cArrai\u00e1 Veg\u201d, com del\u00edcias t\u00edpicas das festas juninas em vers\u00f5es veganas. O evento, promovido pela VegRibeir\u00e3o, ser\u00e1 no pr\u00f3ximo domingo (29), a partir das 15h, na Pra\u00e7a do Canh\u00e3o, na rotat\u00f3ria das avenidas Treze de Maio e Castelo Branco, no Parque dos Bandeirantes,\u2026","rel":"","context":"In &quot;Not\u00edcias de Ribeir\u00e3o Preto-SP e Regi\u00e3o&quot;","block_context":{"text":"Not\u00edcias de Ribeir\u00e3o Preto-SP e Regi\u00e3o","link":"https:\/\/noticiasribeiraopreto.com.br\/index.php\/category\/noticias-de-ribeirao-preto-sp-e-regiao-ismael-colosi\/"},"img":{"alt_text":"","src":"https:\/\/i0.wp.com\/noticiasribeiraopreto.com.br\/wp-content\/uploads\/2025\/06\/espetinho-de-morango_2025-06-26_13-19-20.webp.webp?fit=329%2C357&ssl=1&resize=350%2C200","width":350,"height":200},"classes":[]},{"id":61767,"url":"https:\/\/noticiasribeiraopreto.com.br\/index.php\/2024\/12\/21\/feira-vegana-tem-local-alterado-em-ribeirao-preto-confira\/","url_meta":{"origin":60228,"position":3},"title":"Feira vegana tem local alterado em Ribeir\u00e3o Preto; Confira","author":"noticiasribeiraopreto.com.br","date":"21 de December de 2024","format":false,"excerpt":"Ribeir\u00e3o Preto recebe neste s\u00e1bado (21), a edi\u00e7\u00e3o especial de Natal da Feira Veg, evento com entrada gratuita que re\u00fane uma sele\u00e7\u00e3o de expositores locais e oferece op\u00e7\u00f5es livre de ingredientes de origem animal ou testes em animais. O evento aconteceria em uma pra\u00e7a da zona Leste da cidade, no\u2026","rel":"","context":"In &quot;Not\u00edcias de Ribeir\u00e3o Preto-SP e Regi\u00e3o&quot;","block_context":{"text":"Not\u00edcias de Ribeir\u00e3o Preto-SP e Regi\u00e3o","link":"https:\/\/noticiasribeiraopreto.com.br\/index.php\/category\/noticias-de-ribeirao-preto-sp-e-regiao-ismael-colosi\/"},"img":{"alt_text":"","src":"https:\/\/i0.wp.com\/noticiasribeiraopreto.com.br\/wp-content\/uploads\/2024\/12\/WhatsApp-Image-2024-12-21-at-08.34.29_2024-12-21_13-09-56_jpeg_2024-12-21_13-09-57.webp.webp?fit=1200%2C800&ssl=1&resize=350%2C200","width":350,"height":200,"srcset":"https:\/\/i0.wp.com\/noticiasribeiraopreto.com.br\/wp-content\/uploads\/2024\/12\/WhatsApp-Image-2024-12-21-at-08.34.29_2024-12-21_13-09-56_jpeg_2024-12-21_13-09-57.webp.webp?fit=1200%2C800&ssl=1&resize=350%2C200 1x, https:\/\/i0.wp.com\/noticiasribeiraopreto.com.br\/wp-content\/uploads\/2024\/12\/WhatsApp-Image-2024-12-21-at-08.34.29_2024-12-21_13-09-56_jpeg_2024-12-21_13-09-57.webp.webp?fit=1200%2C800&ssl=1&resize=525%2C300 1.5x, https:\/\/i0.wp.com\/noticiasribeiraopreto.com.br\/wp-content\/uploads\/2024\/12\/WhatsApp-Image-2024-12-21-at-08.34.29_2024-12-21_13-09-56_jpeg_2024-12-21_13-09-57.webp.webp?fit=1200%2C800&ssl=1&resize=700%2C400 2x, https:\/\/i0.wp.com\/noticiasribeiraopreto.com.br\/wp-content\/uploads\/2024\/12\/WhatsApp-Image-2024-12-21-at-08.34.29_2024-12-21_13-09-56_jpeg_2024-12-21_13-09-57.webp.webp?fit=1200%2C800&ssl=1&resize=1050%2C600 3x"},"classes":[]},{"id":6193,"url":"https:\/\/noticiasribeiraopreto.com.br\/index.php\/2023\/11\/25\/ribeirao-preto-recebe-feira-vegana-com-entrada-gratuita\/","url_meta":{"origin":60228,"position":4},"title":"Ribeir\u00e3o Preto recebe feira vegana com entrada gratuita\u00a0","author":"noticiasribeiraopreto.com.br","date":"25 de November de 2023","format":false,"excerpt":"Ribeir\u00e3o Preto recebe, neste s\u00e1bado (25), a 4\u00b0 edi\u00e7\u00e3o da Festa das Na\u00e7\u00f5es Veg, que re\u00fane comidas t\u00edpicas de v\u00e1rios pa\u00edses e atra\u00e7\u00f5es culturais, na zona Sul. A entrada e o estacionamento s\u00e3o gratuitos. \u00a0 O evento, na sede da AEAARP, acontece das 12h \u00e0s 20h e ter\u00e1 vers\u00f5es veganas\u2026","rel":"","context":"In &quot;Not\u00edcias de Ribeir\u00e3o Preto-SP e Regi\u00e3o&quot;","block_context":{"text":"Not\u00edcias de Ribeir\u00e3o Preto-SP e Regi\u00e3o","link":"https:\/\/noticiasribeiraopreto.com.br\/index.php\/category\/noticias-de-ribeirao-preto-sp-e-regiao-ismael-colosi\/"},"img":{"alt_text":"","src":"https:\/\/i0.wp.com\/noticiasribeiraopreto.com.br\/wp-content\/uploads\/2023\/11\/398996251_18234458797246288_252744082695163226_n.jpg?fit=1080%2C721&ssl=1&resize=350%2C200","width":350,"height":200,"srcset":"https:\/\/i0.wp.com\/noticiasribeiraopreto.com.br\/wp-content\/uploads\/2023\/11\/398996251_18234458797246288_252744082695163226_n.jpg?fit=1080%2C721&ssl=1&resize=350%2C200 1x, https:\/\/i0.wp.com\/noticiasribeiraopreto.com.br\/wp-content\/uploads\/2023\/11\/398996251_18234458797246288_252744082695163226_n.jpg?fit=1080%2C721&ssl=1&resize=525%2C300 1.5x, https:\/\/i0.wp.com\/noticiasribeiraopreto.com.br\/wp-content\/uploads\/2023\/11\/398996251_18234458797246288_252744082695163226_n.jpg?fit=1080%2C721&ssl=1&resize=700%2C400 2x, https:\/\/i0.wp.com\/noticiasribeiraopreto.com.br\/wp-content\/uploads\/2023\/11\/398996251_18234458797246288_252744082695163226_n.jpg?fit=1080%2C721&ssl=1&resize=1050%2C600 3x"},"classes":[]},{"id":77072,"url":"https:\/\/noticiasribeiraopreto.com.br\/index.php\/2025\/09\/11\/ribeirao-preto-recebe-nova-edicao-de-feira-vegana-veja-quando\/","url_meta":{"origin":60228,"position":5},"title":"Ribeir\u00e3o Preto recebe nova edi\u00e7\u00e3o de feira vegana; Veja quando","author":"noticiasribeiraopreto.com.br","date":"11 de September de 2025","format":false,"excerpt":"Ribeir\u00e3o Preto recebe a edi\u00e7\u00e3o de primavera da Feira Veg, com op\u00e7\u00f5es de gastronomia vegana, cosm\u00e9ticos naturais, moda consciente e artesanato sustent\u00e1vel. O evento acontecer\u00e1 no pr\u00f3ximo s\u00e1bado (13), das 10h \u00e0s 17h, no Sesi Ribeir\u00e3o, com entrada pela rua Artur Jos\u00e9 Suzana, s\/n\u00ba, no Jardim Castelo Branco, zona Leste.\u2026","rel":"","context":"In &quot;Not\u00edcias de Ribeir\u00e3o Preto-SP e Regi\u00e3o&quot;","block_context":{"text":"Not\u00edcias de Ribeir\u00e3o Preto-SP e Regi\u00e3o","link":"https:\/\/noticiasribeiraopreto.com.br\/index.php\/category\/noticias-de-ribeirao-preto-sp-e-regiao-ismael-colosi\/"},"img":{"alt_text":"","src":"https:\/\/i0.wp.com\/noticiasribeiraopreto.com.br\/wp-content\/uploads\/2025\/09\/queijo_2025-09-11_12-31-13.webp.webp?fit=1200%2C863&ssl=1&resize=350%2C200","width":350,"height":200,"srcset":"https:\/\/i0.wp.com\/noticiasribeiraopreto.com.br\/wp-content\/uploads\/2025\/09\/queijo_2025-09-11_12-31-13.webp.webp?fit=1200%2C863&ssl=1&resize=350%2C200 1x, https:\/\/i0.wp.com\/noticiasribeiraopreto.com.br\/wp-content\/uploads\/2025\/09\/queijo_2025-09-11_12-31-13.webp.webp?fit=1200%2C863&ssl=1&resize=525%2C300 1.5x, https:\/\/i0.wp.com\/noticiasribeiraopreto.com.br\/wp-content\/uploads\/2025\/09\/queijo_2025-09-11_12-31-13.webp.webp?fit=1200%2C863&ssl=1&resize=700%2C400 2x, https:\/\/i0.wp.com\/noticiasribeiraopreto.com.br\/wp-content\/uploads\/2025\/09\/queijo_2025-09-11_12-31-13.webp.webp?fit=1200%2C863&ssl=1&resize=1050%2C600 3x"},"classes":[]}],"jetpack_sharing_enabled":true,"jetpack_shortlink":"https:\/\/wp.me\/peQAOb-fFq","_links":{"self":[{"href":"https:\/\/noticiasribeiraopreto.com.br\/index.php\/wp-json\/wp\/v2\/posts\/60228","targetHints":{"allow":["GET"]}}],"collection":[{"href":"https:\/\/noticiasribeiraopreto.com.br\/index.php\/wp-json\/wp\/v2\/posts"}],"about":[{"href":"https:\/\/noticiasribeiraopreto.com.br\/index.php\/wp-json\/wp\/v2\/types\/post"}],"author":[{"embeddable":true,"href":"https:\/\/noticiasribeiraopreto.com.br\/index.php\/wp-json\/wp\/v2\/users\/1"}],"replies":[{"embeddable":true,"href":"https:\/\/noticiasribeiraopreto.com.br\/index.php\/wp-json\/wp\/v2\/comments?post=60228"}],"version-history":[{"count":0,"href":"https:\/\/noticiasribeiraopreto.com.br\/index.php\/wp-json\/wp\/v2\/posts\/60228\/revisions"}],"wp:featuredmedia":[{"embeddable":true,"href":"https:\/\/noticiasribeiraopreto.com.br\/index.php\/wp-json\/wp\/v2\/media\/60229"}],"wp:attachment":[{"href":"https:\/\/noticiasribeiraopreto.com.br\/index.php\/wp-json\/wp\/v2\/media?parent=60228"}],"wp:term":[{"taxonomy":"category","embeddable":true,"href":"https:\/\/noticiasribeiraopreto.com.br\/index.php\/wp-json\/wp\/v2\/categories?post=60228"},{"taxonomy":"post_tag","embeddable":true,"href":"https:\/\/noticiasribeiraopreto.com.br\/index.php\/wp-json\/wp\/v2\/tags?post=60228"}],"curies":[{"name":"wp","href":"https:\/\/api.w.org\/{rel}","templated":true}]}}