{"id":60230,"date":"2024-11-08T13:21:42","date_gmt":"2024-11-08T16:21:42","guid":{"rendered":"https:\/\/noticiasribeiraopreto.com.br\/index.php\/2024\/11\/08\/barragem-em-ribeirao-preto-gera-preocupacao-em-moradores-medidas-de-seguranca-sao-reivindicadas\/"},"modified":"2024-11-08T13:21:42","modified_gmt":"2024-11-08T16:21:42","slug":"barragem-em-ribeirao-preto-gera-preocupacao-em-moradores-medidas-de-seguranca-sao-reivindicadas","status":"publish","type":"post","link":"https:\/\/noticiasribeiraopreto.com.br\/index.php\/2024\/11\/08\/barragem-em-ribeirao-preto-gera-preocupacao-em-moradores-medidas-de-seguranca-sao-reivindicadas\/","title":{"rendered":"Barragem em Ribeir\u00e3o Preto Gera Preocupa\u00e7\u00e3o em Moradores: Medidas de Seguran\u00e7a S\u00e3o Reivindicadas"},"content":{"rendered":"<div class='code-block code-block-1' style='margin: 8px 0 8px auto; text-align: right; display: block; clear: both;'>\n<p><a href=\"https:\/\/wa.link\/vpicfd\"><img data-recalc-dims=\"1\" class=\"wp-image-4922\" style=\"aspect-ratio: 2.0253164556962027; width: 561px; height: auto;\" src=\"https:\/\/i0.wp.com\/ismaelcolosi.com.br\/wp-content\/uploads\/2023\/11\/grupo-de-empregos-whatsapp-e-facebook-ismael-colosi-vagas.jpg?ssl=1\" alt=\"\" \/><\/a><\/p>\n<!-- \/wp:image -->\n<\/div>\n<p> <br \/>\n<\/p>\n<div>\n<p>Moradores de Ribeir\u00e3o Preto est\u00e3o em alerta com a situa\u00e7\u00e3o de uma barragem na cidade, manifestando preocupa\u00e7\u00f5es sobre a seguran\u00e7a e integridade da estrutura. Localizada em uma regi\u00e3o residencial, a barragem apresenta sinais de deteriora\u00e7\u00e3o que levantam temores quanto \u00e0 possibilidade de um acidente, sobretudo ap\u00f3s os recentes per\u00edodos de chuva intensa que atingiram a regi\u00e3o. Com o risco de rompimento em mente, a comunidade pressiona as autoridades para que sejam tomadas a\u00e7\u00f5es imediatas e efetivas para assegurar a seguran\u00e7a do local.<\/p>\n<p>Apreens\u00e3o da Popula\u00e7\u00e3o e Sinais de Alerta<\/p>\n<p>A barragem tem sido objeto de discuss\u00f5es e preocupa\u00e7\u00f5es na comunidade local. Recentemente, imagens e v\u00eddeos que circulam nas redes sociais mostram o n\u00edvel elevado de \u00e1gua e pequenos ind\u00edcios de desgaste na estrutura, o que aumentou a apreens\u00e3o dos moradores. Para aqueles que residem pr\u00f3ximo ao local, o risco de um rompimento representa uma amea\u00e7a direta, com a possibilidade de alagamentos e danos \u00e0s propriedades.<\/p>\n<p>Moradores relatam que, em diversas ocasi\u00f5es, j\u00e1 solicitaram esclarecimentos sobre a situa\u00e7\u00e3o da barragem junto \u00e0s autoridades competentes, mas, at\u00e9 o momento, n\u00e3o receberam respostas satisfat\u00f3rias. \u201cO n\u00edvel da \u00e1gua est\u00e1 muito alto e parece que a estrutura n\u00e3o foi feita para suportar tanta press\u00e3o. \u00c9 uma preocupa\u00e7\u00e3o constante para quem vive aqui\u201d, afirmou Marcos Lima, que reside nas proximidades.<\/p>\n<p>Chuvas Aumentam o Risco e a Urg\u00eancia de Medidas<\/p>\n<p>O recente aumento do volume de chuvas na regi\u00e3o tem piorado a situa\u00e7\u00e3o, elevando o n\u00edvel da barragem e aumentando a press\u00e3o sobre a estrutura. Nos \u00faltimos meses, Ribeir\u00e3o Preto enfrentou chuvas intensas que causaram alagamentos e eros\u00f5es em diversos pontos da cidade, e a barragem n\u00e3o ficou imune a esse impacto. Especialistas explicam que a \u00e1gua acumulada exerce press\u00e3o sobre a barragem, e, em estruturas desgastadas, isso pode acelerar o processo de deteriora\u00e7\u00e3o.<\/p>\n<p>Esse cen\u00e1rio de chuvas intensas agrava a urg\u00eancia de interven\u00e7\u00f5es preventivas. Na vis\u00e3o de muitos moradores, as autoridades deveriam ter uma postura mais proativa, realizando manuten\u00e7\u00f5es regulares e criando sistemas de monitoramento em tempo real para avaliar o risco de rompimento. \u201cCom a previs\u00e3o de mais chuvas para os pr\u00f3ximos dias, a situa\u00e7\u00e3o s\u00f3 piora. Queremos que as autoridades se mobilizem para evitar uma trag\u00e9dia\u201d, destaca Ana Paula Costa, l\u00edder comunit\u00e1ria local.<\/p>\n<p>A\u00e7\u00f5es Reivindicadas pela Comunidade<\/p>\n<p>Diante da incerteza, a comunidade tem se mobilizado para pressionar as autoridades locais, buscando uma solu\u00e7\u00e3o que garanta a seguran\u00e7a de todos. Entre as principais reivindica\u00e7\u00f5es est\u00e3o:<\/p>\n<p>\u2022Vistorias T\u00e9cnicas Regulares: Os moradores pedem a realiza\u00e7\u00e3o de inspe\u00e7\u00f5es t\u00e9cnicas frequentes por engenheiros especializados, capazes de identificar pontos vulner\u00e1veis na estrutura.<\/p>\n<p>\u2022Plano de Conting\u00eancia: A aus\u00eancia de um plano de conting\u00eancia em caso de emerg\u00eancia \u00e9 uma das preocupa\u00e7\u00f5es principais. A comunidade solicita que as autoridades elaborem e divulguem medidas de evacua\u00e7\u00e3o e procedimentos de emerg\u00eancia.<\/p>\n<p>\u2022Transpar\u00eancia e Comunica\u00e7\u00e3o: Outra demanda \u00e9 a melhoria da comunica\u00e7\u00e3o entre as autoridades e a popula\u00e7\u00e3o. Moradores pedem atualiza\u00e7\u00f5es constantes sobre a situa\u00e7\u00e3o da barragem, com informa\u00e7\u00f5es claras sobre os riscos e medidas tomadas.<\/p>\n<p>\u2022Instala\u00e7\u00e3o de Equipamentos de Monitoramento: A implementa\u00e7\u00e3o de sensores e sistemas de monitoramento da barragem, capazes de medir o n\u00edvel da \u00e1gua e a press\u00e3o na estrutura em tempo real, \u00e9 vista como uma solu\u00e7\u00e3o vi\u00e1vel para evitar surpresas e mitigar riscos.<\/p>\n<p>Resposta das Autoridades<\/p>\n<p>Ap\u00f3s a repercuss\u00e3o e as demandas da comunidade, representantes da Defesa Civil de Ribeir\u00e3o Preto afirmaram que est\u00e3o cientes das preocupa\u00e7\u00f5es dos moradores e que j\u00e1 iniciaram o processo de an\u00e1lise da barragem. Segundo a entidade, medidas preventivas est\u00e3o sendo estudadas para garantir a integridade da estrutura e a seguran\u00e7a da popula\u00e7\u00e3o local. O \u00f3rg\u00e3o tamb\u00e9m declarou que realizar\u00e1 uma vistoria t\u00e9cnica nos pr\u00f3ximos dias e informar\u00e1 a comunidade sobre os resultados.<\/p>\n<p>A prefeitura, por sua vez, destacou que a barragem em quest\u00e3o n\u00e3o possui hist\u00f3rico de problemas estruturais significativos, mas reconheceu a import\u00e2ncia de realizar manuten\u00e7\u00f5es preventivas. Al\u00e9m disso, afirmou que, caso sejam identificados problemas, medidas corretivas ser\u00e3o aplicadas de imediato para evitar qualquer risco.<\/p>\n<p>Conclus\u00e3o: Vigil\u00e2ncia e A\u00e7\u00f5es R\u00e1pidas s\u00e3o Essenciais<\/p>\n<p>A situa\u00e7\u00e3o da barragem em Ribeir\u00e3o Preto reflete um cen\u00e1rio de preocupa\u00e7\u00e3o constante para os moradores, que vivem \u00e0 sombra de uma estrutura potencialmente vulner\u00e1vel. Diante desse contexto, a ado\u00e7\u00e3o de a\u00e7\u00f5es preventivas e a comunica\u00e7\u00e3o efetiva entre autoridades e popula\u00e7\u00e3o s\u00e3o essenciais para evitar uma poss\u00edvel trag\u00e9dia.<\/p>\n<p>As fortes chuvas intensificam o temor da comunidade, que espera ver suas reivindica\u00e7\u00f5es atendidas antes que o cen\u00e1rio se agrave. Para os moradores, a seguran\u00e7a \u00e9 prioridade, e o desejo \u00e9 que as autoridades mantenham uma vigil\u00e2ncia constante e atuem prontamente para garantir que todos possam viver sem medo nas proximidades da barragem.<\/p>\n<p>&#13;<br \/>\n\t\t\t\t<span class=\"post-views-icon dashicons dashicons-chart-bar\"\/> <span class=\"post-views-label\">Visualiza\u00e7\u00f5es:<\/span> <span class=\"post-views-count\">7<\/span>&#13;\n\t\t\t<\/p>\n<\/p><\/div>\n<p><br \/>\n<br \/><a href=\"https:\/\/folhaderibeirao.com.br\/2024\/11\/08\/barragem-em-ribeirao-preto-gera-preocupacao-em-moradores-medidas-de-seguranca-sao-reivindicadas\/\">Source link <\/a><\/p>\n<!-- CONTENT END 1 -->\n","protected":false},"excerpt":{"rendered":"<p>Moradores de Ribeir\u00e3o Preto est\u00e3o em alerta com a situa\u00e7\u00e3o de uma barragem na cidade, manifestando preocupa\u00e7\u00f5es sobre a seguran\u00e7a e integridade da estrutura. Localizada&#8230;<\/p>\n","protected":false},"author":1,"featured_media":60231,"comment_status":"open","ping_status":"open","sticky":false,"template":"","format":"standard","meta":{"advanced_seo_description":"","jetpack_seo_html_title":"","jetpack_seo_noindex":false,"jetpack_post_was_ever_published":false,"_jetpack_newsletter_access":"","_jetpack_dont_email_post_to_subs":false,"_jetpack_newsletter_tier_id":0,"_jetpack_memberships_contains_paywalled_content":false,"_jetpack_memberships_contains_paid_content":false,"footnotes":"","jetpack_publicize_message":"","jetpack_publicize_feature_enabled":true,"jetpack_social_post_already_shared":true,"jetpack_social_options":{"image_generator_settings":{"template":"highway","default_image_id":0,"font":"","enabled":false},"version":2}},"categories":[11],"tags":[6063,3731,2366,307,3414,27,6064,26,50,1878],"class_list":["post-60230","post","type-post","status-publish","format-standard","has-post-thumbnail","hentry","category-noticias-de-ribeirao-preto-sp-e-regiao-ismael-colosi","tag-barragem","tag-gera","tag-medidas","tag-moradores","tag-preocupacao","tag-preto","tag-reivindicadas","tag-ribeirao","tag-sao","tag-seguranca"],"jetpack_publicize_connections":[],"jetpack_featured_media_url":"https:\/\/i0.wp.com\/noticiasribeiraopreto.com.br\/wp-content\/uploads\/2024\/11\/IMG_9388.jpeg?fit=739%2C415&ssl=1","jetpack-related-posts":[{"id":83246,"url":"https:\/\/noticiasribeiraopreto.com.br\/index.php\/2026\/03\/13\/chuvas-elevam-nivel-de-barragem-e-deixam-170-familias-em-alerta-em-ribeirao-preto\/","url_meta":{"origin":60230,"position":0},"title":"Chuvas elevam n\u00edvel de barragem e deixam 170 fam\u00edlias em alerta em Ribeir\u00e3o Preto","author":"noticiasribeiraopreto.com.br","date":"13 de March de 2026","format":false,"excerpt":"As chuvas intensas registradas nos \u00faltimos dias elevaram o n\u00edvel da barragem Santa Teresa, na zona Oeste de Ribeir\u00e3o Preto, e deixaram cerca de 170 fam\u00edlias em estado de alerta. Moradores da comunidade Vida Nova relatam preocupa\u00e7\u00e3o com o risco de enchentes e com a possibilidade de agravamento da situa\u00e7\u00e3o\u2026","rel":"","context":"In &quot;Not\u00edcias de Ribeir\u00e3o Preto-SP e Regi\u00e3o&quot;","block_context":{"text":"Not\u00edcias de Ribeir\u00e3o Preto-SP e Regi\u00e3o","link":"https:\/\/noticiasribeiraopreto.com.br\/index.php\/category\/noticias-de-ribeirao-preto-sp-e-regiao-ismael-colosi\/"},"img":{"alt_text":"","src":"https:\/\/i0.wp.com\/noticiasribeiraopreto.com.br\/wp-content\/uploads\/2026\/03\/palace-68_2026-03-12_20-13-27.webp.webp?fit=1200%2C675&ssl=1&resize=350%2C200","width":350,"height":200,"srcset":"https:\/\/i0.wp.com\/noticiasribeiraopreto.com.br\/wp-content\/uploads\/2026\/03\/palace-68_2026-03-12_20-13-27.webp.webp?fit=1200%2C675&ssl=1&resize=350%2C200 1x, https:\/\/i0.wp.com\/noticiasribeiraopreto.com.br\/wp-content\/uploads\/2026\/03\/palace-68_2026-03-12_20-13-27.webp.webp?fit=1200%2C675&ssl=1&resize=525%2C300 1.5x, https:\/\/i0.wp.com\/noticiasribeiraopreto.com.br\/wp-content\/uploads\/2026\/03\/palace-68_2026-03-12_20-13-27.webp.webp?fit=1200%2C675&ssl=1&resize=700%2C400 2x, https:\/\/i0.wp.com\/noticiasribeiraopreto.com.br\/wp-content\/uploads\/2026\/03\/palace-68_2026-03-12_20-13-27.webp.webp?fit=1200%2C675&ssl=1&resize=1050%2C600 3x"},"classes":[]},{"id":59551,"url":"https:\/\/noticiasribeiraopreto.com.br\/index.php\/2024\/10\/25\/situacao-de-barragem-em-ribeirao-preto-preocupa-moradores-veja-video\/","url_meta":{"origin":60230,"position":1},"title":"Situa\u00e7\u00e3o de barragem em Ribeir\u00e3o Preto preocupa moradores; veja v\u00eddeo","author":"noticiasribeiraopreto.com.br","date":"25 de October de 2024","format":false,"excerpt":"A barragem do Delboux localizada na Vila Virg\u00ednia, zona Leste de Ribeir\u00e3o Preto, registrou um intenso volume de \u00e1gua por conta da chuva que atingiu a cidade nas \u00faltimas 24 horas. Moradores afirmam que a barragem tem rachaduras e, em caso de fortes chuvas, ela pode se romper, causando inunda\u00e7\u00e3o\u2026","rel":"","context":"In &quot;Not\u00edcias de Ribeir\u00e3o Preto-SP e Regi\u00e3o&quot;","block_context":{"text":"Not\u00edcias de Ribeir\u00e3o Preto-SP e Regi\u00e3o","link":"https:\/\/noticiasribeiraopreto.com.br\/index.php\/category\/noticias-de-ribeirao-preto-sp-e-regiao-ismael-colosi\/"},"img":{"alt_text":"","src":"https:\/\/i0.wp.com\/noticiasribeiraopreto.com.br\/wp-content\/uploads\/2024\/10\/Imagem-do-WhatsApp-de-2024-10-25-as-16.07.33_8494b84d_2024-10-25_19-44-19_jpg_2024-10-25_19-44-19.webp.webp?fit=1200%2C675&ssl=1&resize=350%2C200","width":350,"height":200,"srcset":"https:\/\/i0.wp.com\/noticiasribeiraopreto.com.br\/wp-content\/uploads\/2024\/10\/Imagem-do-WhatsApp-de-2024-10-25-as-16.07.33_8494b84d_2024-10-25_19-44-19_jpg_2024-10-25_19-44-19.webp.webp?fit=1200%2C675&ssl=1&resize=350%2C200 1x, https:\/\/i0.wp.com\/noticiasribeiraopreto.com.br\/wp-content\/uploads\/2024\/10\/Imagem-do-WhatsApp-de-2024-10-25-as-16.07.33_8494b84d_2024-10-25_19-44-19_jpg_2024-10-25_19-44-19.webp.webp?fit=1200%2C675&ssl=1&resize=525%2C300 1.5x, https:\/\/i0.wp.com\/noticiasribeiraopreto.com.br\/wp-content\/uploads\/2024\/10\/Imagem-do-WhatsApp-de-2024-10-25-as-16.07.33_8494b84d_2024-10-25_19-44-19_jpg_2024-10-25_19-44-19.webp.webp?fit=1200%2C675&ssl=1&resize=700%2C400 2x, https:\/\/i0.wp.com\/noticiasribeiraopreto.com.br\/wp-content\/uploads\/2024\/10\/Imagem-do-WhatsApp-de-2024-10-25-as-16.07.33_8494b84d_2024-10-25_19-44-19_jpg_2024-10-25_19-44-19.webp.webp?fit=1200%2C675&ssl=1&resize=1050%2C600 3x"},"classes":[]},{"id":61589,"url":"https:\/\/noticiasribeiraopreto.com.br\/index.php\/2024\/12\/16\/represa-esvazia-de-forma-repentina-na-regiao-de-ribeirao-preto\/","url_meta":{"origin":60230,"position":2},"title":"Represa esvazia de forma repentina na regi\u00e3o de Ribeir\u00e3o Preto","author":"noticiasribeiraopreto.com.br","date":"16 de December de 2024","format":false,"excerpt":"Moradores de S\u00e3o Joaquim da Barra, cidade na regi\u00e3o de Ribeir\u00e3o Preto, se depararam com o repentino esvaziamento da represa do Centro de Lazer Orlando Olivato, nesta segunda-feira (16). Durante o dia, diversas pessoas foram at\u00e9 o local e aproveitaram para retirar os peixes que ficaram na pequena quantidade de\u2026","rel":"","context":"In &quot;Not\u00edcias de Ribeir\u00e3o Preto-SP e Regi\u00e3o&quot;","block_context":{"text":"Not\u00edcias de Ribeir\u00e3o Preto-SP e Regi\u00e3o","link":"https:\/\/noticiasribeiraopreto.com.br\/index.php\/category\/noticias-de-ribeirao-preto-sp-e-regiao-ismael-colosi\/"},"img":{"alt_text":"","src":"https:\/\/i0.wp.com\/noticiasribeiraopreto.com.br\/wp-content\/uploads\/2024\/12\/Copia-de-Copia-de-Copia-de-TAMANHO-EXATO-PARA-FOTOS-NO-SISTEMA-NOVO-2024-12-16T220923.181_2024-12-17_01-09-53_png_2024-12-17_01-09-54.webp.webp?fit=1200%2C675&ssl=1&resize=350%2C200","width":350,"height":200,"srcset":"https:\/\/i0.wp.com\/noticiasribeiraopreto.com.br\/wp-content\/uploads\/2024\/12\/Copia-de-Copia-de-Copia-de-TAMANHO-EXATO-PARA-FOTOS-NO-SISTEMA-NOVO-2024-12-16T220923.181_2024-12-17_01-09-53_png_2024-12-17_01-09-54.webp.webp?fit=1200%2C675&ssl=1&resize=350%2C200 1x, https:\/\/i0.wp.com\/noticiasribeiraopreto.com.br\/wp-content\/uploads\/2024\/12\/Copia-de-Copia-de-Copia-de-TAMANHO-EXATO-PARA-FOTOS-NO-SISTEMA-NOVO-2024-12-16T220923.181_2024-12-17_01-09-53_png_2024-12-17_01-09-54.webp.webp?fit=1200%2C675&ssl=1&resize=525%2C300 1.5x, https:\/\/i0.wp.com\/noticiasribeiraopreto.com.br\/wp-content\/uploads\/2024\/12\/Copia-de-Copia-de-Copia-de-TAMANHO-EXATO-PARA-FOTOS-NO-SISTEMA-NOVO-2024-12-16T220923.181_2024-12-17_01-09-53_png_2024-12-17_01-09-54.webp.webp?fit=1200%2C675&ssl=1&resize=700%2C400 2x, https:\/\/i0.wp.com\/noticiasribeiraopreto.com.br\/wp-content\/uploads\/2024\/12\/Copia-de-Copia-de-Copia-de-TAMANHO-EXATO-PARA-FOTOS-NO-SISTEMA-NOVO-2024-12-16T220923.181_2024-12-17_01-09-53_png_2024-12-17_01-09-54.webp.webp?fit=1200%2C675&ssl=1&resize=1050%2C600 3x"},"classes":[]},{"id":59827,"url":"https:\/\/noticiasribeiraopreto.com.br\/index.php\/2024\/10\/30\/violencia-em-jardinopolis-tiroteio-resulta-em-vitimas-fatais-e-alerta-comunidade\/","url_meta":{"origin":60230,"position":3},"title":"Viol\u00eancia em Jardin\u00f3polis: Tiroteio Resulta em V\u00edtimas Fatais e Alerta Comunidade","author":"noticiasribeiraopreto.com.br","date":"30 de October de 2024","format":false,"excerpt":"A cidade de Jardin\u00f3polis, localizada no interior de S\u00e3o Paulo, foi palco de uma trag\u00e9dia na madrugada desta ter\u00e7a-feira, quando um tiroteio no bairro Jardim das Orqu\u00eddeas resultou em duas v\u00edtimas fatais. O epis\u00f3dio gerou grande como\u00e7\u00e3o e mobilizou equipes policiais, que agora trabalham para identificar os respons\u00e1veis e entender\u2026","rel":"","context":"In &quot;Not\u00edcias de Ribeir\u00e3o Preto-SP e Regi\u00e3o&quot;","block_context":{"text":"Not\u00edcias de Ribeir\u00e3o Preto-SP e Regi\u00e3o","link":"https:\/\/noticiasribeiraopreto.com.br\/index.php\/category\/noticias-de-ribeirao-preto-sp-e-regiao-ismael-colosi\/"},"img":{"alt_text":"","src":"https:\/\/i0.wp.com\/noticiasribeiraopreto.com.br\/wp-content\/uploads\/2024\/10\/cameras_uniformes_de_policiais_militares_sao_paulo_rvrsa_abr_2804223630_0.webp.webp?fit=1170%2C700&ssl=1&resize=350%2C200","width":350,"height":200,"srcset":"https:\/\/i0.wp.com\/noticiasribeiraopreto.com.br\/wp-content\/uploads\/2024\/10\/cameras_uniformes_de_policiais_militares_sao_paulo_rvrsa_abr_2804223630_0.webp.webp?fit=1170%2C700&ssl=1&resize=350%2C200 1x, https:\/\/i0.wp.com\/noticiasribeiraopreto.com.br\/wp-content\/uploads\/2024\/10\/cameras_uniformes_de_policiais_militares_sao_paulo_rvrsa_abr_2804223630_0.webp.webp?fit=1170%2C700&ssl=1&resize=525%2C300 1.5x, https:\/\/i0.wp.com\/noticiasribeiraopreto.com.br\/wp-content\/uploads\/2024\/10\/cameras_uniformes_de_policiais_militares_sao_paulo_rvrsa_abr_2804223630_0.webp.webp?fit=1170%2C700&ssl=1&resize=700%2C400 2x, https:\/\/i0.wp.com\/noticiasribeiraopreto.com.br\/wp-content\/uploads\/2024\/10\/cameras_uniformes_de_policiais_militares_sao_paulo_rvrsa_abr_2804223630_0.webp.webp?fit=1170%2C700&ssl=1&resize=1050%2C600 3x"},"classes":[]},{"id":50105,"url":"https:\/\/noticiasribeiraopreto.com.br\/index.php\/2024\/05\/14\/onca-parda-e-encontrada-morta-em-rodovia-na-regiao-de-ribeirao-preto\/","url_meta":{"origin":60230,"position":4},"title":"On\u00e7a-parda \u00e9 encontrada morta em rodovia na regi\u00e3o de Ribeir\u00e3o Preto","author":"noticiasribeiraopreto.com.br","date":"14 de May de 2024","format":false,"excerpt":"Uma on\u00e7a-parda foi encontrada morta na manh\u00e3 desta ter\u00e7a-feira (14), no quil\u00f4metro 382 da rodovia Armando de Salles Oliveira, em Bebedouro, na regi\u00e3o de Ribeir\u00e3o Preto. Segundo a Entrevias, concession\u00e1ria que administra o trecho, o animal foi visto pelas c\u00e2meras de monitoramento e, quando a equipe chegou ao local, j\u00e1\u2026","rel":"","context":"In &quot;Not\u00edcias de Ribeir\u00e3o Preto-SP e Regi\u00e3o&quot;","block_context":{"text":"Not\u00edcias de Ribeir\u00e3o Preto-SP e Regi\u00e3o","link":"https:\/\/noticiasribeiraopreto.com.br\/index.php\/category\/noticias-de-ribeirao-preto-sp-e-regiao-ismael-colosi\/"},"img":{"alt_text":"","src":"https:\/\/i0.wp.com\/noticiasribeiraopreto.com.br\/wp-content\/uploads\/2024\/05\/Copia-de-Copia-de-TAMANHO-EXATO-PARA-FOTOS-NO-SISTEMA-NOVO-2_2024-05-14_20-34-12_jpg_2024-05-14_20-34-12.webp.webp?fit=1200%2C675&ssl=1&resize=350%2C200","width":350,"height":200,"srcset":"https:\/\/i0.wp.com\/noticiasribeiraopreto.com.br\/wp-content\/uploads\/2024\/05\/Copia-de-Copia-de-TAMANHO-EXATO-PARA-FOTOS-NO-SISTEMA-NOVO-2_2024-05-14_20-34-12_jpg_2024-05-14_20-34-12.webp.webp?fit=1200%2C675&ssl=1&resize=350%2C200 1x, https:\/\/i0.wp.com\/noticiasribeiraopreto.com.br\/wp-content\/uploads\/2024\/05\/Copia-de-Copia-de-TAMANHO-EXATO-PARA-FOTOS-NO-SISTEMA-NOVO-2_2024-05-14_20-34-12_jpg_2024-05-14_20-34-12.webp.webp?fit=1200%2C675&ssl=1&resize=525%2C300 1.5x, https:\/\/i0.wp.com\/noticiasribeiraopreto.com.br\/wp-content\/uploads\/2024\/05\/Copia-de-Copia-de-TAMANHO-EXATO-PARA-FOTOS-NO-SISTEMA-NOVO-2_2024-05-14_20-34-12_jpg_2024-05-14_20-34-12.webp.webp?fit=1200%2C675&ssl=1&resize=700%2C400 2x, https:\/\/i0.wp.com\/noticiasribeiraopreto.com.br\/wp-content\/uploads\/2024\/05\/Copia-de-Copia-de-TAMANHO-EXATO-PARA-FOTOS-NO-SISTEMA-NOVO-2_2024-05-14_20-34-12_jpg_2024-05-14_20-34-12.webp.webp?fit=1200%2C675&ssl=1&resize=1050%2C600 3x"},"classes":[]},{"id":60021,"url":"https:\/\/noticiasribeiraopreto.com.br\/index.php\/2024\/11\/04\/homem-e-assassinado-em-assalto-apos-perseguicao-em-ribeirao-preto-imagens-de-seguranca-revelam-suspeitos\/","url_meta":{"origin":60230,"position":5},"title":"Homem \u00e9 Assassinado em Assalto Ap\u00f3s Persegui\u00e7\u00e3o em Ribeir\u00e3o Preto; Imagens de Seguran\u00e7a Revelam Suspeitos","author":"noticiasribeiraopreto.com.br","date":"4 de November de 2024","format":false,"excerpt":"Na noite desta segunda-feira (4), um homem foi morto a tiros durante um assalto em Ribeir\u00e3o Preto, SP, em uma a\u00e7\u00e3o violenta registrada por c\u00e2meras de seguran\u00e7a. As imagens revelam que dois suspeitos em uma motocicleta perseguiram a v\u00edtima at\u00e9 o local do crime, onde o ataque foi conclu\u00eddo de\u2026","rel":"","context":"In &quot;Not\u00edcias de Ribeir\u00e3o Preto-SP e Regi\u00e3o&quot;","block_context":{"text":"Not\u00edcias de Ribeir\u00e3o Preto-SP e Regi\u00e3o","link":"https:\/\/noticiasribeiraopreto.com.br\/index.php\/category\/noticias-de-ribeirao-preto-sp-e-regiao-ismael-colosi\/"},"img":{"alt_text":"","src":"https:\/\/i0.wp.com\/noticiasribeiraopreto.com.br\/wp-content\/uploads\/2024\/11\/silhueta_de_corpos_primeira_0.webp.webp?fit=1170%2C700&ssl=1&resize=350%2C200","width":350,"height":200,"srcset":"https:\/\/i0.wp.com\/noticiasribeiraopreto.com.br\/wp-content\/uploads\/2024\/11\/silhueta_de_corpos_primeira_0.webp.webp?fit=1170%2C700&ssl=1&resize=350%2C200 1x, https:\/\/i0.wp.com\/noticiasribeiraopreto.com.br\/wp-content\/uploads\/2024\/11\/silhueta_de_corpos_primeira_0.webp.webp?fit=1170%2C700&ssl=1&resize=525%2C300 1.5x, https:\/\/i0.wp.com\/noticiasribeiraopreto.com.br\/wp-content\/uploads\/2024\/11\/silhueta_de_corpos_primeira_0.webp.webp?fit=1170%2C700&ssl=1&resize=700%2C400 2x, https:\/\/i0.wp.com\/noticiasribeiraopreto.com.br\/wp-content\/uploads\/2024\/11\/silhueta_de_corpos_primeira_0.webp.webp?fit=1170%2C700&ssl=1&resize=1050%2C600 3x"},"classes":[]}],"jetpack_sharing_enabled":true,"jetpack_shortlink":"https:\/\/wp.me\/peQAOb-fFs","_links":{"self":[{"href":"https:\/\/noticiasribeiraopreto.com.br\/index.php\/wp-json\/wp\/v2\/posts\/60230","targetHints":{"allow":["GET"]}}],"collection":[{"href":"https:\/\/noticiasribeiraopreto.com.br\/index.php\/wp-json\/wp\/v2\/posts"}],"about":[{"href":"https:\/\/noticiasribeiraopreto.com.br\/index.php\/wp-json\/wp\/v2\/types\/post"}],"author":[{"embeddable":true,"href":"https:\/\/noticiasribeiraopreto.com.br\/index.php\/wp-json\/wp\/v2\/users\/1"}],"replies":[{"embeddable":true,"href":"https:\/\/noticiasribeiraopreto.com.br\/index.php\/wp-json\/wp\/v2\/comments?post=60230"}],"version-history":[{"count":0,"href":"https:\/\/noticiasribeiraopreto.com.br\/index.php\/wp-json\/wp\/v2\/posts\/60230\/revisions"}],"wp:featuredmedia":[{"embeddable":true,"href":"https:\/\/noticiasribeiraopreto.com.br\/index.php\/wp-json\/wp\/v2\/media\/60231"}],"wp:attachment":[{"href":"https:\/\/noticiasribeiraopreto.com.br\/index.php\/wp-json\/wp\/v2\/media?parent=60230"}],"wp:term":[{"taxonomy":"category","embeddable":true,"href":"https:\/\/noticiasribeiraopreto.com.br\/index.php\/wp-json\/wp\/v2\/categories?post=60230"},{"taxonomy":"post_tag","embeddable":true,"href":"https:\/\/noticiasribeiraopreto.com.br\/index.php\/wp-json\/wp\/v2\/tags?post=60230"}],"curies":[{"name":"wp","href":"https:\/\/api.w.org\/{rel}","templated":true}]}}