{"id":60232,"date":"2024-11-08T13:44:52","date_gmt":"2024-11-08T16:44:52","guid":{"rendered":"https:\/\/noticiasribeiraopreto.com.br\/index.php\/2024\/11\/08\/muita-musica-e-stand-up-confira-a-agenda-cultural-do-fim-de-semana-em-ribeirao-preto-2\/"},"modified":"2024-11-08T13:44:52","modified_gmt":"2024-11-08T16:44:52","slug":"muita-musica-e-stand-up-confira-a-agenda-cultural-do-fim-de-semana-em-ribeirao-preto-2","status":"publish","type":"post","link":"https:\/\/noticiasribeiraopreto.com.br\/index.php\/2024\/11\/08\/muita-musica-e-stand-up-confira-a-agenda-cultural-do-fim-de-semana-em-ribeirao-preto-2\/","title":{"rendered":"Muita m\u00fasica e stand-up: Confira a agenda cultural do fim de semana em Ribeir\u00e3o Preto"},"content":{"rendered":"<p> <br \/>\n<\/p>\n<div>\n<p>O fim de semana chegou e <strong>Ribeir\u00e3o Preto<\/strong> conta com uma programa\u00e7\u00e3o diversificada para quem quer se divertir fora de casa. A agenda cultural conta com muita m\u00fasica e shows de stand-up. Os destaques s\u00e3o o sertanejo <strong>Almir Sater<\/strong>, o grupo \u201c<strong>4 Amigos \u2013 Fila de Piadas<\/strong>\u201d e o <strong>Jam Festival<\/strong>.<\/p>\n<h4 class=\"wp-block-heading\"><strong>Almir Sater<\/strong><strong\/><\/h4>\n<p>O cantor e compositor\u00a0<strong>Almir Sater<\/strong>\u00a0chega a<strong>\u00a0Ribeir\u00e3o Preto <\/strong>neste\u00a0<strong>s\u00e1bado (9)<\/strong>, no\u00a0<strong>Multiplan Hall<\/strong>, no\u00a0<strong>Ribeir\u00e3o Shopping<\/strong>, \u00e0s\u00a0<strong>21h<\/strong>. O\u00a0repert\u00f3rio mescla cl\u00e1ssicos como \u201c<strong>Trem do Pantanal<\/strong>\u201d, \u201c<strong>Cuitelinho<\/strong>\u201d e \u201c<strong>Tocando em Frente<\/strong>\u201d, al\u00e9m de can\u00e7\u00f5es mais recentes que demonstram sua evolu\u00e7\u00e3o art\u00edstica.<\/p>\n<p>Os ingressos para a apresenta\u00e7\u00e3o podem ser adquiridos\u00a0<strong>on-line (<a href=\"https:\/\/www.ticketmaster.com.br\/event\/almirsater-ribeirao-preto\" target=\"_blank\" rel=\"noreferrer noopener\">clique aqui<\/a>)<\/strong>\u00a0ou presencialmente na bilheteria oficial do\u00a0<strong>Multiplan Hall<\/strong>. <strong>Os valores variam entre R$ 184 (meia-entrada) e R$ 805.<\/strong><\/p>\n<h4 class=\"wp-block-heading\"><strong>4 amigos \u2013 Fila de Piadas<\/strong><\/h4>\n<p>Os comediantes\u00a0<strong>Thiago Ventura, Dihh Lopes, Marcio Donato e Afonso Padilha\u00a0<\/strong>chegam a\u00a0<strong>Ribeir\u00e3o Preto<\/strong>\u00a0para tr\u00eas apresenta\u00e7\u00f5es com o espet\u00e1culo\u00a0<strong>\u201c4 Amigos \u2013 Fila de Piadas\u201d<\/strong>, no\u00a0<strong>Theatro Pedro II<\/strong>, neste\u00a0<strong>domingo (10)<\/strong>. O show conta com sess\u00f5es \u00e0s\u00a0<strong>17h<\/strong>, \u00e0s\u00a0<strong>19h\u00a0<\/strong>e \u00e0s\u00a0<strong>21h<\/strong>. \u00a0<\/p>\n<p>Os<strong>\u00a0ingressos<\/strong>\u00a0ainda est\u00e3o \u00e0 venda e podem ser adquiridos a partir de<strong>\u00a0R$ 55 (meia-entrada)<\/strong>\u00a0no site\u00a0<strong>Ingresso Digital (<a href=\"https:\/\/ingressodigital.com\/evento\/13183,13229,13185\/4_Amigos__Fila_de_Piadas\" target=\"_blank\" rel=\"noreferrer noopener\">clique aqui<\/a>)<\/strong>\u00a0ou ent\u00e3o na bilheteria do\u00a0<strong>Theatro Pedro II<\/strong>. A\u00a0<strong>classifica\u00e7\u00e3o indicativa<\/strong>\u00a0do espet\u00e1culo \u00e9 de<strong>\u00a018 anos<\/strong>.<\/p>\n<h4 class=\"wp-block-heading\"><strong>Jam Festival<\/strong><\/h4>\n<p>Nesta <strong>sexta-feira (8)<\/strong>, <strong>Ribeir\u00e3o Preto<\/strong>\u00a0recebe o\u00a0<strong>JAM Festival<\/strong>. O evento acontece a partir das\u00a0<strong>18h<\/strong>, no\u00a0<strong>Alcans Hall<\/strong>, antigo\u00a0<strong>Centro de Eventos Quinta Linda<\/strong>.\u00a0<\/p>\n<p>Al\u00e9m da presen\u00e7a do m\u00fasico norte-americano\u00a0<strong>Omar Coleman<\/strong>\u00a0e do guitarrista brasileiro<strong>\u00a0Igor Prado<\/strong>, a\u00a0<em>line-up<\/em>\u00a0tamb\u00e9m conta com os artistas<strong>\u00a0Fred Sunwalk<\/strong>\u00a0e convidados, a banda\u00a0<strong>Maria Orfina<\/strong>,\u00a0<strong>Camila Kerr<\/strong>\u00a0e\u00a0<strong>Tutu<\/strong>\u00a0<strong>DJs<\/strong>. Ainda h\u00e1 ingressos dispon\u00edveis, que devem ser adquiridos <strong>on-line (<a href=\"https:\/\/www.sympla.com.br\/evento\/jam-festival\/2692523\" target=\"_blank\" rel=\"noreferrer noopener\">clique aqui<\/a>)<\/strong>, por R$ 40 (meia-entrada).<\/p>\n<div class=\"wp-block-image\">\n<figure class=\"aligncenter size-large\"><img data-recalc-dims=\"1\" loading=\"lazy\" decoding=\"async\" width=\"1024\" height=\"576\" src=\"https:\/\/i0.wp.com\/www.acidadeon.com\/ribeiraopreto\/wp-content\/uploads\/sites\/3\/2024\/10\/Copia-de-Copia-de-Copia-de-TAMANHO-EXATO-PARA-FOTOS-NO-SISTEMA-NOVO-23_2024-10-29_12-05-53_jpg_2024-10-29_12-05-53-1024x576.webp?resize=1024%2C576&#038;ssl=1\" alt=\"JAM Festival em Ribeir\u00e3o Preto\" class=\"wp-image-98005\" srcset=\"https:\/\/www.acidadeon.com\/ribeiraopreto\/wp-content\/uploads\/sites\/3\/2024\/10\/Copia-de-Copia-de-Copia-de-TAMANHO-EXATO-PARA-FOTOS-NO-SISTEMA-NOVO-23_2024-10-29_12-05-53_jpg_2024-10-29_12-05-53-1024x576.webp 1024w, https:\/\/www.acidadeon.com\/ribeiraopreto\/wp-content\/uploads\/sites\/3\/2024\/10\/Copia-de-Copia-de-Copia-de-TAMANHO-EXATO-PARA-FOTOS-NO-SISTEMA-NOVO-23_2024-10-29_12-05-53_jpg_2024-10-29_12-05-53-300x169.webp 300w, https:\/\/www.acidadeon.com\/ribeiraopreto\/wp-content\/uploads\/sites\/3\/2024\/10\/Copia-de-Copia-de-Copia-de-TAMANHO-EXATO-PARA-FOTOS-NO-SISTEMA-NOVO-23_2024-10-29_12-05-53_jpg_2024-10-29_12-05-53-768x432.webp 768w, https:\/\/www.acidadeon.com\/ribeiraopreto\/wp-content\/uploads\/sites\/3\/2024\/10\/Copia-de-Copia-de-Copia-de-TAMANHO-EXATO-PARA-FOTOS-NO-SISTEMA-NOVO-23_2024-10-29_12-05-53_jpg_2024-10-29_12-05-53-696x392.webp 696w, https:\/\/www.acidadeon.com\/ribeiraopreto\/wp-content\/uploads\/sites\/3\/2024\/10\/Copia-de-Copia-de-Copia-de-TAMANHO-EXATO-PARA-FOTOS-NO-SISTEMA-NOVO-23_2024-10-29_12-05-53_jpg_2024-10-29_12-05-53-1068x601.webp 1068w, https:\/\/www.acidadeon.com\/ribeiraopreto\/wp-content\/uploads\/sites\/3\/2024\/10\/Copia-de-Copia-de-Copia-de-TAMANHO-EXATO-PARA-FOTOS-NO-SISTEMA-NOVO-23_2024-10-29_12-05-53_jpg_2024-10-29_12-05-53.webp 1200w\" sizes=\"auto, (max-width: 1024px) 100vw, 1024px\"\/><figcaption class=\"wp-element-caption\">Jam Festival conta com a presen\u00e7a de Omar Coleman, Igor Prado e Fred Sunwalker \u2013 Foto: Divulga\u00e7\u00e3o<\/figcaption><\/figure>\n<\/div>\n<h4 class=\"wp-block-heading\"><strong>Alessandro Machado<\/strong><\/h4>\n<p>O m\u00fasico Alessandro Machado, que j\u00e1 soma <strong>33 anos<\/strong> de carreira, apresenta o show \u201c<strong>Abra\u00e7o<\/strong>\u201d no <strong>audit\u00f3rio<\/strong> do <strong>Sesc Ribeir\u00e3o Preto<\/strong>, nesta <strong>sexta-feira (8)<\/strong>, a partir das <strong>20h<\/strong>. O repert\u00f3rio traz can\u00e7\u00f5es autorais e tamb\u00e9m releituras da <strong>MPB<\/strong>.<\/p>\n<p>Os ingressos est\u00e3o dispon\u00edveis de\u00a0<strong>forma on-line (<\/strong><a href=\"https:\/\/centralrelacionamento.sescsp.org.br\/?path=login-sesc\" target=\"_blank\" rel=\"noreferrer noopener\"><strong>clique aqui<\/strong><\/a><strong>)<\/strong>\u00a0e na bilheteria do Sesc. Os pre\u00e7os variam entre\u00a0<strong>R$ 15<\/strong>\u00a0<strong>(credencial plena)<\/strong> e\u00a0<strong>R$ 50 (inteira)<\/strong>.<\/p>\n<h4 class=\"wp-block-heading\"><strong>Sextas Sonoras<\/strong><\/h4>\n<p>Esta edi\u00e7\u00e3o do <strong>Sextas Sonoras <\/strong>\u00e9 especial de <strong>Consci\u00eancia Negra<\/strong> e conta com apresenta\u00e7\u00f5es de <strong>Marcelo Capela &amp; Fogo Novo<\/strong> e discotecagem com <strong>DJ Sistah Brisah<\/strong>. O evento acontece nesta <strong>sexta-feira (8)<\/strong> no <strong>Memorial do Aqu\u00edfero Guarani (Cine Cauim)<\/strong> e come\u00e7a \u00e0s <strong>19h<\/strong>.<\/p>\n<p>Os ingressos devem ser adquiridos na bilheteria do evento, antes de come\u00e7ar as apresenta\u00e7\u00f5es, por <strong>R$20<\/strong> e a compra do bilhete d\u00e1 direito \u00e0 um <strong>chope<\/strong>. <strong\/><\/p>\n<h4 class=\"wp-block-heading\"><strong>Clame Gospel<\/strong><\/h4>\n<p>Fernandinho, Valesca Mayssa e Isa\u00edas Assad se unem para uma noite de muita m\u00fasica gospel, nesta <strong>sexta-feira (8)<\/strong>, a partir das <strong>18h<\/strong>, na <strong>Arena Nicnet<\/strong>. Os setores Arquibancada e \u00c1rea VIP s\u00e3o por ordem de chegada e crian\u00e7as at\u00e9 oito anos n\u00e3o pagam.<\/p>\n<p>Os ingressos devem ser adquiridos<strong> on-line (<a href=\"https:\/\/www.ingressodigital.com\/ingresso\" target=\"_blank\" rel=\"noreferrer noopener\">clique aqui<\/a>)<\/strong> e os pre\u00e7os variam <strong>65 (meia-entrada<\/strong> <strong>e solid\u00e1rio)<\/strong> e <strong>160 (meia-entrada e solid\u00e1rio)<\/strong> \u2013 <mark style=\"background-color:#fcb900\" class=\"has-inline-color has-black-color\">bilhetes tipo \u201c<strong>inteira<\/strong>\u201d n\u00e3o est\u00e3o dispon\u00edveis.<\/mark><\/p>\n<h4 class=\"wp-block-heading\"><strong>Emerson Cear\u00e1<\/strong><\/h4>\n<p>Nesta <strong>sexta-feira (8)<\/strong>, o humorista <strong>Emerson Cear\u00e1<\/strong> apresenta seu novo show solo \u201c<strong>Se Acalme\u201d<\/strong>, no <strong>Theatro Pedro II<\/strong>, a partir das <strong>20h<\/strong>. Os ingressos ainda est\u00e3o dispon\u00edveis<strong><a href=\"https:\/\/bileto.sympla.com.br\/event\/96353\/d\/268259\" target=\"_blank\" rel=\"noreferrer noopener\"> (clique aqui)<\/a><\/strong> e os pre\u00e7os variam entre <strong>R$ 45 (meia-entrada)<\/strong> e <strong>R$ 100 (inteira)<\/strong>.<\/p>\n<div class=\"wp-block-image\">\n<figure class=\"aligncenter size-full\"><img data-recalc-dims=\"1\" decoding=\"async\" loading=\"lazy\" width=\"678\" height=\"452\" src=\"https:\/\/i0.wp.com\/www.acidadeon.com\/ribeiraopreto\/wp-content\/uploads\/sites\/3\/2024\/11\/emerson_2024-11-08_14-10-20_jpeg_2024-11-08_14-10-20.webp?resize=678%2C452&#038;ssl=1\" alt=\"\" class=\"wp-image-99084\" srcset=\"https:\/\/www.acidadeon.com\/ribeiraopreto\/wp-content\/uploads\/sites\/3\/2024\/11\/emerson_2024-11-08_14-10-20_jpeg_2024-11-08_14-10-20.webp 678w, https:\/\/www.acidadeon.com\/ribeiraopreto\/wp-content\/uploads\/sites\/3\/2024\/11\/emerson_2024-11-08_14-10-20_jpeg_2024-11-08_14-10-20-300x200.webp 300w\" sizes=\"auto, (max-width: 678px) 100vw, 678px\"\/><figcaption class=\"wp-element-caption\">Emerson Cear\u00e1 se apresenta neste fim de semana \u2013 Foto: Divulga\u00e7\u00e3o<\/figcaption><\/figure>\n<\/div>\n<h4 class=\"wp-block-heading\"><strong>Alice no Brasil das Maravilhas<\/strong><\/h4>\n<p>Com roteiro adaptado, a hist\u00f3ria narra a chegada de <strong>Alice no Brasil<\/strong>, onde ela enfrenta a rainha de copas em uma partida de futebol. Os ingressos devem ser retirados na <strong>ACM Ribeir\u00e3o Preto<\/strong>, localizado na<strong> rua Paschoal Bardaro, 526<\/strong>. \u00a0<\/p>\n<h4 class=\"wp-block-heading\"><strong>Victor Sarro \u2013 Na Minha \u00c9poca N\u00e3o Era Bullying<\/strong><\/h4>\n<p>O <strong>humorista Victor Sarro <\/strong>traz para o <strong>Theatro Pedro II<\/strong>, neste <strong>s\u00e1bado (9)<\/strong>, a partir das <strong>20h<\/strong>, o stand-up <strong>\u201cNa Minha \u00c9poca N\u00e3o Era Bullying<\/strong>\u201d. Os ingressos podem ser adquiridos <strong>on-line (<a href=\"https:\/\/bileto.sympla.com.br\/event\/96355\/d\/268266\" target=\"_blank\" rel=\"noreferrer noopener\">clique aqui<\/a>)<\/strong>, a partir de <strong>R$ 40 (meia-entrada)<\/strong>.<\/p>\n<h4 class=\"wp-block-heading\"><strong>9\u00ba Regional RSP<\/strong><\/h4>\n<p>O<strong> campeonato regional de skate RSP <\/strong>acontece neste <strong>domingo (10)<\/strong>, a partir das <strong>9h<\/strong>, na <strong>RSP Skate Point<\/strong>, localizada na <strong>avenida Magid Sim\u00e3o Trad, 352, no Simioni<\/strong>. O evento contar\u00e1 com a presen\u00e7a dos atletas Antonio Juneka, Kleber Silva, Matheus Mello dos Santos e narra\u00e7\u00e3o de Fernando Pinheiro. Al\u00e9m de contar com servi\u00e7o de bar e food truck e discotecagem com DJ Kizo.<\/p>\n<p><strong>Budah<\/strong><\/p>\n<p>A rapper capixaba <strong>Budah<\/strong> se apresenta nesta <strong>sexta-feira (8)<\/strong>, no <strong>Goa Lounge<\/strong>, a partir das <strong>19h<\/strong>. A cantora indicada a premia\u00e7\u00e3o internacional <strong>BET Hip Hop Awards<\/strong>, na categoria <strong>Melhor Flow Internacional<\/strong>, apresentar\u00e1 o repert\u00f3rio com can\u00e7\u00f5es que marcaram sua carreira e de seu novo \u00e1lbum \u201c<strong>P\u00farpura<\/strong>\u201c. <\/p>\n<p>Os ingressos ainda est\u00e3o dispon\u00edveis e podem ser adquiridos <strong>on-line (<a href=\"https:\/\/www.sympla.com.br\/evento\/budah-no-goa\/2714869?referrer=www.google.com\" target=\"_blank\" rel=\"noreferrer noopener\">clique aqui<\/a>)<\/strong>, por <strong>R$ 40<\/strong>. Dependendo da disponibilidade de ingressos tamb\u00e9m haver\u00e1 vendas na portaria, com valor sujeito a altera\u00e7\u00e3o. <\/p>\n<h4 class=\"wp-block-heading\"><strong>Feira Veg<\/strong><\/h4>\n<p>Neste <strong>s\u00e1bado (9)<\/strong>, acontece a <strong>Feira Veg<\/strong>, no<strong> Sesc Ribeir\u00e3o Preto<\/strong>, das <strong>12h \u00e0s 18h<\/strong>. A programa\u00e7\u00e3o conta expositores locais, doces, p\u00e3es, queijos de castanha e <em>blends<\/em> de ch\u00e1s veganos. Al\u00e9m disso, cosm\u00e9ticos naturais e artesanato sustent\u00e1vel. A entrada \u00e9 gratuita e aberta ao p\u00fablico. <\/p>\n<h4 class=\"wp-block-heading\"><strong>VAT Rock Bar<\/strong><\/h4>\n<p>O <strong>VAT Rock Bar<\/strong> realiza mais uma edi\u00e7\u00e3o do \u201c<strong>Rock in Rua<\/strong>\u201d. O evento come\u00e7a \u00e0s <strong>13h<\/strong> e segue at\u00e9 \u00e0s <strong>22h<\/strong>, neste domingo (10).<\/p>\n<p>A programa\u00e7\u00e3o conta com <strong>DJ Rodrigo Mod<\/strong>, Kair\u00f3s (Sepultura Cover), Banda TAO, Vers\u00e3o 2, Undercover e Tonantes Verdes Frito. O evento ser\u00e1 equipado com <em>food trucks<\/em>, banheiros qu\u00edmicos e seguran\u00e7a. Para entrar, \u00e9 necess\u00e1rio levar um quilo de alimento n\u00e3o perec\u00edvel ou pacote de fraldas geri\u00e1tricas, que ser\u00e3o doados para o <strong>Lar Padre Euclides.<\/strong><\/p>\n<p>SAIBA MAIS<br \/>Ribeir\u00e3o Preto recebe feira com produtos veganos neste s\u00e1bado<\/p>\n<h4 class=\"wp-block-heading\"><strong>FIQUE ON<\/strong><\/h4>\n<p>Fique ligado em tudo que acontece em Ribeir\u00e3o Preto e regi\u00e3o. Siga os perfis do <strong>acidade on<\/strong> no <a href=\"https:\/\/www.instagram.com\/acidadeonribeirao\" target=\"_blank\" rel=\"noreferrer noopener nofollow\">Instagram<\/a> e no<a href=\"https:\/\/www.facebook.com\/acidadeonribeirao\/\" target=\"_blank\" rel=\"noreferrer noopener nofollow\"> Facebook<\/a>.<\/p>\n<p>Receba not\u00edcias do <strong>acidade on<\/strong> no WhatsApp. <a href=\"https:\/\/chat.whatsapp.com\/Fg4ok3aAVyB59DP63pRapr\" target=\"_blank\" rel=\"noreferrer noopener nofollow\">Para entrar no grupo, basta clicar aqui.<\/a><\/p>\n<p>Fa\u00e7a uma den\u00fancia ou sugira uma reportagem sobre Ribeir\u00e3o Preto e regi\u00e3o pelo WhatsApp: 16 99117 7802.<\/p>\n<p>VEJA TAMB\u00c9M<br \/>Biscoito de coco com brigadeiro em formato de aranha; veja receita<\/p>\n<p><!-- CONTENT END 1 -->\n<\/div>\n<p><script async src=\"\/\/www.instagram.com\/embed.js\"><\/script><br \/>\n<br \/><br \/>\n<br \/><a href=\"https:\/\/www.acidadeon.com\/ribeiraopreto\/lazer-e-cultura\/muita-musica-stand-up-confira-agenda-cultural-do-fim-de-semana-em-ribeirao-preto\/\">Source link <\/a><\/p>\n","protected":false},"excerpt":{"rendered":"<p>O fim de semana chegou e Ribeir\u00e3o Preto conta com uma programa\u00e7\u00e3o diversificada para quem quer se divertir fora de casa. A agenda cultural conta&#8230;<\/p>\n","protected":false},"author":1,"featured_media":60226,"comment_status":"open","ping_status":"open","sticky":false,"template":"","format":"standard","meta":{"advanced_seo_description":"","jetpack_seo_html_title":"","jetpack_seo_noindex":false,"jetpack_post_was_ever_published":false,"_jetpack_newsletter_access":"","_jetpack_dont_email_post_to_subs":false,"_jetpack_newsletter_tier_id":0,"_jetpack_memberships_contains_paywalled_content":false,"_jetpack_memberships_contains_paid_content":false,"footnotes":"","jetpack_publicize_message":"","jetpack_publicize_feature_enabled":true,"jetpack_social_post_already_shared":true,"jetpack_social_options":{"image_generator_settings":{"template":"highway","default_image_id":0,"font":"","enabled":false},"version":2}},"categories":[11],"tags":[],"class_list":["post-60232","post","type-post","status-publish","format-standard","has-post-thumbnail","hentry","category-noticias-de-ribeirao-preto-sp-e-regiao-ismael-colosi"],"jetpack_publicize_connections":[],"jetpack_featured_media_url":"https:\/\/i0.wp.com\/noticiasribeiraopreto.com.br\/wp-content\/uploads\/2024\/11\/Copia-de-Copia-de-Copia-de-TAMANHO-EXATO-PARA-FOTOS-NO-SISTEMA-NOVO-25_2024-11-08_15-09-47_jpg_2024-11-08_15-09-47.webp.webp?fit=1200%2C675&ssl=1","jetpack-related-posts":[{"id":60112,"url":"https:\/\/noticiasribeiraopreto.com.br\/index.php\/2024\/11\/06\/almir-sater-apresenta-show-de-musica-caipira-em-ribeirao-preto\/","url_meta":{"origin":60232,"position":0},"title":"Almir Sater apresenta show de m\u00fasica caipira em Ribeir\u00e3o Preto","author":"noticiasribeiraopreto.com.br","date":"6 de November de 2024","format":false,"excerpt":"O cantor e compositor Almir Sater chega a Ribeir\u00e3o Preto no pr\u00f3ximo final de semana e promete um show memor\u00e1vel para os amantes da m\u00fasica caipira. A apresenta\u00e7\u00e3o do artista acontece neste s\u00e1bado (9), no Multiplan Hall, no Ribeir\u00e3o Shopping, \u00e0s 21h. Ainda h\u00e1 ingressos dispon\u00edveis. O repert\u00f3rio escolhido por\u2026","rel":"","context":"In &quot;Not\u00edcias de Ribeir\u00e3o Preto-SP e Regi\u00e3o&quot;","block_context":{"text":"Not\u00edcias de Ribeir\u00e3o Preto-SP e Regi\u00e3o","link":"https:\/\/noticiasribeiraopreto.com.br\/index.php\/category\/noticias-de-ribeirao-preto-sp-e-regiao-ismael-colosi\/"},"img":{"alt_text":"","src":"https:\/\/i0.wp.com\/noticiasribeiraopreto.com.br\/wp-content\/uploads\/2024\/11\/Design-sem-nome-1_2024-11-06_12-47-47_jpg_2024-11-06_12-47-47.webp.webp?fit=1068%2C601&ssl=1&resize=350%2C200","width":350,"height":200,"srcset":"https:\/\/i0.wp.com\/noticiasribeiraopreto.com.br\/wp-content\/uploads\/2024\/11\/Design-sem-nome-1_2024-11-06_12-47-47_jpg_2024-11-06_12-47-47.webp.webp?fit=1068%2C601&ssl=1&resize=350%2C200 1x, https:\/\/i0.wp.com\/noticiasribeiraopreto.com.br\/wp-content\/uploads\/2024\/11\/Design-sem-nome-1_2024-11-06_12-47-47_jpg_2024-11-06_12-47-47.webp.webp?fit=1068%2C601&ssl=1&resize=525%2C300 1.5x, https:\/\/i0.wp.com\/noticiasribeiraopreto.com.br\/wp-content\/uploads\/2024\/11\/Design-sem-nome-1_2024-11-06_12-47-47_jpg_2024-11-06_12-47-47.webp.webp?fit=1068%2C601&ssl=1&resize=700%2C400 2x, https:\/\/i0.wp.com\/noticiasribeiraopreto.com.br\/wp-content\/uploads\/2024\/11\/Design-sem-nome-1_2024-11-06_12-47-47_jpg_2024-11-06_12-47-47.webp.webp?fit=1068%2C601&ssl=1&resize=1050%2C600 3x"},"classes":[]},{"id":60116,"url":"https:\/\/noticiasribeiraopreto.com.br\/index.php\/2024\/11\/06\/almir-sater-apresenta-show-de-musica-caipira-em-ribeirao-preto-2\/","url_meta":{"origin":60232,"position":1},"title":"Almir Sater apresenta show de m\u00fasica caipira em Ribeir\u00e3o Preto","author":"noticiasribeiraopreto.com.br","date":"6 de November de 2024","format":false,"excerpt":"O cantor e compositor Almir Sater chega a Ribeir\u00e3o Preto no pr\u00f3ximo final de semana e promete um show memor\u00e1vel para os amantes da m\u00fasica caipira. A apresenta\u00e7\u00e3o do artista acontece neste s\u00e1bado (9), no Multiplan Hall, no Ribeir\u00e3o Shopping, \u00e0s 21h. Ainda h\u00e1 ingressos dispon\u00edveis. O repert\u00f3rio escolhido por\u2026","rel":"","context":"In &quot;Not\u00edcias de Ribeir\u00e3o Preto-SP e Regi\u00e3o&quot;","block_context":{"text":"Not\u00edcias de Ribeir\u00e3o Preto-SP e Regi\u00e3o","link":"https:\/\/noticiasribeiraopreto.com.br\/index.php\/category\/noticias-de-ribeirao-preto-sp-e-regiao-ismael-colosi\/"},"img":{"alt_text":"","src":"https:\/\/i0.wp.com\/noticiasribeiraopreto.com.br\/wp-content\/uploads\/2024\/11\/Design-sem-nome-1_2024-11-06_12-47-47_jpg_2024-11-06_12-47-47.webp.webp?fit=1068%2C601&ssl=1&resize=350%2C200","width":350,"height":200,"srcset":"https:\/\/i0.wp.com\/noticiasribeiraopreto.com.br\/wp-content\/uploads\/2024\/11\/Design-sem-nome-1_2024-11-06_12-47-47_jpg_2024-11-06_12-47-47.webp.webp?fit=1068%2C601&ssl=1&resize=350%2C200 1x, https:\/\/i0.wp.com\/noticiasribeiraopreto.com.br\/wp-content\/uploads\/2024\/11\/Design-sem-nome-1_2024-11-06_12-47-47_jpg_2024-11-06_12-47-47.webp.webp?fit=1068%2C601&ssl=1&resize=525%2C300 1.5x, https:\/\/i0.wp.com\/noticiasribeiraopreto.com.br\/wp-content\/uploads\/2024\/11\/Design-sem-nome-1_2024-11-06_12-47-47_jpg_2024-11-06_12-47-47.webp.webp?fit=1068%2C601&ssl=1&resize=700%2C400 2x, https:\/\/i0.wp.com\/noticiasribeiraopreto.com.br\/wp-content\/uploads\/2024\/11\/Design-sem-nome-1_2024-11-06_12-47-47_jpg_2024-11-06_12-47-47.webp.webp?fit=1068%2C601&ssl=1&resize=1050%2C600 3x"},"classes":[]},{"id":78700,"url":"https:\/\/noticiasribeiraopreto.com.br\/index.php\/2025\/10\/16\/almir-e-gabriel-sater-se-apresentam-em-ribeirao-preto-no-proximo-sabado\/","url_meta":{"origin":60232,"position":2},"title":"Almir e Gabriel Sater se apresentam em Ribeir\u00e3o Preto no pr\u00f3ximo s\u00e1bado","author":"noticiasribeiraopreto.com.br","date":"16 de October de 2025","format":false,"excerpt":"Ribeir\u00e3o Preto recebe no pr\u00f3ximo s\u00e1bado (18) a apresenta\u00e7\u00e3o de Almir Sater com o filho Gabriel. O show acontece no palco do Multiplan Hall, no Ribeir\u00e3o Shopping. Os ingressos ainda est\u00e3o dispon\u00edveis e h\u00e1 entradas com at\u00e9 45% de desconto \u2013 veja abaixo. O encontro entre pai e filho \u00e9\u2026","rel":"","context":"In &quot;Not\u00edcias de Ribeir\u00e3o Preto-SP e Regi\u00e3o&quot;","block_context":{"text":"Not\u00edcias de Ribeir\u00e3o Preto-SP e Regi\u00e3o","link":"https:\/\/noticiasribeiraopreto.com.br\/index.php\/category\/noticias-de-ribeirao-preto-sp-e-regiao-ismael-colosi\/"},"img":{"alt_text":"","src":"https:\/\/i0.wp.com\/noticiasribeiraopreto.com.br\/wp-content\/uploads\/2025\/10\/almir-e-gabriel-sater_2025-10-16_16-12-06.webp.webp?fit=888%2C589&ssl=1&resize=350%2C200","width":350,"height":200,"srcset":"https:\/\/i0.wp.com\/noticiasribeiraopreto.com.br\/wp-content\/uploads\/2025\/10\/almir-e-gabriel-sater_2025-10-16_16-12-06.webp.webp?fit=888%2C589&ssl=1&resize=350%2C200 1x, https:\/\/i0.wp.com\/noticiasribeiraopreto.com.br\/wp-content\/uploads\/2025\/10\/almir-e-gabriel-sater_2025-10-16_16-12-06.webp.webp?fit=888%2C589&ssl=1&resize=525%2C300 1.5x, https:\/\/i0.wp.com\/noticiasribeiraopreto.com.br\/wp-content\/uploads\/2025\/10\/almir-e-gabriel-sater_2025-10-16_16-12-06.webp.webp?fit=888%2C589&ssl=1&resize=700%2C400 2x"},"classes":[]},{"id":78798,"url":"https:\/\/noticiasribeiraopreto.com.br\/index.php\/2025\/10\/18\/almir-e-gabriel-sater-apresentam-turne-pai-e-filho-neste-sabado-em-rp\/","url_meta":{"origin":60232,"position":3},"title":"Almir e Gabriel Sater apresentam turn\u00ea \u201cPai e Filho\u201d neste s\u00e1bado em RP","author":"noticiasribeiraopreto.com.br","date":"18 de October de 2025","format":false,"excerpt":"No palco, os dois celebram a uni\u00e3o entre gera\u00e7\u00f5es, mesclando a experi\u00eancia e a tradi\u00e7\u00e3o de Almir com a inova\u00e7\u00e3o e o talento de Gabriel Sater O p\u00fablico de Ribeir\u00e3o Preto ter\u00e1 a oportunidade de assistir, neste s\u00e1bado (18), \u00e0s 21 horas, no palco do Multiplan Hall, no Ribeir\u00e3oShopping, ao\u2026","rel":"","context":"In &quot;Not\u00edcias de Ribeir\u00e3o Preto-SP e Regi\u00e3o&quot;","block_context":{"text":"Not\u00edcias de Ribeir\u00e3o Preto-SP e Regi\u00e3o","link":"https:\/\/noticiasribeiraopreto.com.br\/index.php\/category\/noticias-de-ribeirao-preto-sp-e-regiao-ismael-colosi\/"},"img":{"alt_text":"","src":"https:\/\/i0.wp.com\/noticiasribeiraopreto.com.br\/wp-content\/uploads\/2025\/10\/Sater-Dul-Reproducao.jpg?fit=866%2C780&ssl=1&resize=350%2C200","width":350,"height":200,"srcset":"https:\/\/i0.wp.com\/noticiasribeiraopreto.com.br\/wp-content\/uploads\/2025\/10\/Sater-Dul-Reproducao.jpg?fit=866%2C780&ssl=1&resize=350%2C200 1x, https:\/\/i0.wp.com\/noticiasribeiraopreto.com.br\/wp-content\/uploads\/2025\/10\/Sater-Dul-Reproducao.jpg?fit=866%2C780&ssl=1&resize=525%2C300 1.5x, https:\/\/i0.wp.com\/noticiasribeiraopreto.com.br\/wp-content\/uploads\/2025\/10\/Sater-Dul-Reproducao.jpg?fit=866%2C780&ssl=1&resize=700%2C400 2x"},"classes":[]},{"id":60225,"url":"https:\/\/noticiasribeiraopreto.com.br\/index.php\/2024\/11\/08\/muita-musica-e-stand-up-confira-a-agenda-cultural-do-fim-de-semana-em-ribeirao-preto\/","url_meta":{"origin":60232,"position":4},"title":"Muita m\u00fasica e stand-up: Confira a agenda cultural do fim de semana em Ribeir\u00e3o Preto","author":"noticiasribeiraopreto.com.br","date":"8 de November de 2024","format":false,"excerpt":"O fim de semana chegou e Ribeir\u00e3o Preto conta com uma programa\u00e7\u00e3o diversificada para quem quer se divertir fora de casa. A agenda cultural conta com muita m\u00fasica e shows de stand-up. Os destaques s\u00e3o o sertanejo Almir Sater, o grupo \u201c4 Amigos \u2013 Fila de Piadas\u201d e o Jam\u2026","rel":"","context":"In &quot;Not\u00edcias de Ribeir\u00e3o Preto-SP e Regi\u00e3o&quot;","block_context":{"text":"Not\u00edcias de Ribeir\u00e3o Preto-SP e Regi\u00e3o","link":"https:\/\/noticiasribeiraopreto.com.br\/index.php\/category\/noticias-de-ribeirao-preto-sp-e-regiao-ismael-colosi\/"},"img":{"alt_text":"","src":"https:\/\/i0.wp.com\/noticiasribeiraopreto.com.br\/wp-content\/uploads\/2024\/11\/Copia-de-Copia-de-Copia-de-TAMANHO-EXATO-PARA-FOTOS-NO-SISTEMA-NOVO-25_2024-11-08_15-09-47_jpg_2024-11-08_15-09-47.webp.webp?fit=1200%2C675&ssl=1&resize=350%2C200","width":350,"height":200,"srcset":"https:\/\/i0.wp.com\/noticiasribeiraopreto.com.br\/wp-content\/uploads\/2024\/11\/Copia-de-Copia-de-Copia-de-TAMANHO-EXATO-PARA-FOTOS-NO-SISTEMA-NOVO-25_2024-11-08_15-09-47_jpg_2024-11-08_15-09-47.webp.webp?fit=1200%2C675&ssl=1&resize=350%2C200 1x, https:\/\/i0.wp.com\/noticiasribeiraopreto.com.br\/wp-content\/uploads\/2024\/11\/Copia-de-Copia-de-Copia-de-TAMANHO-EXATO-PARA-FOTOS-NO-SISTEMA-NOVO-25_2024-11-08_15-09-47_jpg_2024-11-08_15-09-47.webp.webp?fit=1200%2C675&ssl=1&resize=525%2C300 1.5x, https:\/\/i0.wp.com\/noticiasribeiraopreto.com.br\/wp-content\/uploads\/2024\/11\/Copia-de-Copia-de-Copia-de-TAMANHO-EXATO-PARA-FOTOS-NO-SISTEMA-NOVO-25_2024-11-08_15-09-47_jpg_2024-11-08_15-09-47.webp.webp?fit=1200%2C675&ssl=1&resize=700%2C400 2x, https:\/\/i0.wp.com\/noticiasribeiraopreto.com.br\/wp-content\/uploads\/2024\/11\/Copia-de-Copia-de-Copia-de-TAMANHO-EXATO-PARA-FOTOS-NO-SISTEMA-NOVO-25_2024-11-08_15-09-47_jpg_2024-11-08_15-09-47.webp.webp?fit=1200%2C675&ssl=1&resize=1050%2C600 3x"},"classes":[]},{"id":78749,"url":"https:\/\/noticiasribeiraopreto.com.br\/index.php\/2025\/10\/17\/musica-festival-opera-e-teatro-confira-o-que-acontece-no-fim-de-semana-em-ribeirao-preto-e-regiao\/","url_meta":{"origin":60232,"position":5},"title":"M\u00fasica, festival, \u00f3pera e teatro: confira o que acontece no fim de semana em Ribeir\u00e3o Preto e regi\u00e3o","author":"noticiasribeiraopreto.com.br","date":"17 de October de 2025","format":false,"excerpt":"A agenda cultural do fim de semana oferece diversas op\u00e7\u00f5es de divers\u00e3o para os moradores de Ribeir\u00e3o Preto e regi\u00e3o. Entre os destaques est\u00e3o o show de Almir e Gabriel Sater e a nova edi\u00e7\u00e3o de \u201cNa Trilha do Vinho\u201d. Veja os destaques abaixo. Almir e Gabriel Sater Almir Sater,\u2026","rel":"","context":"In &quot;Not\u00edcias de Ribeir\u00e3o Preto-SP e Regi\u00e3o&quot;","block_context":{"text":"Not\u00edcias de Ribeir\u00e3o Preto-SP e Regi\u00e3o","link":"https:\/\/noticiasribeiraopreto.com.br\/index.php\/category\/noticias-de-ribeirao-preto-sp-e-regiao-ismael-colosi\/"},"img":{"alt_text":"","src":"https:\/\/i0.wp.com\/noticiasribeiraopreto.com.br\/wp-content\/uploads\/2025\/10\/Renascer-Gabriel-Sater-e-Almir-Sater-dividem-o-papel-de.webp.webp.webp?fit=1000%2C600&ssl=1&resize=350%2C200","width":350,"height":200,"srcset":"https:\/\/i0.wp.com\/noticiasribeiraopreto.com.br\/wp-content\/uploads\/2025\/10\/Renascer-Gabriel-Sater-e-Almir-Sater-dividem-o-papel-de.webp.webp.webp?fit=1000%2C600&ssl=1&resize=350%2C200 1x, https:\/\/i0.wp.com\/noticiasribeiraopreto.com.br\/wp-content\/uploads\/2025\/10\/Renascer-Gabriel-Sater-e-Almir-Sater-dividem-o-papel-de.webp.webp.webp?fit=1000%2C600&ssl=1&resize=525%2C300 1.5x, https:\/\/i0.wp.com\/noticiasribeiraopreto.com.br\/wp-content\/uploads\/2025\/10\/Renascer-Gabriel-Sater-e-Almir-Sater-dividem-o-papel-de.webp.webp.webp?fit=1000%2C600&ssl=1&resize=700%2C400 2x"},"classes":[]}],"jetpack_sharing_enabled":true,"jetpack_shortlink":"https:\/\/wp.me\/peQAOb-fFu","_links":{"self":[{"href":"https:\/\/noticiasribeiraopreto.com.br\/index.php\/wp-json\/wp\/v2\/posts\/60232","targetHints":{"allow":["GET"]}}],"collection":[{"href":"https:\/\/noticiasribeiraopreto.com.br\/index.php\/wp-json\/wp\/v2\/posts"}],"about":[{"href":"https:\/\/noticiasribeiraopreto.com.br\/index.php\/wp-json\/wp\/v2\/types\/post"}],"author":[{"embeddable":true,"href":"https:\/\/noticiasribeiraopreto.com.br\/index.php\/wp-json\/wp\/v2\/users\/1"}],"replies":[{"embeddable":true,"href":"https:\/\/noticiasribeiraopreto.com.br\/index.php\/wp-json\/wp\/v2\/comments?post=60232"}],"version-history":[{"count":0,"href":"https:\/\/noticiasribeiraopreto.com.br\/index.php\/wp-json\/wp\/v2\/posts\/60232\/revisions"}],"wp:featuredmedia":[{"embeddable":true,"href":"https:\/\/noticiasribeiraopreto.com.br\/index.php\/wp-json\/wp\/v2\/media\/60226"}],"wp:attachment":[{"href":"https:\/\/noticiasribeiraopreto.com.br\/index.php\/wp-json\/wp\/v2\/media?parent=60232"}],"wp:term":[{"taxonomy":"category","embeddable":true,"href":"https:\/\/noticiasribeiraopreto.com.br\/index.php\/wp-json\/wp\/v2\/categories?post=60232"},{"taxonomy":"post_tag","embeddable":true,"href":"https:\/\/noticiasribeiraopreto.com.br\/index.php\/wp-json\/wp\/v2\/tags?post=60232"}],"curies":[{"name":"wp","href":"https:\/\/api.w.org\/{rel}","templated":true}]}}