{"id":60233,"date":"2024-11-08T14:16:27","date_gmt":"2024-11-08T17:16:27","guid":{"rendered":"https:\/\/noticiasribeiraopreto.com.br\/index.php\/2024\/11\/08\/idoso-morre-apos-ser-atropelado-no-anel-viario-sul-de-ribeirao-preto\/"},"modified":"2024-11-08T14:16:27","modified_gmt":"2024-11-08T17:16:27","slug":"idoso-morre-apos-ser-atropelado-no-anel-viario-sul-de-ribeirao-preto","status":"publish","type":"post","link":"https:\/\/noticiasribeiraopreto.com.br\/index.php\/2024\/11\/08\/idoso-morre-apos-ser-atropelado-no-anel-viario-sul-de-ribeirao-preto\/","title":{"rendered":"Idoso morre ap\u00f3s ser atropelado no Anel Vi\u00e1rio Sul de Ribeir\u00e3o Preto"},"content":{"rendered":"<p> <br \/>\n<\/p>\n<div data-td-block-uid=\"tdi_106\">\n<div class=\"tdb-block-inner td-fix-index\">\n<p><strong>Um homem de 82 anos morreu no in\u00edcio da madrugada desta sexta-feira (8), ap\u00f3s ser atropelado por um carro, no km 310 do Anel Vi\u00e1rio Sul (rodovia Prefeito Ant\u00f4nio Duarte Nogueira, SP-322), em Ribeir\u00e3o Preto.<\/strong><\/p>\n<p>Segundo o <strong>boletim de ocorr\u00eancia (BO)<\/strong>, <strong>Arnaud Martins Saraiva<\/strong> faleceu ainda no local, mesmo depois de receber os <strong>primeiros socorros <\/strong>prestados por uma equipe da <strong>concession\u00e1ria Entrevias<\/strong>.<\/p>\n<p><mark style=\"background-color:#fcb900\" class=\"has-inline-color has-black-color\">O motorista do carro, que \u00e9 arquiteto e tem 31 anos, afirmou \u00e0 pol\u00edcia que o idoso caminhava pelo meio da pista, que chovia e n\u00e3o foi poss\u00edvel evitar o atropelamento. <\/mark><\/p>\n<p>O <strong>condutor <\/strong>ainda relatou que, ap\u00f3s o <strong>atropelamento<\/strong>, desceu do <strong>carro <\/strong>\u2013 um <strong>Hyundai HB20 branco<\/strong> \u2013 e <strong>avistou <\/strong>a <strong>v\u00edtima <\/strong>a aproximadamente <strong>um quil\u00f4metro <\/strong>do <strong>ve\u00edculo<\/strong>.<\/p>\n<p>A <strong>Pol\u00edcia Civil<\/strong> suspeita que o <strong>idoso <\/strong>tenha sido <strong>arrastado <\/strong>por outro <strong>ve\u00edculo <\/strong>logo depois de ter sido <strong>atropelado<\/strong>.<\/p>\n<p><mark style=\"background-color:#fcb900\" class=\"has-inline-color has-black-color\">O motorista fez o teste do baf\u00f4metro, que apontou resultado negativo.<\/mark><\/p>\n<p>O caso foi registrado na <strong>CPJ (Central de Pol\u00edcia Judici\u00e1ria) Permanente<\/strong> como <strong>homic\u00eddio culposo (sem inten\u00e7\u00e3o) na dire\u00e7\u00e3o de ve\u00edculo automotor<\/strong>.<\/p>\n<p>SAIBA MAIS<\/p>\n<p>Adolescente \u00e9 colocada \u00e0 for\u00e7a em carro preto com trio encapuzado em Ribeir\u00e3o<\/p>\n<h4 class=\"wp-block-heading\"><strong>FIQUE ON<\/strong><\/h4>\n<p>Fique ligado em tudo que acontece em Ribeir\u00e3o Preto e regi\u00e3o. Siga os perfis do\u00a0<strong>acidade on\u00a0<\/strong>no\u00a0<a href=\"https:\/\/www.instagram.com\/acidadeonribeirao\" target=\"_blank\" rel=\"noreferrer noopener\">Instagram<\/a>\u00a0e no\u00a0<a href=\"https:\/\/www.facebook.com\/acidadeonribeirao\/\" target=\"_blank\" rel=\"noreferrer noopener\">Facebook<\/a>.<\/p>\n<p>Receba not\u00edcias do\u00a0<strong>acidade on\u00a0<\/strong>no WhatsApp.\u00a0<a href=\"https:\/\/chat.whatsapp.com\/Fg4ok3aAVyB59DP63pRapr\" target=\"_blank\" rel=\"noreferrer noopener\">Para entrar no grupo, basta clicar aqui.<\/a><\/p>\n<p>Fa\u00e7a uma den\u00fancia ou sugira uma reportagem sobre Ribeir\u00e3o Preto e regi\u00e3o pelo WhatsApp: 16 99117 7802.<\/p>\n<p>VEJA TAMB\u00c9M<\/p>\n<p>O que fazer em um alerta laranja? Entenda aviso do Inmet<\/p>\n<p><!-- CONTENT END 3 -->\n<\/div>\n<\/div>\n<p><script async src=\"\/\/www.instagram.com\/embed.js\"><\/script><br \/>\n<br \/><br \/>\n<br \/><a href=\"https:\/\/www.acidadeon.com\/ribeiraopreto\/cotidiano\/idoso-morre-apos-ser-atropelado-no-anel-viario-sul-de-ribeirao-preto\/\">Source link <\/a><\/p>\n","protected":false},"excerpt":{"rendered":"<p>Um homem de 82 anos morreu no in\u00edcio da madrugada desta sexta-feira (8), ap\u00f3s ser atropelado por um carro, no km 310 do Anel Vi\u00e1rio&#8230;<\/p>\n","protected":false},"author":1,"featured_media":60234,"comment_status":"open","ping_status":"open","sticky":false,"template":"","format":"standard","meta":{"advanced_seo_description":"","jetpack_seo_html_title":"","jetpack_seo_noindex":false,"jetpack_post_was_ever_published":false,"_jetpack_newsletter_access":"","_jetpack_dont_email_post_to_subs":false,"_jetpack_newsletter_tier_id":0,"_jetpack_memberships_contains_paywalled_content":false,"_jetpack_memberships_contains_paid_content":false,"footnotes":"","jetpack_publicize_message":"","jetpack_publicize_feature_enabled":true,"jetpack_social_post_already_shared":true,"jetpack_social_options":{"image_generator_settings":{"template":"highway","default_image_id":0,"font":"","enabled":false},"version":2}},"categories":[11],"tags":[],"class_list":["post-60233","post","type-post","status-publish","format-standard","has-post-thumbnail","hentry","category-noticias-de-ribeirao-preto-sp-e-regiao-ismael-colosi"],"jetpack_publicize_connections":[],"jetpack_featured_media_url":"https:\/\/i0.wp.com\/noticiasribeiraopreto.com.br\/wp-content\/uploads\/2024\/11\/JovemmortoporatiradoresemmotosemavenidadeRibeiroPreto_Tamanho_2_image.jpg?fit=1200%2C900&ssl=1","jetpack-related-posts":[{"id":54613,"url":"https:\/\/noticiasribeiraopreto.com.br\/index.php\/2024\/07\/14\/ciclista-morre-apos-ser-atropelado-no-anel-viario-sul-em-ribeirao-preto\/","url_meta":{"origin":60233,"position":0},"title":"Ciclista morre ap\u00f3s ser atropelado no Anel Vi\u00e1rio Sul em Ribeir\u00e3o Preto","author":"noticiasribeiraopreto.com.br","date":"14 de July de 2024","format":false,"excerpt":"Um ciclista morreu atropelado, na manh\u00e3 deste domingo (14), ap\u00f3s ser atropelado por um carro. O acidente fatal ocorreu no quil\u00f4metro 312 da rodovia Ant\u00f4nio Duarte Nogueira (SP-322), no Anel Vi\u00e1rio Sul de Ribeir\u00e3o Preto, sentido Sert\u00e3ozinho. Segundo o boletim de ocorr\u00eancia, Luciano da Silva, de 47 anos, estava em\u2026","rel":"","context":"In &quot;Not\u00edcias de Ribeir\u00e3o Preto-SP e Regi\u00e3o&quot;","block_context":{"text":"Not\u00edcias de Ribeir\u00e3o Preto-SP e Regi\u00e3o","link":"https:\/\/noticiasribeiraopreto.com.br\/index.php\/category\/noticias-de-ribeirao-preto-sp-e-regiao-ismael-colosi\/"},"img":{"alt_text":"","src":"https:\/\/i0.wp.com\/noticiasribeiraopreto.com.br\/wp-content\/uploads\/2024\/07\/Copia-de-Copia-de-TAMANHO-EXATO-PARA-FOTOS-NO-SISTEMA-NOVO-17_2024-07-14_21-25-08_jpg_2024-07-14_21-25-08.webp.webp?fit=1200%2C675&ssl=1&resize=350%2C200","width":350,"height":200,"srcset":"https:\/\/i0.wp.com\/noticiasribeiraopreto.com.br\/wp-content\/uploads\/2024\/07\/Copia-de-Copia-de-TAMANHO-EXATO-PARA-FOTOS-NO-SISTEMA-NOVO-17_2024-07-14_21-25-08_jpg_2024-07-14_21-25-08.webp.webp?fit=1200%2C675&ssl=1&resize=350%2C200 1x, https:\/\/i0.wp.com\/noticiasribeiraopreto.com.br\/wp-content\/uploads\/2024\/07\/Copia-de-Copia-de-TAMANHO-EXATO-PARA-FOTOS-NO-SISTEMA-NOVO-17_2024-07-14_21-25-08_jpg_2024-07-14_21-25-08.webp.webp?fit=1200%2C675&ssl=1&resize=525%2C300 1.5x, https:\/\/i0.wp.com\/noticiasribeiraopreto.com.br\/wp-content\/uploads\/2024\/07\/Copia-de-Copia-de-TAMANHO-EXATO-PARA-FOTOS-NO-SISTEMA-NOVO-17_2024-07-14_21-25-08_jpg_2024-07-14_21-25-08.webp.webp?fit=1200%2C675&ssl=1&resize=700%2C400 2x, https:\/\/i0.wp.com\/noticiasribeiraopreto.com.br\/wp-content\/uploads\/2024\/07\/Copia-de-Copia-de-TAMANHO-EXATO-PARA-FOTOS-NO-SISTEMA-NOVO-17_2024-07-14_21-25-08_jpg_2024-07-14_21-25-08.webp.webp?fit=1200%2C675&ssl=1&resize=1050%2C600 3x"},"classes":[]},{"id":65186,"url":"https:\/\/noticiasribeiraopreto.com.br\/index.php\/2025\/03\/17\/motociclista-morre-apos-batida-e-ser-atropelado-no-anel-viario-sul-de-ribeirao-preto\/","url_meta":{"origin":60233,"position":1},"title":"Motociclista morre ap\u00f3s batida e ser atropelado no Anel Vi\u00e1rio Sul de Ribeir\u00e3o Preto","author":"noticiasribeiraopreto.com.br","date":"17 de March de 2025","format":false,"excerpt":"Um motociclista morreu na noite deste domingo (16), depois de ter a moto atingida por um ve\u00edculo e ser atropelado por dois carros no km 315 do Anel Vi\u00e1rio Sul (rodovia Ant\u00f4nio Duarte Nogueira, SP-322), em Ribeir\u00e3o Preto. Segundo a Artesp, a v\u00edtima seguia com a moto no sentido Leste,\u2026","rel":"","context":"In &quot;Not\u00edcias de Ribeir\u00e3o Preto-SP e Regi\u00e3o&quot;","block_context":{"text":"Not\u00edcias de Ribeir\u00e3o Preto-SP e Regi\u00e3o","link":"https:\/\/noticiasribeiraopreto.com.br\/index.php\/category\/noticias-de-ribeirao-preto-sp-e-regiao-ismael-colosi\/"},"img":{"alt_text":"","src":"https:\/\/i0.wp.com\/noticiasribeiraopreto.com.br\/wp-content\/uploads\/2025\/03\/MOTO_2025-03-17_11-25-06_jpg_2025-03-17_11-25-06.webp.webp?fit=1200%2C772&ssl=1&resize=350%2C200","width":350,"height":200,"srcset":"https:\/\/i0.wp.com\/noticiasribeiraopreto.com.br\/wp-content\/uploads\/2025\/03\/MOTO_2025-03-17_11-25-06_jpg_2025-03-17_11-25-06.webp.webp?fit=1200%2C772&ssl=1&resize=350%2C200 1x, https:\/\/i0.wp.com\/noticiasribeiraopreto.com.br\/wp-content\/uploads\/2025\/03\/MOTO_2025-03-17_11-25-06_jpg_2025-03-17_11-25-06.webp.webp?fit=1200%2C772&ssl=1&resize=525%2C300 1.5x, https:\/\/i0.wp.com\/noticiasribeiraopreto.com.br\/wp-content\/uploads\/2025\/03\/MOTO_2025-03-17_11-25-06_jpg_2025-03-17_11-25-06.webp.webp?fit=1200%2C772&ssl=1&resize=700%2C400 2x, https:\/\/i0.wp.com\/noticiasribeiraopreto.com.br\/wp-content\/uploads\/2025\/03\/MOTO_2025-03-17_11-25-06_jpg_2025-03-17_11-25-06.webp.webp?fit=1200%2C772&ssl=1&resize=1050%2C600 3x"},"classes":[]},{"id":65208,"url":"https:\/\/noticiasribeiraopreto.com.br\/index.php\/2025\/03\/17\/identificado-motociclista-morto-apos-sofrer-batida-cair-e-ser-atropelado-no-anel-viario-sul\/","url_meta":{"origin":60233,"position":2},"title":"Identificado motociclista morto ap\u00f3s sofrer batida, cair e ser atropelado no Anel Vi\u00e1rio Sul","author":"noticiasribeiraopreto.com.br","date":"17 de March de 2025","format":false,"excerpt":"A Pol\u00edcia Civil identificou o motociclista morto na noite deste domingo (16), depois de ter a moto atingida na traseira por um ve\u00edculo, cair e ser atropelado por um carro que vinha atr\u00e1s no Anel Vi\u00e1rio\u00a0Sul\u00a0(rodovia Ant\u00f4nio\u00a0Duarte Nogueira, SP-322), em Ribeir\u00e3o Preto. A moto foi arrastada por sete quil\u00f4metros pelo\u2026","rel":"","context":"In &quot;Not\u00edcias de Ribeir\u00e3o Preto-SP e Regi\u00e3o&quot;","block_context":{"text":"Not\u00edcias de Ribeir\u00e3o Preto-SP e Regi\u00e3o","link":"https:\/\/noticiasribeiraopreto.com.br\/index.php\/category\/noticias-de-ribeirao-preto-sp-e-regiao-ismael-colosi\/"},"img":{"alt_text":"","src":"https:\/\/i0.wp.com\/noticiasribeiraopreto.com.br\/wp-content\/uploads\/2025\/03\/REGIS_2025-03-17_14-45-14_jpg_2025-03-17_14-45-15.webp.webp?fit=1200%2C711&ssl=1&resize=350%2C200","width":350,"height":200,"srcset":"https:\/\/i0.wp.com\/noticiasribeiraopreto.com.br\/wp-content\/uploads\/2025\/03\/REGIS_2025-03-17_14-45-14_jpg_2025-03-17_14-45-15.webp.webp?fit=1200%2C711&ssl=1&resize=350%2C200 1x, https:\/\/i0.wp.com\/noticiasribeiraopreto.com.br\/wp-content\/uploads\/2025\/03\/REGIS_2025-03-17_14-45-14_jpg_2025-03-17_14-45-15.webp.webp?fit=1200%2C711&ssl=1&resize=525%2C300 1.5x, https:\/\/i0.wp.com\/noticiasribeiraopreto.com.br\/wp-content\/uploads\/2025\/03\/REGIS_2025-03-17_14-45-14_jpg_2025-03-17_14-45-15.webp.webp?fit=1200%2C711&ssl=1&resize=700%2C400 2x, https:\/\/i0.wp.com\/noticiasribeiraopreto.com.br\/wp-content\/uploads\/2025\/03\/REGIS_2025-03-17_14-45-14_jpg_2025-03-17_14-45-15.webp.webp?fit=1200%2C711&ssl=1&resize=1050%2C600 3x"},"classes":[]},{"id":79560,"url":"https:\/\/noticiasribeiraopreto.com.br\/index.php\/2025\/11\/04\/idoso-morre-apos-ser-atropelado-e-motorista-e-preso-em-ribeirao-preto\/","url_meta":{"origin":60233,"position":3},"title":"Idoso morre ap\u00f3s ser atropelado e motorista \u00e9 preso em Ribeir\u00e3o Preto","author":"noticiasribeiraopreto.com.br","date":"4 de November de 2025","format":false,"excerpt":"Um homem de 70 anos morreu depois de ser atropelado por um carro na noite desta segunda-feira (3), no Jardim Salgado Filho, zona Norte de Ribeir\u00e3o Preto. O motorista do ve\u00edculo foi preso ap\u00f3s deixar o local e bater em um poste no mesmo bairro. O condutor disse \u00e0 pol\u00edcia\u2026","rel":"","context":"In &quot;Not\u00edcias de Ribeir\u00e3o Preto-SP e Regi\u00e3o&quot;","block_context":{"text":"Not\u00edcias de Ribeir\u00e3o Preto-SP e Regi\u00e3o","link":"https:\/\/noticiasribeiraopreto.com.br\/index.php\/category\/noticias-de-ribeirao-preto-sp-e-regiao-ismael-colosi\/"},"img":{"alt_text":"","src":"https:\/\/i0.wp.com\/noticiasribeiraopreto.com.br\/wp-content\/uploads\/2025\/11\/CARRO_2025-11-04_09-58-02.webp.webp?fit=1200%2C724&ssl=1&resize=350%2C200","width":350,"height":200,"srcset":"https:\/\/i0.wp.com\/noticiasribeiraopreto.com.br\/wp-content\/uploads\/2025\/11\/CARRO_2025-11-04_09-58-02.webp.webp?fit=1200%2C724&ssl=1&resize=350%2C200 1x, https:\/\/i0.wp.com\/noticiasribeiraopreto.com.br\/wp-content\/uploads\/2025\/11\/CARRO_2025-11-04_09-58-02.webp.webp?fit=1200%2C724&ssl=1&resize=525%2C300 1.5x, https:\/\/i0.wp.com\/noticiasribeiraopreto.com.br\/wp-content\/uploads\/2025\/11\/CARRO_2025-11-04_09-58-02.webp.webp?fit=1200%2C724&ssl=1&resize=700%2C400 2x, https:\/\/i0.wp.com\/noticiasribeiraopreto.com.br\/wp-content\/uploads\/2025\/11\/CARRO_2025-11-04_09-58-02.webp.webp?fit=1200%2C724&ssl=1&resize=1050%2C600 3x"},"classes":[]},{"id":1547,"url":"https:\/\/noticiasribeiraopreto.com.br\/index.php\/2023\/11\/13\/homem-morre-apos-ser-atropelado-no-ipiranga\/","url_meta":{"origin":60233,"position":4},"title":"Homem morre ap\u00f3s ser atropelado no Ipiranga","author":"noticiasribeiraopreto.com.br","date":"13 de November de 2023","format":false,"excerpt":"V\u00edtima estava tentando atravessar rua movimentada do bairro quando foi arremessado ap\u00f3s ser atingido por ve\u00edculo em movimento 13 de novembro de 2023 | 10:1413 de novembro de 2023 | 10:15 2Por: Adalberto LuqueUm homem de 77 anos morreu, na noite deste s\u00e1bado (11), depois ser atropelado enquanto atravessava a\u2026","rel":"","context":"In &quot;Not\u00edcias de Ribeir\u00e3o Preto-SP e Regi\u00e3o&quot;","block_context":{"text":"Not\u00edcias de Ribeir\u00e3o Preto-SP e Regi\u00e3o","link":"https:\/\/noticiasribeiraopreto.com.br\/index.php\/category\/noticias-de-ribeirao-preto-sp-e-regiao-ismael-colosi\/"},"img":{"alt_text":"","src":"https:\/\/i0.wp.com\/noticiasribeiraopreto.com.br\/wp-content\/uploads\/2023\/11\/00-13-nov-2023-atropelamento-idoso-foto-reproducao-scaled.jpg?fit=1000%2C554&ssl=1&resize=350%2C200","width":350,"height":200,"srcset":"https:\/\/i0.wp.com\/noticiasribeiraopreto.com.br\/wp-content\/uploads\/2023\/11\/00-13-nov-2023-atropelamento-idoso-foto-reproducao-scaled.jpg?fit=1000%2C554&ssl=1&resize=350%2C200 1x, https:\/\/i0.wp.com\/noticiasribeiraopreto.com.br\/wp-content\/uploads\/2023\/11\/00-13-nov-2023-atropelamento-idoso-foto-reproducao-scaled.jpg?fit=1000%2C554&ssl=1&resize=525%2C300 1.5x, https:\/\/i0.wp.com\/noticiasribeiraopreto.com.br\/wp-content\/uploads\/2023\/11\/00-13-nov-2023-atropelamento-idoso-foto-reproducao-scaled.jpg?fit=1000%2C554&ssl=1&resize=700%2C400 2x"},"classes":[]},{"id":64273,"url":"https:\/\/noticiasribeiraopreto.com.br\/index.php\/2025\/03\/06\/idoso-morre-atropelado-por-carro-em-acesso-da-anhanguera-e-motorista-foge\/","url_meta":{"origin":60233,"position":5},"title":"Idoso morre atropelado por carro em acesso da Anhanguera e motorista foge","author":"noticiasribeiraopreto.com.br","date":"6 de March de 2025","format":false,"excerpt":"Um homem de 68 anos morreu ap\u00f3s ser atropelado por um carro no fim da noite desta quarta-feira (5), em uma al\u00e7a de acesso da rodovia Anhanguera (SP-330), em Igarapava, cidade a aproximadamente 130 quil\u00f4metros de Ribeir\u00e3o Preto. De acordo com a Artesp (Ag\u00eancia de Transporte do Estado de S\u00e3o\u2026","rel":"","context":"In &quot;Not\u00edcias de Ribeir\u00e3o Preto-SP e Regi\u00e3o&quot;","block_context":{"text":"Not\u00edcias de Ribeir\u00e3o Preto-SP e Regi\u00e3o","link":"https:\/\/noticiasribeiraopreto.com.br\/index.php\/category\/noticias-de-ribeirao-preto-sp-e-regiao-ismael-colosi\/"},"img":{"alt_text":"","src":"https:\/\/i0.wp.com\/noticiasribeiraopreto.com.br\/wp-content\/uploads\/2025\/03\/20220620_114539075_policia_qru_1024x576_25052021184749_jpg_715985292.jpg?fit=1200%2C606&ssl=1&resize=350%2C200","width":350,"height":200,"srcset":"https:\/\/i0.wp.com\/noticiasribeiraopreto.com.br\/wp-content\/uploads\/2025\/03\/20220620_114539075_policia_qru_1024x576_25052021184749_jpg_715985292.jpg?fit=1200%2C606&ssl=1&resize=350%2C200 1x, https:\/\/i0.wp.com\/noticiasribeiraopreto.com.br\/wp-content\/uploads\/2025\/03\/20220620_114539075_policia_qru_1024x576_25052021184749_jpg_715985292.jpg?fit=1200%2C606&ssl=1&resize=525%2C300 1.5x, https:\/\/i0.wp.com\/noticiasribeiraopreto.com.br\/wp-content\/uploads\/2025\/03\/20220620_114539075_policia_qru_1024x576_25052021184749_jpg_715985292.jpg?fit=1200%2C606&ssl=1&resize=700%2C400 2x, https:\/\/i0.wp.com\/noticiasribeiraopreto.com.br\/wp-content\/uploads\/2025\/03\/20220620_114539075_policia_qru_1024x576_25052021184749_jpg_715985292.jpg?fit=1200%2C606&ssl=1&resize=1050%2C600 3x"},"classes":[]}],"jetpack_sharing_enabled":true,"jetpack_shortlink":"https:\/\/wp.me\/peQAOb-fFv","_links":{"self":[{"href":"https:\/\/noticiasribeiraopreto.com.br\/index.php\/wp-json\/wp\/v2\/posts\/60233","targetHints":{"allow":["GET"]}}],"collection":[{"href":"https:\/\/noticiasribeiraopreto.com.br\/index.php\/wp-json\/wp\/v2\/posts"}],"about":[{"href":"https:\/\/noticiasribeiraopreto.com.br\/index.php\/wp-json\/wp\/v2\/types\/post"}],"author":[{"embeddable":true,"href":"https:\/\/noticiasribeiraopreto.com.br\/index.php\/wp-json\/wp\/v2\/users\/1"}],"replies":[{"embeddable":true,"href":"https:\/\/noticiasribeiraopreto.com.br\/index.php\/wp-json\/wp\/v2\/comments?post=60233"}],"version-history":[{"count":0,"href":"https:\/\/noticiasribeiraopreto.com.br\/index.php\/wp-json\/wp\/v2\/posts\/60233\/revisions"}],"wp:featuredmedia":[{"embeddable":true,"href":"https:\/\/noticiasribeiraopreto.com.br\/index.php\/wp-json\/wp\/v2\/media\/60234"}],"wp:attachment":[{"href":"https:\/\/noticiasribeiraopreto.com.br\/index.php\/wp-json\/wp\/v2\/media?parent=60233"}],"wp:term":[{"taxonomy":"category","embeddable":true,"href":"https:\/\/noticiasribeiraopreto.com.br\/index.php\/wp-json\/wp\/v2\/categories?post=60233"},{"taxonomy":"post_tag","embeddable":true,"href":"https:\/\/noticiasribeiraopreto.com.br\/index.php\/wp-json\/wp\/v2\/tags?post=60233"}],"curies":[{"name":"wp","href":"https:\/\/api.w.org\/{rel}","templated":true}]}}