{"id":60235,"date":"2024-11-08T14:49:45","date_gmt":"2024-11-08T17:49:45","guid":{"rendered":"https:\/\/noticiasribeiraopreto.com.br\/index.php\/2024\/11\/08\/quantas-favelas-existem-em-ribeirao-preto-quais-sao-as-maiores\/"},"modified":"2024-11-08T14:49:45","modified_gmt":"2024-11-08T17:49:45","slug":"quantas-favelas-existem-em-ribeirao-preto-quais-sao-as-maiores","status":"publish","type":"post","link":"https:\/\/noticiasribeiraopreto.com.br\/index.php\/2024\/11\/08\/quantas-favelas-existem-em-ribeirao-preto-quais-sao-as-maiores\/","title":{"rendered":"Quantas favelas existem em Ribeir\u00e3o Preto? Quais s\u00e3o as maiores?"},"content":{"rendered":"<p> <br \/>\n<\/p>\n<div>\n<p><strong>Ribeir\u00e3o Preto<\/strong> tem <strong>23.781 mil pessoas morando em favelas<\/strong>, de acordo com os novos dados do<a href=\"https:\/\/censo2022.ibge.gov.br\/panorama\/index.html\" target=\"_blank\" rel=\"noreferrer noopener\"> <strong>Censo 2022<\/strong><\/a>, divulgados nesta sexta-feira (8), pelo <strong><a href=\"https:\/\/www.ibge.gov.br\/\" target=\"_blank\" rel=\"noreferrer noopener\">IBGE (Instituto Brasileiro de Geografia e Estat\u00edstica)<\/a><\/strong>.<\/p>\n<p>O n\u00famero representa um<strong> crescimento de 68,4%<\/strong> se comparado com o resultado divulgado em <strong>2010<\/strong>, quando <strong>14.177 pessoas moravam em comunidades<\/strong>. <mark style=\"background-color:#fcb900\" class=\"has-inline-color\">O comparativo entre as duas pesquisas ainda mostra que a <strong>quantidade de favelas na cidade aumentou de 26 para 47<\/strong>.<\/mark><\/p>\n<figure class=\"wp-block-pullquote\">\n<blockquote>\n<p>Esse aumento pode ser explicado pelo aperfei\u00e7oamento tecnol\u00f3gico na opera\u00e7\u00e3o censit\u00e1ria e um maior conhecimento do territ\u00f3rio, melhorando a capta\u00e7\u00e3o das informa\u00e7\u00f5es sobre essa popula\u00e7\u00e3o no per\u00edodo intercensit\u00e1rio<\/p>\n<p><cite>diz nota do IBGE<\/cite><\/p><\/blockquote>\n<\/figure>\n<p>A compara\u00e7\u00e3o dos resultados entre os dois Censos, portanto, deve considerar o contexto mencionado acima.  Ademais, a quantidade de pessoas que vivem em favela representa<strong> 3,4% da popula\u00e7\u00e3o de Ribeir\u00e3o Preto<\/strong>, que \u00e9 de 698.642. <\/p>\n<p><em>A reportagem entrou em contato com a <strong>Prefeitura de Ribeir\u00e3o Preto<\/strong>, no entanto, n\u00e3o obteve um retorno at\u00e9 a publica\u00e7\u00e3o do material.<\/em><\/p>\n<h2 class=\"wp-block-heading\"><strong>Quais s\u00e3o as maiores favelas de Ribeir\u00e3o Preto?<\/strong><\/h2>\n<p>Como ilustrado pelo <strong>Censo 2022<\/strong>, <mark style=\"background-color:#fcb900\" class=\"has-inline-color\">a <strong>favela da Mata<\/strong>, localizada pr\u00f3ximo ao <strong>aeroporto Leite Lopes<\/strong>, \u00e9 a <strong>maior comunidade de Ribeir\u00e3o Preto<\/strong><\/mark>. Em segundo lugar est\u00e1 a <strong>comunidade dos Trilhos<\/strong>, localizada \u00e0s margens da Avenida Rio Pardo. Confira:<\/p>\n<div class=\"flourish-embed flourish-table\" data-src=\"https:\/\/www.acidadeon.com\/ribeiraopreto\/cotidiano\/quantas-favelas-existem-em-ribeirao-preto-quais-sao-as-maiores\/visualisation\/19947550\"><img decoding=\"async\" src=\"https:\/\/public.flourish.studio\/visualisation\/19947550\/thumbnail\" width=\"100%\" alt=\"table visualization\"\/><\/div>\n<p><strong><em><sub>Fonte: IBGE \u2013 Censo Demogr\u00e1fico<\/sub><\/em><\/strong><\/p>\n<h3 class=\"wp-block-heading\"><strong>Cor, ra\u00e7a e idade dos moradores de favelas em Ribeir\u00e3o Preto<\/strong><\/h3>\n<p>Em rela\u00e7\u00e3o \u00e0 <strong>cor <\/strong>ou <em>ra\u00e7a <\/em>dos <strong>moradores de favelas em Ribeir\u00e3o Preto<\/strong>, 13.719 mil pessoas e declararam pardas, 6.735 brancas e 3.289 pretas \u2013 veja abaixo.<\/p>\n<p>No recorte por <strong>faixa et\u00e1ria<\/strong>, segundo o <strong>Censo 2022<\/strong>, vivem 8.897 jovens (at\u00e9 os 19 anos); 13.720 adultos (entre 20 e 59 anos); e 1.164 idosos (acima de 60 anos).<\/p>\n<div class=\"flourish-embed flourish-chart\" data-src=\"https:\/\/www.acidadeon.com\/ribeiraopreto\/cotidiano\/quantas-favelas-existem-em-ribeirao-preto-quais-sao-as-maiores\/visualisation\/20207870\"><img decoding=\"async\" src=\"https:\/\/public.flourish.studio\/visualisation\/20207870\/thumbnail\" width=\"100%\" alt=\"chart visualization\"\/><\/div>\n<p><strong><em><sub>Fonte: IBGE \u2013 Censo Demogr\u00e1fico<\/sub><\/em><\/strong><\/p>\n<h4 class=\"wp-block-heading\"><strong>Retrato nacional<\/strong><\/h4>\n<p>Ainda de acordo com os dados divulgados pelo IBGE, foram localizadas <strong>12.348 Favelas e Comunidades Urbanas no Brasil<\/strong>, onde viviam 16.390.815 pessoas, o que equivalia a <strong>8,1% da popula\u00e7\u00e3o do pa\u00eds<\/strong>.<\/p>\n<p><mark style=\"background-color:#fcb900\" class=\"has-inline-color\">A <strong>Rocinha<\/strong>, no <strong>Rio de Janeiro (RJ)<\/strong>, hoje \u00e9 a favela mais populosa do pa\u00eds<\/mark>, com 72.021 moradores, seguida por <strong>Sol Nascente, em Bras\u00edlia (DF)<\/strong>, com 70.908 habitantes; <strong>Parais\u00f3polis, em S\u00e3o Paulo (SP)<\/strong>, com 58.527 pessoas e <strong>Cidade de Deus\/Alfredo Nascimento, em Manaus (AM)<\/strong>, com 55.821 moradores.<\/p>\n<hr class=\"wp-block-separator has-alpha-channel-opacity\"\/>\n<p>SAIBA MAIS<\/p>\n<p>Ped\u00e1gio free flow: 12 mil motoristas foram multados por falta de pagamento no interior de SP<\/p>\n<p>FIQUE ON<\/p>\n<p>Fique ligado em tudo que acontece em Ribeir\u00e3o Preto e regi\u00e3o. Siga os perfis do<strong>\u00a0acidade on<\/strong>\u00a0no\u00a0<a href=\"https:\/\/www.instagram.com\/acidadeonribeirao\" target=\"_blank\" rel=\"noreferrer noopener\">Instagram<\/a>\u00a0e no<a href=\"https:\/\/www.facebook.com\/acidadeonribeirao\/\" target=\"_blank\" rel=\"noreferrer noopener\">\u00a0Facebook<\/a>.<\/p>\n<p>Receba not\u00edcias do\u00a0<strong>acidade on<\/strong>\u00a0no WhatsApp.\u00a0<a href=\"https:\/\/chat.whatsapp.com\/Fg4ok3aAVyB59DP63pRapr\" target=\"_blank\" rel=\"noreferrer noopener\">Para entrar no grupo, basta clicar aqui.<\/a><\/p>\n<p>Fa\u00e7a uma den\u00fancia ou sugira uma reportagem sobre Ribeir\u00e3o Preto e regi\u00e3o pelo WhatsApp: 16 99117 7802.<\/p>\n<p>VEJA TAMB\u00c9M<\/p>\n<p>Onde vai ser a CCXP 2024?<\/p>\n<p><!-- CONTENT END 1 -->\n<\/div>\n<p><script async src=\"\/\/www.instagram.com\/embed.js\"><\/script><br \/>\n<br \/><br \/>\n<br \/><a href=\"https:\/\/www.acidadeon.com\/ribeiraopreto\/cotidiano\/quantas-favelas-existem-em-ribeirao-preto-quais-sao-as-maiores\/\">Source link <\/a><\/p>\n","protected":false},"excerpt":{"rendered":"<p>Ribeir\u00e3o Preto tem 23.781 mil pessoas morando em favelas, de acordo com os novos dados do Censo 2022, divulgados nesta sexta-feira (8), pelo IBGE (Instituto&#8230;<\/p>\n","protected":false},"author":1,"featured_media":60236,"comment_status":"open","ping_status":"open","sticky":false,"template":"","format":"standard","meta":{"advanced_seo_description":"","jetpack_seo_html_title":"","jetpack_seo_noindex":false,"jetpack_post_was_ever_published":false,"_jetpack_newsletter_access":"","_jetpack_dont_email_post_to_subs":false,"_jetpack_newsletter_tier_id":0,"_jetpack_memberships_contains_paywalled_content":false,"_jetpack_memberships_contains_paid_content":false,"footnotes":"","jetpack_publicize_message":"","jetpack_publicize_feature_enabled":true,"jetpack_social_post_already_shared":true,"jetpack_social_options":{"image_generator_settings":{"template":"highway","default_image_id":0,"font":"","enabled":false},"version":2}},"categories":[11],"tags":[],"class_list":["post-60235","post","type-post","status-publish","format-standard","has-post-thumbnail","hentry","category-noticias-de-ribeirao-preto-sp-e-regiao-ismael-colosi"],"jetpack_publicize_connections":[],"jetpack_featured_media_url":"https:\/\/i0.wp.com\/noticiasribeiraopreto.com.br\/wp-content\/uploads\/2024\/11\/comunidade_favela_1200x675_08102021072938.jpg?fit=1200%2C675&ssl=1","jetpack-related-posts":[{"id":63469,"url":"https:\/\/noticiasribeiraopreto.com.br\/index.php\/2025\/02\/14\/urbanizacao-da-favela-da-paz-um-projeto-de-dignidade-e-transformacao-social-em-ribeirao-preto\/","url_meta":{"origin":60235,"position":0},"title":"Urbaniza\u00e7\u00e3o da Favela da Paz: Um Projeto de Dignidade e Transforma\u00e7\u00e3o Social em Ribeir\u00e3o Preto","author":"noticiasribeiraopreto.com.br","date":"14 de February de 2025","format":false,"excerpt":"O projeto de urbaniza\u00e7\u00e3o da Favela da Paz, em Ribeir\u00e3o Preto, \u00e9 um marco no combate \u00e0s desigualdades e promo\u00e7\u00e3o de dignidade para as fam\u00edlias que vivem na regi\u00e3o. A iniciativa, desenvolvida em parceria entre a prefeitura e o setor privado, tem como objetivo melhorar a infraestrutura b\u00e1sica, incluindo a\u2026","rel":"","context":"In &quot;Not\u00edcias de Ribeir\u00e3o Preto-SP e Regi\u00e3o&quot;","block_context":{"text":"Not\u00edcias de Ribeir\u00e3o Preto-SP e Regi\u00e3o","link":"https:\/\/noticiasribeiraopreto.com.br\/index.php\/category\/noticias-de-ribeirao-preto-sp-e-regiao-ismael-colosi\/"},"img":{"alt_text":"","src":"https:\/\/i0.wp.com\/noticiasribeiraopreto.com.br\/wp-content\/uploads\/2025\/02\/regularizacao_habitacao_-_foto_fernando_gonzaga_6.jpg?fit=1200%2C800&ssl=1&resize=350%2C200","width":350,"height":200,"srcset":"https:\/\/i0.wp.com\/noticiasribeiraopreto.com.br\/wp-content\/uploads\/2025\/02\/regularizacao_habitacao_-_foto_fernando_gonzaga_6.jpg?fit=1200%2C800&ssl=1&resize=350%2C200 1x, https:\/\/i0.wp.com\/noticiasribeiraopreto.com.br\/wp-content\/uploads\/2025\/02\/regularizacao_habitacao_-_foto_fernando_gonzaga_6.jpg?fit=1200%2C800&ssl=1&resize=525%2C300 1.5x, https:\/\/i0.wp.com\/noticiasribeiraopreto.com.br\/wp-content\/uploads\/2025\/02\/regularizacao_habitacao_-_foto_fernando_gonzaga_6.jpg?fit=1200%2C800&ssl=1&resize=700%2C400 2x, https:\/\/i0.wp.com\/noticiasribeiraopreto.com.br\/wp-content\/uploads\/2025\/02\/regularizacao_habitacao_-_foto_fernando_gonzaga_6.jpg?fit=1200%2C800&ssl=1&resize=1050%2C600 3x"},"classes":[]},{"id":60210,"url":"https:\/\/noticiasribeiraopreto.com.br\/index.php\/2024\/11\/08\/cresce-a-populacao-em-favelas-de-ribeirao-preto-novo-levantamento-do-ibge-aponta-aumento-de-68\/","url_meta":{"origin":60235,"position":1},"title":"Cresce a Popula\u00e7\u00e3o em Favelas de Ribeir\u00e3o Preto: Novo Levantamento do IBGE Aponta Aumento de 68%","author":"noticiasribeiraopreto.com.br","date":"8 de November de 2024","format":false,"excerpt":"Um levantamento recente do Instituto Brasileiro de Geografia e Estat\u00edstica (IBGE) aponta que a popula\u00e7\u00e3o vivendo em favelas em Ribeir\u00e3o Preto aumentou 68% nos \u00faltimos anos. Este dado \u00e9 um reflexo de quest\u00f5es estruturais e econ\u00f4micas que v\u00eam afetando a cidade, resultando em uma expans\u00e3o significativa das \u00e1reas de moradias\u2026","rel":"","context":"In &quot;Not\u00edcias de Ribeir\u00e3o Preto-SP e Regi\u00e3o&quot;","block_context":{"text":"Not\u00edcias de Ribeir\u00e3o Preto-SP e Regi\u00e3o","link":"https:\/\/noticiasribeiraopreto.com.br\/index.php\/category\/noticias-de-ribeirao-preto-sp-e-regiao-ismael-colosi\/"},"img":{"alt_text":"","src":"https:\/\/i0.wp.com\/noticiasribeiraopreto.com.br\/wp-content\/uploads\/2024\/11\/IMG_9381.webp.webp?fit=1170%2C700&ssl=1&resize=350%2C200","width":350,"height":200,"srcset":"https:\/\/i0.wp.com\/noticiasribeiraopreto.com.br\/wp-content\/uploads\/2024\/11\/IMG_9381.webp.webp?fit=1170%2C700&ssl=1&resize=350%2C200 1x, https:\/\/i0.wp.com\/noticiasribeiraopreto.com.br\/wp-content\/uploads\/2024\/11\/IMG_9381.webp.webp?fit=1170%2C700&ssl=1&resize=525%2C300 1.5x, https:\/\/i0.wp.com\/noticiasribeiraopreto.com.br\/wp-content\/uploads\/2024\/11\/IMG_9381.webp.webp?fit=1170%2C700&ssl=1&resize=700%2C400 2x, https:\/\/i0.wp.com\/noticiasribeiraopreto.com.br\/wp-content\/uploads\/2024\/11\/IMG_9381.webp.webp?fit=1170%2C700&ssl=1&resize=1050%2C600 3x"},"classes":[]},{"id":47404,"url":"https:\/\/noticiasribeiraopreto.com.br\/index.php\/2024\/04\/25\/inscricoes-para-taca-das-favelas-ribeirao-preto-estao-abertas-veja-como-participar\/","url_meta":{"origin":60235,"position":2},"title":"Inscri\u00e7\u00f5es para Ta\u00e7a das Favelas Ribeir\u00e3o Preto est\u00e3o abertas; Veja como participar","author":"noticiasribeiraopreto.com.br","date":"25 de April de 2024","format":false,"excerpt":"Est\u00e3o abertas as inscri\u00e7\u00f5es para as equipes que v\u00e3o entrar na disputa da primeira edi\u00e7\u00e3o da Ta\u00e7a das Favelas Ribeir\u00e3o Preto. Podem participar times masculinos e femininos sub-17, que v\u00e3o jogar a final no Est\u00e1dio Santa Cruz. A Ta\u00e7a das Favelas \u00e9 o maior campeonato de futebol entre favelas do\u2026","rel":"","context":"In &quot;Not\u00edcias de Ribeir\u00e3o Preto-SP e Regi\u00e3o&quot;","block_context":{"text":"Not\u00edcias de Ribeir\u00e3o Preto-SP e Regi\u00e3o","link":"https:\/\/noticiasribeiraopreto.com.br\/index.php\/category\/noticias-de-ribeirao-preto-sp-e-regiao-ismael-colosi\/"},"img":{"alt_text":"","src":"https:\/\/i0.wp.com\/noticiasribeiraopreto.com.br\/wp-content\/uploads\/2024\/04\/AnyConv.com__taca-das-favelas.webp.webp?fit=1200%2C803&ssl=1&resize=350%2C200","width":350,"height":200,"srcset":"https:\/\/i0.wp.com\/noticiasribeiraopreto.com.br\/wp-content\/uploads\/2024\/04\/AnyConv.com__taca-das-favelas.webp.webp?fit=1200%2C803&ssl=1&resize=350%2C200 1x, https:\/\/i0.wp.com\/noticiasribeiraopreto.com.br\/wp-content\/uploads\/2024\/04\/AnyConv.com__taca-das-favelas.webp.webp?fit=1200%2C803&ssl=1&resize=525%2C300 1.5x, https:\/\/i0.wp.com\/noticiasribeiraopreto.com.br\/wp-content\/uploads\/2024\/04\/AnyConv.com__taca-das-favelas.webp.webp?fit=1200%2C803&ssl=1&resize=700%2C400 2x, https:\/\/i0.wp.com\/noticiasribeiraopreto.com.br\/wp-content\/uploads\/2024\/04\/AnyConv.com__taca-das-favelas.webp.webp?fit=1200%2C803&ssl=1&resize=1050%2C600 3x"},"classes":[]},{"id":26140,"url":"https:\/\/noticiasribeiraopreto.com.br\/index.php\/2024\/01\/09\/utm_sourcerssutm_mediumrssutm_campaigntraficante-e-preso-com-arma-drogas-e-um-radio-comunicador-apos-trocar-tiros-com-o-baep-na-favela-do-simioni\/","url_meta":{"origin":60235,"position":3},"title":"Traficante \u00e9 preso com arma, drogas e um r\u00e1dio comunicador ap\u00f3s trocar tiros com o BAEP na Favela do Simioni \u2013 X Tudo Ribeir\u00e3o","author":"noticiasribeiraopreto.com.br","date":"9 de January de 2024","format":false,"excerpt":"Um traficante foi socorrido ap\u00f3s trocar tiros com os Policiais Militares do 11\u00ba BAEP (Batalh\u00e3o de A\u00e7\u00f5es Especiais de Pol\u00edcia) nesta segunda-feira (8\/1), na Favela do Simioni, em Ribeir\u00e3o Preto. Segundo informa\u00e7\u00f5es do B.O (boletim de ocorr\u00eancia), durante o patrulhamento ostensivo pela avenida Magid Sim\u00e3o Trad, os PMs depararam com\u2026","rel":"","context":"In &quot;Not\u00edcias de Ribeir\u00e3o Preto-SP e Regi\u00e3o&quot;","block_context":{"text":"Not\u00edcias de Ribeir\u00e3o Preto-SP e Regi\u00e3o","link":"https:\/\/noticiasribeiraopreto.com.br\/index.php\/category\/noticias-de-ribeirao-preto-sp-e-regiao-ismael-colosi\/"},"img":{"alt_text":"","src":"https:\/\/i0.wp.com\/noticiasribeiraopreto.com.br\/wp-content\/uploads\/2024\/01\/WhatsApp-Image-2024-01-09-at-09.00.10.jpeg?fit=1200%2C662&ssl=1&resize=350%2C200","width":350,"height":200,"srcset":"https:\/\/i0.wp.com\/noticiasribeiraopreto.com.br\/wp-content\/uploads\/2024\/01\/WhatsApp-Image-2024-01-09-at-09.00.10.jpeg?fit=1200%2C662&ssl=1&resize=350%2C200 1x, https:\/\/i0.wp.com\/noticiasribeiraopreto.com.br\/wp-content\/uploads\/2024\/01\/WhatsApp-Image-2024-01-09-at-09.00.10.jpeg?fit=1200%2C662&ssl=1&resize=525%2C300 1.5x, https:\/\/i0.wp.com\/noticiasribeiraopreto.com.br\/wp-content\/uploads\/2024\/01\/WhatsApp-Image-2024-01-09-at-09.00.10.jpeg?fit=1200%2C662&ssl=1&resize=700%2C400 2x, https:\/\/i0.wp.com\/noticiasribeiraopreto.com.br\/wp-content\/uploads\/2024\/01\/WhatsApp-Image-2024-01-09-at-09.00.10.jpeg?fit=1200%2C662&ssl=1&resize=1050%2C600 3x"},"classes":[]},{"id":63282,"url":"https:\/\/noticiasribeiraopreto.com.br\/index.php\/2025\/02\/08\/em-visita-a-ribeirao-governador-tarcisio-de-freitas-formaliza-parceria-para-urbanizar-favela-da-paz\/","url_meta":{"origin":60235,"position":4},"title":"Em visita a Ribeir\u00e3o, governador Tarc\u00edsio de Freitas formaliza parceria para urbanizar Favela da Paz","author":"noticiasribeiraopreto.com.br","date":"8 de February de 2025","format":false,"excerpt":"Durante visita a Ribeir\u00e3o Preto, neste s\u00e1bado (8), o governador de S\u00e3o Paulo, Tarc\u00edsio de Freitas (Republicanos), assinou um conv\u00eanio em parceria com a ONG Gerando Falc\u00f5es para a urbaniza\u00e7\u00e3o da Favela da Paz, no Jardim Juliana. O documento formaliza a parceria entre a Secretaria de Desenvolvimento Urbano e Habita\u00e7\u00e3o,\u2026","rel":"","context":"In &quot;Not\u00edcias de Ribeir\u00e3o Preto-SP e Regi\u00e3o&quot;","block_context":{"text":"Not\u00edcias de Ribeir\u00e3o Preto-SP e Regi\u00e3o","link":"https:\/\/noticiasribeiraopreto.com.br\/index.php\/category\/noticias-de-ribeirao-preto-sp-e-regiao-ismael-colosi\/"},"img":{"alt_text":"","src":"https:\/\/i0.wp.com\/noticiasribeiraopreto.com.br\/wp-content\/uploads\/2025\/02\/Copia-de-Copia-de-Copia-de-TAMANHO-EXATO-PARA-FOTOS-NO-SISTEMA-NOVO-2025-02-08T153311.554_2025-02-08_18-33-20_png_2025-02-08_18-33-20.webp.webp?fit=1200%2C675&ssl=1&resize=350%2C200","width":350,"height":200,"srcset":"https:\/\/i0.wp.com\/noticiasribeiraopreto.com.br\/wp-content\/uploads\/2025\/02\/Copia-de-Copia-de-Copia-de-TAMANHO-EXATO-PARA-FOTOS-NO-SISTEMA-NOVO-2025-02-08T153311.554_2025-02-08_18-33-20_png_2025-02-08_18-33-20.webp.webp?fit=1200%2C675&ssl=1&resize=350%2C200 1x, https:\/\/i0.wp.com\/noticiasribeiraopreto.com.br\/wp-content\/uploads\/2025\/02\/Copia-de-Copia-de-Copia-de-TAMANHO-EXATO-PARA-FOTOS-NO-SISTEMA-NOVO-2025-02-08T153311.554_2025-02-08_18-33-20_png_2025-02-08_18-33-20.webp.webp?fit=1200%2C675&ssl=1&resize=525%2C300 1.5x, https:\/\/i0.wp.com\/noticiasribeiraopreto.com.br\/wp-content\/uploads\/2025\/02\/Copia-de-Copia-de-Copia-de-TAMANHO-EXATO-PARA-FOTOS-NO-SISTEMA-NOVO-2025-02-08T153311.554_2025-02-08_18-33-20_png_2025-02-08_18-33-20.webp.webp?fit=1200%2C675&ssl=1&resize=700%2C400 2x, https:\/\/i0.wp.com\/noticiasribeiraopreto.com.br\/wp-content\/uploads\/2025\/02\/Copia-de-Copia-de-Copia-de-TAMANHO-EXATO-PARA-FOTOS-NO-SISTEMA-NOVO-2025-02-08T153311.554_2025-02-08_18-33-20_png_2025-02-08_18-33-20.webp.webp?fit=1200%2C675&ssl=1&resize=1050%2C600 3x"},"classes":[]},{"id":9829,"url":"https:\/\/noticiasribeiraopreto.com.br\/index.php\/2023\/12\/02\/utm_sourcerssutm_mediumrssutm_campaignjustica-decreta-prisao-preventiva-do-vagabundo-que-tentou-matar-a-ex-gravida-na-favela-do-sbt\/","url_meta":{"origin":60235,"position":5},"title":"Justi\u00e7a decreta pris\u00e3o preventiva do VAGABUNDO que tentou matar a ex gr\u00e1vida na Favela do SBT \u2013 X Tudo Ribeir\u00e3o","author":"noticiasribeiraopreto.com.br","date":"2 de December de 2023","format":false,"excerpt":"A Justi\u00e7a decretou neste s\u00e1bado (2\/12), a pris\u00e3o preventiva do valent\u00e3o que tentou matar a ex-mulher que esta gr\u00e1vida com golpes de madeira na tarde desta sexta-feira, na Favela do SBT, na zona Oeste de Ribeir\u00e3o Preto.\u00a0 Segundo informa\u00e7\u00f5es obtidas com EXCLUSIVIDADE pelo Jornal X TUDO RIBEIR\u00c3O, a decis\u00e3o favor\u00e1vel\u2026","rel":"","context":"In &quot;Not\u00edcias de Ribeir\u00e3o Preto-SP e Regi\u00e3o&quot;","block_context":{"text":"Not\u00edcias de Ribeir\u00e3o Preto-SP e Regi\u00e3o","link":"https:\/\/noticiasribeiraopreto.com.br\/index.php\/category\/noticias-de-ribeirao-preto-sp-e-regiao-ismael-colosi\/"},"img":{"alt_text":"","src":"https:\/\/i0.wp.com\/noticiasribeiraopreto.com.br\/wp-content\/uploads\/2023\/12\/6c30ff76-11a1-4512-9745-6ddba92366e8.jpeg?fit=1196%2C1101&ssl=1&resize=350%2C200","width":350,"height":200,"srcset":"https:\/\/i0.wp.com\/noticiasribeiraopreto.com.br\/wp-content\/uploads\/2023\/12\/6c30ff76-11a1-4512-9745-6ddba92366e8.jpeg?fit=1196%2C1101&ssl=1&resize=350%2C200 1x, https:\/\/i0.wp.com\/noticiasribeiraopreto.com.br\/wp-content\/uploads\/2023\/12\/6c30ff76-11a1-4512-9745-6ddba92366e8.jpeg?fit=1196%2C1101&ssl=1&resize=525%2C300 1.5x, https:\/\/i0.wp.com\/noticiasribeiraopreto.com.br\/wp-content\/uploads\/2023\/12\/6c30ff76-11a1-4512-9745-6ddba92366e8.jpeg?fit=1196%2C1101&ssl=1&resize=700%2C400 2x, https:\/\/i0.wp.com\/noticiasribeiraopreto.com.br\/wp-content\/uploads\/2023\/12\/6c30ff76-11a1-4512-9745-6ddba92366e8.jpeg?fit=1196%2C1101&ssl=1&resize=1050%2C600 3x"},"classes":[]}],"jetpack_sharing_enabled":true,"jetpack_shortlink":"https:\/\/wp.me\/peQAOb-fFx","_links":{"self":[{"href":"https:\/\/noticiasribeiraopreto.com.br\/index.php\/wp-json\/wp\/v2\/posts\/60235","targetHints":{"allow":["GET"]}}],"collection":[{"href":"https:\/\/noticiasribeiraopreto.com.br\/index.php\/wp-json\/wp\/v2\/posts"}],"about":[{"href":"https:\/\/noticiasribeiraopreto.com.br\/index.php\/wp-json\/wp\/v2\/types\/post"}],"author":[{"embeddable":true,"href":"https:\/\/noticiasribeiraopreto.com.br\/index.php\/wp-json\/wp\/v2\/users\/1"}],"replies":[{"embeddable":true,"href":"https:\/\/noticiasribeiraopreto.com.br\/index.php\/wp-json\/wp\/v2\/comments?post=60235"}],"version-history":[{"count":0,"href":"https:\/\/noticiasribeiraopreto.com.br\/index.php\/wp-json\/wp\/v2\/posts\/60235\/revisions"}],"wp:featuredmedia":[{"embeddable":true,"href":"https:\/\/noticiasribeiraopreto.com.br\/index.php\/wp-json\/wp\/v2\/media\/60236"}],"wp:attachment":[{"href":"https:\/\/noticiasribeiraopreto.com.br\/index.php\/wp-json\/wp\/v2\/media?parent=60235"}],"wp:term":[{"taxonomy":"category","embeddable":true,"href":"https:\/\/noticiasribeiraopreto.com.br\/index.php\/wp-json\/wp\/v2\/categories?post=60235"},{"taxonomy":"post_tag","embeddable":true,"href":"https:\/\/noticiasribeiraopreto.com.br\/index.php\/wp-json\/wp\/v2\/tags?post=60235"}],"curies":[{"name":"wp","href":"https:\/\/api.w.org\/{rel}","templated":true}]}}