{"id":60237,"date":"2024-11-08T15:49:36","date_gmt":"2024-11-08T18:49:36","guid":{"rendered":"https:\/\/noticiasribeiraopreto.com.br\/index.php\/2024\/11\/08\/incendio-atinge-fabrica-de-calcados-na-regiao-de-ribeirao-veja-video\/"},"modified":"2024-11-08T15:49:36","modified_gmt":"2024-11-08T18:49:36","slug":"incendio-atinge-fabrica-de-calcados-na-regiao-de-ribeirao-veja-video","status":"publish","type":"post","link":"https:\/\/noticiasribeiraopreto.com.br\/index.php\/2024\/11\/08\/incendio-atinge-fabrica-de-calcados-na-regiao-de-ribeirao-veja-video\/","title":{"rendered":"Inc\u00eandio atinge f\u00e1brica de cal\u00e7ados na regi\u00e3o de Ribeir\u00e3o; veja v\u00eddeo"},"content":{"rendered":"<p> <br \/>\n<\/p>\n<div data-td-block-uid=\"tdi_106\">\n<div class=\"tdb-block-inner td-fix-index\">\n<p><strong>Uma f\u00e1brica de cal\u00e7ados pegou fogo<\/strong>, no in\u00edcio da tarde desta sexta-feira (8), em<strong> Franca<\/strong>, na regi\u00e3o de <strong>Ribeir\u00e3o Preto. <\/strong><\/p>\n<p><strong>Segundo informa\u00e7\u00f5es do Corpo de Bombeiros<\/strong>, o inc\u00eandio come\u00e7ou no <strong>setor de colas da industria e brigadistas da empresa tentaram controlar o fogo<\/strong>, mas as chamas se espalharam rapidamente para outros setores.<\/p>\n<p>No local, <strong>mercadorias prontas para entrega ficaram totalmente destru\u00eddas.<\/strong> A f\u00e1brica precisou ser evacuada, mas <strong>ningu\u00e9m ficou ferido.<\/strong><\/p>\n<h4 class=\"wp-block-heading\"><strong>Veja v\u00eddeo:<\/strong><\/h4>\n<blockquote class=\"instagram-media\" data-instgrm-permalink=\"https:\/\/www.instagram.com\/reel\/DCHtqWAvzPI\/?utm_source=ig_embed&amp;utm_campaign=loading\" data-instgrm-version=\"14\" style=\" background:#FFF; border:0; border-radius:3px; box-shadow:0 0 1px 0 rgba(0,0,0,0.5),0 1px 10px 0 rgba(0,0,0,0.15); margin: 1px; max-width:540px; min-width:326px; padding:0; width:99.375%; width:-webkit-calc(100% - 2px); width:calc(100% - 2px);\"\/>\n<p>_______________________________________________________________________________<\/p>\n<p>SAIBA MAIS<\/p>\n<p>Ped\u00e1gio free flow: 12 mil motoristas foram multados por falta de pagamento no interior de SP<\/p>\n<p>FIQUE ON<\/p>\n<p>Fique ligado em tudo que acontece em Ribeir\u00e3o Preto e regi\u00e3o. Siga os perfis do<strong>\u00a0acidade on<\/strong>\u00a0no\u00a0<a href=\"https:\/\/www.instagram.com\/acidadeonribeirao\" target=\"_blank\" rel=\"noreferrer noopener\">Instagram<\/a>\u00a0e no<a href=\"https:\/\/www.facebook.com\/acidadeonribeirao\/\" target=\"_blank\" rel=\"noreferrer noopener\">\u00a0Facebook<\/a>.<\/p>\n<p>Receba not\u00edcias do\u00a0<strong>acidade on<\/strong>\u00a0no WhatsApp.\u00a0<a href=\"https:\/\/chat.whatsapp.com\/Fg4ok3aAVyB59DP63pRapr\" target=\"_blank\" rel=\"noreferrer noopener\">Para entrar no grupo, basta clicar aqui.<\/a><\/p>\n<p>Fa\u00e7a uma den\u00fancia ou sugira uma reportagem sobre Ribeir\u00e3o Preto e regi\u00e3o pelo WhatsApp: 16 99117 7802.<\/p>\n<p>VEJA TAMB\u00c9M<\/p>\n<p>Onde vai ser a CCXP 2024?<\/p>\n<p><!-- CONTENT END 1 -->\n<\/div>\n<\/div>\n<p><script async src=\"\/\/www.instagram.com\/embed.js\"><\/script><br \/>\n<br \/><br \/>\n<br \/><a href=\"https:\/\/www.acidadeon.com\/ribeiraopreto\/cotidiano\/incendio-atinge-fabrica-de-calcados-na-regiao-de-ribeirao-veja-video\/\">Source link <\/a><\/p>\n","protected":false},"excerpt":{"rendered":"<p>Uma f\u00e1brica de cal\u00e7ados pegou fogo, no in\u00edcio da tarde desta sexta-feira (8), em Franca, na regi\u00e3o de Ribeir\u00e3o Preto. Segundo informa\u00e7\u00f5es do Corpo de&#8230;<\/p>\n","protected":false},"author":1,"featured_media":60238,"comment_status":"open","ping_status":"open","sticky":false,"template":"","format":"standard","meta":{"advanced_seo_description":"","jetpack_seo_html_title":"","jetpack_seo_noindex":false,"jetpack_post_was_ever_published":false,"_jetpack_newsletter_access":"","_jetpack_dont_email_post_to_subs":false,"_jetpack_newsletter_tier_id":0,"_jetpack_memberships_contains_paywalled_content":false,"_jetpack_memberships_contains_paid_content":false,"footnotes":"","jetpack_publicize_message":"","jetpack_publicize_feature_enabled":true,"jetpack_social_post_already_shared":true,"jetpack_social_options":{"image_generator_settings":{"template":"highway","default_image_id":0,"font":"","enabled":false},"version":2}},"categories":[11],"tags":[],"class_list":["post-60237","post","type-post","status-publish","format-standard","has-post-thumbnail","hentry","category-noticias-de-ribeirao-preto-sp-e-regiao-ismael-colosi"],"jetpack_publicize_connections":[],"jetpack_featured_media_url":"https:\/\/i0.wp.com\/noticiasribeiraopreto.com.br\/wp-content\/uploads\/2024\/11\/Copia-de-Copia-de-Copia-de-TAMANHO-EXATO-PARA-FOTOS-NO-SISTEMA-NOVO-79_2024-11-08_18-44-46_png_2024-11-08_18-44-46.webp.webp?fit=1200%2C675&ssl=1","jetpack-related-posts":[{"id":60243,"url":"https:\/\/noticiasribeiraopreto.com.br\/index.php\/2024\/11\/08\/incendio-atinge-fabrica-de-calcados-em-franca-veja-video\/","url_meta":{"origin":60237,"position":0},"title":"Inc\u00eandio atinge f\u00e1brica de cal\u00e7ados em Franca; veja v\u00eddeo","author":"noticiasribeiraopreto.com.br","date":"8 de November de 2024","format":false,"excerpt":"Uma f\u00e1brica de cal\u00e7ados pegou fogo, no in\u00edcio da tarde desta sexta-feira (8), em Franca, munic\u00edpio a 88 quil\u00f4metros de Ribeir\u00e3o Preto. Segundo informa\u00e7\u00f5es do Corpo de Bombeiros, o inc\u00eandio come\u00e7ou no setor de colas da industria e brigadistas da empresa tentaram controlar o fogo, mas as chamas se espalharam\u2026","rel":"","context":"In &quot;Not\u00edcias de Ribeir\u00e3o Preto-SP e Regi\u00e3o&quot;","block_context":{"text":"Not\u00edcias de Ribeir\u00e3o Preto-SP e Regi\u00e3o","link":"https:\/\/noticiasribeiraopreto.com.br\/index.php\/category\/noticias-de-ribeirao-preto-sp-e-regiao-ismael-colosi\/"},"img":{"alt_text":"","src":"https:\/\/i0.wp.com\/noticiasribeiraopreto.com.br\/wp-content\/uploads\/2024\/11\/Copia-de-Copia-de-Copia-de-TAMANHO-EXATO-PARA-FOTOS-NO-SISTEMA-NOVO-79_2024-11-08_18-44-46_png_2024-11-08_18-44-46.webp.webp?fit=1200%2C675&ssl=1&resize=350%2C200","width":350,"height":200,"srcset":"https:\/\/i0.wp.com\/noticiasribeiraopreto.com.br\/wp-content\/uploads\/2024\/11\/Copia-de-Copia-de-Copia-de-TAMANHO-EXATO-PARA-FOTOS-NO-SISTEMA-NOVO-79_2024-11-08_18-44-46_png_2024-11-08_18-44-46.webp.webp?fit=1200%2C675&ssl=1&resize=350%2C200 1x, https:\/\/i0.wp.com\/noticiasribeiraopreto.com.br\/wp-content\/uploads\/2024\/11\/Copia-de-Copia-de-Copia-de-TAMANHO-EXATO-PARA-FOTOS-NO-SISTEMA-NOVO-79_2024-11-08_18-44-46_png_2024-11-08_18-44-46.webp.webp?fit=1200%2C675&ssl=1&resize=525%2C300 1.5x, https:\/\/i0.wp.com\/noticiasribeiraopreto.com.br\/wp-content\/uploads\/2024\/11\/Copia-de-Copia-de-Copia-de-TAMANHO-EXATO-PARA-FOTOS-NO-SISTEMA-NOVO-79_2024-11-08_18-44-46_png_2024-11-08_18-44-46.webp.webp?fit=1200%2C675&ssl=1&resize=700%2C400 2x, https:\/\/i0.wp.com\/noticiasribeiraopreto.com.br\/wp-content\/uploads\/2024\/11\/Copia-de-Copia-de-Copia-de-TAMANHO-EXATO-PARA-FOTOS-NO-SISTEMA-NOVO-79_2024-11-08_18-44-46_png_2024-11-08_18-44-46.webp.webp?fit=1200%2C675&ssl=1&resize=1050%2C600 3x"},"classes":[]},{"id":53339,"url":"https:\/\/noticiasribeiraopreto.com.br\/index.php\/2024\/06\/19\/fabrica-de-alimentos-pega-fogo-na-regiao-de-ribeirao-preto-veja-o-video\/","url_meta":{"origin":60237,"position":1},"title":"F\u00e1brica de alimentos pega fogo na regi\u00e3o de Ribeir\u00e3o Preto; Veja o v\u00eddeo","author":"noticiasribeiraopreto.com.br","date":"19 de June de 2024","format":false,"excerpt":"Uma f\u00e1brica da Fugini pegou fogo, na tarde desta ter\u00e7a-feira (18), em Monte Alto, cidade na regi\u00e3o de Ribeir\u00e3o Preto. O local fica na avenida Fugita, no Jardim Novo Para\u00edso. De acordo com as informa\u00e7\u00f5es do Corpo de Bombeiros do munic\u00edpio, o fogo come\u00e7ou na parte interna da f\u00e1brica de\u2026","rel":"","context":"In &quot;Not\u00edcias de Ribeir\u00e3o Preto-SP e Regi\u00e3o&quot;","block_context":{"text":"Not\u00edcias de Ribeir\u00e3o Preto-SP e Regi\u00e3o","link":"https:\/\/noticiasribeiraopreto.com.br\/index.php\/category\/noticias-de-ribeirao-preto-sp-e-regiao-ismael-colosi\/"},"img":{"alt_text":"","src":"https:\/\/i0.wp.com\/noticiasribeiraopreto.com.br\/wp-content\/uploads\/2024\/06\/Copia-de-Copia-de-TAMANHO-EXATO-PARA-FOTOS-NO-SISTEMA-NOVO-82_2024-06-18_19-01-15_png_2024-06-18_19-01-15.webp.webp?fit=1200%2C675&ssl=1&resize=350%2C200","width":350,"height":200,"srcset":"https:\/\/i0.wp.com\/noticiasribeiraopreto.com.br\/wp-content\/uploads\/2024\/06\/Copia-de-Copia-de-TAMANHO-EXATO-PARA-FOTOS-NO-SISTEMA-NOVO-82_2024-06-18_19-01-15_png_2024-06-18_19-01-15.webp.webp?fit=1200%2C675&ssl=1&resize=350%2C200 1x, https:\/\/i0.wp.com\/noticiasribeiraopreto.com.br\/wp-content\/uploads\/2024\/06\/Copia-de-Copia-de-TAMANHO-EXATO-PARA-FOTOS-NO-SISTEMA-NOVO-82_2024-06-18_19-01-15_png_2024-06-18_19-01-15.webp.webp?fit=1200%2C675&ssl=1&resize=525%2C300 1.5x, https:\/\/i0.wp.com\/noticiasribeiraopreto.com.br\/wp-content\/uploads\/2024\/06\/Copia-de-Copia-de-TAMANHO-EXATO-PARA-FOTOS-NO-SISTEMA-NOVO-82_2024-06-18_19-01-15_png_2024-06-18_19-01-15.webp.webp?fit=1200%2C675&ssl=1&resize=700%2C400 2x, https:\/\/i0.wp.com\/noticiasribeiraopreto.com.br\/wp-content\/uploads\/2024\/06\/Copia-de-Copia-de-TAMANHO-EXATO-PARA-FOTOS-NO-SISTEMA-NOVO-82_2024-06-18_19-01-15_png_2024-06-18_19-01-15.webp.webp?fit=1200%2C675&ssl=1&resize=1050%2C600 3x"},"classes":[]},{"id":58671,"url":"https:\/\/noticiasribeiraopreto.com.br\/index.php\/2024\/10\/03\/incendio-atinge-fabrica-ao-lado-de-igreja-na-regiao-de-ribeirao-preto-video\/","url_meta":{"origin":60237,"position":2},"title":"Inc\u00eandio atinge f\u00e1brica ao lado de igreja na regi\u00e3o de Ribeir\u00e3o Preto; V\u00eddeo","author":"noticiasribeiraopreto.com.br","date":"3 de October de 2024","format":false,"excerpt":"Um inc\u00eandio atingiu uma f\u00e1brica de juntas de borracha na manh\u00e3 desta quinta-feira (3), ao lado de uma igreja evang\u00e9lica na avenida Osvaldo Pontes, em Sert\u00e3ozinho, na regi\u00e3o de Ribeir\u00e3o Preto. Assista ao v\u00eddeo abaixo. A prefeitura informou que n\u00e3o houve registro de feridos. Ainda segundo as informa\u00e7\u00f5es, as chamas\u2026","rel":"","context":"In &quot;Not\u00edcias de Ribeir\u00e3o Preto-SP e Regi\u00e3o&quot;","block_context":{"text":"Not\u00edcias de Ribeir\u00e3o Preto-SP e Regi\u00e3o","link":"https:\/\/noticiasribeiraopreto.com.br\/index.php\/category\/noticias-de-ribeirao-preto-sp-e-regiao-ismael-colosi\/"},"img":{"alt_text":"","src":"https:\/\/i0.wp.com\/noticiasribeiraopreto.com.br\/wp-content\/uploads\/2024\/10\/WhatsApp-Image-2024-10-03-at-11.51.12_2024-10-03_14-53-32_jpeg_2024-10-03_14-53-32.webp.webp?fit=1200%2C1069&ssl=1&resize=350%2C200","width":350,"height":200,"srcset":"https:\/\/i0.wp.com\/noticiasribeiraopreto.com.br\/wp-content\/uploads\/2024\/10\/WhatsApp-Image-2024-10-03-at-11.51.12_2024-10-03_14-53-32_jpeg_2024-10-03_14-53-32.webp.webp?fit=1200%2C1069&ssl=1&resize=350%2C200 1x, https:\/\/i0.wp.com\/noticiasribeiraopreto.com.br\/wp-content\/uploads\/2024\/10\/WhatsApp-Image-2024-10-03-at-11.51.12_2024-10-03_14-53-32_jpeg_2024-10-03_14-53-32.webp.webp?fit=1200%2C1069&ssl=1&resize=525%2C300 1.5x, https:\/\/i0.wp.com\/noticiasribeiraopreto.com.br\/wp-content\/uploads\/2024\/10\/WhatsApp-Image-2024-10-03-at-11.51.12_2024-10-03_14-53-32_jpeg_2024-10-03_14-53-32.webp.webp?fit=1200%2C1069&ssl=1&resize=700%2C400 2x, https:\/\/i0.wp.com\/noticiasribeiraopreto.com.br\/wp-content\/uploads\/2024\/10\/WhatsApp-Image-2024-10-03-at-11.51.12_2024-10-03_14-53-32_jpeg_2024-10-03_14-53-32.webp.webp?fit=1200%2C1069&ssl=1&resize=1050%2C600 3x"},"classes":[]},{"id":62599,"url":"https:\/\/noticiasribeiraopreto.com.br\/index.php\/2025\/01\/18\/incendio-em-fabrica-mobiliza-bombeiros-em-ribeirao-preto-video\/","url_meta":{"origin":60237,"position":3},"title":"Inc\u00eandio em f\u00e1brica mobiliza Bombeiros em Ribeir\u00e3o Preto; V\u00eddeo","author":"noticiasribeiraopreto.com.br","date":"18 de January de 2025","format":false,"excerpt":"Um princ\u00edpio de inc\u00eandio em uma f\u00e1brica de portas de alum\u00ednio nos Campos El\u00edseos, na zona Norte de Ribeir\u00e3o Preto, mobilizou o Corpo de Bombeiros na tarde deste s\u00e1bado (18) \u2013 veja o v\u00eddeo abaixo. No momento do inc\u00eandio, n\u00e3o havia ningu\u00e9m dentro da empresa e os vizinhos perceberam a\u2026","rel":"","context":"In &quot;Not\u00edcias de Ribeir\u00e3o Preto-SP e Regi\u00e3o&quot;","block_context":{"text":"Not\u00edcias de Ribeir\u00e3o Preto-SP e Regi\u00e3o","link":"https:\/\/noticiasribeiraopreto.com.br\/index.php\/category\/noticias-de-ribeirao-preto-sp-e-regiao-ismael-colosi\/"},"img":{"alt_text":"","src":"https:\/\/i0.wp.com\/noticiasribeiraopreto.com.br\/wp-content\/uploads\/2025\/01\/fogo_2025-01-18_21-28-10_jpg_2025-01-18_21-28-10.webp.webp?fit=1200%2C850&ssl=1&resize=350%2C200","width":350,"height":200,"srcset":"https:\/\/i0.wp.com\/noticiasribeiraopreto.com.br\/wp-content\/uploads\/2025\/01\/fogo_2025-01-18_21-28-10_jpg_2025-01-18_21-28-10.webp.webp?fit=1200%2C850&ssl=1&resize=350%2C200 1x, https:\/\/i0.wp.com\/noticiasribeiraopreto.com.br\/wp-content\/uploads\/2025\/01\/fogo_2025-01-18_21-28-10_jpg_2025-01-18_21-28-10.webp.webp?fit=1200%2C850&ssl=1&resize=525%2C300 1.5x, https:\/\/i0.wp.com\/noticiasribeiraopreto.com.br\/wp-content\/uploads\/2025\/01\/fogo_2025-01-18_21-28-10_jpg_2025-01-18_21-28-10.webp.webp?fit=1200%2C850&ssl=1&resize=700%2C400 2x, https:\/\/i0.wp.com\/noticiasribeiraopreto.com.br\/wp-content\/uploads\/2025\/01\/fogo_2025-01-18_21-28-10_jpg_2025-01-18_21-28-10.webp.webp?fit=1200%2C850&ssl=1&resize=1050%2C600 3x"},"classes":[]},{"id":57315,"url":"https:\/\/noticiasribeiraopreto.com.br\/index.php\/2024\/08\/28\/incendio-atinge-canavial-e-mata-da-regiao-de-ribeirao-veja-video\/","url_meta":{"origin":60237,"position":4},"title":"Inc\u00eandio atinge canavial e mata da regi\u00e3o de Ribeir\u00e3o; veja v\u00eddeo","author":"noticiasribeiraopreto.com.br","date":"28 de August de 2024","format":false,"excerpt":"Na tarde desta quarta-feira (28) foi registrado mais um inc\u00eandio na regi\u00e3o de Ribeir\u00e3o. Dessa vez, o fogo acontece em Morro Agudo. Segundo coordenador da Defesa Civil de\u00a0Morro\u00a0Agudo, Jess\u00e9 Carrascosa, o fogo est\u00e1 fora de controle. \u201cVento forte no munic\u00edpio de Morro Agudo, inc\u00eandio em canavial e tamb\u00e9m em \u00e1rea\u2026","rel":"","context":"In &quot;Not\u00edcias de Ribeir\u00e3o Preto-SP e Regi\u00e3o&quot;","block_context":{"text":"Not\u00edcias de Ribeir\u00e3o Preto-SP e Regi\u00e3o","link":"https:\/\/noticiasribeiraopreto.com.br\/index.php\/category\/noticias-de-ribeirao-preto-sp-e-regiao-ismael-colosi\/"},"img":{"alt_text":"","src":"https:\/\/i0.wp.com\/noticiasribeiraopreto.com.br\/wp-content\/uploads\/2024\/08\/Imagem-do-WhatsApp-de-2024-08-28-as-16.44.34_d30027ad_2024-08-28_20-02-06_jpg_2024-08-28_20-02-06.webp.webp?fit=1200%2C675&ssl=1&resize=350%2C200","width":350,"height":200,"srcset":"https:\/\/i0.wp.com\/noticiasribeiraopreto.com.br\/wp-content\/uploads\/2024\/08\/Imagem-do-WhatsApp-de-2024-08-28-as-16.44.34_d30027ad_2024-08-28_20-02-06_jpg_2024-08-28_20-02-06.webp.webp?fit=1200%2C675&ssl=1&resize=350%2C200 1x, https:\/\/i0.wp.com\/noticiasribeiraopreto.com.br\/wp-content\/uploads\/2024\/08\/Imagem-do-WhatsApp-de-2024-08-28-as-16.44.34_d30027ad_2024-08-28_20-02-06_jpg_2024-08-28_20-02-06.webp.webp?fit=1200%2C675&ssl=1&resize=525%2C300 1.5x, https:\/\/i0.wp.com\/noticiasribeiraopreto.com.br\/wp-content\/uploads\/2024\/08\/Imagem-do-WhatsApp-de-2024-08-28-as-16.44.34_d30027ad_2024-08-28_20-02-06_jpg_2024-08-28_20-02-06.webp.webp?fit=1200%2C675&ssl=1&resize=700%2C400 2x, https:\/\/i0.wp.com\/noticiasribeiraopreto.com.br\/wp-content\/uploads\/2024\/08\/Imagem-do-WhatsApp-de-2024-08-28-as-16.44.34_d30027ad_2024-08-28_20-02-06_jpg_2024-08-28_20-02-06.webp.webp?fit=1200%2C675&ssl=1&resize=1050%2C600 3x"},"classes":[]},{"id":55006,"url":"https:\/\/noticiasribeiraopreto.com.br\/index.php\/2024\/07\/27\/incendio-e-registrado-as-margens-de-rodovia-na-regiao-de-ribeirao-preto-veja-o-video\/","url_meta":{"origin":60237,"position":5},"title":"Inc\u00eandio \u00e9 registrado \u00e0s margens de rodovia na regi\u00e3o de Ribeir\u00e3o Preto; Veja o v\u00eddeo","author":"noticiasribeiraopreto.com.br","date":"27 de July de 2024","format":false,"excerpt":"Um inc\u00eandio em planta\u00e7\u00e3o \u00e0s margens da rodovia Carlos Tonani (SP-333) em Jaboticabal, na regi\u00e3o de Ribeir\u00e3o Preto, assustou motoristas que passavam pelo local, no in\u00edcio da tarde deste s\u00e1bado (27). Pelas imagens \u00e9 poss\u00edvel ver uma cortina de fuma\u00e7a sobre a vegeta\u00e7\u00e3o e, em outro trecho, o fogo j\u00e1\u2026","rel":"","context":"In &quot;Not\u00edcias de Ribeir\u00e3o Preto-SP e Regi\u00e3o&quot;","block_context":{"text":"Not\u00edcias de Ribeir\u00e3o Preto-SP e Regi\u00e3o","link":"https:\/\/noticiasribeiraopreto.com.br\/index.php\/category\/noticias-de-ribeirao-preto-sp-e-regiao-ismael-colosi\/"},"img":{"alt_text":"","src":"https:\/\/i0.wp.com\/noticiasribeiraopreto.com.br\/wp-content\/uploads\/2024\/07\/Copia-de-Copia-de-TAMANHO-EXATO-PARA-FOTOS-NO-SISTEMA-NOVO-3_2024-07-27_15-51-04_jpg_2024-07-27_15-51-05.webp.webp?fit=1200%2C675&ssl=1&resize=350%2C200","width":350,"height":200,"srcset":"https:\/\/i0.wp.com\/noticiasribeiraopreto.com.br\/wp-content\/uploads\/2024\/07\/Copia-de-Copia-de-TAMANHO-EXATO-PARA-FOTOS-NO-SISTEMA-NOVO-3_2024-07-27_15-51-04_jpg_2024-07-27_15-51-05.webp.webp?fit=1200%2C675&ssl=1&resize=350%2C200 1x, https:\/\/i0.wp.com\/noticiasribeiraopreto.com.br\/wp-content\/uploads\/2024\/07\/Copia-de-Copia-de-TAMANHO-EXATO-PARA-FOTOS-NO-SISTEMA-NOVO-3_2024-07-27_15-51-04_jpg_2024-07-27_15-51-05.webp.webp?fit=1200%2C675&ssl=1&resize=525%2C300 1.5x, https:\/\/i0.wp.com\/noticiasribeiraopreto.com.br\/wp-content\/uploads\/2024\/07\/Copia-de-Copia-de-TAMANHO-EXATO-PARA-FOTOS-NO-SISTEMA-NOVO-3_2024-07-27_15-51-04_jpg_2024-07-27_15-51-05.webp.webp?fit=1200%2C675&ssl=1&resize=700%2C400 2x, https:\/\/i0.wp.com\/noticiasribeiraopreto.com.br\/wp-content\/uploads\/2024\/07\/Copia-de-Copia-de-TAMANHO-EXATO-PARA-FOTOS-NO-SISTEMA-NOVO-3_2024-07-27_15-51-04_jpg_2024-07-27_15-51-05.webp.webp?fit=1200%2C675&ssl=1&resize=1050%2C600 3x"},"classes":[]}],"jetpack_sharing_enabled":true,"jetpack_shortlink":"https:\/\/wp.me\/peQAOb-fFz","_links":{"self":[{"href":"https:\/\/noticiasribeiraopreto.com.br\/index.php\/wp-json\/wp\/v2\/posts\/60237","targetHints":{"allow":["GET"]}}],"collection":[{"href":"https:\/\/noticiasribeiraopreto.com.br\/index.php\/wp-json\/wp\/v2\/posts"}],"about":[{"href":"https:\/\/noticiasribeiraopreto.com.br\/index.php\/wp-json\/wp\/v2\/types\/post"}],"author":[{"embeddable":true,"href":"https:\/\/noticiasribeiraopreto.com.br\/index.php\/wp-json\/wp\/v2\/users\/1"}],"replies":[{"embeddable":true,"href":"https:\/\/noticiasribeiraopreto.com.br\/index.php\/wp-json\/wp\/v2\/comments?post=60237"}],"version-history":[{"count":0,"href":"https:\/\/noticiasribeiraopreto.com.br\/index.php\/wp-json\/wp\/v2\/posts\/60237\/revisions"}],"wp:featuredmedia":[{"embeddable":true,"href":"https:\/\/noticiasribeiraopreto.com.br\/index.php\/wp-json\/wp\/v2\/media\/60238"}],"wp:attachment":[{"href":"https:\/\/noticiasribeiraopreto.com.br\/index.php\/wp-json\/wp\/v2\/media?parent=60237"}],"wp:term":[{"taxonomy":"category","embeddable":true,"href":"https:\/\/noticiasribeiraopreto.com.br\/index.php\/wp-json\/wp\/v2\/categories?post=60237"},{"taxonomy":"post_tag","embeddable":true,"href":"https:\/\/noticiasribeiraopreto.com.br\/index.php\/wp-json\/wp\/v2\/tags?post=60237"}],"curies":[{"name":"wp","href":"https:\/\/api.w.org\/{rel}","templated":true}]}}